{"id":496,"date":"2017-09-25T08:04:16","date_gmt":"2017-09-25T08:04:16","guid":{"rendered":"http:\/\/extra.diarisanitat.cat\/?p=496"},"modified":"2017-09-25T08:04:16","modified_gmt":"2017-09-25T08:04:16","slug":"cinc-exposicions-per-promocionar-la-salut-entre-els-infants","status":"publish","type":"post","link":"https:\/\/diarisanitat.cat\/extra\/2017\/09\/25\/cinc-exposicions-per-promocionar-la-salut-entre-els-infants\/","title":{"rendered":"Cinc exposicions per promocionar la salut entre els infants"},"content":{"rendered":"<p>L&#8217;alimentaci\u00f3, la salut dental, la sexualitat, la SIDA o el tabaquisme s\u00f3n els temes que la Diputaci\u00f3 de Barcelona ha triat per convertir en exposici\u00f3 itinerant. Cada tem\u00e0tica ha estat pensada per tractar-se a les escoles i cobreix edats des dels cinc anys fins a adolescents i joves.<\/p>\n<p>De cara als m\u00e9s menuts, els nens de 5 a 9 anys, l&#8217;exposici\u00f3 &#8216;Cuida&#8217;t les dents&#8217; vol que adquireixin h\u00e0bits saludables. L&#8217;exposici\u00f3 pret\u00e9n donar a con\u00e8ixer als infants la import\u00e0ncia que t\u00e9 la salut bucodental per a les seves dents i les conseq\u00fc\u00e8ncies que poden patir. Es vol que siguin els mateixos nens qui es preocupin per la seva boca. Ho pretenen fer a trav\u00e9s d&#8217;uns personatges presents a 12 plafons, un joc de cartes adaptat a l&#8217;edat dels nens i una maqueta d&#8217;una dent.<\/p>\n<p>La tem\u00e0tica de l&#8217;alimentaci\u00f3 va dirigida als nens del cicle mitj\u00e0 i superior de prim\u00e0ria. Sota el nom &#8216;Menja b\u00e9, tu hi guanyes!&#8217;, l&#8217;exposici\u00f3 pret\u00e9n ensenyar als nens com es classifiquen els aliments i qu\u00e8 \u00e9s la pir\u00e0mide aliment\u00e0ria per introduir la noci\u00f3 d&#8217;equilibri en l&#8217;alimentaci\u00f3. Jocs multim\u00e8dia i plafons que representen les diferents habitacions d&#8217;una llar decoren l&#8217;exposici\u00f3. Es parla de bona alimentaci\u00f3 per\u00f2 tamb\u00e9 d&#8217;higiene i activitat f\u00edsica per promoure un estil de vida m\u00e9s saludable.<\/p>\n<p>La tercera exposici\u00f3 de la Diputaci\u00f3 s&#8217;anomena &#8216;El tabac al descobert&#8217;. Busca la negativa a consumir tabac o, com a m\u00ednim, retardar l&#8217;experimentaci\u00f3 entre els joves de 1r i 2n de l&#8217;ESO. L&#8217;exposici\u00f3 parla de l&#8217;estreta relaci\u00f3 entre tabac i diners, la poca informaci\u00f3 que es d\u00f3na en una capsa de cigarretes o dels\u00a0efectes que genera en la imatge personal, en la salut i en el medi ambient. Com la resta, tamb\u00e9 compta amb plafons i jocs interactius.<\/p>\n<p>&#8216;Treu-li suc a la sexualitat. Una visi\u00f3 saludable i positiva de la sexualitat&#8217; \u00e9s una exposici\u00f3 que va destinada als alumnes de 2n, 3r i 4t d&#8217;ESO. L&#8217;exposici\u00f3 anima a viure-la des del respecte i des de la diversitat de relacions de parella que es poden construir. Pret\u00e9n fer reflexionar als adolescents sobre la motivaci\u00f3 o no de tenir relacions sexuals, despertar actituds i conductes positives, responsables i saludables sobre la seva sexualitat i formar-los sobre m\u00e8todes anticonceptius per evitar embarassos i malalties de transmissi\u00f3 sexual. Consta tamb\u00e9 de plafons i de material did\u00e0ctic.<\/p>\n<p>L&#8217;\u00faltima exposici\u00f3 va dirigida a adolescents i joves per\u00f2 tamb\u00e9 a la resta de la poblaci\u00f3 de totes les generacions. &#8216;Qu\u00e8 pinta la sida&#8217; busca sensibilitzar en l&#8217;adopci\u00f3 d&#8217;actituds positives envers aquesta malaltia i provocar la reflexi\u00f3. Ho vol fer a trav\u00e9s de 42 quadres que volen transmetre informaci\u00f3 per a la prevenci\u00f3 del VIH-Sida a trav\u00e9s de la via de l&#8217;humor. En la realitzaci\u00f3 de les vinyetes tipus c\u00f2mic han participat dibuixants reconeguts. La idea \u00e9s transmetre que l&#8217;\u00fas del preservatiu evita el contagi.<\/p>\n<p>L&#8217;\u00c0rea d&#8217;Atenci\u00f3 a les Persones de la Diputaci\u00f3 de Barcelona inicia peri\u00f2dicament exposicions i campanyes destinades a la promoci\u00f3 de la salut. Les apliquen a nivell local, facilitant als ajuntaments formaci\u00f3, eines i recursos amb l&#8217;objectiu de millorar la salut de la poblaci\u00f3.\u00a0Tot el material de les exposicions est\u00e0 tamb\u00e9 disponible per descarregar a la p\u00e0gina web.<\/p>\n","protected":false},"excerpt":{"rendered":"<p>L&#8217;alimentaci\u00f3, la salut dental, la sexualitat, la SIDA o el tabaquisme s\u00f3n els temes que la Diputaci\u00f3 de Barcelona ha triat per convertir en exposici\u00f3 itinerant. Cada tem\u00e0tica ha estat pensada per tractar-se a les escoles i cobreix edats des dels cinc anys fins a adolescents i joves. De cara als m\u00e9s menuts, els nens<\/p>\n","protected":false},"author":5,"featured_media":497,"comment_status":"open","ping_status":"open","sticky":false,"template":"","format":"standard","meta":{"_acf_changed":false,"footnotes":""},"categories":[4],"tags":[2,3,5,6],"tipo":[],"class_list":{"0":"post-496","1":"post","2":"type-post","3":"status-publish","4":"format-standard","5":"has-post-thumbnail","7":"category-politica-i-gestio","8":"tag-barcelona","9":"tag-educacio","10":"tag-habits-saludables","11":"tag-nens"},"acf":[],"yoast_head":"<!-- This site is optimized with the Yoast SEO plugin v27.5 - https:\/\/yoast.com\/product\/yoast-seo-wordpress\/ -->\n<title>Cinc exposicions per promocionar la salut entre els infants - Extra Sanitat<\/title>\n<meta name=\"robots\" content=\"index, follow, max-snippet:-1, max-image-preview:large, max-video-preview:-1\" \/>\n<link rel=\"canonical\" href=\"https:\/\/diarisanitat.cat\/extra\/2017\/09\/25\/cinc-exposicions-per-promocionar-la-salut-entre-els-infants\/\" \/>\n<meta property=\"og:locale\" content=\"ca_ES\" \/>\n<meta property=\"og:type\" content=\"article\" \/>\n<meta property=\"og:title\" content=\"Cinc exposicions per promocionar la salut entre els infants - Extra Sanitat\" \/>\n<meta property=\"og:description\" content=\"L&#8217;alimentaci\u00f3, la salut dental, la sexualitat, la SIDA o el tabaquisme s\u00f3n els temes que la Diputaci\u00f3 de Barcelona ha triat per convertir en exposici\u00f3 itinerant. Cada tem\u00e0tica ha estat pensada per tractar-se a les escoles i cobreix edats des dels cinc anys fins a adolescents i joves. De cara als m\u00e9s menuts, els nens\" \/>\n<meta property=\"og:url\" content=\"https:\/\/diarisanitat.cat\/extra\/2017\/09\/25\/cinc-exposicions-per-promocionar-la-salut-entre-els-infants\/\" \/>\n<meta property=\"og:site_name\" content=\"Extra Sanitat\" \/>\n<meta property=\"article:published_time\" content=\"2017-09-25T08:04:16+00:00\" \/>\n<meta property=\"og:image\" content=\"https:\/\/diarisanitat.cat\/extra\/wp-content\/uploads\/sites\/2\/2017\/09\/Imatge-Exposicio-Cuida-les-dents.jpg\" \/>\n\t<meta property=\"og:image:width\" content=\"535\" \/>\n\t<meta property=\"og:image:height\" content=\"504\" \/>\n\t<meta property=\"og:image:type\" content=\"image\/jpeg\" \/>\n<meta name=\"author\" content=\"Redacci\u00f3\" \/>\n<meta name=\"twitter:card\" content=\"summary_large_image\" \/>\n<meta name=\"twitter:label1\" content=\"Escrit per\" \/>\n\t<meta name=\"twitter:data1\" content=\"Redacci\u00f3\" \/>\n\t<meta name=\"twitter:label2\" content=\"Temps estimat de lectura\" \/>\n\t<meta name=\"twitter:data2\" content=\"3 minuts\" \/>\n<script type=\"application\/ld+json\" class=\"yoast-schema-graph\">{\"@context\":\"https:\\\/\\\/schema.org\",\"@graph\":[{\"@type\":\"Article\",\"@id\":\"https:\\\/\\\/diarisanitat.cat\\\/extra\\\/2017\\\/09\\\/25\\\/cinc-exposicions-per-promocionar-la-salut-entre-els-infants\\\/#article\",\"isPartOf\":{\"@id\":\"https:\\\/\\\/diarisanitat.cat\\\/extra\\\/2017\\\/09\\\/25\\\/cinc-exposicions-per-promocionar-la-salut-entre-els-infants\\\/\"},\"author\":{\"name\":\"Redacci\u00f3\",\"@id\":\"https:\\\/\\\/diarisanitat.cat\\\/extra\\\/#\\\/schema\\\/person\\\/397c30828c8fdc1bad991e97f853e854\"},\"headline\":\"Cinc exposicions per promocionar la salut entre els infants\",\"datePublished\":\"2017-09-25T08:04:16+00:00\",\"mainEntityOfPage\":{\"@id\":\"https:\\\/\\\/diarisanitat.cat\\\/extra\\\/2017\\\/09\\\/25\\\/cinc-exposicions-per-promocionar-la-salut-entre-els-infants\\\/\"},\"wordCount\":588,\"commentCount\":0,\"image\":{\"@id\":\"https:\\\/\\\/diarisanitat.cat\\\/extra\\\/2017\\\/09\\\/25\\\/cinc-exposicions-per-promocionar-la-salut-entre-els-infants\\\/#primaryimage\"},\"thumbnailUrl\":\"https:\\\/\\\/diarisanitat.cat\\\/extra\\\/wp-content\\\/uploads\\\/sites\\\/2\\\/2017\\\/09\\\/Imatge-Exposicio-Cuida-les-dents.jpg\",\"keywords\":[\"Barcelona\",\"educaci\u00f3\",\"h\u00e0bits saludables\",\"nens\"],\"articleSection\":[\"Gesti\u00f3 sanit\u00e0ria\"],\"inLanguage\":\"ca\",\"potentialAction\":[{\"@type\":\"CommentAction\",\"name\":\"Comment\",\"target\":[\"https:\\\/\\\/diarisanitat.cat\\\/extra\\\/2017\\\/09\\\/25\\\/cinc-exposicions-per-promocionar-la-salut-entre-els-infants\\\/#respond\"]}]},{\"@type\":\"WebPage\",\"@id\":\"https:\\\/\\\/diarisanitat.cat\\\/extra\\\/2017\\\/09\\\/25\\\/cinc-exposicions-per-promocionar-la-salut-entre-els-infants\\\/\",\"url\":\"https:\\\/\\\/diarisanitat.cat\\\/extra\\\/2017\\\/09\\\/25\\\/cinc-exposicions-per-promocionar-la-salut-entre-els-infants\\\/\",\"name\":\"Cinc exposicions per promocionar la salut entre els infants - Extra Sanitat\",\"isPartOf\":{\"@id\":\"https:\\\/\\\/diarisanitat.cat\\\/extra\\\/#website\"},\"primaryImageOfPage\":{\"@id\":\"https:\\\/\\\/diarisanitat.cat\\\/extra\\\/2017\\\/09\\\/25\\\/cinc-exposicions-per-promocionar-la-salut-entre-els-infants\\\/#primaryimage\"},\"image\":{\"@id\":\"https:\\\/\\\/diarisanitat.cat\\\/extra\\\/2017\\\/09\\\/25\\\/cinc-exposicions-per-promocionar-la-salut-entre-els-infants\\\/#primaryimage\"},\"thumbnailUrl\":\"https:\\\/\\\/diarisanitat.cat\\\/extra\\\/wp-content\\\/uploads\\\/sites\\\/2\\\/2017\\\/09\\\/Imatge-Exposicio-Cuida-les-dents.jpg\",\"datePublished\":\"2017-09-25T08:04:16+00:00\",\"author\":{\"@id\":\"https:\\\/\\\/diarisanitat.cat\\\/extra\\\/#\\\/schema\\\/person\\\/397c30828c8fdc1bad991e97f853e854\"},\"breadcrumb\":{\"@id\":\"https:\\\/\\\/diarisanitat.cat\\\/extra\\\/2017\\\/09\\\/25\\\/cinc-exposicions-per-promocionar-la-salut-entre-els-infants\\\/#breadcrumb\"},\"inLanguage\":\"ca\",\"potentialAction\":[{\"@type\":\"ReadAction\",\"target\":[\"https:\\\/\\\/diarisanitat.cat\\\/extra\\\/2017\\\/09\\\/25\\\/cinc-exposicions-per-promocionar-la-salut-entre-els-infants\\\/\"]}]},{\"@type\":\"ImageObject\",\"inLanguage\":\"ca\",\"@id\":\"https:\\\/\\\/diarisanitat.cat\\\/extra\\\/2017\\\/09\\\/25\\\/cinc-exposicions-per-promocionar-la-salut-entre-els-infants\\\/#primaryimage\",\"url\":\"https:\\\/\\\/diarisanitat.cat\\\/extra\\\/wp-content\\\/uploads\\\/sites\\\/2\\\/2017\\\/09\\\/Imatge-Exposicio-Cuida-les-dents.jpg\",\"contentUrl\":\"https:\\\/\\\/diarisanitat.cat\\\/extra\\\/wp-content\\\/uploads\\\/sites\\\/2\\\/2017\\\/09\\\/Imatge-Exposicio-Cuida-les-dents.jpg\",\"width\":535,\"height\":504,\"caption\":\"Imatge de l'exposici\u00f3 'Cuida't les dents' destinada a nens i nenes d'entre 5 i 9 anys \\\/ Diputaci\u00f3 de Barcelona\"},{\"@type\":\"BreadcrumbList\",\"@id\":\"https:\\\/\\\/diarisanitat.cat\\\/extra\\\/2017\\\/09\\\/25\\\/cinc-exposicions-per-promocionar-la-salut-entre-els-infants\\\/#breadcrumb\",\"itemListElement\":[{\"@type\":\"ListItem\",\"position\":1,\"name\":\"Portada\",\"item\":\"https:\\\/\\\/diarisanitat.cat\\\/extra\\\/\"},{\"@type\":\"ListItem\",\"position\":2,\"name\":\"Cinc exposicions per promocionar la salut entre els infants\"}]},{\"@type\":\"WebSite\",\"@id\":\"https:\\\/\\\/diarisanitat.cat\\\/extra\\\/#website\",\"url\":\"https:\\\/\\\/diarisanitat.cat\\\/extra\\\/\",\"name\":\"Extra Sanitat\",\"description\":\"\",\"potentialAction\":[{\"@type\":\"SearchAction\",\"target\":{\"@type\":\"EntryPoint\",\"urlTemplate\":\"https:\\\/\\\/diarisanitat.cat\\\/extra\\\/?s={search_term_string}\"},\"query-input\":{\"@type\":\"PropertyValueSpecification\",\"valueRequired\":true,\"valueName\":\"search_term_string\"}}],\"inLanguage\":\"ca\"},{\"@type\":\"Person\",\"@id\":\"https:\\\/\\\/diarisanitat.cat\\\/extra\\\/#\\\/schema\\\/person\\\/397c30828c8fdc1bad991e97f853e854\",\"name\":\"Redacci\u00f3\",\"image\":{\"@type\":\"ImageObject\",\"inLanguage\":\"ca\",\"@id\":\"https:\\\/\\\/diarisanitat.cat\\\/wp-content\\\/uploads\\\/2025\\\/03\\\/redaccio_avatar-96x96.jpg\",\"url\":\"https:\\\/\\\/diarisanitat.cat\\\/wp-content\\\/uploads\\\/2025\\\/03\\\/redaccio_avatar-96x96.jpg\",\"contentUrl\":\"https:\\\/\\\/diarisanitat.cat\\\/wp-content\\\/uploads\\\/2025\\\/03\\\/redaccio_avatar-96x96.jpg\",\"caption\":\"Redacci\u00f3\"},\"url\":\"https:\\\/\\\/diarisanitat.cat\\\/extra\\\/author\\\/redaccio\\\/\"}]}<\/script>\n<!-- \/ Yoast SEO plugin. -->","yoast_head_json":{"title":"Cinc exposicions per promocionar la salut entre els infants - Extra Sanitat","robots":{"index":"index","follow":"follow","max-snippet":"max-snippet:-1","max-image-preview":"max-image-preview:large","max-video-preview":"max-video-preview:-1"},"canonical":"https:\/\/diarisanitat.cat\/extra\/2017\/09\/25\/cinc-exposicions-per-promocionar-la-salut-entre-els-infants\/","og_locale":"ca_ES","og_type":"article","og_title":"Cinc exposicions per promocionar la salut entre els infants - Extra Sanitat","og_description":"L&#8217;alimentaci\u00f3, la salut dental, la sexualitat, la SIDA o el tabaquisme s\u00f3n els temes que la Diputaci\u00f3 de Barcelona ha triat per convertir en exposici\u00f3 itinerant. Cada tem\u00e0tica ha estat pensada per tractar-se a les escoles i cobreix edats des dels cinc anys fins a adolescents i joves. De cara als m\u00e9s menuts, els nens","og_url":"https:\/\/diarisanitat.cat\/extra\/2017\/09\/25\/cinc-exposicions-per-promocionar-la-salut-entre-els-infants\/","og_site_name":"Extra Sanitat","article_published_time":"2017-09-25T08:04:16+00:00","og_image":[{"width":535,"height":504,"url":"https:\/\/diarisanitat.cat\/extra\/wp-content\/uploads\/sites\/2\/2017\/09\/Imatge-Exposicio-Cuida-les-dents.jpg","type":"image\/jpeg"}],"author":"Redacci\u00f3","twitter_card":"summary_large_image","twitter_misc":{"Escrit per":"Redacci\u00f3","Temps estimat de lectura":"3 minuts"},"schema":{"@context":"https:\/\/schema.org","@graph":[{"@type":"Article","@id":"https:\/\/diarisanitat.cat\/extra\/2017\/09\/25\/cinc-exposicions-per-promocionar-la-salut-entre-els-infants\/#article","isPartOf":{"@id":"https:\/\/diarisanitat.cat\/extra\/2017\/09\/25\/cinc-exposicions-per-promocionar-la-salut-entre-els-infants\/"},"author":{"name":"Redacci\u00f3","@id":"https:\/\/diarisanitat.cat\/extra\/#\/schema\/person\/397c30828c8fdc1bad991e97f853e854"},"headline":"Cinc exposicions per promocionar la salut entre els infants","datePublished":"2017-09-25T08:04:16+00:00","mainEntityOfPage":{"@id":"https:\/\/diarisanitat.cat\/extra\/2017\/09\/25\/cinc-exposicions-per-promocionar-la-salut-entre-els-infants\/"},"wordCount":588,"commentCount":0,"image":{"@id":"https:\/\/diarisanitat.cat\/extra\/2017\/09\/25\/cinc-exposicions-per-promocionar-la-salut-entre-els-infants\/#primaryimage"},"thumbnailUrl":"https:\/\/diarisanitat.cat\/extra\/wp-content\/uploads\/sites\/2\/2017\/09\/Imatge-Exposicio-Cuida-les-dents.jpg","keywords":["Barcelona","educaci\u00f3","h\u00e0bits saludables","nens"],"articleSection":["Gesti\u00f3 sanit\u00e0ria"],"inLanguage":"ca","potentialAction":[{"@type":"CommentAction","name":"Comment","target":["https:\/\/diarisanitat.cat\/extra\/2017\/09\/25\/cinc-exposicions-per-promocionar-la-salut-entre-els-infants\/#respond"]}]},{"@type":"WebPage","@id":"https:\/\/diarisanitat.cat\/extra\/2017\/09\/25\/cinc-exposicions-per-promocionar-la-salut-entre-els-infants\/","url":"https:\/\/diarisanitat.cat\/extra\/2017\/09\/25\/cinc-exposicions-per-promocionar-la-salut-entre-els-infants\/","name":"Cinc exposicions per promocionar la salut entre els infants - Extra Sanitat","isPartOf":{"@id":"https:\/\/diarisanitat.cat\/extra\/#website"},"primaryImageOfPage":{"@id":"https:\/\/diarisanitat.cat\/extra\/2017\/09\/25\/cinc-exposicions-per-promocionar-la-salut-entre-els-infants\/#primaryimage"},"image":{"@id":"https:\/\/diarisanitat.cat\/extra\/2017\/09\/25\/cinc-exposicions-per-promocionar-la-salut-entre-els-infants\/#primaryimage"},"thumbnailUrl":"https:\/\/diarisanitat.cat\/extra\/wp-content\/uploads\/sites\/2\/2017\/09\/Imatge-Exposicio-Cuida-les-dents.jpg","datePublished":"2017-09-25T08:04:16+00:00","author":{"@id":"https:\/\/diarisanitat.cat\/extra\/#\/schema\/person\/397c30828c8fdc1bad991e97f853e854"},"breadcrumb":{"@id":"https:\/\/diarisanitat.cat\/extra\/2017\/09\/25\/cinc-exposicions-per-promocionar-la-salut-entre-els-infants\/#breadcrumb"},"inLanguage":"ca","potentialAction":[{"@type":"ReadAction","target":["https:\/\/diarisanitat.cat\/extra\/2017\/09\/25\/cinc-exposicions-per-promocionar-la-salut-entre-els-infants\/"]}]},{"@type":"ImageObject","inLanguage":"ca","@id":"https:\/\/diarisanitat.cat\/extra\/2017\/09\/25\/cinc-exposicions-per-promocionar-la-salut-entre-els-infants\/#primaryimage","url":"https:\/\/diarisanitat.cat\/extra\/wp-content\/uploads\/sites\/2\/2017\/09\/Imatge-Exposicio-Cuida-les-dents.jpg","contentUrl":"https:\/\/diarisanitat.cat\/extra\/wp-content\/uploads\/sites\/2\/2017\/09\/Imatge-Exposicio-Cuida-les-dents.jpg","width":535,"height":504,"caption":"Imatge de l'exposici\u00f3 'Cuida't les dents' destinada a nens i nenes d'entre 5 i 9 anys \/ Diputaci\u00f3 de Barcelona"},{"@type":"BreadcrumbList","@id":"https:\/\/diarisanitat.cat\/extra\/2017\/09\/25\/cinc-exposicions-per-promocionar-la-salut-entre-els-infants\/#breadcrumb","itemListElement":[{"@type":"ListItem","position":1,"name":"Portada","item":"https:\/\/diarisanitat.cat\/extra\/"},{"@type":"ListItem","position":2,"name":"Cinc exposicions per promocionar la salut entre els infants"}]},{"@type":"WebSite","@id":"https:\/\/diarisanitat.cat\/extra\/#website","url":"https:\/\/diarisanitat.cat\/extra\/","name":"Extra Sanitat","description":"","potentialAction":[{"@type":"SearchAction","target":{"@type":"EntryPoint","urlTemplate":"https:\/\/diarisanitat.cat\/extra\/?s={search_term_string}"},"query-input":{"@type":"PropertyValueSpecification","valueRequired":true,"valueName":"search_term_string"}}],"inLanguage":"ca"},{"@type":"Person","@id":"https:\/\/diarisanitat.cat\/extra\/#\/schema\/person\/397c30828c8fdc1bad991e97f853e854","name":"Redacci\u00f3","image":{"@type":"ImageObject","inLanguage":"ca","@id":"https:\/\/diarisanitat.cat\/wp-content\/uploads\/2025\/03\/redaccio_avatar-96x96.jpg","url":"https:\/\/diarisanitat.cat\/wp-content\/uploads\/2025\/03\/redaccio_avatar-96x96.jpg","contentUrl":"https:\/\/diarisanitat.cat\/wp-content\/uploads\/2025\/03\/redaccio_avatar-96x96.jpg","caption":"Redacci\u00f3"},"url":"https:\/\/diarisanitat.cat\/extra\/author\/redaccio\/"}]}},"_links":{"self":[{"href":"https:\/\/diarisanitat.cat\/extra\/wp-json\/wp\/v2\/posts\/496","targetHints":{"allow":["GET"]}}],"collection":[{"href":"https:\/\/diarisanitat.cat\/extra\/wp-json\/wp\/v2\/posts"}],"about":[{"href":"https:\/\/diarisanitat.cat\/extra\/wp-json\/wp\/v2\/types\/post"}],"author":[{"embeddable":true,"href":"https:\/\/diarisanitat.cat\/extra\/wp-json\/wp\/v2\/users\/5"}],"replies":[{"embeddable":true,"href":"https:\/\/diarisanitat.cat\/extra\/wp-json\/wp\/v2\/comments?post=496"}],"version-history":[{"count":0,"href":"https:\/\/diarisanitat.cat\/extra\/wp-json\/wp\/v2\/posts\/496\/revisions"}],"wp:featuredmedia":[{"embeddable":true,"href":"https:\/\/diarisanitat.cat\/extra\/wp-json\/wp\/v2\/media\/497"}],"wp:attachment":[{"href":"https:\/\/diarisanitat.cat\/extra\/wp-json\/wp\/v2\/media?parent=496"}],"wp:term":[{"taxonomy":"category","embeddable":true,"href":"https:\/\/diarisanitat.cat\/extra\/wp-json\/wp\/v2\/categories?post=496"},{"taxonomy":"post_tag","embeddable":true,"href":"https:\/\/diarisanitat.cat\/extra\/wp-json\/wp\/v2\/tags?post=496"},{"taxonomy":"tipo","embeddable":true,"href":"https:\/\/diarisanitat.cat\/extra\/wp-json\/wp\/v2\/tipo?post=496"}],"curies":[{"name":"wp","href":"https:\/\/api.w.org\/{rel}","templated":true}]}}