{"id":513,"date":"2017-10-18T10:20:44","date_gmt":"2017-10-18T10:20:44","guid":{"rendered":"http:\/\/extra.diarisanitat.cat\/?p=513"},"modified":"2017-10-18T10:20:44","modified_gmt":"2017-10-18T10:20:44","slug":"vall-dhebron-llanca-una-campanya-per-crear-un-nou-centre-de-neonatologia-avancada","status":"publish","type":"post","link":"https:\/\/diarisanitat.cat\/extra\/2017\/10\/18\/vall-dhebron-llanca-una-campanya-per-crear-un-nou-centre-de-neonatologia-avancada\/","title":{"rendered":"Vall d\u2019Hebron llan\u00e7a una campanya per crear un nou Centre de Neonatologia Avan\u00e7ada"},"content":{"rendered":"<p align=\"JUSTIFY\">El Vall d\u2019Hebron Barcelona Hospital Campus ha llan\u00e7at la campanya \u2018Amb tu, com a casa\u2019, que t\u00e9 com a objectiu recaptar 880.000 euros per crear un nou Centre de Neonatologia Avan\u00e7ada. El projecte, que ja disposa de 250.000 euros aportats per la Fundaci\u00f3 Banc\u00e0ria \u201cla Caixa\u201d, contribuir\u00e0 a situar el nad\u00f3 i la seva fam\u00edlia en el centre de l\u2019atenci\u00f3 assistencial i potenciar\u00e0 el Servei de Neonatologia com a referent internacional a trav\u00e9s de l\u2019assist\u00e8ncia i la recerca.<\/p>\n<p align=\"JUSTIFY\">La campanya \u2018Amb tu, com a casa\u2019 parteix de la hist\u00f2ria de l\u2019\u00c1lvaro, un nen d\u2019un any i tres mesos que va passar els seus primers tres mesos de vida al Servei de Neonatologia de Vall d\u2019Hebron. La seva extraordin\u00e0ria hist\u00f2ria de lluita per la vida \u00e9s un exemple del que el nou centre suposar\u00e0 per a les fam\u00edlies que han de viure l\u2019ingr\u00e9s d\u2019un fill que acaba de n\u00e9ixer.<\/p>\n<p align=\"JUSTIFY\">A partir d\u2019avui, els ciutadans i les empreses que ho desitgin podran fer les seves aportacions a trav\u00e9s del web ambtucomacasa.com, la plataforma de crowdfunding migranodearena.com i a trav\u00e9s del portal de donatius Caixa Bank, o b\u00e9 comprant samarretes Uttopy amb el lema #BornToBeExtraordinary, que \u00e9s a la vegada l\u2019etiqueta de la campanya a xarxes socials.<\/p>\n<h3 align=\"JUSTIFY\"><span lang=\"es-ES\"><span lang=\"ca-ES\">Nadons i familiars estaran com a casa a Vall d\u2019Hebron<\/span><\/span><\/h3>\n<p align=\"JUSTIFY\">El projecte potenciar\u00e0 la inclusi\u00f3 de les fam\u00edlies com a part de l\u2019equip que cuida al nad\u00f3. Es crearan espais que protegeixin i facilitin la seva intimitat i la seva participaci\u00f3, en els quals se sentin c\u00f2modes i on rebin sempre l\u2019assessorament i el suport dels professionals sanitaris. El Servei de Neonatologia de Vall d\u2019Hebron \u00e9s un dels pioners en aquest tipus d\u2019enfocament, i \u00e9s un dels dos \u00fanics centres de l\u2019Estat acreditats per a la formaci\u00f3 en NIDCAP\u00ae (un model de cura individualitzada del nad\u00f3, centrada en el neurodesenvolupament). En els darrers anys s\u2019han iniciat diversos projectes en aquesta l\u00ednia, com \u00e9s el cas del projecte <a href=\"http:\/\/bit.ly\/2vN7dIU\" target=\"_blank\" rel=\"noopener\">Quasiacasa<\/a> i del <a href=\"http:\/\/bit.ly\/2tGEnIQ\" target=\"_blank\" rel=\"noopener\">Projecte Germans<\/a>.<\/p>\n<p align=\"JUSTIFY\"><span lang=\"es-ES\"><span lang=\"ca-ES\">El nou centre posar\u00e0 a disposici\u00f3 dels pares habitacions familiars d\u2019\u00fas exclusiu, amb tot l\u2019equipament necessari perqu\u00e8 es puguin formar en l\u2019atenci\u00f3 a les necessitats dels seus fills i fer-se\u2019n c\u00e0rrec de la seva cura. Es crearan habitacions pensades per tal que mares, pares i fills se sentin c\u00f2modes, com a casa. A banda, l\u2019espai disposar\u00e0 de zones de treball i de descans per a professionals i familiars.<\/span><\/span><\/p>\n<p lang=\"es-ES\" align=\"JUSTIFY\"><span lang=\"es-ES\"><span lang=\"ca-ES\">Aquest nou model d\u2019atenci\u00f3, que potencia la <\/span><\/span><span lang=\"ca-ES\">funci\u00f3 de la fam\u00edlia i facilita el seu rol cuidador,<\/span><span lang=\"es-ES\"><span lang=\"ca-ES\"> es podr\u00e0 aplicar a tots aquells <\/span><\/span><span lang=\"ca-ES\">nadons que hagin superat l\u2019etapa m\u00e9s cr\u00edtica del seu ingr\u00e9s<\/span><span lang=\"es-ES\"><span lang=\"ca-ES\">.<\/span><\/span><\/p>\n<figure id=\"attachment_516\" aria-describedby=\"caption-attachment-516\" style=\"width: 267px\" class=\"wp-caption alignnone\"><img fetchpriority=\"high\" decoding=\"async\" id=\"\" class=\"size-medium wp-image-516\" src=\"https:\/\/diarisanitat.cat\/extra\/\/wp-content\/uploads\/sites\/32\/2017\/10\/el-vall-d-hebron-barcelona-hospital-campus-ha-llancat-avui-la-campanya-amb-tu-com-a-casa-que-te-com-a-objectiu-recaptar-8-min-267x300.jpg\" alt=\"\" width=\"267\" height=\"300\" srcset=\"https:\/\/diarisanitat.cat\/extra\/wp-content\/uploads\/sites\/2\/2017\/10\/el-vall-d-hebron-barcelona-hospital-campus-ha-llancat-avui-la-campanya-amb-tu-com-a-casa-que-te-com-a-objectiu-recaptar-8-min-267x300.jpg 267w, https:\/\/diarisanitat.cat\/extra\/wp-content\/uploads\/sites\/2\/2017\/10\/el-vall-d-hebron-barcelona-hospital-campus-ha-llancat-avui-la-campanya-amb-tu-com-a-casa-que-te-com-a-objectiu-recaptar-8-min-913x1024.jpg 913w, https:\/\/diarisanitat.cat\/extra\/wp-content\/uploads\/sites\/2\/2017\/10\/el-vall-d-hebron-barcelona-hospital-campus-ha-llancat-avui-la-campanya-amb-tu-com-a-casa-que-te-com-a-objectiu-recaptar-8-min-768x861.jpg 768w, https:\/\/diarisanitat.cat\/extra\/wp-content\/uploads\/sites\/2\/2017\/10\/el-vall-d-hebron-barcelona-hospital-campus-ha-llancat-avui-la-campanya-amb-tu-com-a-casa-que-te-com-a-objectiu-recaptar-8-min-1370x1536.jpg 1370w, https:\/\/diarisanitat.cat\/extra\/wp-content\/uploads\/sites\/2\/2017\/10\/el-vall-d-hebron-barcelona-hospital-campus-ha-llancat-avui-la-campanya-amb-tu-com-a-casa-que-te-com-a-objectiu-recaptar-8-min-1826x2048.jpg 1826w, https:\/\/diarisanitat.cat\/extra\/wp-content\/uploads\/sites\/2\/2017\/10\/el-vall-d-hebron-barcelona-hospital-campus-ha-llancat-avui-la-campanya-amb-tu-com-a-casa-que-te-com-a-objectiu-recaptar-8-min-150x168.jpg 150w, https:\/\/diarisanitat.cat\/extra\/wp-content\/uploads\/sites\/2\/2017\/10\/el-vall-d-hebron-barcelona-hospital-campus-ha-llancat-avui-la-campanya-amb-tu-com-a-casa-que-te-com-a-objectiu-recaptar-8-min-450x505.jpg 450w, https:\/\/diarisanitat.cat\/extra\/wp-content\/uploads\/sites\/2\/2017\/10\/el-vall-d-hebron-barcelona-hospital-campus-ha-llancat-avui-la-campanya-amb-tu-com-a-casa-que-te-com-a-objectiu-recaptar-8-min-1200x1346.jpg 1200w, https:\/\/diarisanitat.cat\/extra\/wp-content\/uploads\/sites\/2\/2017\/10\/el-vall-d-hebron-barcelona-hospital-campus-ha-llancat-avui-la-campanya-amb-tu-com-a-casa-que-te-com-a-objectiu-recaptar-8-min.jpg 2008w\" sizes=\"(max-width: 267px) 100vw, 267px\" \/><figcaption id=\"caption-attachment-516\" class=\"wp-caption-text\">El Vall d\u2019Hebron Barcelona Hospital Campus t\u00e9 com a objectiu recaptar 880.000 euros per crear un nou Centre de Neonatologia Avan\u00e7ada<\/figcaption><\/figure>\n<p lang=\"es-ES\" align=\"JUSTIFY\"><span lang=\"ca-ES\">L\u2019objectiu de potenciar les <\/span><span lang=\"ca-ES\">cures centrades en el desenvolupament del nad\u00f3 i la seva fam\u00edlia<\/span><span lang=\"ca-ES\"> va comen\u00e7ar a Vall d\u2019Hebron fa 15 anys, amb grans resultats tant en la millora de l\u2019\u00edndex de superviv\u00e8ncia com en la reducci\u00f3 de les seq\u00fceles dels nounats amb dificultats.<\/span><span lang=\"es-ES\"><span lang=\"ca-ES\"> El nou centre, que suposar\u00e0 un nou pas important dins del projecte, ser\u00e0 el resultat de la reestructuraci\u00f3 d\u2019una part de les instal\u00b7lacions del Servei de Neonatologia. La Unitat de Cures Interm\u00e8dies i B\u00e0siques, que es troba actualment a la segona planta de l\u2019Hospital MaternoInfantil, es traslladar\u00e0 a la planta semisoterrani, en una zona d\u2019uns 500 m2, que estar\u00e0 en comunicaci\u00f3 directa amb l\u2019UCI i Semicr\u00edtics Neonatals.<\/span><\/span><\/p>\n<p lang=\"es-ES\" align=\"JUSTIFY\"><span lang=\"ca-ES\">Pel gerent de l\u2019Hospital Vall d\u2019Hebron, el Dr. Vicen\u00e7 Mart\u00ednez Ib\u00e1\u00f1ez, el nou centre permetr\u00e0 <\/span><span lang=\"ca-ES\">\u201cmillorar encara m\u00e9s l\u2019atenci\u00f3 als nounats i ajudar les seves fam\u00edlies, fet que suposa un motiu d\u2019orgull per al nostre hospital, i ho aconseguirem gr\u00e0cies a la nostra primera gran campanya de micro i macro mecenatge\u201d.<\/span><\/p>\n<h3 align=\"JUSTIFY\"><span lang=\"es-ES\"><span lang=\"ca-ES\">Un projecte amb base cient\u00edfica <\/span><\/span><\/h3>\n<p align=\"JUSTIFY\"><span lang=\"es-ES\"><span lang=\"ca-ES\">Estudis de recerca referents en aquest camp, entre ells alguns de professionals del Servei de Neonatologia i del <\/span><\/span><a href=\"http:\/\/bit.ly\/2w3l6lp\" target=\"_blank\" rel=\"noopener\">Grup de Recerca en Creixement i Desenvolupament<\/a> de l\u2019Institut de Recerca Vall d\u2019Hebron (VHIR), <span lang=\"es-ES\"><span lang=\"ca-ES\">demostren que la implicaci\u00f3 de les fam\u00edlies en els equips \u00e9s positiva i que millora el pron\u00f2stic dels nadons a curt, mitj\u00e0 i llarg termini. <\/span><\/span><\/p>\n<p lang=\"es-ES\" align=\"JUSTIFY\"><span lang=\"ca-ES\">El director corporatiu de Recerca i Estrat\u00e8gia de la Fundaci\u00f3 Banc\u00e0ria \u201cla Caixa\u201d, \u00c0ngel Font ha assegurat que <\/span><span lang=\"ca-ES\">\u201cla investigaci\u00f3 \u00e9s la clau per garantir el benestar de la societat i per aix\u00f2 \u00e9s prioritat de l\u2019entitat que represento, la qual triplicar\u00e0 el seu pressupost en recerca fins a 90 milions d\u2019euros el 2019\u201d<\/span><span lang=\"ca-ES\">. I ha afegit, <\/span><span lang=\"ca-ES\">\u201cun projecte com aquest \u00e9s un exemple m\u00e9s del comprom\u00eds de la instituci\u00f3 amb el nostre b\u00e9 m\u00e9s preuat: la salut, i especialment la de les persones m\u00e9s vulnerables com s\u00f3n els infants\u201d.<\/span><\/p>\n<p align=\"JUSTIFY\"><span lang=\"es-ES\"><span lang=\"ca-ES\">El Dr. Josep Perapoch, Cap de la Secci\u00f3 de Cures Centrades en el Desenvolupament i en la Fam\u00edlia del Servei de Neonatologia i director del Centre de Formaci\u00f3 NIDCAP Barcelona-Vall d\u2019Hebron, ha liderat estudis cient\u00edfics sobre l\u2019aplicaci\u00f3 de les cures centrades en el desenvolupament i sobre les conseq\u00fc\u00e8ncies de la prematuritat. <\/span><\/span><span lang=\"es-ES\"><span lang=\"ca-ES\">\u201cEn els darrers anys, s\u2019han constatat canvis molt significatius en la major part d\u2019unitats de neonatologia del sud d\u2019Europa. Un dels canvis m\u00e9s importants ha estat l\u2019obertura als pares, que han passat de tenir horaris de visita a disposar d\u2019una entrada lliure les 24 hores\u201d<\/span><\/span><span lang=\"es-ES\"><span lang=\"ca-ES\">, assegura el Dr. Perapoch.<\/span><\/span><\/p>\n<p align=\"JUSTIFY\"><span lang=\"es-ES\"><span lang=\"ca-ES\">El seu equip impulsa, conjuntament amb el VHIR, la Universitat de Barcelona i l\u2019Hospital de Sant Pau, un projecte de recerca sobre compet\u00e8ncies parentals en situacions de prematuritat i\/o de malaltia neonatal. A m\u00e9s, \u00e9s coordinador del projecte INN\u00d2BICS sobre atenci\u00f3 individualitzada al nad\u00f3 i a la seva fam\u00edlia i del grup de treball NIDCAP-PADEICS, integrat per totes les unitats de neonatologia dels hospitals de l\u2019ICS.<\/span><\/span><\/p>\n<figure id=\"attachment_515\" aria-describedby=\"caption-attachment-515\" style=\"width: 300px\" class=\"wp-caption alignnone\"><img decoding=\"async\" id=\"\" class=\"size-medium wp-image-515\" src=\"https:\/\/diarisanitat.cat\/extra\/\/wp-content\/uploads\/sites\/32\/2017\/10\/el-projecte-potenciara-la-inclusio-de-les-families-com-a-part-de-l-equip-que-cuida-al-nado-es-crearan-espais-que-protegeixin-300x186.jpg\" alt=\"\" width=\"300\" height=\"186\" \/><figcaption id=\"caption-attachment-515\" class=\"wp-caption-text\">El projecte potenciar\u00e0 la inclusi\u00f3 de les fam\u00edlies com a part de l\u2019equip que cuida al nad\u00f3<\/figcaption><\/figure>\n<p align=\"JUSTIFY\"><span lang=\"es-ES\"><span lang=\"ca-ES\">El Dr. F\u00e9lix Castillo, Cap del Servei de Neonatologia, ha assegurat que <\/span><\/span><span lang=\"es-ES\"><span lang=\"ca-ES\">\u201cla implicaci\u00f3 i integraci\u00f3 de la fam\u00edlia <\/span><\/span>en la cura del seu fill ingressat en un Servei com el de Vall d\u2019Hebron, amb una alt\u00edssima complexitat, \u00e9s imprescindible i beneficiosa tant per al pacient com per a la pr\u00f2pia fam\u00edlia\u201d. Una tesi sota la seva direcci\u00f3 va demostrar que els nadons prematurs, quan estaven en \u201ccangur\u201d (contacte pell amb pell) disminu\u00efen les apnees i bradic\u00e0rdies, es redu\u00efa l&#8217;aportaci\u00f3 d&#8217;oxigen i precisaven menys sedaci\u00f3 farmacol\u00f2gica. \u201cAmb el projecte \u2018Quasiacasa\u2019 i l&#8217;entrenament continu durant l&#8217;ingr\u00e9s, els pares ens expressen la seguretat que adquireixen en la cura del seu fill i com aix\u00f2 els ajuda a reduir la seva ansietat. \u00c9s evident que una disminuci\u00f3 d&#8217;aquesta ansietat i estr\u00e8s tant en el nad\u00f3 com en la seva fam\u00edlia \u00e9s molt positiva per al seu desenvolupament i evoluci\u00f3\u201d, ha concl\u00f2s.<\/p>\n<p lang=\"es-ES\" align=\"JUSTIFY\"><span lang=\"es-ES\"><span lang=\"ca-ES\">El nou centre ajudar\u00e0 al fet que les fam\u00edlies <\/span><\/span><span lang=\"es-ES\"><span lang=\"ca-ES\">\u201cperdin la por a fer-se c\u00e0rrec del seu fill i disminuir\u00e0 la depend\u00e8ncia que tenen de l\u2019hospital i dels seus professionals, incrementant la seva autosufici\u00e8ncia en la cura del seu fill\u201d<\/span><\/span><span lang=\"es-ES\"><span lang=\"ca-ES\">, segons el Dr. Castillo. <\/span><\/span><\/p>\n<p lang=\"es-ES\" align=\"JUSTIFY\"><span lang=\"es-ES\"><span lang=\"ca-ES\">Tanmateix, ser\u00e0 possible desenvolupar encara m\u00e9s les l\u00ednies de recerca en compet\u00e8ncies parentals i en la valoraci\u00f3 de la inclusi\u00f3 de la fam\u00edlia com a part de l\u2019equip cuidador. L\u2019objectiu final de la recerca ser\u00e0 millorar la qualitat de vida present i futura dels nounats i de les seves fam\u00edlies i facilitar l\u2019adaptaci\u00f3 dels professionals al nou paradigma. <\/span><\/span><\/p>\n<h3 align=\"JUSTIFY\"><span lang=\"es-ES\"><span lang=\"ca-ES\">El Servei de Neonatologia <\/span><\/span><\/h3>\n<p lang=\"es-ES\" align=\"JUSTIFY\"><span lang=\"ca-ES\">El Servei de Neonatologia forma part de l\u2018Hospital MaternoInfantil Vall d&#8217;Hebron. Al llarg dels anys s\u2019ha consolidat com a centre de refer\u00e8ncia en l&#8217;\u00e0mbit nacional en la patologia perinatal. El seu objectiu \u00e9s realitzar una pr\u00e0ctica assistencial humanitzada, de qualitat, segura, sostenible i eficient, centrada en el pacient i el seu entorn familiar.<\/span><\/p>\n<p lang=\"es-ES\" align=\"JUSTIFY\"><span lang=\"ca-ES\">Hi treballen 180 professionals experts i ofereix atenci\u00f3 permanent i experta, tots els dies de l\u2019any, les 24 hores. Disposa de 24 llits d\u2019hospitalitzaci\u00f3 convencional,\u00a0de 25 punts assistencials a la Unitat de Cures Intensives i de 20 a la Unitat de Cures Semicr\u00edtiques. En total, <\/span><span lang=\"ca-ES\">69<\/span><span lang=\"ca-ES\"> punts assistencials que el converteixen en el servei m\u00e9s gran de l\u2019Estat. A la vegada, disposa d\u2019un servei d\u2019hospitalitzaci\u00f3 domicili\u00e0ria, amb 12 llits virtuals, pel qual passen m\u00e9s de 200 nadons cada any.<\/span><\/p>\n","protected":false},"excerpt":{"rendered":"<p>El Vall d\u2019Hebron Barcelona Hospital Campus ha llan\u00e7at la campanya \u2018Amb tu, com a casa\u2019, que t\u00e9 com a objectiu recaptar 880.000 euros per crear un nou Centre de Neonatologia Avan\u00e7ada. El projecte, que ja disposa de 250.000 euros aportats per la Fundaci\u00f3 Banc\u00e0ria \u201cla Caixa\u201d, contribuir\u00e0 a situar el nad\u00f3 i la seva fam\u00edlia<\/p>\n","protected":false},"author":5,"featured_media":514,"comment_status":"open","ping_status":"open","sticky":false,"template":"","format":"standard","meta":{"_acf_changed":false,"footnotes":""},"categories":[4],"tags":[7,8,9],"tipo":[],"class_list":{"0":"post-513","1":"post","2":"type-post","3":"status-publish","4":"format-standard","5":"has-post-thumbnail","7":"category-politica-i-gestio","8":"tag-nadons","9":"tag-neonatologia","10":"tag-vall-dhebron"},"acf":[],"yoast_head":"<!-- This site is optimized with the Yoast SEO plugin v27.5 - https:\/\/yoast.com\/product\/yoast-seo-wordpress\/ -->\n<title>Vall d\u2019Hebron llan\u00e7a una campanya per crear un nou Centre de Neonatologia Avan\u00e7ada - Extra Sanitat<\/title>\n<meta name=\"robots\" content=\"index, follow, max-snippet:-1, max-image-preview:large, max-video-preview:-1\" \/>\n<link rel=\"canonical\" href=\"https:\/\/diarisanitat.cat\/extra\/2017\/10\/18\/vall-dhebron-llanca-una-campanya-per-crear-un-nou-centre-de-neonatologia-avancada\/\" \/>\n<meta property=\"og:locale\" content=\"ca_ES\" \/>\n<meta property=\"og:type\" content=\"article\" \/>\n<meta property=\"og:title\" content=\"Vall d\u2019Hebron llan\u00e7a una campanya per crear un nou Centre de Neonatologia Avan\u00e7ada - Extra Sanitat\" \/>\n<meta property=\"og:description\" content=\"El Vall d\u2019Hebron Barcelona Hospital Campus ha llan\u00e7at la campanya \u2018Amb tu, com a casa\u2019, que t\u00e9 com a objectiu recaptar 880.000 euros per crear un nou Centre de Neonatologia Avan\u00e7ada. El projecte, que ja disposa de 250.000 euros aportats per la Fundaci\u00f3 Banc\u00e0ria \u201cla Caixa\u201d, contribuir\u00e0 a situar el nad\u00f3 i la seva fam\u00edlia\" \/>\n<meta property=\"og:url\" content=\"https:\/\/diarisanitat.cat\/extra\/2017\/10\/18\/vall-dhebron-llanca-una-campanya-per-crear-un-nou-centre-de-neonatologia-avancada\/\" \/>\n<meta property=\"og:site_name\" content=\"Extra Sanitat\" \/>\n<meta property=\"article:published_time\" content=\"2017-10-18T10:20:44+00:00\" \/>\n<meta property=\"og:image\" content=\"https:\/\/diarisanitat.cat\/extra\/wp-content\/uploads\/sites\/2\/2017\/10\/a-partir-d-avui-els-ciutadans-i-les-empreses-que-ho-desitgin-podran-fer-les-seves-aportacions-a-traves-del-web-ambtucomacasa-scaled-1.jpg\" \/>\n\t<meta property=\"og:image:width\" content=\"2560\" \/>\n\t<meta property=\"og:image:height\" content=\"1889\" \/>\n\t<meta property=\"og:image:type\" content=\"image\/jpeg\" \/>\n<meta name=\"author\" content=\"Redacci\u00f3\" \/>\n<meta name=\"twitter:card\" content=\"summary_large_image\" \/>\n<meta name=\"twitter:label1\" content=\"Escrit per\" \/>\n\t<meta name=\"twitter:data1\" content=\"Redacci\u00f3\" \/>\n\t<meta name=\"twitter:label2\" content=\"Temps estimat de lectura\" \/>\n\t<meta name=\"twitter:data2\" content=\"7 minuts\" \/>\n<script type=\"application\/ld+json\" class=\"yoast-schema-graph\">{\"@context\":\"https:\\\/\\\/schema.org\",\"@graph\":[{\"@type\":\"Article\",\"@id\":\"https:\\\/\\\/diarisanitat.cat\\\/extra\\\/2017\\\/10\\\/18\\\/vall-dhebron-llanca-una-campanya-per-crear-un-nou-centre-de-neonatologia-avancada\\\/#article\",\"isPartOf\":{\"@id\":\"https:\\\/\\\/diarisanitat.cat\\\/extra\\\/2017\\\/10\\\/18\\\/vall-dhebron-llanca-una-campanya-per-crear-un-nou-centre-de-neonatologia-avancada\\\/\"},\"author\":{\"name\":\"Redacci\u00f3\",\"@id\":\"https:\\\/\\\/diarisanitat.cat\\\/extra\\\/#\\\/schema\\\/person\\\/397c30828c8fdc1bad991e97f853e854\"},\"headline\":\"Vall d\u2019Hebron llan\u00e7a una campanya per crear un nou Centre de Neonatologia Avan\u00e7ada\",\"datePublished\":\"2017-10-18T10:20:44+00:00\",\"mainEntityOfPage\":{\"@id\":\"https:\\\/\\\/diarisanitat.cat\\\/extra\\\/2017\\\/10\\\/18\\\/vall-dhebron-llanca-una-campanya-per-crear-un-nou-centre-de-neonatologia-avancada\\\/\"},\"wordCount\":1503,\"commentCount\":0,\"image\":{\"@id\":\"https:\\\/\\\/diarisanitat.cat\\\/extra\\\/2017\\\/10\\\/18\\\/vall-dhebron-llanca-una-campanya-per-crear-un-nou-centre-de-neonatologia-avancada\\\/#primaryimage\"},\"thumbnailUrl\":\"https:\\\/\\\/diarisanitat.cat\\\/extra\\\/wp-content\\\/uploads\\\/sites\\\/2\\\/2017\\\/10\\\/a-partir-d-avui-els-ciutadans-i-les-empreses-que-ho-desitgin-podran-fer-les-seves-aportacions-a-traves-del-web-ambtucomacasa-scaled-1.jpg\",\"keywords\":[\"nadons\",\"neonatologia\",\"vall d'hebron\"],\"articleSection\":[\"Gesti\u00f3 sanit\u00e0ria\"],\"inLanguage\":\"ca\",\"potentialAction\":[{\"@type\":\"CommentAction\",\"name\":\"Comment\",\"target\":[\"https:\\\/\\\/diarisanitat.cat\\\/extra\\\/2017\\\/10\\\/18\\\/vall-dhebron-llanca-una-campanya-per-crear-un-nou-centre-de-neonatologia-avancada\\\/#respond\"]}]},{\"@type\":\"WebPage\",\"@id\":\"https:\\\/\\\/diarisanitat.cat\\\/extra\\\/2017\\\/10\\\/18\\\/vall-dhebron-llanca-una-campanya-per-crear-un-nou-centre-de-neonatologia-avancada\\\/\",\"url\":\"https:\\\/\\\/diarisanitat.cat\\\/extra\\\/2017\\\/10\\\/18\\\/vall-dhebron-llanca-una-campanya-per-crear-un-nou-centre-de-neonatologia-avancada\\\/\",\"name\":\"Vall d\u2019Hebron llan\u00e7a una campanya per crear un nou Centre de Neonatologia Avan\u00e7ada - Extra Sanitat\",\"isPartOf\":{\"@id\":\"https:\\\/\\\/diarisanitat.cat\\\/extra\\\/#website\"},\"primaryImageOfPage\":{\"@id\":\"https:\\\/\\\/diarisanitat.cat\\\/extra\\\/2017\\\/10\\\/18\\\/vall-dhebron-llanca-una-campanya-per-crear-un-nou-centre-de-neonatologia-avancada\\\/#primaryimage\"},\"image\":{\"@id\":\"https:\\\/\\\/diarisanitat.cat\\\/extra\\\/2017\\\/10\\\/18\\\/vall-dhebron-llanca-una-campanya-per-crear-un-nou-centre-de-neonatologia-avancada\\\/#primaryimage\"},\"thumbnailUrl\":\"https:\\\/\\\/diarisanitat.cat\\\/extra\\\/wp-content\\\/uploads\\\/sites\\\/2\\\/2017\\\/10\\\/a-partir-d-avui-els-ciutadans-i-les-empreses-que-ho-desitgin-podran-fer-les-seves-aportacions-a-traves-del-web-ambtucomacasa-scaled-1.jpg\",\"datePublished\":\"2017-10-18T10:20:44+00:00\",\"author\":{\"@id\":\"https:\\\/\\\/diarisanitat.cat\\\/extra\\\/#\\\/schema\\\/person\\\/397c30828c8fdc1bad991e97f853e854\"},\"breadcrumb\":{\"@id\":\"https:\\\/\\\/diarisanitat.cat\\\/extra\\\/2017\\\/10\\\/18\\\/vall-dhebron-llanca-una-campanya-per-crear-un-nou-centre-de-neonatologia-avancada\\\/#breadcrumb\"},\"inLanguage\":\"ca\",\"potentialAction\":[{\"@type\":\"ReadAction\",\"target\":[\"https:\\\/\\\/diarisanitat.cat\\\/extra\\\/2017\\\/10\\\/18\\\/vall-dhebron-llanca-una-campanya-per-crear-un-nou-centre-de-neonatologia-avancada\\\/\"]}]},{\"@type\":\"ImageObject\",\"inLanguage\":\"ca\",\"@id\":\"https:\\\/\\\/diarisanitat.cat\\\/extra\\\/2017\\\/10\\\/18\\\/vall-dhebron-llanca-una-campanya-per-crear-un-nou-centre-de-neonatologia-avancada\\\/#primaryimage\",\"url\":\"https:\\\/\\\/diarisanitat.cat\\\/extra\\\/wp-content\\\/uploads\\\/sites\\\/2\\\/2017\\\/10\\\/a-partir-d-avui-els-ciutadans-i-les-empreses-que-ho-desitgin-podran-fer-les-seves-aportacions-a-traves-del-web-ambtucomacasa-scaled-1.jpg\",\"contentUrl\":\"https:\\\/\\\/diarisanitat.cat\\\/extra\\\/wp-content\\\/uploads\\\/sites\\\/2\\\/2017\\\/10\\\/a-partir-d-avui-els-ciutadans-i-les-empreses-que-ho-desitgin-podran-fer-les-seves-aportacions-a-traves-del-web-ambtucomacasa-scaled-1.jpg\",\"width\":2560,\"height\":1889,\"caption\":\"El projecte potenciar\u00e0 la inclusi\u00f3 de les fam\u00edlies com a part de l\u2019equip que cuida al nad\u00f3\"},{\"@type\":\"BreadcrumbList\",\"@id\":\"https:\\\/\\\/diarisanitat.cat\\\/extra\\\/2017\\\/10\\\/18\\\/vall-dhebron-llanca-una-campanya-per-crear-un-nou-centre-de-neonatologia-avancada\\\/#breadcrumb\",\"itemListElement\":[{\"@type\":\"ListItem\",\"position\":1,\"name\":\"Portada\",\"item\":\"https:\\\/\\\/diarisanitat.cat\\\/extra\\\/\"},{\"@type\":\"ListItem\",\"position\":2,\"name\":\"Vall d\u2019Hebron llan\u00e7a una campanya per crear un nou Centre de Neonatologia Avan\u00e7ada\"}]},{\"@type\":\"WebSite\",\"@id\":\"https:\\\/\\\/diarisanitat.cat\\\/extra\\\/#website\",\"url\":\"https:\\\/\\\/diarisanitat.cat\\\/extra\\\/\",\"name\":\"Extra Sanitat\",\"description\":\"\",\"potentialAction\":[{\"@type\":\"SearchAction\",\"target\":{\"@type\":\"EntryPoint\",\"urlTemplate\":\"https:\\\/\\\/diarisanitat.cat\\\/extra\\\/?s={search_term_string}\"},\"query-input\":{\"@type\":\"PropertyValueSpecification\",\"valueRequired\":true,\"valueName\":\"search_term_string\"}}],\"inLanguage\":\"ca\"},{\"@type\":\"Person\",\"@id\":\"https:\\\/\\\/diarisanitat.cat\\\/extra\\\/#\\\/schema\\\/person\\\/397c30828c8fdc1bad991e97f853e854\",\"name\":\"Redacci\u00f3\",\"image\":{\"@type\":\"ImageObject\",\"inLanguage\":\"ca\",\"@id\":\"https:\\\/\\\/diarisanitat.cat\\\/wp-content\\\/uploads\\\/2025\\\/03\\\/redaccio_avatar-96x96.jpg\",\"url\":\"https:\\\/\\\/diarisanitat.cat\\\/wp-content\\\/uploads\\\/2025\\\/03\\\/redaccio_avatar-96x96.jpg\",\"contentUrl\":\"https:\\\/\\\/diarisanitat.cat\\\/wp-content\\\/uploads\\\/2025\\\/03\\\/redaccio_avatar-96x96.jpg\",\"caption\":\"Redacci\u00f3\"},\"url\":\"https:\\\/\\\/diarisanitat.cat\\\/extra\\\/author\\\/redaccio\\\/\"}]}<\/script>\n<!-- \/ Yoast SEO plugin. -->","yoast_head_json":{"title":"Vall d\u2019Hebron llan\u00e7a una campanya per crear un nou Centre de Neonatologia Avan\u00e7ada - Extra Sanitat","robots":{"index":"index","follow":"follow","max-snippet":"max-snippet:-1","max-image-preview":"max-image-preview:large","max-video-preview":"max-video-preview:-1"},"canonical":"https:\/\/diarisanitat.cat\/extra\/2017\/10\/18\/vall-dhebron-llanca-una-campanya-per-crear-un-nou-centre-de-neonatologia-avancada\/","og_locale":"ca_ES","og_type":"article","og_title":"Vall d\u2019Hebron llan\u00e7a una campanya per crear un nou Centre de Neonatologia Avan\u00e7ada - Extra Sanitat","og_description":"El Vall d\u2019Hebron Barcelona Hospital Campus ha llan\u00e7at la campanya \u2018Amb tu, com a casa\u2019, que t\u00e9 com a objectiu recaptar 880.000 euros per crear un nou Centre de Neonatologia Avan\u00e7ada. El projecte, que ja disposa de 250.000 euros aportats per la Fundaci\u00f3 Banc\u00e0ria \u201cla Caixa\u201d, contribuir\u00e0 a situar el nad\u00f3 i la seva fam\u00edlia","og_url":"https:\/\/diarisanitat.cat\/extra\/2017\/10\/18\/vall-dhebron-llanca-una-campanya-per-crear-un-nou-centre-de-neonatologia-avancada\/","og_site_name":"Extra Sanitat","article_published_time":"2017-10-18T10:20:44+00:00","og_image":[{"width":2560,"height":1889,"url":"https:\/\/diarisanitat.cat\/extra\/wp-content\/uploads\/sites\/2\/2017\/10\/a-partir-d-avui-els-ciutadans-i-les-empreses-que-ho-desitgin-podran-fer-les-seves-aportacions-a-traves-del-web-ambtucomacasa-scaled-1.jpg","type":"image\/jpeg"}],"author":"Redacci\u00f3","twitter_card":"summary_large_image","twitter_misc":{"Escrit per":"Redacci\u00f3","Temps estimat de lectura":"7 minuts"},"schema":{"@context":"https:\/\/schema.org","@graph":[{"@type":"Article","@id":"https:\/\/diarisanitat.cat\/extra\/2017\/10\/18\/vall-dhebron-llanca-una-campanya-per-crear-un-nou-centre-de-neonatologia-avancada\/#article","isPartOf":{"@id":"https:\/\/diarisanitat.cat\/extra\/2017\/10\/18\/vall-dhebron-llanca-una-campanya-per-crear-un-nou-centre-de-neonatologia-avancada\/"},"author":{"name":"Redacci\u00f3","@id":"https:\/\/diarisanitat.cat\/extra\/#\/schema\/person\/397c30828c8fdc1bad991e97f853e854"},"headline":"Vall d\u2019Hebron llan\u00e7a una campanya per crear un nou Centre de Neonatologia Avan\u00e7ada","datePublished":"2017-10-18T10:20:44+00:00","mainEntityOfPage":{"@id":"https:\/\/diarisanitat.cat\/extra\/2017\/10\/18\/vall-dhebron-llanca-una-campanya-per-crear-un-nou-centre-de-neonatologia-avancada\/"},"wordCount":1503,"commentCount":0,"image":{"@id":"https:\/\/diarisanitat.cat\/extra\/2017\/10\/18\/vall-dhebron-llanca-una-campanya-per-crear-un-nou-centre-de-neonatologia-avancada\/#primaryimage"},"thumbnailUrl":"https:\/\/diarisanitat.cat\/extra\/wp-content\/uploads\/sites\/2\/2017\/10\/a-partir-d-avui-els-ciutadans-i-les-empreses-que-ho-desitgin-podran-fer-les-seves-aportacions-a-traves-del-web-ambtucomacasa-scaled-1.jpg","keywords":["nadons","neonatologia","vall d'hebron"],"articleSection":["Gesti\u00f3 sanit\u00e0ria"],"inLanguage":"ca","potentialAction":[{"@type":"CommentAction","name":"Comment","target":["https:\/\/diarisanitat.cat\/extra\/2017\/10\/18\/vall-dhebron-llanca-una-campanya-per-crear-un-nou-centre-de-neonatologia-avancada\/#respond"]}]},{"@type":"WebPage","@id":"https:\/\/diarisanitat.cat\/extra\/2017\/10\/18\/vall-dhebron-llanca-una-campanya-per-crear-un-nou-centre-de-neonatologia-avancada\/","url":"https:\/\/diarisanitat.cat\/extra\/2017\/10\/18\/vall-dhebron-llanca-una-campanya-per-crear-un-nou-centre-de-neonatologia-avancada\/","name":"Vall d\u2019Hebron llan\u00e7a una campanya per crear un nou Centre de Neonatologia Avan\u00e7ada - Extra Sanitat","isPartOf":{"@id":"https:\/\/diarisanitat.cat\/extra\/#website"},"primaryImageOfPage":{"@id":"https:\/\/diarisanitat.cat\/extra\/2017\/10\/18\/vall-dhebron-llanca-una-campanya-per-crear-un-nou-centre-de-neonatologia-avancada\/#primaryimage"},"image":{"@id":"https:\/\/diarisanitat.cat\/extra\/2017\/10\/18\/vall-dhebron-llanca-una-campanya-per-crear-un-nou-centre-de-neonatologia-avancada\/#primaryimage"},"thumbnailUrl":"https:\/\/diarisanitat.cat\/extra\/wp-content\/uploads\/sites\/2\/2017\/10\/a-partir-d-avui-els-ciutadans-i-les-empreses-que-ho-desitgin-podran-fer-les-seves-aportacions-a-traves-del-web-ambtucomacasa-scaled-1.jpg","datePublished":"2017-10-18T10:20:44+00:00","author":{"@id":"https:\/\/diarisanitat.cat\/extra\/#\/schema\/person\/397c30828c8fdc1bad991e97f853e854"},"breadcrumb":{"@id":"https:\/\/diarisanitat.cat\/extra\/2017\/10\/18\/vall-dhebron-llanca-una-campanya-per-crear-un-nou-centre-de-neonatologia-avancada\/#breadcrumb"},"inLanguage":"ca","potentialAction":[{"@type":"ReadAction","target":["https:\/\/diarisanitat.cat\/extra\/2017\/10\/18\/vall-dhebron-llanca-una-campanya-per-crear-un-nou-centre-de-neonatologia-avancada\/"]}]},{"@type":"ImageObject","inLanguage":"ca","@id":"https:\/\/diarisanitat.cat\/extra\/2017\/10\/18\/vall-dhebron-llanca-una-campanya-per-crear-un-nou-centre-de-neonatologia-avancada\/#primaryimage","url":"https:\/\/diarisanitat.cat\/extra\/wp-content\/uploads\/sites\/2\/2017\/10\/a-partir-d-avui-els-ciutadans-i-les-empreses-que-ho-desitgin-podran-fer-les-seves-aportacions-a-traves-del-web-ambtucomacasa-scaled-1.jpg","contentUrl":"https:\/\/diarisanitat.cat\/extra\/wp-content\/uploads\/sites\/2\/2017\/10\/a-partir-d-avui-els-ciutadans-i-les-empreses-que-ho-desitgin-podran-fer-les-seves-aportacions-a-traves-del-web-ambtucomacasa-scaled-1.jpg","width":2560,"height":1889,"caption":"El projecte potenciar\u00e0 la inclusi\u00f3 de les fam\u00edlies com a part de l\u2019equip que cuida al nad\u00f3"},{"@type":"BreadcrumbList","@id":"https:\/\/diarisanitat.cat\/extra\/2017\/10\/18\/vall-dhebron-llanca-una-campanya-per-crear-un-nou-centre-de-neonatologia-avancada\/#breadcrumb","itemListElement":[{"@type":"ListItem","position":1,"name":"Portada","item":"https:\/\/diarisanitat.cat\/extra\/"},{"@type":"ListItem","position":2,"name":"Vall d\u2019Hebron llan\u00e7a una campanya per crear un nou Centre de Neonatologia Avan\u00e7ada"}]},{"@type":"WebSite","@id":"https:\/\/diarisanitat.cat\/extra\/#website","url":"https:\/\/diarisanitat.cat\/extra\/","name":"Extra Sanitat","description":"","potentialAction":[{"@type":"SearchAction","target":{"@type":"EntryPoint","urlTemplate":"https:\/\/diarisanitat.cat\/extra\/?s={search_term_string}"},"query-input":{"@type":"PropertyValueSpecification","valueRequired":true,"valueName":"search_term_string"}}],"inLanguage":"ca"},{"@type":"Person","@id":"https:\/\/diarisanitat.cat\/extra\/#\/schema\/person\/397c30828c8fdc1bad991e97f853e854","name":"Redacci\u00f3","image":{"@type":"ImageObject","inLanguage":"ca","@id":"https:\/\/diarisanitat.cat\/wp-content\/uploads\/2025\/03\/redaccio_avatar-96x96.jpg","url":"https:\/\/diarisanitat.cat\/wp-content\/uploads\/2025\/03\/redaccio_avatar-96x96.jpg","contentUrl":"https:\/\/diarisanitat.cat\/wp-content\/uploads\/2025\/03\/redaccio_avatar-96x96.jpg","caption":"Redacci\u00f3"},"url":"https:\/\/diarisanitat.cat\/extra\/author\/redaccio\/"}]}},"_links":{"self":[{"href":"https:\/\/diarisanitat.cat\/extra\/wp-json\/wp\/v2\/posts\/513","targetHints":{"allow":["GET"]}}],"collection":[{"href":"https:\/\/diarisanitat.cat\/extra\/wp-json\/wp\/v2\/posts"}],"about":[{"href":"https:\/\/diarisanitat.cat\/extra\/wp-json\/wp\/v2\/types\/post"}],"author":[{"embeddable":true,"href":"https:\/\/diarisanitat.cat\/extra\/wp-json\/wp\/v2\/users\/5"}],"replies":[{"embeddable":true,"href":"https:\/\/diarisanitat.cat\/extra\/wp-json\/wp\/v2\/comments?post=513"}],"version-history":[{"count":0,"href":"https:\/\/diarisanitat.cat\/extra\/wp-json\/wp\/v2\/posts\/513\/revisions"}],"wp:featuredmedia":[{"embeddable":true,"href":"https:\/\/diarisanitat.cat\/extra\/wp-json\/wp\/v2\/media\/514"}],"wp:attachment":[{"href":"https:\/\/diarisanitat.cat\/extra\/wp-json\/wp\/v2\/media?parent=513"}],"wp:term":[{"taxonomy":"category","embeddable":true,"href":"https:\/\/diarisanitat.cat\/extra\/wp-json\/wp\/v2\/categories?post=513"},{"taxonomy":"post_tag","embeddable":true,"href":"https:\/\/diarisanitat.cat\/extra\/wp-json\/wp\/v2\/tags?post=513"},{"taxonomy":"tipo","embeddable":true,"href":"https:\/\/diarisanitat.cat\/extra\/wp-json\/wp\/v2\/tipo?post=513"}],"curies":[{"name":"wp","href":"https:\/\/api.w.org\/{rel}","templated":true}]}}