{"id":775,"date":"2022-12-27T13:01:19","date_gmt":"2022-12-27T12:01:19","guid":{"rendered":"https:\/\/diarisanitat.cat\/extra\/?p=623"},"modified":"2022-12-27T13:01:19","modified_gmt":"2022-12-27T12:01:19","slug":"anar-al-dentista-dret-o-privilegi-2","status":"publish","type":"post","link":"https:\/\/diarisanitat.cat\/extra\/2022\/12\/27\/anar-al-dentista-dret-o-privilegi-2\/","title":{"rendered":"Anar al dentista, dret o privilegi?"},"content":{"rendered":"<p>Des que l\u2019Ajuntament de Barcelona va obrir l\u2019any 2018 el primer servei de dentista gratu\u00eft per a tractaments que no cobreix el sistema sanitari p\u00fablic, m\u00e9s de 4.000 persones que estan en situaci\u00f3 de vulnerabilitat s\u2019han beneficiat d\u2019aquesta prestaci\u00f3 en les m\u00e9s de 39.000 visites dutes a terme en els quatre centres habilitats a la ciutat.<\/p>\n<p>En aquestes consultes es fan obturacions (empastaments), endod\u00f2ncies (matar el nervi), pr\u00f2tesis parcials i completes, higienes i raspats. Les persones que hi acudeixen s\u00f3n derivades pels Centres d\u2019Atenci\u00f3 Prim\u00e0ria (CAP) o pels serveis socials.<\/p>\n<p>L\u2019objectiu d\u2019aquesta iniciativa \u00e9s reduir les desigualtats en salut i que anar al dentista no sigui un privilegi, i \u00e9s que segons dades de l\u2019<a href=\"https:\/\/www.aspb.cat\/wp-content\/uploads\/2022\/11\/ASPB_Enquesta-Salut-Barcelona-2021.pdf\">Enquesta de Salut de Barcelona<\/a> del 2021, un 12% de les dones i un 8% dels homes que necessitaven serveis d\u2019odontologia no van poder accedir-hi per problemes econ\u00f2mics.<\/p>\n<p>A m\u00e9s, l\u2019Organitzaci\u00f3 Mundial de la Salut (OMS) recomana ampliar l\u2019atenci\u00f3 dental per a les persones m\u00e9s vulnerables, tal com explica al <a href=\"https:\/\/apps.who.int\/iris\/handle\/10665\/347895\">document<\/a>, \u2018Es pot permetre la gent pagar per l\u2019atenci\u00f3 sanit\u00e0ria? Nova evid\u00e8ncia sobre la protecci\u00f3 financera a Espanya (2021)\u2019, on diu que \u201cper reduir les necessitats insatisfetes i les dificultats financeres, les pol\u00edtiques han de centrar-se en ampliar la cobertura del Sistema Nacional de Salut per a l\u2019atenci\u00f3 dental i l\u2019atenci\u00f3 \u00f2ptica\u201d.<\/p>\n<h3>\u201cNo podia menjar b\u00e9\u201d<\/h3>\n<p>La Pilar Aguilar viu sola a Nou Barris i t\u00e9 pocs recursos econ\u00f2mics. Feia anys que li havien caigut la majoria de dents i queixals, per\u00f2 no tenia prou diners per anar a una cl\u00ednica privada: \u201cNo podia menjar b\u00e9 i tenia mal d\u2019est\u00f3mac perqu\u00e8 hi ha moltes coses que no les pots triturar b\u00e9\u201d.<\/p>\n<p>La seva assistenta social li va parlar de la possibilitat d\u2019anar al dentista municipal gratu\u00eft, un tema que la Pilar ja havia llegit als mitjans, per\u00f2 que no sabia com funcionava. Des dels serveis socials, la van derivar a aquest servei i fa tres mesos va fer la primera visita al centre de la pla\u00e7a Eucaliptus, al barri de Torre Bar\u00f3.<\/p>\n<p>\u201cJo no pago res\u201d, explica. \u201cM\u2019han fet la dentadura, amb algunes peces meves i d\u2019altres noves. De meves, em queden dues a dalt i quatre avall. A mi m\u2019ha anat molt b\u00e9 i ha estat bastant r\u00e0pid\u201d.<\/p>\n<p>Ara, la Pilar Aguilar disposa d\u2019una dentadura postissa i li ha canviat la cara: \u201cEm diuen que em queda molt b\u00e9, que est\u00e0 molt ben feta i que \u00e9s del mateix color que les meves dents. Encara no menjo amb ella, me la trec i me la poso, perqu\u00e8 \u00e9s recent i estan retocant\u201d.<\/p>\n<p>A aquesta ve\u00efna de Nou Barris no li fa por anar al dentista: \u201cAbans anava a la Seguretat Social quan hi havia alguna pe\u00e7a a punt de caure, per\u00f2 jo, aix\u00f2 que m\u2019han fet, no ho hagu\u00e9s pogut pagar\u201d. Creu que tenir cura de la boca \u201c\u00e9s una necessitat, igual que la vista\u201d (va obtenir ajudes per fer-se les ulleres) i ara se sent \u201cm\u00e9s c\u00f2moda\u201d.<\/p>\n<p><iframe title=\"Dentista per a persones en situaci\u00f3 de vulnerabilitat\" width=\"768\" height=\"432\" src=\"https:\/\/www.youtube.com\/embed\/Nwg1GGX-0eA?feature=oembed\" frameborder=\"0\" allow=\"accelerometer; autoplay; clipboard-write; encrypted-media; gyroscope; picture-in-picture; web-share\" referrerpolicy=\"strict-origin-when-cross-origin\" allowfullscreen><\/iframe><\/p>\n<p>\u201cJo estic molt agra\u00efda en tots els sentits. Li ho vaig dir al dentista, i vaig demanar si hi havia algun lloc on ho pogu\u00e9s deixar per escrit, perqu\u00e8 em va sortir, ning\u00fa no em va obligar, i ho vaig fer. Vaig dir que estava molt contenta pel tracte afectu\u00f3s de tothom, del dentista, d\u2019administraci\u00f3, de quan em van fer la neteja&#8230; El dia abans de la visita, t\u2019ho recorden, jo vaig avisar un dia que em vaig posar malalta i no podia anar, i tot s\u00f3n facilitats\u201d, assegura.<\/p>\n<h3>La salut dental, una necessitat de primer nivell<\/h3>\n<p>Partint de la base que la salut dental ha de ser una \u201csalut de primera\u201d m\u00e9s enll\u00e0 de les revisions i extraccions incloses a la cartera de serveis p\u00fablics, el dentista gratu\u00eft \u201cha nascut per donar resposta a una demanda que arribava als serveis socials\u201d, indica Davide Malmusi, Director de Serveis de Salut de l\u2019Ajuntament de Barcelona.<\/p>\n<p>\u201cMolta gent necessita un tractament d\u2019aquest tipus. S\u00f3n tractaments molt necessaris que milloren la qualitat de vida de les persones ateses\u201d, afegeix Malmusi, que destaca que tenir cura de la boca i poder somriure t\u00e9 un impacte a nivell f\u00edsic, mental i social. Tot i aix\u00f2, l\u2019acc\u00e9s a l\u2019assist\u00e8ncia odontol\u00f2gica \u00e9s molt desigual i els poders p\u00fablics han estat absents en l\u2019\u00e0mbit de la salut bucodental.<\/p>\n<p>El primer dentista municipal per a persones vulnerables es va ubicar a les instal\u00b7lacions de l\u2019extinta m\u00fatua municipal PAMEM, al n\u00famero 127 del carrer Viladomat, l\u2019any 2018. Part dels recursos, personal i instal\u00b7lacions que es dedicaven a la m\u00fatua de funcionaris es van reconvertir en aquest servei. Va ser una experi\u00e8ncia pionera tant a Catalunya com a l\u2019estat espanyol. Tres anys despr\u00e9s, es va obrir el segon, a Torre Bar\u00f3, un dels barris m\u00e9s desafavorits de la ciutat. Tots dos s\u00f3n cl\u00edniques en instal\u00b7lacions pr\u00f2pies del consistori i, des que es van inaugurar, han fet prop de 29.000 i 6.000 visites, respectivament.<\/p>\n<p>El 2021 tamb\u00e9 es va obrir un tercer centre al carrer Bonaplata gestionat juntament amb Sant Joan de D\u00e9u que tamb\u00e9 at\u00e9n infants i que suma unes 2.300 visites; i un quart al carrer Vila Vil\u00e0 amb la Fundaci\u00f3 Sant Pere Claver per a persones amb problemes de salut mental que ja ha realitzat m\u00e9s de 1.700 visites. En total, m\u00e9s de 4.000 persones han estat ateses en aquestes quatre consultes.<\/p>\n<h3>Una llei bucodental catalana<\/h3>\n<p>El 2022, a l\u2019empara de la <a href=\"https:\/\/dogc.gencat.cat\/ca\/document-del-dogc\/?documentId=883932\">Llei de l\u2019atenci\u00f3 p\u00fablica de la salut bucodental<\/a> aprovada al Parlament de Catalunya, les quatre cl\u00edniques han passat a formar part de la xarxa de centres concertats pel Servei Catal\u00e0 de la Salut (CatSalut). Aix\u00ed, mentre que l\u2019Ajuntament va destinar 900.000 euros el 2021 a aquests centres, aquest any la Generalitat inverteix 815.000 euros i el consistori aporta 600.000 euros. El cofinan\u00e7ament de les dues administracions permet augmentar un 50% les visites.<\/p>\n<p>Amb la nova normativa, s\u2019incorporen 18 nous higienistes en 11 CAP de la ciutat, de manera que hi haur\u00e0 34 higienistes al sistema sanitari p\u00fablic de Barcelona, amb un cost anual d\u20191,37 milions d\u2019euros, i es desplegaran quatre punts d\u2019atenci\u00f3 odontopedi\u00e0trica, que suposar\u00e0 400.000 euros anuals.<\/p>\n<figure id=\"attachment_630\" aria-describedby=\"caption-attachment-630\" style=\"width: 1024px\" class=\"wp-caption alignnone\"><img fetchpriority=\"high\" decoding=\"async\" class=\"wp-image-630 size-large\" src=\"https:\/\/silly-shirley.82-223-1-47.plesk.page\/extra\/wp-content\/uploads\/sites\/2\/2022\/12\/dentista-municipal-1024x677.jpg\" alt=\"\" width=\"1024\" height=\"677\" \/><figcaption id=\"caption-attachment-630\" class=\"wp-caption-text\">Les pr\u00f2tesis van quedar fora de la llei bucodental catalana i, en el cas de Barcelona, les costeja l&#8217;Ajuntament<\/figcaption><\/figure>\n<p>La nova llei catalana, impulsada pel grup parlamentari d\u2019En Com\u00fa Podem arran de l\u2019exemple barcelon\u00ed, inclou que els grups de poblaci\u00f3 amb necessitats econ\u00f2miques especials i les persones de fins a catorze anys tinguin acc\u00e9s a obturacions, endod\u00f2ncies i higienes, a part de les revisions i extraccions que ja entren al servei de salut p\u00fablic.<\/p>\n<p>Durant el tr\u00e0mit d\u2019esmenes parlament\u00e0ries, els tractaments de pr\u00f2tesis van quedar fora de la cobertura, per la qual cosa la Generalitat no s\u2019encarrega d\u2019aquest servei, i a Barcelona el costeja l\u2019Ajuntament (amb els 600.000 euros del 2022) als quatre centres odontol\u00f2gics.<\/p>\n<p>\u201cLes pr\u00f2tesis van quedar fora de la llei, per\u00f2 creiem que s\u2019hauria d\u2019incorporar\u201d, explica el responsable de Salut municipal. \u201cMentre aix\u00f2 no passi, continuar finan\u00e7ant-les \u00e9s una decisi\u00f3 de l\u2019Ajuntament i \u00e9s un tractament complementari dins la compet\u00e8ncia de serveis socials, per a persones que ho necessiten per a la seva reinserci\u00f3 o per les seves condicions per millorar la qualitat de vida\u201d.<\/p>\n<h3>Tarifes socials<\/h3>\n<p>Amb la finalitat que l\u2019odontologia no sigui un privilegi, al gener del 2020 l\u2019Ajuntament va signar un acord amb l\u2019Associaci\u00f3 Empresarial de Centres d\u2019Assist\u00e8ncia Dental (AECAD) per tal d\u2019adherir-se a un sistema de <a href=\"https:\/\/bcn.aecad.org\/\">tarifa social<\/a> per a la poblaci\u00f3 amb pocs recursos econ\u00f2mics.<\/p>\n<p>Les persones benefici\u00e0ries d\u2019aquests serveis amb preus m\u00e9s barats s\u00f3n les titulars de la Targeta Rosa Gratu\u00efta o Redu\u00efda, les fam\u00edlies amb la Targeta Barcelona Solid\u00e0ria (la \u201ctargeta moneder\u201d) o les persones que presentin un informe de vulnerabilitat em\u00e8s per un professional de treball social del CAP o dels serveis socials municipals.<\/p>\n<p>Els preus van des dels 20 euros per higiene, 35 per empastaments i menys de 400 per pr\u00f2tesi completa. Fins ara, s\u2019han sumat unes 100 cl\u00edniques, de les quals 81 estan a Barcelona i la resta estan repartides per la resta de Catalunya. Segons dades del juliol del 2021, ja s\u2019havien at\u00e8s 600 persones.<\/p>\n<p>L\u2019adhesi\u00f3 per part de les cl\u00edniques d\u2019AECAD \u00e9s volunt\u00e0ria i s\u00f3n elles les que assumeixen que un sector de les persones ateses t\u00e9 dret a tenir uns preus m\u00e9s ajustats que els del mercat.<\/p>\n<h3>L\u2019operador odontol\u00f2gic, pendent de resoluci\u00f3 judicial<\/h3>\n<p>Dins d\u2019aquesta pol\u00edtica que totes les persones tinguin dret a serveis bucodentals, el mar\u00e7 del 2019 el ple de l\u2019Ajuntament va aprovar la creaci\u00f3 d\u2019un projecte de cl\u00edniques que ofer\u00eds tractaments no coberts per la cartera p\u00fablica, com les pr\u00f2tesis, els implants i les ortod\u00f2ncies. Aquests serveis tindrien un preu per sota del preu del mercat d\u2019entre un 10% i un 40%, segons es va calcular en el seu moment.<\/p>\n<p>\u201cL\u2019operador vindria a ser una cl\u00ednica privada, per\u00f2 el titular seria l\u2019Ajuntament. Seria una cl\u00ednica dental p\u00fablica\u201d, afirma Malmusi. \u201cOperaria en el mercat i faria tots els tractaments que no es fan gratu\u00eftament a l\u2019ambulatori a un preu m\u00e9s assequible\u201d.<\/p>\n<figure id=\"attachment_628\" aria-describedby=\"caption-attachment-628\" style=\"width: 1024px\" class=\"wp-caption alignnone\"><img decoding=\"async\" class=\"size-large wp-image-628\" src=\"https:\/\/silly-shirley.82-223-1-47.plesk.page\/extra\/wp-content\/uploads\/sites\/2\/2022\/12\/dentista-1024x627.jpg\" alt=\"\" width=\"1024\" height=\"627\" srcset=\"https:\/\/diarisanitat.cat\/extra\/wp-content\/uploads\/sites\/2\/2022\/12\/dentista-1024x627.jpg 1024w, https:\/\/diarisanitat.cat\/extra\/wp-content\/uploads\/sites\/2\/2022\/12\/dentista-300x184.jpg 300w, https:\/\/diarisanitat.cat\/extra\/wp-content\/uploads\/sites\/2\/2022\/12\/dentista-768x470.jpg 768w, https:\/\/diarisanitat.cat\/extra\/wp-content\/uploads\/sites\/2\/2022\/12\/dentista-1536x940.jpg 1536w, https:\/\/diarisanitat.cat\/extra\/wp-content\/uploads\/sites\/2\/2022\/12\/dentista-150x92.jpg 150w, https:\/\/diarisanitat.cat\/extra\/wp-content\/uploads\/sites\/2\/2022\/12\/dentista-450x275.jpg 450w, https:\/\/diarisanitat.cat\/extra\/wp-content\/uploads\/sites\/2\/2022\/12\/dentista-1200x734.jpg 1200w, https:\/\/diarisanitat.cat\/extra\/wp-content\/uploads\/sites\/2\/2022\/12\/dentista.jpg 1959w\" sizes=\"(max-width: 1024px) 100vw, 1024px\" \/><figcaption id=\"caption-attachment-628\" class=\"wp-caption-text\">El ple de l\u2019Ajuntament va aprovar la creaci\u00f3 d\u2019un projecte de cl\u00edniques que ofer\u00eds tractaments no coberts per la cartera p\u00fablica<\/figcaption><\/figure>\n<p>\u201cAquest projecte no est\u00e0 pensat per fer benefici, sin\u00f3 que seria una cl\u00ednica amb n\u00fameros equilibrats per poder pagar b\u00e9 el personal i per utilitzar material de qualitat. No hi hauria cap subvenci\u00f3, perqu\u00e8 aix\u00f2 aniria en contra de la lliure compet\u00e8ncia; de fet, ja va obtenir la valoraci\u00f3 positiva de l\u2019Autoritat Catalana de la Compet\u00e8ncia. Tindria garantia de qualitat, seria de propietat p\u00fablica i no tindria beneficis\u201d, afegeix Malmusi.<\/p>\n<p>L\u2019operador odontol\u00f2gic, per\u00f2, no s\u2019ha pogut dur a terme ara per ara perqu\u00e8 va ser recorregut pel Col\u00b7legi d\u2019Odont\u00f2legs i Estomat\u00f2legs de Catalunya davant el jutjat contenci\u00f3s administratiu n\u00famero 7 de Barcelona, que va emetre una sent\u00e8ncia desfavorable a l\u2019Ajuntament en considerar que no tenia compet\u00e8ncies en assist\u00e8ncia sanit\u00e0ria, sin\u00f3 que aquestes corresponen a la Generalitat.<\/p>\n<p>El Tribunal Superior de Just\u00edcia de Catalunya (TSJC) tamb\u00e9 va donar la ra\u00f3 al Col\u00b7legi d\u2019Odont\u00f2legs, i ara l\u2019Ajuntament presentar\u00e0 un recurs davant el Tribunal Suprem (TS) per poder tirar endavant la iniciativa. El consistori argumenta que s\u00ed \u00e9s de la seva compet\u00e8ncia poder impulsar iniciatives econ\u00f2miques en \u00e0mbits d\u2019inter\u00e8s p\u00fablic, i \u00e9s que un 10% de la poblaci\u00f3 de Barcelona que vol anar al dentista no ho pot fer per motius econ\u00f2mics.<\/p>\n<p>Segons una enquesta municipal del 2019, el 94% de les persones entrevistades opina que anar al dentista \u00e9s bastant car o molt car i el 96% es mostra a favor o molt a favor que aquest servei el cobreixi la sanitat p\u00fablica. Tamb\u00e9 el 96% creu que estaria b\u00e9 o molt b\u00e9 que l\u2019Ajuntament ofer\u00eds un servei de dentista amb preus ajustats als costos reals.<\/p>\n","protected":false},"excerpt":{"rendered":"<p>Des que l\u2019Ajuntament de Barcelona va obrir l\u2019any 2018 el primer servei de dentista gratu\u00eft per a tractaments que no cobreix el sistema sanitari p\u00fablic, m\u00e9s de 4.000 persones que estan en situaci\u00f3 de vulnerabilitat s\u2019han beneficiat d\u2019aquesta prestaci\u00f3 en les m\u00e9s de 39.000 visites dutes a terme en els quatre centres habilitats a la<\/p>\n","protected":false},"author":1,"featured_media":747,"comment_status":"open","ping_status":"closed","sticky":false,"template":"","format":"standard","meta":{"_acf_changed":false,"footnotes":""},"categories":[4],"tags":[65,66],"tipo":[],"class_list":{"0":"post-775","1":"post","2":"type-post","3":"status-publish","4":"format-standard","5":"has-post-thumbnail","7":"category-politica-i-gestio","8":"tag-dentista","9":"tag-salut-dental"},"acf":[],"yoast_head":"<!-- This site is optimized with the Yoast SEO plugin v27.5 - https:\/\/yoast.com\/product\/yoast-seo-wordpress\/ -->\n<title>Anar al dentista, dret o privilegi? - Extra Sanitat<\/title>\n<meta name=\"robots\" content=\"index, follow, max-snippet:-1, max-image-preview:large, max-video-preview:-1\" \/>\n<link rel=\"canonical\" href=\"https:\/\/diarisanitat.cat\/extra\/2022\/12\/27\/anar-al-dentista-dret-o-privilegi-2\/\" \/>\n<meta property=\"og:locale\" content=\"ca_ES\" \/>\n<meta property=\"og:type\" content=\"article\" \/>\n<meta property=\"og:title\" content=\"Anar al dentista, dret o privilegi? - Extra Sanitat\" \/>\n<meta property=\"og:description\" content=\"Des que l\u2019Ajuntament de Barcelona va obrir l\u2019any 2018 el primer servei de dentista gratu\u00eft per a tractaments que no cobreix el sistema sanitari p\u00fablic, m\u00e9s de 4.000 persones que estan en situaci\u00f3 de vulnerabilitat s\u2019han beneficiat d\u2019aquesta prestaci\u00f3 en les m\u00e9s de 39.000 visites dutes a terme en els quatre centres habilitats a la\" \/>\n<meta property=\"og:url\" content=\"https:\/\/diarisanitat.cat\/extra\/2022\/12\/27\/anar-al-dentista-dret-o-privilegi-2\/\" \/>\n<meta property=\"og:site_name\" content=\"Extra Sanitat\" \/>\n<meta property=\"article:published_time\" content=\"2022-12-27T12:01:19+00:00\" \/>\n<meta property=\"og:image\" content=\"https:\/\/diarisanitat.cat\/extra\/wp-content\/uploads\/sites\/2\/2022\/12\/consulta-dentista.jpg\" \/>\n\t<meta property=\"og:image:width\" content=\"1955\" \/>\n\t<meta property=\"og:image:height\" content=\"1295\" \/>\n\t<meta property=\"og:image:type\" content=\"image\/jpeg\" \/>\n<meta name=\"author\" content=\"Redacci\u00f3\" \/>\n<meta name=\"twitter:card\" content=\"summary_large_image\" \/>\n<meta name=\"twitter:label1\" content=\"Escrit per\" \/>\n\t<meta name=\"twitter:data1\" content=\"Redacci\u00f3\" \/>\n\t<meta name=\"twitter:label2\" content=\"Temps estimat de lectura\" \/>\n\t<meta name=\"twitter:data2\" content=\"10 minuts\" \/>\n<script type=\"application\/ld+json\" class=\"yoast-schema-graph\">{\"@context\":\"https:\\\/\\\/schema.org\",\"@graph\":[{\"@type\":\"Article\",\"@id\":\"https:\\\/\\\/diarisanitat.cat\\\/extra\\\/2022\\\/12\\\/27\\\/anar-al-dentista-dret-o-privilegi-2\\\/#article\",\"isPartOf\":{\"@id\":\"https:\\\/\\\/diarisanitat.cat\\\/extra\\\/2022\\\/12\\\/27\\\/anar-al-dentista-dret-o-privilegi-2\\\/\"},\"author\":{\"name\":\"Redacci\u00f3\",\"@id\":\"https:\\\/\\\/diarisanitat.cat\\\/extra\\\/#\\\/schema\\\/person\\\/9de78768f9e1608c4e3acede8e5f91c4\"},\"headline\":\"Anar al dentista, dret o privilegi?\",\"datePublished\":\"2022-12-27T12:01:19+00:00\",\"mainEntityOfPage\":{\"@id\":\"https:\\\/\\\/diarisanitat.cat\\\/extra\\\/2022\\\/12\\\/27\\\/anar-al-dentista-dret-o-privilegi-2\\\/\"},\"wordCount\":1964,\"commentCount\":0,\"image\":{\"@id\":\"https:\\\/\\\/diarisanitat.cat\\\/extra\\\/2022\\\/12\\\/27\\\/anar-al-dentista-dret-o-privilegi-2\\\/#primaryimage\"},\"thumbnailUrl\":\"https:\\\/\\\/diarisanitat.cat\\\/extra\\\/wp-content\\\/uploads\\\/sites\\\/2\\\/2022\\\/12\\\/consulta-dentista.jpg\",\"keywords\":[\"dentista\",\"salut dental\"],\"articleSection\":[\"Gesti\u00f3 sanit\u00e0ria\"],\"inLanguage\":\"ca\",\"potentialAction\":[{\"@type\":\"CommentAction\",\"name\":\"Comment\",\"target\":[\"https:\\\/\\\/diarisanitat.cat\\\/extra\\\/2022\\\/12\\\/27\\\/anar-al-dentista-dret-o-privilegi-2\\\/#respond\"]}]},{\"@type\":\"WebPage\",\"@id\":\"https:\\\/\\\/diarisanitat.cat\\\/extra\\\/2022\\\/12\\\/27\\\/anar-al-dentista-dret-o-privilegi-2\\\/\",\"url\":\"https:\\\/\\\/diarisanitat.cat\\\/extra\\\/2022\\\/12\\\/27\\\/anar-al-dentista-dret-o-privilegi-2\\\/\",\"name\":\"Anar al dentista, dret o privilegi? - Extra Sanitat\",\"isPartOf\":{\"@id\":\"https:\\\/\\\/diarisanitat.cat\\\/extra\\\/#website\"},\"primaryImageOfPage\":{\"@id\":\"https:\\\/\\\/diarisanitat.cat\\\/extra\\\/2022\\\/12\\\/27\\\/anar-al-dentista-dret-o-privilegi-2\\\/#primaryimage\"},\"image\":{\"@id\":\"https:\\\/\\\/diarisanitat.cat\\\/extra\\\/2022\\\/12\\\/27\\\/anar-al-dentista-dret-o-privilegi-2\\\/#primaryimage\"},\"thumbnailUrl\":\"https:\\\/\\\/diarisanitat.cat\\\/extra\\\/wp-content\\\/uploads\\\/sites\\\/2\\\/2022\\\/12\\\/consulta-dentista.jpg\",\"datePublished\":\"2022-12-27T12:01:19+00:00\",\"author\":{\"@id\":\"https:\\\/\\\/diarisanitat.cat\\\/extra\\\/#\\\/schema\\\/person\\\/9de78768f9e1608c4e3acede8e5f91c4\"},\"breadcrumb\":{\"@id\":\"https:\\\/\\\/diarisanitat.cat\\\/extra\\\/2022\\\/12\\\/27\\\/anar-al-dentista-dret-o-privilegi-2\\\/#breadcrumb\"},\"inLanguage\":\"ca\",\"potentialAction\":[{\"@type\":\"ReadAction\",\"target\":[\"https:\\\/\\\/diarisanitat.cat\\\/extra\\\/2022\\\/12\\\/27\\\/anar-al-dentista-dret-o-privilegi-2\\\/\"]}]},{\"@type\":\"ImageObject\",\"inLanguage\":\"ca\",\"@id\":\"https:\\\/\\\/diarisanitat.cat\\\/extra\\\/2022\\\/12\\\/27\\\/anar-al-dentista-dret-o-privilegi-2\\\/#primaryimage\",\"url\":\"https:\\\/\\\/diarisanitat.cat\\\/extra\\\/wp-content\\\/uploads\\\/sites\\\/2\\\/2022\\\/12\\\/consulta-dentista.jpg\",\"contentUrl\":\"https:\\\/\\\/diarisanitat.cat\\\/extra\\\/wp-content\\\/uploads\\\/sites\\\/2\\\/2022\\\/12\\\/consulta-dentista.jpg\",\"width\":1955,\"height\":1295},{\"@type\":\"BreadcrumbList\",\"@id\":\"https:\\\/\\\/diarisanitat.cat\\\/extra\\\/2022\\\/12\\\/27\\\/anar-al-dentista-dret-o-privilegi-2\\\/#breadcrumb\",\"itemListElement\":[{\"@type\":\"ListItem\",\"position\":1,\"name\":\"Portada\",\"item\":\"https:\\\/\\\/diarisanitat.cat\\\/extra\\\/\"},{\"@type\":\"ListItem\",\"position\":2,\"name\":\"Anar al dentista, dret o privilegi?\"}]},{\"@type\":\"WebSite\",\"@id\":\"https:\\\/\\\/diarisanitat.cat\\\/extra\\\/#website\",\"url\":\"https:\\\/\\\/diarisanitat.cat\\\/extra\\\/\",\"name\":\"Extra Sanitat\",\"description\":\"\",\"potentialAction\":[{\"@type\":\"SearchAction\",\"target\":{\"@type\":\"EntryPoint\",\"urlTemplate\":\"https:\\\/\\\/diarisanitat.cat\\\/extra\\\/?s={search_term_string}\"},\"query-input\":{\"@type\":\"PropertyValueSpecification\",\"valueRequired\":true,\"valueName\":\"search_term_string\"}}],\"inLanguage\":\"ca\"},{\"@type\":\"Person\",\"@id\":\"https:\\\/\\\/diarisanitat.cat\\\/extra\\\/#\\\/schema\\\/person\\\/9de78768f9e1608c4e3acede8e5f91c4\",\"name\":\"Redacci\u00f3\",\"image\":{\"@type\":\"ImageObject\",\"inLanguage\":\"ca\",\"@id\":\"https:\\\/\\\/secure.gravatar.com\\\/avatar\\\/e952ad62e08be1daabaefebd12d26c1e5fbfd687693aaa066db2433a21638ad8?s=96&d=mm&r=g\",\"url\":\"https:\\\/\\\/secure.gravatar.com\\\/avatar\\\/e952ad62e08be1daabaefebd12d26c1e5fbfd687693aaa066db2433a21638ad8?s=96&d=mm&r=g\",\"contentUrl\":\"https:\\\/\\\/secure.gravatar.com\\\/avatar\\\/e952ad62e08be1daabaefebd12d26c1e5fbfd687693aaa066db2433a21638ad8?s=96&d=mm&r=g\",\"caption\":\"Redacci\u00f3\"},\"url\":\"https:\\\/\\\/diarisanitat.cat\\\/extra\\\/author\\\/npenin\\\/\"}]}<\/script>\n<!-- \/ Yoast SEO plugin. -->","yoast_head_json":{"title":"Anar al dentista, dret o privilegi? - Extra Sanitat","robots":{"index":"index","follow":"follow","max-snippet":"max-snippet:-1","max-image-preview":"max-image-preview:large","max-video-preview":"max-video-preview:-1"},"canonical":"https:\/\/diarisanitat.cat\/extra\/2022\/12\/27\/anar-al-dentista-dret-o-privilegi-2\/","og_locale":"ca_ES","og_type":"article","og_title":"Anar al dentista, dret o privilegi? - Extra Sanitat","og_description":"Des que l\u2019Ajuntament de Barcelona va obrir l\u2019any 2018 el primer servei de dentista gratu\u00eft per a tractaments que no cobreix el sistema sanitari p\u00fablic, m\u00e9s de 4.000 persones que estan en situaci\u00f3 de vulnerabilitat s\u2019han beneficiat d\u2019aquesta prestaci\u00f3 en les m\u00e9s de 39.000 visites dutes a terme en els quatre centres habilitats a la","og_url":"https:\/\/diarisanitat.cat\/extra\/2022\/12\/27\/anar-al-dentista-dret-o-privilegi-2\/","og_site_name":"Extra Sanitat","article_published_time":"2022-12-27T12:01:19+00:00","og_image":[{"width":1955,"height":1295,"url":"https:\/\/diarisanitat.cat\/extra\/wp-content\/uploads\/sites\/2\/2022\/12\/consulta-dentista.jpg","type":"image\/jpeg"}],"author":"Redacci\u00f3","twitter_card":"summary_large_image","twitter_misc":{"Escrit per":"Redacci\u00f3","Temps estimat de lectura":"10 minuts"},"schema":{"@context":"https:\/\/schema.org","@graph":[{"@type":"Article","@id":"https:\/\/diarisanitat.cat\/extra\/2022\/12\/27\/anar-al-dentista-dret-o-privilegi-2\/#article","isPartOf":{"@id":"https:\/\/diarisanitat.cat\/extra\/2022\/12\/27\/anar-al-dentista-dret-o-privilegi-2\/"},"author":{"name":"Redacci\u00f3","@id":"https:\/\/diarisanitat.cat\/extra\/#\/schema\/person\/9de78768f9e1608c4e3acede8e5f91c4"},"headline":"Anar al dentista, dret o privilegi?","datePublished":"2022-12-27T12:01:19+00:00","mainEntityOfPage":{"@id":"https:\/\/diarisanitat.cat\/extra\/2022\/12\/27\/anar-al-dentista-dret-o-privilegi-2\/"},"wordCount":1964,"commentCount":0,"image":{"@id":"https:\/\/diarisanitat.cat\/extra\/2022\/12\/27\/anar-al-dentista-dret-o-privilegi-2\/#primaryimage"},"thumbnailUrl":"https:\/\/diarisanitat.cat\/extra\/wp-content\/uploads\/sites\/2\/2022\/12\/consulta-dentista.jpg","keywords":["dentista","salut dental"],"articleSection":["Gesti\u00f3 sanit\u00e0ria"],"inLanguage":"ca","potentialAction":[{"@type":"CommentAction","name":"Comment","target":["https:\/\/diarisanitat.cat\/extra\/2022\/12\/27\/anar-al-dentista-dret-o-privilegi-2\/#respond"]}]},{"@type":"WebPage","@id":"https:\/\/diarisanitat.cat\/extra\/2022\/12\/27\/anar-al-dentista-dret-o-privilegi-2\/","url":"https:\/\/diarisanitat.cat\/extra\/2022\/12\/27\/anar-al-dentista-dret-o-privilegi-2\/","name":"Anar al dentista, dret o privilegi? - Extra Sanitat","isPartOf":{"@id":"https:\/\/diarisanitat.cat\/extra\/#website"},"primaryImageOfPage":{"@id":"https:\/\/diarisanitat.cat\/extra\/2022\/12\/27\/anar-al-dentista-dret-o-privilegi-2\/#primaryimage"},"image":{"@id":"https:\/\/diarisanitat.cat\/extra\/2022\/12\/27\/anar-al-dentista-dret-o-privilegi-2\/#primaryimage"},"thumbnailUrl":"https:\/\/diarisanitat.cat\/extra\/wp-content\/uploads\/sites\/2\/2022\/12\/consulta-dentista.jpg","datePublished":"2022-12-27T12:01:19+00:00","author":{"@id":"https:\/\/diarisanitat.cat\/extra\/#\/schema\/person\/9de78768f9e1608c4e3acede8e5f91c4"},"breadcrumb":{"@id":"https:\/\/diarisanitat.cat\/extra\/2022\/12\/27\/anar-al-dentista-dret-o-privilegi-2\/#breadcrumb"},"inLanguage":"ca","potentialAction":[{"@type":"ReadAction","target":["https:\/\/diarisanitat.cat\/extra\/2022\/12\/27\/anar-al-dentista-dret-o-privilegi-2\/"]}]},{"@type":"ImageObject","inLanguage":"ca","@id":"https:\/\/diarisanitat.cat\/extra\/2022\/12\/27\/anar-al-dentista-dret-o-privilegi-2\/#primaryimage","url":"https:\/\/diarisanitat.cat\/extra\/wp-content\/uploads\/sites\/2\/2022\/12\/consulta-dentista.jpg","contentUrl":"https:\/\/diarisanitat.cat\/extra\/wp-content\/uploads\/sites\/2\/2022\/12\/consulta-dentista.jpg","width":1955,"height":1295},{"@type":"BreadcrumbList","@id":"https:\/\/diarisanitat.cat\/extra\/2022\/12\/27\/anar-al-dentista-dret-o-privilegi-2\/#breadcrumb","itemListElement":[{"@type":"ListItem","position":1,"name":"Portada","item":"https:\/\/diarisanitat.cat\/extra\/"},{"@type":"ListItem","position":2,"name":"Anar al dentista, dret o privilegi?"}]},{"@type":"WebSite","@id":"https:\/\/diarisanitat.cat\/extra\/#website","url":"https:\/\/diarisanitat.cat\/extra\/","name":"Extra Sanitat","description":"","potentialAction":[{"@type":"SearchAction","target":{"@type":"EntryPoint","urlTemplate":"https:\/\/diarisanitat.cat\/extra\/?s={search_term_string}"},"query-input":{"@type":"PropertyValueSpecification","valueRequired":true,"valueName":"search_term_string"}}],"inLanguage":"ca"},{"@type":"Person","@id":"https:\/\/diarisanitat.cat\/extra\/#\/schema\/person\/9de78768f9e1608c4e3acede8e5f91c4","name":"Redacci\u00f3","image":{"@type":"ImageObject","inLanguage":"ca","@id":"https:\/\/secure.gravatar.com\/avatar\/e952ad62e08be1daabaefebd12d26c1e5fbfd687693aaa066db2433a21638ad8?s=96&d=mm&r=g","url":"https:\/\/secure.gravatar.com\/avatar\/e952ad62e08be1daabaefebd12d26c1e5fbfd687693aaa066db2433a21638ad8?s=96&d=mm&r=g","contentUrl":"https:\/\/secure.gravatar.com\/avatar\/e952ad62e08be1daabaefebd12d26c1e5fbfd687693aaa066db2433a21638ad8?s=96&d=mm&r=g","caption":"Redacci\u00f3"},"url":"https:\/\/diarisanitat.cat\/extra\/author\/npenin\/"}]}},"_links":{"self":[{"href":"https:\/\/diarisanitat.cat\/extra\/wp-json\/wp\/v2\/posts\/775","targetHints":{"allow":["GET"]}}],"collection":[{"href":"https:\/\/diarisanitat.cat\/extra\/wp-json\/wp\/v2\/posts"}],"about":[{"href":"https:\/\/diarisanitat.cat\/extra\/wp-json\/wp\/v2\/types\/post"}],"author":[{"embeddable":true,"href":"https:\/\/diarisanitat.cat\/extra\/wp-json\/wp\/v2\/users\/1"}],"replies":[{"embeddable":true,"href":"https:\/\/diarisanitat.cat\/extra\/wp-json\/wp\/v2\/comments?post=775"}],"version-history":[{"count":0,"href":"https:\/\/diarisanitat.cat\/extra\/wp-json\/wp\/v2\/posts\/775\/revisions"}],"wp:featuredmedia":[{"embeddable":true,"href":"https:\/\/diarisanitat.cat\/extra\/wp-json\/wp\/v2\/media\/747"}],"wp:attachment":[{"href":"https:\/\/diarisanitat.cat\/extra\/wp-json\/wp\/v2\/media?parent=775"}],"wp:term":[{"taxonomy":"category","embeddable":true,"href":"https:\/\/diarisanitat.cat\/extra\/wp-json\/wp\/v2\/categories?post=775"},{"taxonomy":"post_tag","embeddable":true,"href":"https:\/\/diarisanitat.cat\/extra\/wp-json\/wp\/v2\/tags?post=775"},{"taxonomy":"tipo","embeddable":true,"href":"https:\/\/diarisanitat.cat\/extra\/wp-json\/wp\/v2\/tipo?post=775"}],"curies":[{"name":"wp","href":"https:\/\/api.w.org\/{rel}","templated":true}]}}