{"id":781,"date":"2023-05-15T10:23:37","date_gmt":"2023-05-15T09:23:37","guid":{"rendered":"https:\/\/diarisanitat.cat\/extra\/?p=670"},"modified":"2023-05-15T10:23:37","modified_gmt":"2023-05-15T09:23:37","slug":"cultura-de-cura-cultura-infermera-2","status":"publish","type":"post","link":"https:\/\/diarisanitat.cat\/extra\/2023\/05\/15\/cultura-de-cura-cultura-infermera-2\/","title":{"rendered":"Cultura de cura: cultura infermera"},"content":{"rendered":"<p>Potser, algun 12 de maig, celebrarem el Dia de les Infermeres de manera m\u00e9s festiva que reivindicativa. Tant de bo, per\u00f2 encara el dia d&#8217;avui, cal alimentar el discurs posant en valor el nostre nom d&#8217;INFERMERA: el nom que defineix QU\u00c8 SOM, QU\u00c8 FEM i, alhora, ens fa VISIBLES i reafirma la nostra IDENTITAT com a PROFESSI\u00d3. Una identitat que, emmarcada en la CI\u00c8NCIA DE LA CURA, que \u00e9s humanista i amb valors essencials contemplats en el nostre CODI D&#8217;\u00c8TICA, exercim des del coneixement profund i cient\u00edfic de la nostra disciplina.<\/p>\n<p>Els nostres objectius professionals s\u00f3n senzills: oferir cures que integren l&#8217;atenci\u00f3 relacional, psicosocial i f\u00edsica, com un tot, per mantenir i millorar la salut a totes les persones, fam\u00edlies i comunitats. Aportaci\u00f3 infermera que desenvolupa accions cuidadores posant la PERSONA EN EL CENTRE, sempre.<\/p>\n<p>Per\u00f2 estem en un sistema amb un biaix clar, molt m\u00e9s basat en la curaci\u00f3 i poc en la salut p\u00fablica. Potser \u00e9s per aix\u00f2 que les infermeres ens trobem atenent una poblaci\u00f3 envellida \u2013amb comorbiditats, cronicitats i depend\u00e8ncia\u2013 i immerses en un sistema que es resisteix a recon\u00e8ixer la interdepend\u00e8ncia entre &#8220;Cura i Curaci\u00f3&#8221; per assolir un model de futur que s&#8217;allunyi de les estructures actuals.<\/p>\n<p>\u00c9s en aquest desequilibri que, penso, rau l&#8217;esgotament i la desil\u00b7lusi\u00f3 de tantes i tantes infermeres i infermers que abandonen el seu centre de treball o, fins i tot, la professi\u00f3. Manca construir una cultura de cura professional que col\u00b7loqui les infermeres en l&#8217;espai que mereixem \u2013i dominem\u2013 i abordar el seu encaix en el sistema, per donar resposta a una societat que necessita ser cuidada amb rigor cient\u00edfic, qualitat i seguretat.<\/p>\n<p>Aquest 12 de maig, les infermeres reclamem que les cures professionals integrin salut i benestar, des d&#8217;una perspectiva social i amb la persona com a protagonista. Un nou model que ens permeti maximitzar la capacitat d&#8217;AUTOCURA i que, des del coneixement profund i cient\u00edfic de la professi\u00f3, les INFERMERES HEM DE LIDERAR. Les persones i el planeta necessiten cultura de cura i cures professionals infermeres.<\/p>\n","protected":false},"excerpt":{"rendered":"<p>Potser, algun 12 de maig, celebrarem el Dia de les Infermeres de manera m\u00e9s festiva que reivindicativa. Tant de bo, per\u00f2 encara el dia d&#8217;avui, cal alimentar el discurs posant en valor el nostre nom d&#8217;INFERMERA: el nom que defineix QU\u00c8 SOM, QU\u00c8 FEM i, alhora, ens fa VISIBLES i reafirma la nostra IDENTITAT com<\/p>\n","protected":false},"author":1,"featured_media":759,"comment_status":"open","ping_status":"closed","sticky":false,"template":"","format":"standard","meta":{"_acf_changed":false,"footnotes":""},"categories":[11],"tags":[57],"tipo":[],"class_list":{"0":"post-781","1":"post","2":"type-post","3":"status-publish","4":"format-standard","5":"has-post-thumbnail","7":"category-general","8":"tag-infermeres"},"acf":[],"yoast_head":"<!-- This site is optimized with the Yoast SEO plugin v27.5 - https:\/\/yoast.com\/product\/yoast-seo-wordpress\/ -->\n<title>Cultura de cura: cultura infermera - Extra Sanitat<\/title>\n<meta name=\"robots\" content=\"index, follow, max-snippet:-1, max-image-preview:large, max-video-preview:-1\" \/>\n<link rel=\"canonical\" href=\"https:\/\/diarisanitat.cat\/extra\/2023\/05\/15\/cultura-de-cura-cultura-infermera-2\/\" \/>\n<meta property=\"og:locale\" content=\"ca_ES\" \/>\n<meta property=\"og:type\" content=\"article\" \/>\n<meta property=\"og:title\" content=\"Cultura de cura: cultura infermera - Extra Sanitat\" \/>\n<meta property=\"og:description\" content=\"Potser, algun 12 de maig, celebrarem el Dia de les Infermeres de manera m\u00e9s festiva que reivindicativa. Tant de bo, per\u00f2 encara el dia d&#8217;avui, cal alimentar el discurs posant en valor el nostre nom d&#8217;INFERMERA: el nom que defineix QU\u00c8 SOM, QU\u00c8 FEM i, alhora, ens fa VISIBLES i reafirma la nostra IDENTITAT com\" \/>\n<meta property=\"og:url\" content=\"https:\/\/diarisanitat.cat\/extra\/2023\/05\/15\/cultura-de-cura-cultura-infermera-2\/\" \/>\n<meta property=\"og:site_name\" content=\"Extra Sanitat\" \/>\n<meta property=\"article:published_time\" content=\"2023-05-15T09:23:37+00:00\" \/>\n<meta property=\"og:image\" content=\"https:\/\/diarisanitat.cat\/extra\/wp-content\/uploads\/sites\/2\/2023\/05\/infermera-Geriatria-\u00a9-Ariadna-Creus-i-Angel-Garcia-Banc-dImatges-Infermeres.jpg\" \/>\n\t<meta property=\"og:image:width\" content=\"1200\" \/>\n\t<meta property=\"og:image:height\" content=\"800\" \/>\n\t<meta property=\"og:image:type\" content=\"image\/jpeg\" \/>\n<meta name=\"author\" content=\"Redacci\u00f3\" \/>\n<meta name=\"twitter:card\" content=\"summary_large_image\" \/>\n<meta name=\"twitter:label1\" content=\"Escrit per\" \/>\n\t<meta name=\"twitter:data1\" content=\"Redacci\u00f3\" \/>\n\t<meta name=\"twitter:label2\" content=\"Temps estimat de lectura\" \/>\n\t<meta name=\"twitter:data2\" content=\"2 minuts\" \/>\n<script type=\"application\/ld+json\" class=\"yoast-schema-graph\">{\"@context\":\"https:\\\/\\\/schema.org\",\"@graph\":[{\"@type\":\"Article\",\"@id\":\"https:\\\/\\\/diarisanitat.cat\\\/extra\\\/2023\\\/05\\\/15\\\/cultura-de-cura-cultura-infermera-2\\\/#article\",\"isPartOf\":{\"@id\":\"https:\\\/\\\/diarisanitat.cat\\\/extra\\\/2023\\\/05\\\/15\\\/cultura-de-cura-cultura-infermera-2\\\/\"},\"author\":{\"name\":\"Redacci\u00f3\",\"@id\":\"https:\\\/\\\/diarisanitat.cat\\\/extra\\\/#\\\/schema\\\/person\\\/9de78768f9e1608c4e3acede8e5f91c4\"},\"headline\":\"Cultura de cura: cultura infermera\",\"datePublished\":\"2023-05-15T09:23:37+00:00\",\"mainEntityOfPage\":{\"@id\":\"https:\\\/\\\/diarisanitat.cat\\\/extra\\\/2023\\\/05\\\/15\\\/cultura-de-cura-cultura-infermera-2\\\/\"},\"wordCount\":366,\"commentCount\":0,\"image\":{\"@id\":\"https:\\\/\\\/diarisanitat.cat\\\/extra\\\/2023\\\/05\\\/15\\\/cultura-de-cura-cultura-infermera-2\\\/#primaryimage\"},\"thumbnailUrl\":\"https:\\\/\\\/diarisanitat.cat\\\/extra\\\/wp-content\\\/uploads\\\/sites\\\/2\\\/2023\\\/05\\\/infermera-Geriatria-\u00a9-Ariadna-Creus-i-Angel-Garcia-Banc-dImatges-Infermeres.jpg\",\"keywords\":[\"infermeres\"],\"articleSection\":[\"General\"],\"inLanguage\":\"ca\",\"potentialAction\":[{\"@type\":\"CommentAction\",\"name\":\"Comment\",\"target\":[\"https:\\\/\\\/diarisanitat.cat\\\/extra\\\/2023\\\/05\\\/15\\\/cultura-de-cura-cultura-infermera-2\\\/#respond\"]}]},{\"@type\":\"WebPage\",\"@id\":\"https:\\\/\\\/diarisanitat.cat\\\/extra\\\/2023\\\/05\\\/15\\\/cultura-de-cura-cultura-infermera-2\\\/\",\"url\":\"https:\\\/\\\/diarisanitat.cat\\\/extra\\\/2023\\\/05\\\/15\\\/cultura-de-cura-cultura-infermera-2\\\/\",\"name\":\"Cultura de cura: cultura infermera - Extra Sanitat\",\"isPartOf\":{\"@id\":\"https:\\\/\\\/diarisanitat.cat\\\/extra\\\/#website\"},\"primaryImageOfPage\":{\"@id\":\"https:\\\/\\\/diarisanitat.cat\\\/extra\\\/2023\\\/05\\\/15\\\/cultura-de-cura-cultura-infermera-2\\\/#primaryimage\"},\"image\":{\"@id\":\"https:\\\/\\\/diarisanitat.cat\\\/extra\\\/2023\\\/05\\\/15\\\/cultura-de-cura-cultura-infermera-2\\\/#primaryimage\"},\"thumbnailUrl\":\"https:\\\/\\\/diarisanitat.cat\\\/extra\\\/wp-content\\\/uploads\\\/sites\\\/2\\\/2023\\\/05\\\/infermera-Geriatria-\u00a9-Ariadna-Creus-i-Angel-Garcia-Banc-dImatges-Infermeres.jpg\",\"datePublished\":\"2023-05-15T09:23:37+00:00\",\"author\":{\"@id\":\"https:\\\/\\\/diarisanitat.cat\\\/extra\\\/#\\\/schema\\\/person\\\/9de78768f9e1608c4e3acede8e5f91c4\"},\"breadcrumb\":{\"@id\":\"https:\\\/\\\/diarisanitat.cat\\\/extra\\\/2023\\\/05\\\/15\\\/cultura-de-cura-cultura-infermera-2\\\/#breadcrumb\"},\"inLanguage\":\"ca\",\"potentialAction\":[{\"@type\":\"ReadAction\",\"target\":[\"https:\\\/\\\/diarisanitat.cat\\\/extra\\\/2023\\\/05\\\/15\\\/cultura-de-cura-cultura-infermera-2\\\/\"]}]},{\"@type\":\"ImageObject\",\"inLanguage\":\"ca\",\"@id\":\"https:\\\/\\\/diarisanitat.cat\\\/extra\\\/2023\\\/05\\\/15\\\/cultura-de-cura-cultura-infermera-2\\\/#primaryimage\",\"url\":\"https:\\\/\\\/diarisanitat.cat\\\/extra\\\/wp-content\\\/uploads\\\/sites\\\/2\\\/2023\\\/05\\\/infermera-Geriatria-\u00a9-Ariadna-Creus-i-Angel-Garcia-Banc-dImatges-Infermeres.jpg\",\"contentUrl\":\"https:\\\/\\\/diarisanitat.cat\\\/extra\\\/wp-content\\\/uploads\\\/sites\\\/2\\\/2023\\\/05\\\/infermera-Geriatria-\u00a9-Ariadna-Creus-i-Angel-Garcia-Banc-dImatges-Infermeres.jpg\",\"width\":1200,\"height\":800,\"caption\":\"Ariadna Creus i A\u0300ngel Garci\u0301a (Banc d\u2019Imatges Infermeres)\"},{\"@type\":\"BreadcrumbList\",\"@id\":\"https:\\\/\\\/diarisanitat.cat\\\/extra\\\/2023\\\/05\\\/15\\\/cultura-de-cura-cultura-infermera-2\\\/#breadcrumb\",\"itemListElement\":[{\"@type\":\"ListItem\",\"position\":1,\"name\":\"Portada\",\"item\":\"https:\\\/\\\/diarisanitat.cat\\\/extra\\\/\"},{\"@type\":\"ListItem\",\"position\":2,\"name\":\"Cultura de cura: cultura infermera\"}]},{\"@type\":\"WebSite\",\"@id\":\"https:\\\/\\\/diarisanitat.cat\\\/extra\\\/#website\",\"url\":\"https:\\\/\\\/diarisanitat.cat\\\/extra\\\/\",\"name\":\"Extra Sanitat\",\"description\":\"\",\"potentialAction\":[{\"@type\":\"SearchAction\",\"target\":{\"@type\":\"EntryPoint\",\"urlTemplate\":\"https:\\\/\\\/diarisanitat.cat\\\/extra\\\/?s={search_term_string}\"},\"query-input\":{\"@type\":\"PropertyValueSpecification\",\"valueRequired\":true,\"valueName\":\"search_term_string\"}}],\"inLanguage\":\"ca\"},{\"@type\":\"Person\",\"@id\":\"https:\\\/\\\/diarisanitat.cat\\\/extra\\\/#\\\/schema\\\/person\\\/9de78768f9e1608c4e3acede8e5f91c4\",\"name\":\"Redacci\u00f3\",\"image\":{\"@type\":\"ImageObject\",\"inLanguage\":\"ca\",\"@id\":\"https:\\\/\\\/secure.gravatar.com\\\/avatar\\\/e952ad62e08be1daabaefebd12d26c1e5fbfd687693aaa066db2433a21638ad8?s=96&d=mm&r=g\",\"url\":\"https:\\\/\\\/secure.gravatar.com\\\/avatar\\\/e952ad62e08be1daabaefebd12d26c1e5fbfd687693aaa066db2433a21638ad8?s=96&d=mm&r=g\",\"contentUrl\":\"https:\\\/\\\/secure.gravatar.com\\\/avatar\\\/e952ad62e08be1daabaefebd12d26c1e5fbfd687693aaa066db2433a21638ad8?s=96&d=mm&r=g\",\"caption\":\"Redacci\u00f3\"},\"url\":\"https:\\\/\\\/diarisanitat.cat\\\/extra\\\/author\\\/npenin\\\/\"}]}<\/script>\n<!-- \/ Yoast SEO plugin. -->","yoast_head_json":{"title":"Cultura de cura: cultura infermera - Extra Sanitat","robots":{"index":"index","follow":"follow","max-snippet":"max-snippet:-1","max-image-preview":"max-image-preview:large","max-video-preview":"max-video-preview:-1"},"canonical":"https:\/\/diarisanitat.cat\/extra\/2023\/05\/15\/cultura-de-cura-cultura-infermera-2\/","og_locale":"ca_ES","og_type":"article","og_title":"Cultura de cura: cultura infermera - Extra Sanitat","og_description":"Potser, algun 12 de maig, celebrarem el Dia de les Infermeres de manera m\u00e9s festiva que reivindicativa. Tant de bo, per\u00f2 encara el dia d&#8217;avui, cal alimentar el discurs posant en valor el nostre nom d&#8217;INFERMERA: el nom que defineix QU\u00c8 SOM, QU\u00c8 FEM i, alhora, ens fa VISIBLES i reafirma la nostra IDENTITAT com","og_url":"https:\/\/diarisanitat.cat\/extra\/2023\/05\/15\/cultura-de-cura-cultura-infermera-2\/","og_site_name":"Extra Sanitat","article_published_time":"2023-05-15T09:23:37+00:00","og_image":[{"width":1200,"height":800,"url":"https:\/\/diarisanitat.cat\/extra\/wp-content\/uploads\/sites\/2\/2023\/05\/infermera-Geriatria-\u00a9-Ariadna-Creus-i-Angel-Garcia-Banc-dImatges-Infermeres.jpg","type":"image\/jpeg"}],"author":"Redacci\u00f3","twitter_card":"summary_large_image","twitter_misc":{"Escrit per":"Redacci\u00f3","Temps estimat de lectura":"2 minuts"},"schema":{"@context":"https:\/\/schema.org","@graph":[{"@type":"Article","@id":"https:\/\/diarisanitat.cat\/extra\/2023\/05\/15\/cultura-de-cura-cultura-infermera-2\/#article","isPartOf":{"@id":"https:\/\/diarisanitat.cat\/extra\/2023\/05\/15\/cultura-de-cura-cultura-infermera-2\/"},"author":{"name":"Redacci\u00f3","@id":"https:\/\/diarisanitat.cat\/extra\/#\/schema\/person\/9de78768f9e1608c4e3acede8e5f91c4"},"headline":"Cultura de cura: cultura infermera","datePublished":"2023-05-15T09:23:37+00:00","mainEntityOfPage":{"@id":"https:\/\/diarisanitat.cat\/extra\/2023\/05\/15\/cultura-de-cura-cultura-infermera-2\/"},"wordCount":366,"commentCount":0,"image":{"@id":"https:\/\/diarisanitat.cat\/extra\/2023\/05\/15\/cultura-de-cura-cultura-infermera-2\/#primaryimage"},"thumbnailUrl":"https:\/\/diarisanitat.cat\/extra\/wp-content\/uploads\/sites\/2\/2023\/05\/infermera-Geriatria-\u00a9-Ariadna-Creus-i-Angel-Garcia-Banc-dImatges-Infermeres.jpg","keywords":["infermeres"],"articleSection":["General"],"inLanguage":"ca","potentialAction":[{"@type":"CommentAction","name":"Comment","target":["https:\/\/diarisanitat.cat\/extra\/2023\/05\/15\/cultura-de-cura-cultura-infermera-2\/#respond"]}]},{"@type":"WebPage","@id":"https:\/\/diarisanitat.cat\/extra\/2023\/05\/15\/cultura-de-cura-cultura-infermera-2\/","url":"https:\/\/diarisanitat.cat\/extra\/2023\/05\/15\/cultura-de-cura-cultura-infermera-2\/","name":"Cultura de cura: cultura infermera - Extra Sanitat","isPartOf":{"@id":"https:\/\/diarisanitat.cat\/extra\/#website"},"primaryImageOfPage":{"@id":"https:\/\/diarisanitat.cat\/extra\/2023\/05\/15\/cultura-de-cura-cultura-infermera-2\/#primaryimage"},"image":{"@id":"https:\/\/diarisanitat.cat\/extra\/2023\/05\/15\/cultura-de-cura-cultura-infermera-2\/#primaryimage"},"thumbnailUrl":"https:\/\/diarisanitat.cat\/extra\/wp-content\/uploads\/sites\/2\/2023\/05\/infermera-Geriatria-\u00a9-Ariadna-Creus-i-Angel-Garcia-Banc-dImatges-Infermeres.jpg","datePublished":"2023-05-15T09:23:37+00:00","author":{"@id":"https:\/\/diarisanitat.cat\/extra\/#\/schema\/person\/9de78768f9e1608c4e3acede8e5f91c4"},"breadcrumb":{"@id":"https:\/\/diarisanitat.cat\/extra\/2023\/05\/15\/cultura-de-cura-cultura-infermera-2\/#breadcrumb"},"inLanguage":"ca","potentialAction":[{"@type":"ReadAction","target":["https:\/\/diarisanitat.cat\/extra\/2023\/05\/15\/cultura-de-cura-cultura-infermera-2\/"]}]},{"@type":"ImageObject","inLanguage":"ca","@id":"https:\/\/diarisanitat.cat\/extra\/2023\/05\/15\/cultura-de-cura-cultura-infermera-2\/#primaryimage","url":"https:\/\/diarisanitat.cat\/extra\/wp-content\/uploads\/sites\/2\/2023\/05\/infermera-Geriatria-\u00a9-Ariadna-Creus-i-Angel-Garcia-Banc-dImatges-Infermeres.jpg","contentUrl":"https:\/\/diarisanitat.cat\/extra\/wp-content\/uploads\/sites\/2\/2023\/05\/infermera-Geriatria-\u00a9-Ariadna-Creus-i-Angel-Garcia-Banc-dImatges-Infermeres.jpg","width":1200,"height":800,"caption":"Ariadna Creus i A\u0300ngel Garci\u0301a (Banc d\u2019Imatges Infermeres)"},{"@type":"BreadcrumbList","@id":"https:\/\/diarisanitat.cat\/extra\/2023\/05\/15\/cultura-de-cura-cultura-infermera-2\/#breadcrumb","itemListElement":[{"@type":"ListItem","position":1,"name":"Portada","item":"https:\/\/diarisanitat.cat\/extra\/"},{"@type":"ListItem","position":2,"name":"Cultura de cura: cultura infermera"}]},{"@type":"WebSite","@id":"https:\/\/diarisanitat.cat\/extra\/#website","url":"https:\/\/diarisanitat.cat\/extra\/","name":"Extra Sanitat","description":"","potentialAction":[{"@type":"SearchAction","target":{"@type":"EntryPoint","urlTemplate":"https:\/\/diarisanitat.cat\/extra\/?s={search_term_string}"},"query-input":{"@type":"PropertyValueSpecification","valueRequired":true,"valueName":"search_term_string"}}],"inLanguage":"ca"},{"@type":"Person","@id":"https:\/\/diarisanitat.cat\/extra\/#\/schema\/person\/9de78768f9e1608c4e3acede8e5f91c4","name":"Redacci\u00f3","image":{"@type":"ImageObject","inLanguage":"ca","@id":"https:\/\/secure.gravatar.com\/avatar\/e952ad62e08be1daabaefebd12d26c1e5fbfd687693aaa066db2433a21638ad8?s=96&d=mm&r=g","url":"https:\/\/secure.gravatar.com\/avatar\/e952ad62e08be1daabaefebd12d26c1e5fbfd687693aaa066db2433a21638ad8?s=96&d=mm&r=g","contentUrl":"https:\/\/secure.gravatar.com\/avatar\/e952ad62e08be1daabaefebd12d26c1e5fbfd687693aaa066db2433a21638ad8?s=96&d=mm&r=g","caption":"Redacci\u00f3"},"url":"https:\/\/diarisanitat.cat\/extra\/author\/npenin\/"}]}},"_links":{"self":[{"href":"https:\/\/diarisanitat.cat\/extra\/wp-json\/wp\/v2\/posts\/781","targetHints":{"allow":["GET"]}}],"collection":[{"href":"https:\/\/diarisanitat.cat\/extra\/wp-json\/wp\/v2\/posts"}],"about":[{"href":"https:\/\/diarisanitat.cat\/extra\/wp-json\/wp\/v2\/types\/post"}],"author":[{"embeddable":true,"href":"https:\/\/diarisanitat.cat\/extra\/wp-json\/wp\/v2\/users\/1"}],"replies":[{"embeddable":true,"href":"https:\/\/diarisanitat.cat\/extra\/wp-json\/wp\/v2\/comments?post=781"}],"version-history":[{"count":0,"href":"https:\/\/diarisanitat.cat\/extra\/wp-json\/wp\/v2\/posts\/781\/revisions"}],"wp:featuredmedia":[{"embeddable":true,"href":"https:\/\/diarisanitat.cat\/extra\/wp-json\/wp\/v2\/media\/759"}],"wp:attachment":[{"href":"https:\/\/diarisanitat.cat\/extra\/wp-json\/wp\/v2\/media?parent=781"}],"wp:term":[{"taxonomy":"category","embeddable":true,"href":"https:\/\/diarisanitat.cat\/extra\/wp-json\/wp\/v2\/categories?post=781"},{"taxonomy":"post_tag","embeddable":true,"href":"https:\/\/diarisanitat.cat\/extra\/wp-json\/wp\/v2\/tags?post=781"},{"taxonomy":"tipo","embeddable":true,"href":"https:\/\/diarisanitat.cat\/extra\/wp-json\/wp\/v2\/tipo?post=781"}],"curies":[{"name":"wp","href":"https:\/\/api.w.org\/{rel}","templated":true}]}}