{"id":782,"date":"2023-06-13T06:30:54","date_gmt":"2023-06-13T05:30:54","guid":{"rendered":"https:\/\/diarisanitat.cat\/extra\/?p=673"},"modified":"2023-06-13T06:30:54","modified_gmt":"2023-06-13T05:30:54","slug":"lestigma-de-la-salut-mental-a-revisio-debat-sobre-decisions-anticipades-i-dret-a-la-qualitat-assistencial-2","status":"publish","type":"post","link":"https:\/\/diarisanitat.cat\/extra\/2023\/06\/13\/lestigma-de-la-salut-mental-a-revisio-debat-sobre-decisions-anticipades-i-dret-a-la-qualitat-assistencial-2\/","title":{"rendered":"L&#8217;estigma de la salut mental a revisi\u00f3: debat sobre decisions anticipades i dret a la qualitat assistencial"},"content":{"rendered":"<p>Avui dia encara est\u00e0 molt estesa la idea que les persones que tenen algun problema de salut mental no poden prendre decisions o tenir cura de si mateixes, que s\u00f3n perilloses i objectes de compassi\u00f3 i assist\u00e8ncia social. \u00c9s aquest estigma el responsable del fet que les persones que passen per un trastorn mental puguin experimentar una baixa qualitat en l\u2019atenci\u00f3 m\u00e8dica o vulneraci\u00f3 dels seus drets humans. Segons l\u2019OMS, alguns dels actes m\u00e9s greus de vulneraci\u00f3 dels drets humans i de discriminaci\u00f3 per ra\u00f3 de salut mental es produeixen, paradoxalment, en centres de salut.<\/p>\n<div><em>\u201cEn un ingr\u00e9s hospitalari em van fer 8 sessions de TEC (Ter\u00e0pia Electroconvulsiva) sense que jo sign\u00e9s el consentiment informat. Li van proposar a un familiar que sign\u00e9s i va signar, ja que no li van presentar cap alternativa de tractament. M\u2019han deixat seq\u00fceles i tinc llacunes de mem\u00f2ria permanents.\u201d<\/em><\/div>\n<p>&nbsp;<\/p>\n<div>Noel Ayerra. 40 anys. Castelldefels.<\/div>\n<div><\/div>\n<p>Hist\u00f2ricament, les persones tractades en el sistema m\u00e8dic per ra\u00f3 de salut mental han vist vulnerats els seus drets quan no se\u2019ls ha demanat opini\u00f3 respecte als seus plans d\u2019atenci\u00f3 i recuperaci\u00f3, el que en molts casos suposa que acabin rebent, per exemple, tractament en contra de la seva voluntat. En molts pa\u00efsos la qualitat de l\u2019atenci\u00f3, tant en grans hospitals com en centres d\u2019atenci\u00f3 prim\u00e0ria, \u00e9s deficit\u00e0ria o incl\u00fas perjudicial, podent dificultar la recuperaci\u00f3 de les persones que s\u2019hi tracten.<\/p>\n<div><em>\u201cA l\u2019hospital se\u2019m va donar un tracte totalment injust privant-me de la meva llibertat quan jo hi havia ingressat volunt\u00e0riament a la recerca d&#8217;ajuda i atenci\u00f3 sanit\u00e0ria. Em vaig enfadar perqu\u00e8 no volia prendre\u2019m una medicaci\u00f3 concreta i no em volien donar cap alternativa. Van considerar que tenia \u201cheteroagressivitat&#8221;, com si les persones que tenim psicosi no tingu\u00e9ssim dret a enfadar-nos. Aquesta experi\u00e8ncia em va fer perdre tota confian\u00e7a en el sistema p\u00fablic de salut mental.\u201d<\/em><br \/>\nMaria, 32 anys. Girona.<\/p>\n<\/div>\n<p>No obstant aix\u00f2, els serveis de salut mental i els equips professionals que hi treballen fa anys que transiten en el cam\u00ed d\u2019erradicar l\u2019estigma i la discriminaci\u00f3 en salut mental. Tot i aix\u00f2, l\u2019estigma que pateixen les persones que han passat per una problem\u00e0tica de salut mental encara est\u00e0 present als serveis de salut i a la resta de la societat.<\/p>\n<ul>\n<li><strong>Quina \u00e9s la situaci\u00f3 actual en l\u2019\u00e0mbit assistencial catal\u00e0?<\/strong><\/li>\n<li><strong>Fins on arriba el dret a decidir de les persones amb trastorn mental quan s\u00f3n ateses pel nostre sistema de salut?<\/strong><\/li>\n<\/ul>\n<p>Per respondre aquestes preguntes, persones amb experi\u00e8ncia viscuda i professionals de la salut mental i l\u2019atenci\u00f3 prim\u00e0ria seuran junts per abordar la complexitat de les situacions reals que coneixen de primera m\u00e0 i posant el focus en la promoci\u00f3 i la defensa de drets humans en salut mental sota el paraigua dels Quality Rights, instrument d\u2019avaluaci\u00f3 i millora de la qualitat i els drets promogut per l\u2019OMS.<\/p>\n<p>La jornada proposada per Obertament vol generar un espai d\u2019aprenentatge compartit i de reflexi\u00f3 en la implementaci\u00f3 i el desplegament de la planificaci\u00f3 de decisions anticipades (PDA) i comptar\u00e0 amb la programaci\u00f3 seg\u00fcent:<\/p>\n<div><\/div>\n<div><strong><u>PROGRAMA:<\/u><\/strong><\/div>\n<p><strong>09:00h | Benvinguda i presentaci\u00f3 de l&#8217;acte<\/strong><\/p>\n<ul>\n<li><strong>Francisco Vicente Rubio,<\/strong>\u00a0president d\u2019Obertament<\/li>\n<li><strong>Sara Rodoreda<\/strong>, adjunta a la Direcci\u00f3 Assistencial d&#8217;Atenci\u00f3 Prim\u00e0ria i a la Comunitat<\/li>\n<li><strong>Joan Vegu\u00e9<\/strong>, director del Pla Director de Salut Mental i Addiccions<\/li>\n<\/ul>\n<p><strong>09:30h | &#8220;Planificaci\u00f3 de decisions anticipades com a estrat\u00e8gia de defensa de drets en salut mental i la mirada dels Quality Rights&#8221;<\/strong><\/p>\n<ul>\n<li><strong>Elvira Rodr\u00edguez<\/strong>, integradora social. Grup de Recerca en 1a Persona i Federaci\u00f3 Veus<\/li>\n<li><strong>Hern\u00e1n Sampietro<\/strong>, psic\u00f2leg social i activista. Vocal de drets d&#8217;Activament<\/li>\n<li><strong>Maria Lomascolo<\/strong>, responsable de l\u2019\u00c0mbit Sanitari. Obertament<\/li>\n<\/ul>\n<p><strong>10:00h | &#8220;Implementaci\u00f3 de la planificaci\u00f3 de decisions anticipades en els serveis de salut mental&#8221;<\/strong><\/p>\n<ul>\n<li><strong>Carlos Sol\u00eds<\/strong>, infermer de salut mental. Sant Joan de D\u00e9u<\/li>\n<li><strong>Vanessa Serret<\/strong>, psiquiatra. Germanes Hospital\u00e0ries Benito Menni<\/li>\n<\/ul>\n<p><strong>10:30h | Descans<\/strong><br \/>\n<strong>11:00h | &#8220;Informe de vulneracions de drets en salut mental al 2022 a Catalunya&#8221;<\/strong><\/p>\n<ul>\n<li><strong>Ivan Cano<\/strong>, responsable d&#8217;incid\u00e8ncia i drets. Salut Mental Catalunya<\/li>\n<\/ul>\n<p><strong>11:30h | &#8220;La planificaci\u00f3 de decisions anticipades en salut mental en la Xarxa de Salut Mental Comunit\u00e0ria i l&#8217;Atenci\u00f3 Prim\u00e0ria&#8221;<\/strong><\/p>\n<ul>\n<li><strong>In\u00e9s Falder<\/strong>, infermera d&#8217;atenci\u00f3 prim\u00e0ria. ICS<\/li>\n<li><strong>Esther Lim\u00f3n<\/strong>, metgessa de fam\u00edlia. CAMFIC<\/li>\n<li><strong>Manel Atserias<\/strong>, advocat i activista. Federaci\u00f3 Veus<\/li>\n<li><strong>\u00c0lex Marieges<\/strong>, infermer en salut mental. ASCISAM<\/li>\n<li><strong>Josep Pifarr\u00e9<\/strong>, psiquiatra. Societat Catalana de Psiquiatria i Salut Mental<\/li>\n<li><strong>Laura Garcia<\/strong>, poetessa i activista. Activament<\/li>\n<\/ul>\n<p>Modera:\u00a0<strong>Maria Lomascolo<\/strong>, responsable de l\u2019\u00c0mbit Sanitari. Obertament<\/p>\n<p><strong>12:30h | Tancament i conclusions<\/strong><\/p>\n<hr \/>\n<p dir=\"ltr\"><strong id=\"m_8049950180220748172m_2094718714016491001m_-7563486866221643701m_-1528561460420363501m_3766812700002913145docs-internal-guid-0c445a3b-7fff-d1a0-d018-124476434f15\">Sobre Obertament<\/strong><\/p>\n<p dir=\"ltr\">L\u2019associaci\u00f3 Obertament va n\u00e9ixer l\u2019any 2010 de la m\u00e0 dels principals agents socials de la salut mental a Catalunya, amb l\u2019objectiu de lluitar contra l&#8217;estigma i la discriminaci\u00f3 que pateixen les persones per algun problema de salut mental, tot aconseguint que siguin elles les protagonistes del canvi.<\/p>\n<p dir=\"ltr\">La salut mental continua sent un tab\u00fa i moltes persones amb trastorns estan sotmeses a la discriminaci\u00f3 a totes les facetes de la seva vida. Obertament \u00e9s una suma d&#8217;esfor\u00e7os que pret\u00e9n donar cobertura a tota la feina feta per moltes entitats i persones, facilitar la tasca de generaci\u00f3 i disseminaci\u00f3 d&#8217;aprenentatges i, a trav\u00e9s del m\u00e0rqueting social i de l&#8217;experi\u00e8ncia en primera persona, treballar per aconseguir canvis a les actituds i els comportaments de la poblaci\u00f3 respecte de les persones que tenen algun problema de salut mental.<\/p>\n<p><strong id=\"m_8049950180220748172m_2094718714016491001m_-7563486866221643701m_-1528561460420363501m_3766812700002913145docs-internal-guid-0c445a3b-7fff-d1a0-d018-124476434f15\">Per a m\u00e9s informaci\u00f3, visita el web d\u2019Obertament:\u00a0<a href=\"https:\/\/obertament.org\/ca\" target=\"_blank\" rel=\"noopener\" data-saferedirecturl=\"https:\/\/www.google.com\/url?q=https:\/\/obertament.org\/ca&amp;source=gmail&amp;ust=1688739730637000&amp;usg=AOvVaw0fDOdhMGv9NOWNtdDulu-V\">https:\/\/obertament.org<\/a><\/strong><\/p>\n","protected":false},"excerpt":{"rendered":"<p>Avui dia encara est\u00e0 molt estesa la idea que les persones que tenen algun problema de salut mental no poden prendre decisions o tenir cura de si mateixes, que s\u00f3n perilloses i objectes de compassi\u00f3 i assist\u00e8ncia social. \u00c9s aquest estigma el responsable del fet que les persones que passen per un trastorn mental puguin<\/p>\n","protected":false},"author":1,"featured_media":760,"comment_status":"open","ping_status":"closed","sticky":false,"template":"","format":"standard","meta":{"_acf_changed":false,"footnotes":""},"categories":[53],"tags":[51],"tipo":[],"class_list":{"0":"post-782","1":"post","2":"type-post","3":"status-publish","4":"format-standard","5":"has-post-thumbnail","7":"category-salut-mental","8":"tag-salut-mental"},"acf":[],"yoast_head":"<!-- This site is optimized with the Yoast SEO plugin v27.5 - https:\/\/yoast.com\/product\/yoast-seo-wordpress\/ -->\n<title>L&#039;estigma de la salut mental a revisi\u00f3: debat sobre decisions anticipades i dret a la qualitat assistencial - Extra Sanitat<\/title>\n<meta name=\"robots\" content=\"index, follow, max-snippet:-1, max-image-preview:large, max-video-preview:-1\" \/>\n<link rel=\"canonical\" href=\"https:\/\/diarisanitat.cat\/extra\/2023\/06\/13\/lestigma-de-la-salut-mental-a-revisio-debat-sobre-decisions-anticipades-i-dret-a-la-qualitat-assistencial-2\/\" \/>\n<meta property=\"og:locale\" content=\"ca_ES\" \/>\n<meta property=\"og:type\" content=\"article\" \/>\n<meta property=\"og:title\" content=\"L&#039;estigma de la salut mental a revisi\u00f3: debat sobre decisions anticipades i dret a la qualitat assistencial - Extra Sanitat\" \/>\n<meta property=\"og:description\" content=\"Avui dia encara est\u00e0 molt estesa la idea que les persones que tenen algun problema de salut mental no poden prendre decisions o tenir cura de si mateixes, que s\u00f3n perilloses i objectes de compassi\u00f3 i assist\u00e8ncia social. \u00c9s aquest estigma el responsable del fet que les persones que passen per un trastorn mental puguin\" \/>\n<meta property=\"og:url\" content=\"https:\/\/diarisanitat.cat\/extra\/2023\/06\/13\/lestigma-de-la-salut-mental-a-revisio-debat-sobre-decisions-anticipades-i-dret-a-la-qualitat-assistencial-2\/\" \/>\n<meta property=\"og:site_name\" content=\"Extra Sanitat\" \/>\n<meta property=\"article:published_time\" content=\"2023-06-13T05:30:54+00:00\" \/>\n<meta property=\"og:image\" content=\"https:\/\/diarisanitat.cat\/extra\/wp-content\/uploads\/sites\/2\/2023\/07\/unnamed.jpg\" \/>\n\t<meta property=\"og:image:width\" content=\"1250\" \/>\n\t<meta property=\"og:image:height\" content=\"497\" \/>\n\t<meta property=\"og:image:type\" content=\"image\/jpeg\" \/>\n<meta name=\"author\" content=\"Redacci\u00f3\" \/>\n<meta name=\"twitter:card\" content=\"summary_large_image\" \/>\n<meta name=\"twitter:label1\" content=\"Escrit per\" \/>\n\t<meta name=\"twitter:data1\" content=\"Redacci\u00f3\" \/>\n\t<meta name=\"twitter:label2\" content=\"Temps estimat de lectura\" \/>\n\t<meta name=\"twitter:data2\" content=\"5 minuts\" \/>\n<script type=\"application\/ld+json\" class=\"yoast-schema-graph\">{\"@context\":\"https:\\\/\\\/schema.org\",\"@graph\":[{\"@type\":\"Article\",\"@id\":\"https:\\\/\\\/diarisanitat.cat\\\/extra\\\/2023\\\/06\\\/13\\\/lestigma-de-la-salut-mental-a-revisio-debat-sobre-decisions-anticipades-i-dret-a-la-qualitat-assistencial-2\\\/#article\",\"isPartOf\":{\"@id\":\"https:\\\/\\\/diarisanitat.cat\\\/extra\\\/2023\\\/06\\\/13\\\/lestigma-de-la-salut-mental-a-revisio-debat-sobre-decisions-anticipades-i-dret-a-la-qualitat-assistencial-2\\\/\"},\"author\":{\"name\":\"Redacci\u00f3\",\"@id\":\"https:\\\/\\\/diarisanitat.cat\\\/extra\\\/#\\\/schema\\\/person\\\/9de78768f9e1608c4e3acede8e5f91c4\"},\"headline\":\"L&#8217;estigma de la salut mental a revisi\u00f3: debat sobre decisions anticipades i dret a la qualitat assistencial\",\"datePublished\":\"2023-06-13T05:30:54+00:00\",\"mainEntityOfPage\":{\"@id\":\"https:\\\/\\\/diarisanitat.cat\\\/extra\\\/2023\\\/06\\\/13\\\/lestigma-de-la-salut-mental-a-revisio-debat-sobre-decisions-anticipades-i-dret-a-la-qualitat-assistencial-2\\\/\"},\"wordCount\":965,\"commentCount\":0,\"image\":{\"@id\":\"https:\\\/\\\/diarisanitat.cat\\\/extra\\\/2023\\\/06\\\/13\\\/lestigma-de-la-salut-mental-a-revisio-debat-sobre-decisions-anticipades-i-dret-a-la-qualitat-assistencial-2\\\/#primaryimage\"},\"thumbnailUrl\":\"https:\\\/\\\/diarisanitat.cat\\\/extra\\\/wp-content\\\/uploads\\\/sites\\\/2\\\/2023\\\/07\\\/unnamed.jpg\",\"keywords\":[\"salut mental\"],\"articleSection\":[\"Salut mental\"],\"inLanguage\":\"ca\",\"potentialAction\":[{\"@type\":\"CommentAction\",\"name\":\"Comment\",\"target\":[\"https:\\\/\\\/diarisanitat.cat\\\/extra\\\/2023\\\/06\\\/13\\\/lestigma-de-la-salut-mental-a-revisio-debat-sobre-decisions-anticipades-i-dret-a-la-qualitat-assistencial-2\\\/#respond\"]}]},{\"@type\":\"WebPage\",\"@id\":\"https:\\\/\\\/diarisanitat.cat\\\/extra\\\/2023\\\/06\\\/13\\\/lestigma-de-la-salut-mental-a-revisio-debat-sobre-decisions-anticipades-i-dret-a-la-qualitat-assistencial-2\\\/\",\"url\":\"https:\\\/\\\/diarisanitat.cat\\\/extra\\\/2023\\\/06\\\/13\\\/lestigma-de-la-salut-mental-a-revisio-debat-sobre-decisions-anticipades-i-dret-a-la-qualitat-assistencial-2\\\/\",\"name\":\"L'estigma de la salut mental a revisi\u00f3: debat sobre decisions anticipades i dret a la qualitat assistencial - Extra Sanitat\",\"isPartOf\":{\"@id\":\"https:\\\/\\\/diarisanitat.cat\\\/extra\\\/#website\"},\"primaryImageOfPage\":{\"@id\":\"https:\\\/\\\/diarisanitat.cat\\\/extra\\\/2023\\\/06\\\/13\\\/lestigma-de-la-salut-mental-a-revisio-debat-sobre-decisions-anticipades-i-dret-a-la-qualitat-assistencial-2\\\/#primaryimage\"},\"image\":{\"@id\":\"https:\\\/\\\/diarisanitat.cat\\\/extra\\\/2023\\\/06\\\/13\\\/lestigma-de-la-salut-mental-a-revisio-debat-sobre-decisions-anticipades-i-dret-a-la-qualitat-assistencial-2\\\/#primaryimage\"},\"thumbnailUrl\":\"https:\\\/\\\/diarisanitat.cat\\\/extra\\\/wp-content\\\/uploads\\\/sites\\\/2\\\/2023\\\/07\\\/unnamed.jpg\",\"datePublished\":\"2023-06-13T05:30:54+00:00\",\"author\":{\"@id\":\"https:\\\/\\\/diarisanitat.cat\\\/extra\\\/#\\\/schema\\\/person\\\/9de78768f9e1608c4e3acede8e5f91c4\"},\"breadcrumb\":{\"@id\":\"https:\\\/\\\/diarisanitat.cat\\\/extra\\\/2023\\\/06\\\/13\\\/lestigma-de-la-salut-mental-a-revisio-debat-sobre-decisions-anticipades-i-dret-a-la-qualitat-assistencial-2\\\/#breadcrumb\"},\"inLanguage\":\"ca\",\"potentialAction\":[{\"@type\":\"ReadAction\",\"target\":[\"https:\\\/\\\/diarisanitat.cat\\\/extra\\\/2023\\\/06\\\/13\\\/lestigma-de-la-salut-mental-a-revisio-debat-sobre-decisions-anticipades-i-dret-a-la-qualitat-assistencial-2\\\/\"]}]},{\"@type\":\"ImageObject\",\"inLanguage\":\"ca\",\"@id\":\"https:\\\/\\\/diarisanitat.cat\\\/extra\\\/2023\\\/06\\\/13\\\/lestigma-de-la-salut-mental-a-revisio-debat-sobre-decisions-anticipades-i-dret-a-la-qualitat-assistencial-2\\\/#primaryimage\",\"url\":\"https:\\\/\\\/diarisanitat.cat\\\/extra\\\/wp-content\\\/uploads\\\/sites\\\/2\\\/2023\\\/07\\\/unnamed.jpg\",\"contentUrl\":\"https:\\\/\\\/diarisanitat.cat\\\/extra\\\/wp-content\\\/uploads\\\/sites\\\/2\\\/2023\\\/07\\\/unnamed.jpg\",\"width\":1250,\"height\":497},{\"@type\":\"BreadcrumbList\",\"@id\":\"https:\\\/\\\/diarisanitat.cat\\\/extra\\\/2023\\\/06\\\/13\\\/lestigma-de-la-salut-mental-a-revisio-debat-sobre-decisions-anticipades-i-dret-a-la-qualitat-assistencial-2\\\/#breadcrumb\",\"itemListElement\":[{\"@type\":\"ListItem\",\"position\":1,\"name\":\"Portada\",\"item\":\"https:\\\/\\\/diarisanitat.cat\\\/extra\\\/\"},{\"@type\":\"ListItem\",\"position\":2,\"name\":\"L&#8217;estigma de la salut mental a revisi\u00f3: debat sobre decisions anticipades i dret a la qualitat assistencial\"}]},{\"@type\":\"WebSite\",\"@id\":\"https:\\\/\\\/diarisanitat.cat\\\/extra\\\/#website\",\"url\":\"https:\\\/\\\/diarisanitat.cat\\\/extra\\\/\",\"name\":\"Extra Sanitat\",\"description\":\"\",\"potentialAction\":[{\"@type\":\"SearchAction\",\"target\":{\"@type\":\"EntryPoint\",\"urlTemplate\":\"https:\\\/\\\/diarisanitat.cat\\\/extra\\\/?s={search_term_string}\"},\"query-input\":{\"@type\":\"PropertyValueSpecification\",\"valueRequired\":true,\"valueName\":\"search_term_string\"}}],\"inLanguage\":\"ca\"},{\"@type\":\"Person\",\"@id\":\"https:\\\/\\\/diarisanitat.cat\\\/extra\\\/#\\\/schema\\\/person\\\/9de78768f9e1608c4e3acede8e5f91c4\",\"name\":\"Redacci\u00f3\",\"image\":{\"@type\":\"ImageObject\",\"inLanguage\":\"ca\",\"@id\":\"https:\\\/\\\/secure.gravatar.com\\\/avatar\\\/e952ad62e08be1daabaefebd12d26c1e5fbfd687693aaa066db2433a21638ad8?s=96&d=mm&r=g\",\"url\":\"https:\\\/\\\/secure.gravatar.com\\\/avatar\\\/e952ad62e08be1daabaefebd12d26c1e5fbfd687693aaa066db2433a21638ad8?s=96&d=mm&r=g\",\"contentUrl\":\"https:\\\/\\\/secure.gravatar.com\\\/avatar\\\/e952ad62e08be1daabaefebd12d26c1e5fbfd687693aaa066db2433a21638ad8?s=96&d=mm&r=g\",\"caption\":\"Redacci\u00f3\"},\"url\":\"https:\\\/\\\/diarisanitat.cat\\\/extra\\\/author\\\/npenin\\\/\"}]}<\/script>\n<!-- \/ Yoast SEO plugin. -->","yoast_head_json":{"title":"L'estigma de la salut mental a revisi\u00f3: debat sobre decisions anticipades i dret a la qualitat assistencial - Extra Sanitat","robots":{"index":"index","follow":"follow","max-snippet":"max-snippet:-1","max-image-preview":"max-image-preview:large","max-video-preview":"max-video-preview:-1"},"canonical":"https:\/\/diarisanitat.cat\/extra\/2023\/06\/13\/lestigma-de-la-salut-mental-a-revisio-debat-sobre-decisions-anticipades-i-dret-a-la-qualitat-assistencial-2\/","og_locale":"ca_ES","og_type":"article","og_title":"L'estigma de la salut mental a revisi\u00f3: debat sobre decisions anticipades i dret a la qualitat assistencial - Extra Sanitat","og_description":"Avui dia encara est\u00e0 molt estesa la idea que les persones que tenen algun problema de salut mental no poden prendre decisions o tenir cura de si mateixes, que s\u00f3n perilloses i objectes de compassi\u00f3 i assist\u00e8ncia social. \u00c9s aquest estigma el responsable del fet que les persones que passen per un trastorn mental puguin","og_url":"https:\/\/diarisanitat.cat\/extra\/2023\/06\/13\/lestigma-de-la-salut-mental-a-revisio-debat-sobre-decisions-anticipades-i-dret-a-la-qualitat-assistencial-2\/","og_site_name":"Extra Sanitat","article_published_time":"2023-06-13T05:30:54+00:00","og_image":[{"width":1250,"height":497,"url":"https:\/\/diarisanitat.cat\/extra\/wp-content\/uploads\/sites\/2\/2023\/07\/unnamed.jpg","type":"image\/jpeg"}],"author":"Redacci\u00f3","twitter_card":"summary_large_image","twitter_misc":{"Escrit per":"Redacci\u00f3","Temps estimat de lectura":"5 minuts"},"schema":{"@context":"https:\/\/schema.org","@graph":[{"@type":"Article","@id":"https:\/\/diarisanitat.cat\/extra\/2023\/06\/13\/lestigma-de-la-salut-mental-a-revisio-debat-sobre-decisions-anticipades-i-dret-a-la-qualitat-assistencial-2\/#article","isPartOf":{"@id":"https:\/\/diarisanitat.cat\/extra\/2023\/06\/13\/lestigma-de-la-salut-mental-a-revisio-debat-sobre-decisions-anticipades-i-dret-a-la-qualitat-assistencial-2\/"},"author":{"name":"Redacci\u00f3","@id":"https:\/\/diarisanitat.cat\/extra\/#\/schema\/person\/9de78768f9e1608c4e3acede8e5f91c4"},"headline":"L&#8217;estigma de la salut mental a revisi\u00f3: debat sobre decisions anticipades i dret a la qualitat assistencial","datePublished":"2023-06-13T05:30:54+00:00","mainEntityOfPage":{"@id":"https:\/\/diarisanitat.cat\/extra\/2023\/06\/13\/lestigma-de-la-salut-mental-a-revisio-debat-sobre-decisions-anticipades-i-dret-a-la-qualitat-assistencial-2\/"},"wordCount":965,"commentCount":0,"image":{"@id":"https:\/\/diarisanitat.cat\/extra\/2023\/06\/13\/lestigma-de-la-salut-mental-a-revisio-debat-sobre-decisions-anticipades-i-dret-a-la-qualitat-assistencial-2\/#primaryimage"},"thumbnailUrl":"https:\/\/diarisanitat.cat\/extra\/wp-content\/uploads\/sites\/2\/2023\/07\/unnamed.jpg","keywords":["salut mental"],"articleSection":["Salut mental"],"inLanguage":"ca","potentialAction":[{"@type":"CommentAction","name":"Comment","target":["https:\/\/diarisanitat.cat\/extra\/2023\/06\/13\/lestigma-de-la-salut-mental-a-revisio-debat-sobre-decisions-anticipades-i-dret-a-la-qualitat-assistencial-2\/#respond"]}]},{"@type":"WebPage","@id":"https:\/\/diarisanitat.cat\/extra\/2023\/06\/13\/lestigma-de-la-salut-mental-a-revisio-debat-sobre-decisions-anticipades-i-dret-a-la-qualitat-assistencial-2\/","url":"https:\/\/diarisanitat.cat\/extra\/2023\/06\/13\/lestigma-de-la-salut-mental-a-revisio-debat-sobre-decisions-anticipades-i-dret-a-la-qualitat-assistencial-2\/","name":"L'estigma de la salut mental a revisi\u00f3: debat sobre decisions anticipades i dret a la qualitat assistencial - Extra Sanitat","isPartOf":{"@id":"https:\/\/diarisanitat.cat\/extra\/#website"},"primaryImageOfPage":{"@id":"https:\/\/diarisanitat.cat\/extra\/2023\/06\/13\/lestigma-de-la-salut-mental-a-revisio-debat-sobre-decisions-anticipades-i-dret-a-la-qualitat-assistencial-2\/#primaryimage"},"image":{"@id":"https:\/\/diarisanitat.cat\/extra\/2023\/06\/13\/lestigma-de-la-salut-mental-a-revisio-debat-sobre-decisions-anticipades-i-dret-a-la-qualitat-assistencial-2\/#primaryimage"},"thumbnailUrl":"https:\/\/diarisanitat.cat\/extra\/wp-content\/uploads\/sites\/2\/2023\/07\/unnamed.jpg","datePublished":"2023-06-13T05:30:54+00:00","author":{"@id":"https:\/\/diarisanitat.cat\/extra\/#\/schema\/person\/9de78768f9e1608c4e3acede8e5f91c4"},"breadcrumb":{"@id":"https:\/\/diarisanitat.cat\/extra\/2023\/06\/13\/lestigma-de-la-salut-mental-a-revisio-debat-sobre-decisions-anticipades-i-dret-a-la-qualitat-assistencial-2\/#breadcrumb"},"inLanguage":"ca","potentialAction":[{"@type":"ReadAction","target":["https:\/\/diarisanitat.cat\/extra\/2023\/06\/13\/lestigma-de-la-salut-mental-a-revisio-debat-sobre-decisions-anticipades-i-dret-a-la-qualitat-assistencial-2\/"]}]},{"@type":"ImageObject","inLanguage":"ca","@id":"https:\/\/diarisanitat.cat\/extra\/2023\/06\/13\/lestigma-de-la-salut-mental-a-revisio-debat-sobre-decisions-anticipades-i-dret-a-la-qualitat-assistencial-2\/#primaryimage","url":"https:\/\/diarisanitat.cat\/extra\/wp-content\/uploads\/sites\/2\/2023\/07\/unnamed.jpg","contentUrl":"https:\/\/diarisanitat.cat\/extra\/wp-content\/uploads\/sites\/2\/2023\/07\/unnamed.jpg","width":1250,"height":497},{"@type":"BreadcrumbList","@id":"https:\/\/diarisanitat.cat\/extra\/2023\/06\/13\/lestigma-de-la-salut-mental-a-revisio-debat-sobre-decisions-anticipades-i-dret-a-la-qualitat-assistencial-2\/#breadcrumb","itemListElement":[{"@type":"ListItem","position":1,"name":"Portada","item":"https:\/\/diarisanitat.cat\/extra\/"},{"@type":"ListItem","position":2,"name":"L&#8217;estigma de la salut mental a revisi\u00f3: debat sobre decisions anticipades i dret a la qualitat assistencial"}]},{"@type":"WebSite","@id":"https:\/\/diarisanitat.cat\/extra\/#website","url":"https:\/\/diarisanitat.cat\/extra\/","name":"Extra Sanitat","description":"","potentialAction":[{"@type":"SearchAction","target":{"@type":"EntryPoint","urlTemplate":"https:\/\/diarisanitat.cat\/extra\/?s={search_term_string}"},"query-input":{"@type":"PropertyValueSpecification","valueRequired":true,"valueName":"search_term_string"}}],"inLanguage":"ca"},{"@type":"Person","@id":"https:\/\/diarisanitat.cat\/extra\/#\/schema\/person\/9de78768f9e1608c4e3acede8e5f91c4","name":"Redacci\u00f3","image":{"@type":"ImageObject","inLanguage":"ca","@id":"https:\/\/secure.gravatar.com\/avatar\/e952ad62e08be1daabaefebd12d26c1e5fbfd687693aaa066db2433a21638ad8?s=96&d=mm&r=g","url":"https:\/\/secure.gravatar.com\/avatar\/e952ad62e08be1daabaefebd12d26c1e5fbfd687693aaa066db2433a21638ad8?s=96&d=mm&r=g","contentUrl":"https:\/\/secure.gravatar.com\/avatar\/e952ad62e08be1daabaefebd12d26c1e5fbfd687693aaa066db2433a21638ad8?s=96&d=mm&r=g","caption":"Redacci\u00f3"},"url":"https:\/\/diarisanitat.cat\/extra\/author\/npenin\/"}]}},"_links":{"self":[{"href":"https:\/\/diarisanitat.cat\/extra\/wp-json\/wp\/v2\/posts\/782","targetHints":{"allow":["GET"]}}],"collection":[{"href":"https:\/\/diarisanitat.cat\/extra\/wp-json\/wp\/v2\/posts"}],"about":[{"href":"https:\/\/diarisanitat.cat\/extra\/wp-json\/wp\/v2\/types\/post"}],"author":[{"embeddable":true,"href":"https:\/\/diarisanitat.cat\/extra\/wp-json\/wp\/v2\/users\/1"}],"replies":[{"embeddable":true,"href":"https:\/\/diarisanitat.cat\/extra\/wp-json\/wp\/v2\/comments?post=782"}],"version-history":[{"count":0,"href":"https:\/\/diarisanitat.cat\/extra\/wp-json\/wp\/v2\/posts\/782\/revisions"}],"wp:featuredmedia":[{"embeddable":true,"href":"https:\/\/diarisanitat.cat\/extra\/wp-json\/wp\/v2\/media\/760"}],"wp:attachment":[{"href":"https:\/\/diarisanitat.cat\/extra\/wp-json\/wp\/v2\/media?parent=782"}],"wp:term":[{"taxonomy":"category","embeddable":true,"href":"https:\/\/diarisanitat.cat\/extra\/wp-json\/wp\/v2\/categories?post=782"},{"taxonomy":"post_tag","embeddable":true,"href":"https:\/\/diarisanitat.cat\/extra\/wp-json\/wp\/v2\/tags?post=782"},{"taxonomy":"tipo","embeddable":true,"href":"https:\/\/diarisanitat.cat\/extra\/wp-json\/wp\/v2\/tipo?post=782"}],"curies":[{"name":"wp","href":"https:\/\/api.w.org\/{rel}","templated":true}]}}