{"id":783,"date":"2024-05-11T10:02:21","date_gmt":"2024-05-11T09:02:21","guid":{"rendered":"https:\/\/diarisanitat.cat\/extra\/?p=683"},"modified":"2024-05-11T10:02:21","modified_gmt":"2024-05-11T09:02:21","slug":"el-poder-economic-de-les-cures-12-de-maig-dia-internacional-de-la-infermera-2","status":"publish","type":"post","link":"https:\/\/diarisanitat.cat\/extra\/2024\/05\/11\/el-poder-economic-de-les-cures-12-de-maig-dia-internacional-de-la-infermera-2\/","title":{"rendered":"El poder econ\u00f2mic de les cures: 12 de maig, Dia Internacional de la Infermera"},"content":{"rendered":"<p><span style=\"font-weight: 400\">Els diners s\u00f3n diners i res m\u00e9s. Tant \u00e9s si s\u00f3n molts o s\u00f3n pocs; o que estiguin a la butxaca, al moneder o al banc. I \u00e9s que els diners s\u00f3n res fins que fan la seva funci\u00f3: gastar-se. De gastar tamb\u00e9 se&#8217;n pot parlar i filar prim per arribar a <\/span><b>diferenciar entre gastar i invertir;<\/b><span style=\"font-weight: 400\"> i d&#8217;aix\u00f2 tracta enguany el lema escollit per l&#8217;<\/span><b><i>International Council of Nurses (ICN) <\/i><\/b><span style=\"font-weight: 400\">per commemorar el <\/span><b>Dia Internacional de la Infermera <\/b><span style=\"font-weight: 400\">d&#8217;aquest 2024:<\/span><b> &#8220;El poder econ\u00f2mic de les cures&#8221;.\u00a0<\/b><\/p>\n<p><span style=\"font-weight: 400\">Diu l&#8217;ICN\u00a0que <\/span><b><i>&#8220;invertir en infermeres \u00e9s clau&#8221;<\/i><\/b><b> i estableix una interdepend\u00e8ncia entre el benestar de les persones i l&#8217;aportaci\u00f3 de les infermeres.<\/b><span style=\"font-weight: 400\"> Una assist\u00e8ncia que l&#8217;organitzaci\u00f3 internacional situa al nivell m\u00e9s alt possible de salut perqu\u00e8 <\/span><i><span style=\"font-weight: 400\">&#8220;aspirem a una societat que no nom\u00e9s estigui lliure de malalties, sin\u00f3 que tamb\u00e9 promogui el benestar positiu i, per aix\u00f2, les infermeres s\u00f3n indispensables&#8221;.<\/span><\/i><\/p>\n<p><span style=\"font-weight: 400\">D&#8217;aquesta evid\u00e8ncia neix la <\/span><b><i>&#8220;Cadena d&#8217;inversi\u00f3 en infermeria, prosperitat i pau&#8221;<\/i><\/b><span style=\"font-weight: 400\"> una cronologia que mostra gr\u00e0ficament com la inversi\u00f3 efica\u00e7 en la professi\u00f3 \u00e9s la base de <\/span><b>resultats millors per a les persones ateses, comunitats pr\u00f2speres, societats m\u00e9s fortes i economies m\u00e9s sanes.<\/b><span style=\"font-weight: 400\"> La cadena mostra com <\/span><i><span style=\"font-weight: 400\">&#8220;una inversi\u00f3 en Infermeria ben pensada produeix una cascada de beneficis socials que es combinen per enfortir la unitat social, promoure la pau i cultivar el creixement econ\u00f2mic que \u00e9s la base d&#8217;una societat resilient i pr\u00f2spera&#8221;.<\/span><\/i><\/p>\n<p><span style=\"font-weight: 400\">I \u00e9s que <\/span><b>l&#8217;increment de les dotacions infermeres en 1%,<\/b><span style=\"font-weight: 400\"> augmentaria l&#8217;esperan\u00e7a de vida de la poblaci\u00f3 mundial en un 0,02% en n\u00e9ixer i en un 0,08%\u00a0als 65 anys\u00a0(Liu\u00a0&amp;\u00a0Eggleston, 2022); i per cada any d&#8217;esperan\u00e7a de vida adulta en etapa productiva incrementat, el creixement econ\u00f2mic s&#8217;apujaria un 2,4% (Ridhwan, et al., 2022).<\/span><\/p>\n<p><span style=\"font-weight: 400\">A m\u00e9s, diversos estudis estableixen una relaci\u00f3 directa entre l&#8217;augment de les dotacions infermeres i l&#8217;estalvi de costos per al sistema de salut. Per exemple, <\/span><b>una dotaci\u00f3 hospital\u00e0ria<\/b><span style=\"font-weight: 400\"> d&#8217;1\/4 (infermera-persones ateses) permet una millor qualitat de cura i una m\u00e9s r\u00e0pida recuperaci\u00f3 que es tradueixen en un estalvi de 117 milions de d\u00f2lars per any i, el que \u00e9s m\u00e9s important, evita la mortalitat en 1.595\u00a0\u00e8xitus\u00a0(Lasater, et al., 2021).<\/span><\/p>\n<p><span style=\"font-weight: 400\">Aquest impacte de la inversi\u00f3 en infermeres i la conseg\u00fcent millora de la qualitat assistencial \u00e9s <\/span><b>extrapolable tamb\u00e9 a l&#8217;atenci\u00f3 prim\u00e0ria i comunit\u00e0ria <\/b><span style=\"font-weight: 400\">on la sobrec\u00e0rrega de treball per infradotaci\u00f3 de professionals provoca el 40% dels danys o incid\u00e8ncies (Kuriakose, et al., 2001;\u00a0Michel, et al., 2017).<\/span><\/p>\n<p><span style=\"font-weight: 400\">M\u00e9s dades. <\/span><b>El 12% dels danys evitables<\/b><span style=\"font-weight: 400\"> que es produeixen en tots els \u00e0mbits i nivells d&#8217;atenci\u00f3 causen discapacitat permanent o la mort i estan relacionats principalment amb incidents relacionats amb medicaments, gesti\u00f3 terap\u00e8utica i procediments cl\u00ednics invasius (Panagioti, et al., 2019). De fet, 1 de cada 10 persones afectades pateix els danys per errades de seguretat durant les cures al llarg de tota la seva vida. Una c\u00e0rrega sanit\u00e0ria que s&#8217;estima en 64 milions d&#8217;anys de vida \u2013entre 1 i 2 bilions de d\u00f2lars anuals, en funci\u00f3 de la discapacitat per any\u2013 semblant a l&#8217;impacte que t\u00e9 el VIH\/SIDA. A m\u00e9s, des d&#8217;una perspectiva de capital hum\u00e0, l&#8217;estudi indica que\u00a0erradicar\u00a0els danys evitables podria millorar el creixement econ\u00f2mic mundial m\u00e9s d&#8217;un 0,7%. I \u00e9s que el cost directe del tractament de les persones que han patit danys per manca de cures \u00e9s significatiu i s&#8217;aproxima al 13% de la despesa sanit\u00e0ria mundial. En termes monetaris, aix\u00f2 equival a uns 606.000 milions de d\u00f2lars anuals, l&#8217;equivalent a una mica m\u00e9s de l&#8217;1% de la producci\u00f3 econ\u00f2mica combinada dels pa\u00efsos de l&#8217;OCDE (Slawomirski\u00a0&amp;\u00a0Klazinga, 2022).<\/span><\/p>\n<p><span style=\"font-weight: 400\">\u00c9s per aix\u00f2 que <\/span><b>aquest 12 de maig, el Consell de Col\u00b7legis d&#8217;Infermeres i Infermers de Catalunya s&#8217;adhereix a la petici\u00f3 de l&#8217;ICN<\/b><span style=\"font-weight: 400\">\u00a0i demana <\/span><i><span style=\"font-weight: 400\">&#8220;que Catalunya inverteixi en infermeres per dignificar les condicions professionals i contractuals de les m\u00e9s de 55.000 professionals que exercim al territori i, alhora, incrementar les dotacions amb, almenys, 17.000 efectius. Una inversi\u00f3 que contribuir\u00e0 a millorar el benestar de la nostra poblaci\u00f3, reduir els costos de l&#8217;atenci\u00f3 en salut i projectar l&#8217;economia del nostre pa\u00eds.\u00a0Tot benefici&#8221;, <\/span><\/i><span style=\"font-weight: 400\">apunta la Dra. Gl\u00f2ria Jodar, degana del\u00a0CCIIC. <\/span><\/p>\n","protected":false},"excerpt":{"rendered":"<p>Els diners s\u00f3n diners i res m\u00e9s. Tant \u00e9s si s\u00f3n molts o s\u00f3n pocs; o que estiguin a la butxaca, al moneder o al banc. I \u00e9s que els diners s\u00f3n res fins que fan la seva funci\u00f3: gastar-se. De gastar tamb\u00e9 se&#8217;n pot parlar i filar prim per arribar a diferenciar entre gastar<\/p>\n","protected":false},"author":1,"featured_media":763,"comment_status":"open","ping_status":"closed","sticky":false,"template":"","format":"standard","meta":{"_acf_changed":false,"footnotes":""},"categories":[11],"tags":[72],"tipo":[],"class_list":{"0":"post-783","1":"post","2":"type-post","3":"status-publish","4":"format-standard","5":"has-post-thumbnail","7":"category-general","8":"tag-dia-internacional-de-la-infermera"},"acf":[],"yoast_head":"<!-- This site is optimized with the Yoast SEO plugin v27.5 - https:\/\/yoast.com\/product\/yoast-seo-wordpress\/ -->\n<title>El poder econ\u00f2mic de les cures: 12 de maig, Dia Internacional de la Infermera - Extra Sanitat<\/title>\n<meta name=\"robots\" content=\"index, follow, max-snippet:-1, max-image-preview:large, max-video-preview:-1\" \/>\n<link rel=\"canonical\" href=\"https:\/\/diarisanitat.cat\/extra\/2024\/05\/11\/el-poder-economic-de-les-cures-12-de-maig-dia-internacional-de-la-infermera-2\/\" \/>\n<meta property=\"og:locale\" content=\"ca_ES\" \/>\n<meta property=\"og:type\" content=\"article\" \/>\n<meta property=\"og:title\" content=\"El poder econ\u00f2mic de les cures: 12 de maig, Dia Internacional de la Infermera - Extra Sanitat\" \/>\n<meta property=\"og:description\" content=\"Els diners s\u00f3n diners i res m\u00e9s. Tant \u00e9s si s\u00f3n molts o s\u00f3n pocs; o que estiguin a la butxaca, al moneder o al banc. I \u00e9s que els diners s\u00f3n res fins que fan la seva funci\u00f3: gastar-se. De gastar tamb\u00e9 se&#8217;n pot parlar i filar prim per arribar a diferenciar entre gastar\" \/>\n<meta property=\"og:url\" content=\"https:\/\/diarisanitat.cat\/extra\/2024\/05\/11\/el-poder-economic-de-les-cures-12-de-maig-dia-internacional-de-la-infermera-2\/\" \/>\n<meta property=\"og:site_name\" content=\"Extra Sanitat\" \/>\n<meta property=\"article:published_time\" content=\"2024-05-11T09:02:21+00:00\" \/>\n<meta property=\"og:image\" content=\"https:\/\/diarisanitat.cat\/extra\/wp-content\/uploads\/sites\/2\/2024\/05\/CCIIC-Diari-de-la-Sanitat-BANER-WEB-240510-30-Dia-Infermera-300x250-01-1.png\" \/>\n\t<meta property=\"og:image:width\" content=\"1250\" \/>\n\t<meta property=\"og:image:height\" content=\"1042\" \/>\n\t<meta property=\"og:image:type\" content=\"image\/png\" \/>\n<meta name=\"author\" content=\"Redacci\u00f3\" \/>\n<meta name=\"twitter:card\" content=\"summary_large_image\" \/>\n<meta name=\"twitter:label1\" content=\"Escrit per\" \/>\n\t<meta name=\"twitter:data1\" content=\"Redacci\u00f3\" \/>\n\t<meta name=\"twitter:label2\" content=\"Temps estimat de lectura\" \/>\n\t<meta name=\"twitter:data2\" content=\"4 minuts\" \/>\n<script type=\"application\/ld+json\" class=\"yoast-schema-graph\">{\"@context\":\"https:\\\/\\\/schema.org\",\"@graph\":[{\"@type\":\"Article\",\"@id\":\"https:\\\/\\\/diarisanitat.cat\\\/extra\\\/2024\\\/05\\\/11\\\/el-poder-economic-de-les-cures-12-de-maig-dia-internacional-de-la-infermera-2\\\/#article\",\"isPartOf\":{\"@id\":\"https:\\\/\\\/diarisanitat.cat\\\/extra\\\/2024\\\/05\\\/11\\\/el-poder-economic-de-les-cures-12-de-maig-dia-internacional-de-la-infermera-2\\\/\"},\"author\":{\"name\":\"Redacci\u00f3\",\"@id\":\"https:\\\/\\\/diarisanitat.cat\\\/extra\\\/#\\\/schema\\\/person\\\/9de78768f9e1608c4e3acede8e5f91c4\"},\"headline\":\"El poder econ\u00f2mic de les cures: 12 de maig, Dia Internacional de la Infermera\",\"datePublished\":\"2024-05-11T09:02:21+00:00\",\"mainEntityOfPage\":{\"@id\":\"https:\\\/\\\/diarisanitat.cat\\\/extra\\\/2024\\\/05\\\/11\\\/el-poder-economic-de-les-cures-12-de-maig-dia-internacional-de-la-infermera-2\\\/\"},\"wordCount\":753,\"commentCount\":0,\"image\":{\"@id\":\"https:\\\/\\\/diarisanitat.cat\\\/extra\\\/2024\\\/05\\\/11\\\/el-poder-economic-de-les-cures-12-de-maig-dia-internacional-de-la-infermera-2\\\/#primaryimage\"},\"thumbnailUrl\":\"https:\\\/\\\/diarisanitat.cat\\\/extra\\\/wp-content\\\/uploads\\\/sites\\\/2\\\/2024\\\/05\\\/CCIIC-Diari-de-la-Sanitat-BANER-WEB-240510-30-Dia-Infermera-300x250-01-1.png\",\"keywords\":[\"dia internacional de la infermera\"],\"articleSection\":[\"General\"],\"inLanguage\":\"ca\",\"potentialAction\":[{\"@type\":\"CommentAction\",\"name\":\"Comment\",\"target\":[\"https:\\\/\\\/diarisanitat.cat\\\/extra\\\/2024\\\/05\\\/11\\\/el-poder-economic-de-les-cures-12-de-maig-dia-internacional-de-la-infermera-2\\\/#respond\"]}]},{\"@type\":\"WebPage\",\"@id\":\"https:\\\/\\\/diarisanitat.cat\\\/extra\\\/2024\\\/05\\\/11\\\/el-poder-economic-de-les-cures-12-de-maig-dia-internacional-de-la-infermera-2\\\/\",\"url\":\"https:\\\/\\\/diarisanitat.cat\\\/extra\\\/2024\\\/05\\\/11\\\/el-poder-economic-de-les-cures-12-de-maig-dia-internacional-de-la-infermera-2\\\/\",\"name\":\"El poder econ\u00f2mic de les cures: 12 de maig, Dia Internacional de la Infermera - Extra Sanitat\",\"isPartOf\":{\"@id\":\"https:\\\/\\\/diarisanitat.cat\\\/extra\\\/#website\"},\"primaryImageOfPage\":{\"@id\":\"https:\\\/\\\/diarisanitat.cat\\\/extra\\\/2024\\\/05\\\/11\\\/el-poder-economic-de-les-cures-12-de-maig-dia-internacional-de-la-infermera-2\\\/#primaryimage\"},\"image\":{\"@id\":\"https:\\\/\\\/diarisanitat.cat\\\/extra\\\/2024\\\/05\\\/11\\\/el-poder-economic-de-les-cures-12-de-maig-dia-internacional-de-la-infermera-2\\\/#primaryimage\"},\"thumbnailUrl\":\"https:\\\/\\\/diarisanitat.cat\\\/extra\\\/wp-content\\\/uploads\\\/sites\\\/2\\\/2024\\\/05\\\/CCIIC-Diari-de-la-Sanitat-BANER-WEB-240510-30-Dia-Infermera-300x250-01-1.png\",\"datePublished\":\"2024-05-11T09:02:21+00:00\",\"author\":{\"@id\":\"https:\\\/\\\/diarisanitat.cat\\\/extra\\\/#\\\/schema\\\/person\\\/9de78768f9e1608c4e3acede8e5f91c4\"},\"breadcrumb\":{\"@id\":\"https:\\\/\\\/diarisanitat.cat\\\/extra\\\/2024\\\/05\\\/11\\\/el-poder-economic-de-les-cures-12-de-maig-dia-internacional-de-la-infermera-2\\\/#breadcrumb\"},\"inLanguage\":\"ca\",\"potentialAction\":[{\"@type\":\"ReadAction\",\"target\":[\"https:\\\/\\\/diarisanitat.cat\\\/extra\\\/2024\\\/05\\\/11\\\/el-poder-economic-de-les-cures-12-de-maig-dia-internacional-de-la-infermera-2\\\/\"]}]},{\"@type\":\"ImageObject\",\"inLanguage\":\"ca\",\"@id\":\"https:\\\/\\\/diarisanitat.cat\\\/extra\\\/2024\\\/05\\\/11\\\/el-poder-economic-de-les-cures-12-de-maig-dia-internacional-de-la-infermera-2\\\/#primaryimage\",\"url\":\"https:\\\/\\\/diarisanitat.cat\\\/extra\\\/wp-content\\\/uploads\\\/sites\\\/2\\\/2024\\\/05\\\/CCIIC-Diari-de-la-Sanitat-BANER-WEB-240510-30-Dia-Infermera-300x250-01-1.png\",\"contentUrl\":\"https:\\\/\\\/diarisanitat.cat\\\/extra\\\/wp-content\\\/uploads\\\/sites\\\/2\\\/2024\\\/05\\\/CCIIC-Diari-de-la-Sanitat-BANER-WEB-240510-30-Dia-Infermera-300x250-01-1.png\",\"width\":1250,\"height\":1042},{\"@type\":\"BreadcrumbList\",\"@id\":\"https:\\\/\\\/diarisanitat.cat\\\/extra\\\/2024\\\/05\\\/11\\\/el-poder-economic-de-les-cures-12-de-maig-dia-internacional-de-la-infermera-2\\\/#breadcrumb\",\"itemListElement\":[{\"@type\":\"ListItem\",\"position\":1,\"name\":\"Portada\",\"item\":\"https:\\\/\\\/diarisanitat.cat\\\/extra\\\/\"},{\"@type\":\"ListItem\",\"position\":2,\"name\":\"El poder econ\u00f2mic de les cures: 12 de maig, Dia Internacional de la Infermera\"}]},{\"@type\":\"WebSite\",\"@id\":\"https:\\\/\\\/diarisanitat.cat\\\/extra\\\/#website\",\"url\":\"https:\\\/\\\/diarisanitat.cat\\\/extra\\\/\",\"name\":\"Extra Sanitat\",\"description\":\"\",\"potentialAction\":[{\"@type\":\"SearchAction\",\"target\":{\"@type\":\"EntryPoint\",\"urlTemplate\":\"https:\\\/\\\/diarisanitat.cat\\\/extra\\\/?s={search_term_string}\"},\"query-input\":{\"@type\":\"PropertyValueSpecification\",\"valueRequired\":true,\"valueName\":\"search_term_string\"}}],\"inLanguage\":\"ca\"},{\"@type\":\"Person\",\"@id\":\"https:\\\/\\\/diarisanitat.cat\\\/extra\\\/#\\\/schema\\\/person\\\/9de78768f9e1608c4e3acede8e5f91c4\",\"name\":\"Redacci\u00f3\",\"image\":{\"@type\":\"ImageObject\",\"inLanguage\":\"ca\",\"@id\":\"https:\\\/\\\/secure.gravatar.com\\\/avatar\\\/e952ad62e08be1daabaefebd12d26c1e5fbfd687693aaa066db2433a21638ad8?s=96&d=mm&r=g\",\"url\":\"https:\\\/\\\/secure.gravatar.com\\\/avatar\\\/e952ad62e08be1daabaefebd12d26c1e5fbfd687693aaa066db2433a21638ad8?s=96&d=mm&r=g\",\"contentUrl\":\"https:\\\/\\\/secure.gravatar.com\\\/avatar\\\/e952ad62e08be1daabaefebd12d26c1e5fbfd687693aaa066db2433a21638ad8?s=96&d=mm&r=g\",\"caption\":\"Redacci\u00f3\"},\"url\":\"https:\\\/\\\/diarisanitat.cat\\\/extra\\\/author\\\/npenin\\\/\"}]}<\/script>\n<!-- \/ Yoast SEO plugin. -->","yoast_head_json":{"title":"El poder econ\u00f2mic de les cures: 12 de maig, Dia Internacional de la Infermera - Extra Sanitat","robots":{"index":"index","follow":"follow","max-snippet":"max-snippet:-1","max-image-preview":"max-image-preview:large","max-video-preview":"max-video-preview:-1"},"canonical":"https:\/\/diarisanitat.cat\/extra\/2024\/05\/11\/el-poder-economic-de-les-cures-12-de-maig-dia-internacional-de-la-infermera-2\/","og_locale":"ca_ES","og_type":"article","og_title":"El poder econ\u00f2mic de les cures: 12 de maig, Dia Internacional de la Infermera - Extra Sanitat","og_description":"Els diners s\u00f3n diners i res m\u00e9s. Tant \u00e9s si s\u00f3n molts o s\u00f3n pocs; o que estiguin a la butxaca, al moneder o al banc. I \u00e9s que els diners s\u00f3n res fins que fan la seva funci\u00f3: gastar-se. De gastar tamb\u00e9 se&#8217;n pot parlar i filar prim per arribar a diferenciar entre gastar","og_url":"https:\/\/diarisanitat.cat\/extra\/2024\/05\/11\/el-poder-economic-de-les-cures-12-de-maig-dia-internacional-de-la-infermera-2\/","og_site_name":"Extra Sanitat","article_published_time":"2024-05-11T09:02:21+00:00","og_image":[{"width":1250,"height":1042,"url":"https:\/\/diarisanitat.cat\/extra\/wp-content\/uploads\/sites\/2\/2024\/05\/CCIIC-Diari-de-la-Sanitat-BANER-WEB-240510-30-Dia-Infermera-300x250-01-1.png","type":"image\/png"}],"author":"Redacci\u00f3","twitter_card":"summary_large_image","twitter_misc":{"Escrit per":"Redacci\u00f3","Temps estimat de lectura":"4 minuts"},"schema":{"@context":"https:\/\/schema.org","@graph":[{"@type":"Article","@id":"https:\/\/diarisanitat.cat\/extra\/2024\/05\/11\/el-poder-economic-de-les-cures-12-de-maig-dia-internacional-de-la-infermera-2\/#article","isPartOf":{"@id":"https:\/\/diarisanitat.cat\/extra\/2024\/05\/11\/el-poder-economic-de-les-cures-12-de-maig-dia-internacional-de-la-infermera-2\/"},"author":{"name":"Redacci\u00f3","@id":"https:\/\/diarisanitat.cat\/extra\/#\/schema\/person\/9de78768f9e1608c4e3acede8e5f91c4"},"headline":"El poder econ\u00f2mic de les cures: 12 de maig, Dia Internacional de la Infermera","datePublished":"2024-05-11T09:02:21+00:00","mainEntityOfPage":{"@id":"https:\/\/diarisanitat.cat\/extra\/2024\/05\/11\/el-poder-economic-de-les-cures-12-de-maig-dia-internacional-de-la-infermera-2\/"},"wordCount":753,"commentCount":0,"image":{"@id":"https:\/\/diarisanitat.cat\/extra\/2024\/05\/11\/el-poder-economic-de-les-cures-12-de-maig-dia-internacional-de-la-infermera-2\/#primaryimage"},"thumbnailUrl":"https:\/\/diarisanitat.cat\/extra\/wp-content\/uploads\/sites\/2\/2024\/05\/CCIIC-Diari-de-la-Sanitat-BANER-WEB-240510-30-Dia-Infermera-300x250-01-1.png","keywords":["dia internacional de la infermera"],"articleSection":["General"],"inLanguage":"ca","potentialAction":[{"@type":"CommentAction","name":"Comment","target":["https:\/\/diarisanitat.cat\/extra\/2024\/05\/11\/el-poder-economic-de-les-cures-12-de-maig-dia-internacional-de-la-infermera-2\/#respond"]}]},{"@type":"WebPage","@id":"https:\/\/diarisanitat.cat\/extra\/2024\/05\/11\/el-poder-economic-de-les-cures-12-de-maig-dia-internacional-de-la-infermera-2\/","url":"https:\/\/diarisanitat.cat\/extra\/2024\/05\/11\/el-poder-economic-de-les-cures-12-de-maig-dia-internacional-de-la-infermera-2\/","name":"El poder econ\u00f2mic de les cures: 12 de maig, Dia Internacional de la Infermera - Extra Sanitat","isPartOf":{"@id":"https:\/\/diarisanitat.cat\/extra\/#website"},"primaryImageOfPage":{"@id":"https:\/\/diarisanitat.cat\/extra\/2024\/05\/11\/el-poder-economic-de-les-cures-12-de-maig-dia-internacional-de-la-infermera-2\/#primaryimage"},"image":{"@id":"https:\/\/diarisanitat.cat\/extra\/2024\/05\/11\/el-poder-economic-de-les-cures-12-de-maig-dia-internacional-de-la-infermera-2\/#primaryimage"},"thumbnailUrl":"https:\/\/diarisanitat.cat\/extra\/wp-content\/uploads\/sites\/2\/2024\/05\/CCIIC-Diari-de-la-Sanitat-BANER-WEB-240510-30-Dia-Infermera-300x250-01-1.png","datePublished":"2024-05-11T09:02:21+00:00","author":{"@id":"https:\/\/diarisanitat.cat\/extra\/#\/schema\/person\/9de78768f9e1608c4e3acede8e5f91c4"},"breadcrumb":{"@id":"https:\/\/diarisanitat.cat\/extra\/2024\/05\/11\/el-poder-economic-de-les-cures-12-de-maig-dia-internacional-de-la-infermera-2\/#breadcrumb"},"inLanguage":"ca","potentialAction":[{"@type":"ReadAction","target":["https:\/\/diarisanitat.cat\/extra\/2024\/05\/11\/el-poder-economic-de-les-cures-12-de-maig-dia-internacional-de-la-infermera-2\/"]}]},{"@type":"ImageObject","inLanguage":"ca","@id":"https:\/\/diarisanitat.cat\/extra\/2024\/05\/11\/el-poder-economic-de-les-cures-12-de-maig-dia-internacional-de-la-infermera-2\/#primaryimage","url":"https:\/\/diarisanitat.cat\/extra\/wp-content\/uploads\/sites\/2\/2024\/05\/CCIIC-Diari-de-la-Sanitat-BANER-WEB-240510-30-Dia-Infermera-300x250-01-1.png","contentUrl":"https:\/\/diarisanitat.cat\/extra\/wp-content\/uploads\/sites\/2\/2024\/05\/CCIIC-Diari-de-la-Sanitat-BANER-WEB-240510-30-Dia-Infermera-300x250-01-1.png","width":1250,"height":1042},{"@type":"BreadcrumbList","@id":"https:\/\/diarisanitat.cat\/extra\/2024\/05\/11\/el-poder-economic-de-les-cures-12-de-maig-dia-internacional-de-la-infermera-2\/#breadcrumb","itemListElement":[{"@type":"ListItem","position":1,"name":"Portada","item":"https:\/\/diarisanitat.cat\/extra\/"},{"@type":"ListItem","position":2,"name":"El poder econ\u00f2mic de les cures: 12 de maig, Dia Internacional de la Infermera"}]},{"@type":"WebSite","@id":"https:\/\/diarisanitat.cat\/extra\/#website","url":"https:\/\/diarisanitat.cat\/extra\/","name":"Extra Sanitat","description":"","potentialAction":[{"@type":"SearchAction","target":{"@type":"EntryPoint","urlTemplate":"https:\/\/diarisanitat.cat\/extra\/?s={search_term_string}"},"query-input":{"@type":"PropertyValueSpecification","valueRequired":true,"valueName":"search_term_string"}}],"inLanguage":"ca"},{"@type":"Person","@id":"https:\/\/diarisanitat.cat\/extra\/#\/schema\/person\/9de78768f9e1608c4e3acede8e5f91c4","name":"Redacci\u00f3","image":{"@type":"ImageObject","inLanguage":"ca","@id":"https:\/\/secure.gravatar.com\/avatar\/e952ad62e08be1daabaefebd12d26c1e5fbfd687693aaa066db2433a21638ad8?s=96&d=mm&r=g","url":"https:\/\/secure.gravatar.com\/avatar\/e952ad62e08be1daabaefebd12d26c1e5fbfd687693aaa066db2433a21638ad8?s=96&d=mm&r=g","contentUrl":"https:\/\/secure.gravatar.com\/avatar\/e952ad62e08be1daabaefebd12d26c1e5fbfd687693aaa066db2433a21638ad8?s=96&d=mm&r=g","caption":"Redacci\u00f3"},"url":"https:\/\/diarisanitat.cat\/extra\/author\/npenin\/"}]}},"_links":{"self":[{"href":"https:\/\/diarisanitat.cat\/extra\/wp-json\/wp\/v2\/posts\/783","targetHints":{"allow":["GET"]}}],"collection":[{"href":"https:\/\/diarisanitat.cat\/extra\/wp-json\/wp\/v2\/posts"}],"about":[{"href":"https:\/\/diarisanitat.cat\/extra\/wp-json\/wp\/v2\/types\/post"}],"author":[{"embeddable":true,"href":"https:\/\/diarisanitat.cat\/extra\/wp-json\/wp\/v2\/users\/1"}],"replies":[{"embeddable":true,"href":"https:\/\/diarisanitat.cat\/extra\/wp-json\/wp\/v2\/comments?post=783"}],"version-history":[{"count":0,"href":"https:\/\/diarisanitat.cat\/extra\/wp-json\/wp\/v2\/posts\/783\/revisions"}],"wp:featuredmedia":[{"embeddable":true,"href":"https:\/\/diarisanitat.cat\/extra\/wp-json\/wp\/v2\/media\/763"}],"wp:attachment":[{"href":"https:\/\/diarisanitat.cat\/extra\/wp-json\/wp\/v2\/media?parent=783"}],"wp:term":[{"taxonomy":"category","embeddable":true,"href":"https:\/\/diarisanitat.cat\/extra\/wp-json\/wp\/v2\/categories?post=783"},{"taxonomy":"post_tag","embeddable":true,"href":"https:\/\/diarisanitat.cat\/extra\/wp-json\/wp\/v2\/tags?post=783"},{"taxonomy":"tipo","embeddable":true,"href":"https:\/\/diarisanitat.cat\/extra\/wp-json\/wp\/v2\/tipo?post=783"}],"curies":[{"name":"wp","href":"https:\/\/api.w.org\/{rel}","templated":true}]}}