{"id":123,"date":"2021-09-23T08:17:30","date_gmt":"2021-09-23T08:17:30","guid":{"rendered":"https:\/\/diarisanitat.cat\/fundacio-dr-antoni-esteve\/?p=123"},"modified":"2024-03-24T15:51:07","modified_gmt":"2024-03-24T14:51:07","slug":"por-als-mitjans-de-comunicacio-lentesa-entre-periodistes-i-cientifics-es-possible","status":"publish","type":"post","link":"https:\/\/diarisanitat.cat\/fundacio-dr-antoni-esteve\/2021\/09\/23\/por-als-mitjans-de-comunicacio-lentesa-entre-periodistes-i-cientifics-es-possible\/","title":{"rendered":"Por als mitjans de comunicaci\u00f3? L&#8217;entesa entre periodistes i cient\u00edfics \u00e9s possible"},"content":{"rendered":"<p>La pand\u00e8mia global ens ha donat moltes lli\u00e7ons i una d&#8217;elles ha estat, sens dubte, que no passa res, absolutament res, per sortir als mitjans de comunicaci\u00f3. La comunitat cient\u00edfica s&#8217;ha obert com mai a la premsa, amb intervencions di\u00e0ries i des de tots els canals possibles, per donar la cara i expressar a la ciutadania les certeses i les incerteses al voltant de la Covid-19. La ci\u00e8ncia per fi s&#8217;ha despullat i ha mostrat els seus encants i les seves vergonyes, baixant del pedestal en qu\u00e8 c\u00f2modament se situava per explicar de forma clara i honesta el funcionament del seu m\u00e8tode. I la tasca pedag\u00f2gica sembla que est\u00e0 funcionant.<\/p>\n<p>Si quelcom hem tret de positiu d&#8217;aquesta crisi sanit\u00e0ria \u00e9s el trencament de la barrera que acostuma a separar la comunitat cient\u00edfica dels mitjans de comunicaci\u00f3. Els <a href=\"https:\/\/www.esteve.org\/ca\/eventos\/la-ciencia-impaciente-durante-la-covid-19\/\" target=\"_blank\" rel=\"noopener\">debats sobre periodisme cient\u00edfic de la Fundaci\u00f3 Dr. Antoni Esteve<\/a>, nascuts precisament per establir un pont de di\u00e0leg entre ambd\u00f3s col\u00b7lectius, sempre coincidien en una mateixa percepci\u00f3. Existia un cert recel per part del personal cient\u00edfic envers la tasca dels periodistes mentre aquests, per la seva banda, demandaven m\u00e9s la seva col\u00b7laboraci\u00f3 a l&#8217;hora d&#8217;abordar els temes cient\u00edfics.<\/p>\n<p>Tot i que l&#8217;oferta de cursos d&#8217;especialitzaci\u00f3 en mat\u00e8ria cient\u00edfica per a periodistes \u00e9s extensa, no passava el mateix a la inversa. El personal sanitari, tant de l&#8217;\u00e0mbit de la investigaci\u00f3 com de l&#8217;assistencial, segueix sense con\u00e8ixer en gran part el funcionament dels mitjans de comunicaci\u00f3. Justament dels debats sobre periodisme cient\u00edfic de la Fundaci\u00f3 Dr. Antoni Esteve va sorgir la idea de crear un curs que facilit\u00e9s l&#8217;enteniment de la tasca period\u00edstica per part de la comunitat cient\u00edfica i va sorgir tamb\u00e9 la periodista de televisi\u00f3 que lideraria el projecte: Graziella Almendral.<\/p>\n<p>Aix\u00ed naixia el 2011 <a href=\"https:\/\/www.esteve.org\/ca\/actividades\/cursos\/cursos-presenciales\/el-cientifico-ante-los-medios-de-comunicacion\/\" target=\"_blank\" rel=\"noopener\"><em>El cient\u00edfic davant els mitjans de comunicaci\u00f3<\/em><\/a>, un curs de la Fundaci\u00f3 Dr. Antoni Esteve en col\u00b7laboraci\u00f3 amb Indagando TV i l&#8217;Institut RTVE que ha acabat obtenint tamb\u00e9 la confian\u00e7a del CSIC. Deu anys m\u00e9s tard i amb quinze edicions a la seva esquena, el curs segueix contribuint a millorar l&#8217;entesa entre dos \u00e0mbits que, s&#8217;ha demostrat, es poden entendre.<\/p>\n<p>Com ho aconsegueix? Durant dos dies intensius, els participants del curs s&#8217;endinsen en el dia a dia d&#8217;una redacci\u00f3 period\u00edstica per tal d&#8217;entendre el seu funcionament i les particularitats del seu llenguatge. Per aix\u00f2, compta amb les instal\u00b7lacions que la radiotelevisi\u00f3 p\u00fablica espanyola destina a la formaci\u00f3 dels seus professionals. D&#8217;aquesta manera, les cient\u00edfiques i els cient\u00edfics tenen l&#8217;oportunitat de trepitjar un plat\u00f3 de televisi\u00f3 o un estudi de r\u00e0dio i familiaritzar-se aix\u00ed amb les rutines period\u00edstiques, a trav\u00e9s de tres pr\u00e0ctiques immersives que condueixen periodistes especialitzats. Durant el curs, s&#8217;elabora una not\u00edcia per a un informatiu de televisi\u00f3, un butllet\u00ed cient\u00edfic de r\u00e0dio i es simula una roda de premsa a partir d&#8217;una crisi sanit\u00e0ria real.<\/p>\n<p>&#8220;La redacci\u00f3 d&#8217;un informatiu de televisi\u00f3 \u00e9s com una subhasta on hem de ser capa\u00e7os de col\u00b7locar una not\u00edcia sobre ci\u00e8ncia, tenint com a compet\u00e8ncia la pol\u00edtica o els successos. Hem de ser capa\u00e7os, per tant, d&#8217;explicar una hist\u00f2ria&#8221;, afirma la periodista cient\u00edfica Graziella Almendral, coordinadora del curs i responsable de ci\u00e8ncia durant deu anys a Antena 3 Noticias. A m\u00e9s de la televisi\u00f3 i la r\u00e0dio, el curs tamb\u00e9 explora altres \u00e0mbits com la comunicaci\u00f3 corporativa (indispensable avui en dia a qualsevol instituci\u00f3 cient\u00edfica), el reportatge i la divulgaci\u00f3 per internet.<\/p>\n<p>A m\u00e9s de Graziella Almendral, altres sis professionals en actiu, tant de RTVE com d&#8217;altres mitjans, s&#8217;encarreguen de mostrar al col\u00b7lectiu cient\u00edfic les claus de la seva feina com a periodistes. Miguel \u00c1ngel Mart\u00edn, director de l&#8217;Institut RTVE a Barcelona i professor de Comunicaci\u00f3 Audiovisual i Publicitat a la UAB, tracta sobre la import\u00e0ncia del llenguatge a les entrevistes de televisi\u00f3, mentre que Pablo Batista, de la Cadena SER, se centra en les peculiaritats del llenguatge radiof\u00f2nic.<\/p>\n<p>La comunicaci\u00f3 corporativa va a c\u00e0rrec de Marc de Semir, actual director de comunicaci\u00f3 de la Fundaci\u00f3 Bertelsmann i que des de 2001 i durant m\u00e9s de deu anys ha estat director de comunicaci\u00f3 i relacions internacionals del grup Hospital Cl\u00ednic de Barcelona, mentre que la comunicaci\u00f3 social des de les institucions p\u00fabliques est\u00e0 en mans de Jaime P\u00e9rez del Val, de Cultura Cient\u00edfica del CSIC. Per la seva banda, Ana Montserrat Rosell, directora del programa de divulgaci\u00f3 tres14 de La 2, aporta la seva experi\u00e8ncia en el g\u00e8nere documental y del reportatge. Per \u00faltim, la coordinadora de l&#8217;Ag\u00e8ncia SINC, Pampa Garc\u00eda, s&#8217;ocupa dels continguts cient\u00edfics a internet i mitjans interactius.<\/p>\n<p>El curs es complementa amb el Quadern de la Fundaci\u00f3 Dr. Antoni Esteve <a href=\"https:\/\/www.esteve.org\/ca\/libros\/cuaderno-irtve\/\" target=\"_blank\" rel=\"noopener\"><em>El cient\u00edfico ante los medios de comunicaci\u00f3n. Retos y herramientas para una cooperaci\u00f3n fruct\u00edfera<\/em><\/a>, que no nom\u00e9s inclou les presentacions de tots els professors del curs sin\u00f3 que tamb\u00e9 inclou altres professionals de la comunicaci\u00f3, ampliant el focus a la premsa escrita, internet i els nous suports.<\/p>\n<p><a href=\"https:\/\/www.esteve.org\/ca\/eventos\/el-cientifico-ante-los-medios-de-comunicacion-16\/\" target=\"_blank\" rel=\"noopener\">Les inscripcions per a una nova edici\u00f3 del curs a Barcelona ja s\u00f3n obertes<\/a>. En concret, tindr\u00e0 lloc els pr\u00f2xims 20 i 21 d&#8217;octubre als estudis d&#8217;RTVE a Sant Cugat del Vall\u00e8s. Enguany, tamb\u00e9 se celebrar\u00e0 una <a href=\"https:\/\/www.esteve.org\/ca\/eventos\/el-cientifico-ante-los-medios-de-comunicacion-17\/\" target=\"_blank\" rel=\"noopener\">segona edici\u00f3 a Madrid<\/a> els pr\u00f2xims 17 i 18 de novembre a la seu de l&#8217;Institut RTVE. Dues noves oportunitats per perdre la por als mitjans de comunicaci\u00f3 i comprovar que es pot divulgar ci\u00e8ncia a la ciutadania amb les eines dels periodistes i amb total rigor.<\/p>\n","protected":false},"excerpt":{"rendered":"<p>La pand\u00e8mia global ens ha donat moltes lli\u00e7ons i una d&#8217;elles ha estat, sens dubte, que no passa res, absolutament res, per sortir als mitjans de comunicaci\u00f3. La comunitat cient\u00edfica s&#8217;ha obert com mai a la premsa, amb intervencions di\u00e0ries i des de tots els canals possibles, per donar la cara i expressar a la<\/p>\n","protected":false},"author":356,"featured_media":126,"comment_status":"open","ping_status":"open","sticky":false,"template":"","format":"standard","meta":{"_acf_changed":false,"footnotes":""},"categories":[2],"tags":[4,12],"tipo":[20],"class_list":{"0":"post-123","1":"post","2":"type-post","3":"status-publish","4":"format-standard","5":"has-post-thumbnail","7":"category-uncategorized","8":"tag-ciencia","9":"tag-periodisme-cientific","10":"tipo-actualitat"},"acf":[],"yoast_head":"<!-- This site is optimized with the Yoast SEO plugin v27.5 - https:\/\/yoast.com\/product\/yoast-seo-wordpress\/ -->\n<title>Por als mitjans de comunicaci\u00f3? L&#039;entesa entre periodistes i cient\u00edfics \u00e9s possible - Fundaci\u00f3 Dr. Antoni Esteve<\/title>\n<meta name=\"robots\" content=\"index, follow, max-snippet:-1, max-image-preview:large, max-video-preview:-1\" \/>\n<link rel=\"canonical\" href=\"https:\/\/diarisanitat.cat\/fundacio-dr-antoni-esteve\/2021\/09\/23\/por-als-mitjans-de-comunicacio-lentesa-entre-periodistes-i-cientifics-es-possible\/\" \/>\n<meta property=\"og:locale\" content=\"ca_ES\" \/>\n<meta property=\"og:type\" content=\"article\" \/>\n<meta property=\"og:title\" content=\"Por als mitjans de comunicaci\u00f3? L&#039;entesa entre periodistes i cient\u00edfics \u00e9s possible - Fundaci\u00f3 Dr. Antoni Esteve\" \/>\n<meta property=\"og:description\" content=\"La pand\u00e8mia global ens ha donat moltes lli\u00e7ons i una d&#8217;elles ha estat, sens dubte, que no passa res, absolutament res, per sortir als mitjans de comunicaci\u00f3. La comunitat cient\u00edfica s&#8217;ha obert com mai a la premsa, amb intervencions di\u00e0ries i des de tots els canals possibles, per donar la cara i expressar a la\" \/>\n<meta property=\"og:url\" content=\"https:\/\/diarisanitat.cat\/fundacio-dr-antoni-esteve\/2021\/09\/23\/por-als-mitjans-de-comunicacio-lentesa-entre-periodistes-i-cientifics-es-possible\/\" \/>\n<meta property=\"og:site_name\" content=\"Fundaci\u00f3 Dr. Antoni Esteve\" \/>\n<meta property=\"article:published_time\" content=\"2021-09-23T08:17:30+00:00\" \/>\n<meta property=\"article:modified_time\" content=\"2024-03-24T14:51:07+00:00\" \/>\n<meta property=\"og:image\" content=\"https:\/\/diarisanitat.cat\/fundacio-dr-antoni-esteve\/wp-content\/uploads\/sites\/3\/2021\/09\/iStock-1156404100.jpg\" \/>\n\t<meta property=\"og:image:width\" content=\"1217\" \/>\n\t<meta property=\"og:image:height\" content=\"861\" \/>\n\t<meta property=\"og:image:type\" content=\"image\/jpeg\" \/>\n<meta name=\"author\" content=\"Pol Morales\" \/>\n<meta name=\"twitter:card\" content=\"summary_large_image\" \/>\n<meta name=\"twitter:label1\" content=\"Escrit per\" \/>\n\t<meta name=\"twitter:data1\" content=\"Pol Morales\" \/>\n\t<meta name=\"twitter:label2\" content=\"Temps estimat de lectura\" \/>\n\t<meta name=\"twitter:data2\" content=\"5 minuts\" \/>\n<script type=\"application\/ld+json\" class=\"yoast-schema-graph\">{\"@context\":\"https:\\\/\\\/schema.org\",\"@graph\":[{\"@type\":\"Article\",\"@id\":\"https:\\\/\\\/diarisanitat.cat\\\/fundacio-dr-antoni-esteve\\\/2021\\\/09\\\/23\\\/por-als-mitjans-de-comunicacio-lentesa-entre-periodistes-i-cientifics-es-possible\\\/#article\",\"isPartOf\":{\"@id\":\"https:\\\/\\\/diarisanitat.cat\\\/fundacio-dr-antoni-esteve\\\/2021\\\/09\\\/23\\\/por-als-mitjans-de-comunicacio-lentesa-entre-periodistes-i-cientifics-es-possible\\\/\"},\"author\":{\"name\":\"Pol Morales\",\"@id\":\"https:\\\/\\\/diarisanitat.cat\\\/fundacio-dr-antoni-esteve\\\/#\\\/schema\\\/person\\\/a1687300e23b0ac2ab84495a03182823\"},\"headline\":\"Por als mitjans de comunicaci\u00f3? L&#8217;entesa entre periodistes i cient\u00edfics \u00e9s possible\",\"datePublished\":\"2021-09-23T08:17:30+00:00\",\"dateModified\":\"2024-03-24T14:51:07+00:00\",\"mainEntityOfPage\":{\"@id\":\"https:\\\/\\\/diarisanitat.cat\\\/fundacio-dr-antoni-esteve\\\/2021\\\/09\\\/23\\\/por-als-mitjans-de-comunicacio-lentesa-entre-periodistes-i-cientifics-es-possible\\\/\"},\"wordCount\":1012,\"commentCount\":0,\"image\":{\"@id\":\"https:\\\/\\\/diarisanitat.cat\\\/fundacio-dr-antoni-esteve\\\/2021\\\/09\\\/23\\\/por-als-mitjans-de-comunicacio-lentesa-entre-periodistes-i-cientifics-es-possible\\\/#primaryimage\"},\"thumbnailUrl\":\"https:\\\/\\\/diarisanitat.cat\\\/fundacio-dr-antoni-esteve\\\/wp-content\\\/uploads\\\/sites\\\/3\\\/2021\\\/09\\\/iStock-1156404100.jpg\",\"keywords\":[\"ci\u00e8ncia\",\"periodisme cient\u00edfic\"],\"articleSection\":[\"Uncategorized\"],\"inLanguage\":\"ca\",\"potentialAction\":[{\"@type\":\"CommentAction\",\"name\":\"Comment\",\"target\":[\"https:\\\/\\\/diarisanitat.cat\\\/fundacio-dr-antoni-esteve\\\/2021\\\/09\\\/23\\\/por-als-mitjans-de-comunicacio-lentesa-entre-periodistes-i-cientifics-es-possible\\\/#respond\"]}]},{\"@type\":\"WebPage\",\"@id\":\"https:\\\/\\\/diarisanitat.cat\\\/fundacio-dr-antoni-esteve\\\/2021\\\/09\\\/23\\\/por-als-mitjans-de-comunicacio-lentesa-entre-periodistes-i-cientifics-es-possible\\\/\",\"url\":\"https:\\\/\\\/diarisanitat.cat\\\/fundacio-dr-antoni-esteve\\\/2021\\\/09\\\/23\\\/por-als-mitjans-de-comunicacio-lentesa-entre-periodistes-i-cientifics-es-possible\\\/\",\"name\":\"Por als mitjans de comunicaci\u00f3? L'entesa entre periodistes i cient\u00edfics \u00e9s possible - Fundaci\u00f3 Dr. Antoni Esteve\",\"isPartOf\":{\"@id\":\"https:\\\/\\\/diarisanitat.cat\\\/fundacio-dr-antoni-esteve\\\/#website\"},\"primaryImageOfPage\":{\"@id\":\"https:\\\/\\\/diarisanitat.cat\\\/fundacio-dr-antoni-esteve\\\/2021\\\/09\\\/23\\\/por-als-mitjans-de-comunicacio-lentesa-entre-periodistes-i-cientifics-es-possible\\\/#primaryimage\"},\"image\":{\"@id\":\"https:\\\/\\\/diarisanitat.cat\\\/fundacio-dr-antoni-esteve\\\/2021\\\/09\\\/23\\\/por-als-mitjans-de-comunicacio-lentesa-entre-periodistes-i-cientifics-es-possible\\\/#primaryimage\"},\"thumbnailUrl\":\"https:\\\/\\\/diarisanitat.cat\\\/fundacio-dr-antoni-esteve\\\/wp-content\\\/uploads\\\/sites\\\/3\\\/2021\\\/09\\\/iStock-1156404100.jpg\",\"datePublished\":\"2021-09-23T08:17:30+00:00\",\"dateModified\":\"2024-03-24T14:51:07+00:00\",\"author\":{\"@id\":\"https:\\\/\\\/diarisanitat.cat\\\/fundacio-dr-antoni-esteve\\\/#\\\/schema\\\/person\\\/a1687300e23b0ac2ab84495a03182823\"},\"breadcrumb\":{\"@id\":\"https:\\\/\\\/diarisanitat.cat\\\/fundacio-dr-antoni-esteve\\\/2021\\\/09\\\/23\\\/por-als-mitjans-de-comunicacio-lentesa-entre-periodistes-i-cientifics-es-possible\\\/#breadcrumb\"},\"inLanguage\":\"ca\",\"potentialAction\":[{\"@type\":\"ReadAction\",\"target\":[\"https:\\\/\\\/diarisanitat.cat\\\/fundacio-dr-antoni-esteve\\\/2021\\\/09\\\/23\\\/por-als-mitjans-de-comunicacio-lentesa-entre-periodistes-i-cientifics-es-possible\\\/\"]}]},{\"@type\":\"ImageObject\",\"inLanguage\":\"ca\",\"@id\":\"https:\\\/\\\/diarisanitat.cat\\\/fundacio-dr-antoni-esteve\\\/2021\\\/09\\\/23\\\/por-als-mitjans-de-comunicacio-lentesa-entre-periodistes-i-cientifics-es-possible\\\/#primaryimage\",\"url\":\"https:\\\/\\\/diarisanitat.cat\\\/fundacio-dr-antoni-esteve\\\/wp-content\\\/uploads\\\/sites\\\/3\\\/2021\\\/09\\\/iStock-1156404100.jpg\",\"contentUrl\":\"https:\\\/\\\/diarisanitat.cat\\\/fundacio-dr-antoni-esteve\\\/wp-content\\\/uploads\\\/sites\\\/3\\\/2021\\\/09\\\/iStock-1156404100.jpg\",\"width\":1217,\"height\":861,\"caption\":\"\\\/iStock\"},{\"@type\":\"BreadcrumbList\",\"@id\":\"https:\\\/\\\/diarisanitat.cat\\\/fundacio-dr-antoni-esteve\\\/2021\\\/09\\\/23\\\/por-als-mitjans-de-comunicacio-lentesa-entre-periodistes-i-cientifics-es-possible\\\/#breadcrumb\",\"itemListElement\":[{\"@type\":\"ListItem\",\"position\":1,\"name\":\"Portada\",\"item\":\"https:\\\/\\\/diarisanitat.cat\\\/fundacio-dr-antoni-esteve\\\/\"},{\"@type\":\"ListItem\",\"position\":2,\"name\":\"Por als mitjans de comunicaci\u00f3? L&#8217;entesa entre periodistes i cient\u00edfics \u00e9s possible\"}]},{\"@type\":\"WebSite\",\"@id\":\"https:\\\/\\\/diarisanitat.cat\\\/fundacio-dr-antoni-esteve\\\/#website\",\"url\":\"https:\\\/\\\/diarisanitat.cat\\\/fundacio-dr-antoni-esteve\\\/\",\"name\":\"Fundaci\u00f3 Dr. Antoni Esteve\",\"description\":\"\",\"potentialAction\":[{\"@type\":\"SearchAction\",\"target\":{\"@type\":\"EntryPoint\",\"urlTemplate\":\"https:\\\/\\\/diarisanitat.cat\\\/fundacio-dr-antoni-esteve\\\/?s={search_term_string}\"},\"query-input\":{\"@type\":\"PropertyValueSpecification\",\"valueRequired\":true,\"valueName\":\"search_term_string\"}}],\"inLanguage\":\"ca\"},{\"@type\":\"Person\",\"@id\":\"https:\\\/\\\/diarisanitat.cat\\\/fundacio-dr-antoni-esteve\\\/#\\\/schema\\\/person\\\/a1687300e23b0ac2ab84495a03182823\",\"name\":\"Pol Morales\",\"image\":{\"@type\":\"ImageObject\",\"inLanguage\":\"ca\",\"@id\":\"https:\\\/\\\/secure.gravatar.com\\\/avatar\\\/6c5799ee792676e22d7558d1f109ddf8098905c75b14bcf15d23ecb7f422b189?s=96&d=mm&r=g\",\"url\":\"https:\\\/\\\/secure.gravatar.com\\\/avatar\\\/6c5799ee792676e22d7558d1f109ddf8098905c75b14bcf15d23ecb7f422b189?s=96&d=mm&r=g\",\"contentUrl\":\"https:\\\/\\\/secure.gravatar.com\\\/avatar\\\/6c5799ee792676e22d7558d1f109ddf8098905c75b14bcf15d23ecb7f422b189?s=96&d=mm&r=g\",\"caption\":\"Pol Morales\"},\"url\":\"https:\\\/\\\/diarisanitat.cat\\\/fundacio-dr-antoni-esteve\\\/author\\\/pmorales\\\/\"}]}<\/script>\n<!-- \/ Yoast SEO plugin. -->","yoast_head_json":{"title":"Por als mitjans de comunicaci\u00f3? L'entesa entre periodistes i cient\u00edfics \u00e9s possible - Fundaci\u00f3 Dr. Antoni Esteve","robots":{"index":"index","follow":"follow","max-snippet":"max-snippet:-1","max-image-preview":"max-image-preview:large","max-video-preview":"max-video-preview:-1"},"canonical":"https:\/\/diarisanitat.cat\/fundacio-dr-antoni-esteve\/2021\/09\/23\/por-als-mitjans-de-comunicacio-lentesa-entre-periodistes-i-cientifics-es-possible\/","og_locale":"ca_ES","og_type":"article","og_title":"Por als mitjans de comunicaci\u00f3? L'entesa entre periodistes i cient\u00edfics \u00e9s possible - Fundaci\u00f3 Dr. Antoni Esteve","og_description":"La pand\u00e8mia global ens ha donat moltes lli\u00e7ons i una d&#8217;elles ha estat, sens dubte, que no passa res, absolutament res, per sortir als mitjans de comunicaci\u00f3. La comunitat cient\u00edfica s&#8217;ha obert com mai a la premsa, amb intervencions di\u00e0ries i des de tots els canals possibles, per donar la cara i expressar a la","og_url":"https:\/\/diarisanitat.cat\/fundacio-dr-antoni-esteve\/2021\/09\/23\/por-als-mitjans-de-comunicacio-lentesa-entre-periodistes-i-cientifics-es-possible\/","og_site_name":"Fundaci\u00f3 Dr. Antoni Esteve","article_published_time":"2021-09-23T08:17:30+00:00","article_modified_time":"2024-03-24T14:51:07+00:00","og_image":[{"width":1217,"height":861,"url":"https:\/\/diarisanitat.cat\/fundacio-dr-antoni-esteve\/wp-content\/uploads\/sites\/3\/2021\/09\/iStock-1156404100.jpg","type":"image\/jpeg"}],"author":"Pol Morales","twitter_card":"summary_large_image","twitter_misc":{"Escrit per":"Pol Morales","Temps estimat de lectura":"5 minuts"},"schema":{"@context":"https:\/\/schema.org","@graph":[{"@type":"Article","@id":"https:\/\/diarisanitat.cat\/fundacio-dr-antoni-esteve\/2021\/09\/23\/por-als-mitjans-de-comunicacio-lentesa-entre-periodistes-i-cientifics-es-possible\/#article","isPartOf":{"@id":"https:\/\/diarisanitat.cat\/fundacio-dr-antoni-esteve\/2021\/09\/23\/por-als-mitjans-de-comunicacio-lentesa-entre-periodistes-i-cientifics-es-possible\/"},"author":{"name":"Pol Morales","@id":"https:\/\/diarisanitat.cat\/fundacio-dr-antoni-esteve\/#\/schema\/person\/a1687300e23b0ac2ab84495a03182823"},"headline":"Por als mitjans de comunicaci\u00f3? L&#8217;entesa entre periodistes i cient\u00edfics \u00e9s possible","datePublished":"2021-09-23T08:17:30+00:00","dateModified":"2024-03-24T14:51:07+00:00","mainEntityOfPage":{"@id":"https:\/\/diarisanitat.cat\/fundacio-dr-antoni-esteve\/2021\/09\/23\/por-als-mitjans-de-comunicacio-lentesa-entre-periodistes-i-cientifics-es-possible\/"},"wordCount":1012,"commentCount":0,"image":{"@id":"https:\/\/diarisanitat.cat\/fundacio-dr-antoni-esteve\/2021\/09\/23\/por-als-mitjans-de-comunicacio-lentesa-entre-periodistes-i-cientifics-es-possible\/#primaryimage"},"thumbnailUrl":"https:\/\/diarisanitat.cat\/fundacio-dr-antoni-esteve\/wp-content\/uploads\/sites\/3\/2021\/09\/iStock-1156404100.jpg","keywords":["ci\u00e8ncia","periodisme cient\u00edfic"],"articleSection":["Uncategorized"],"inLanguage":"ca","potentialAction":[{"@type":"CommentAction","name":"Comment","target":["https:\/\/diarisanitat.cat\/fundacio-dr-antoni-esteve\/2021\/09\/23\/por-als-mitjans-de-comunicacio-lentesa-entre-periodistes-i-cientifics-es-possible\/#respond"]}]},{"@type":"WebPage","@id":"https:\/\/diarisanitat.cat\/fundacio-dr-antoni-esteve\/2021\/09\/23\/por-als-mitjans-de-comunicacio-lentesa-entre-periodistes-i-cientifics-es-possible\/","url":"https:\/\/diarisanitat.cat\/fundacio-dr-antoni-esteve\/2021\/09\/23\/por-als-mitjans-de-comunicacio-lentesa-entre-periodistes-i-cientifics-es-possible\/","name":"Por als mitjans de comunicaci\u00f3? L'entesa entre periodistes i cient\u00edfics \u00e9s possible - Fundaci\u00f3 Dr. Antoni Esteve","isPartOf":{"@id":"https:\/\/diarisanitat.cat\/fundacio-dr-antoni-esteve\/#website"},"primaryImageOfPage":{"@id":"https:\/\/diarisanitat.cat\/fundacio-dr-antoni-esteve\/2021\/09\/23\/por-als-mitjans-de-comunicacio-lentesa-entre-periodistes-i-cientifics-es-possible\/#primaryimage"},"image":{"@id":"https:\/\/diarisanitat.cat\/fundacio-dr-antoni-esteve\/2021\/09\/23\/por-als-mitjans-de-comunicacio-lentesa-entre-periodistes-i-cientifics-es-possible\/#primaryimage"},"thumbnailUrl":"https:\/\/diarisanitat.cat\/fundacio-dr-antoni-esteve\/wp-content\/uploads\/sites\/3\/2021\/09\/iStock-1156404100.jpg","datePublished":"2021-09-23T08:17:30+00:00","dateModified":"2024-03-24T14:51:07+00:00","author":{"@id":"https:\/\/diarisanitat.cat\/fundacio-dr-antoni-esteve\/#\/schema\/person\/a1687300e23b0ac2ab84495a03182823"},"breadcrumb":{"@id":"https:\/\/diarisanitat.cat\/fundacio-dr-antoni-esteve\/2021\/09\/23\/por-als-mitjans-de-comunicacio-lentesa-entre-periodistes-i-cientifics-es-possible\/#breadcrumb"},"inLanguage":"ca","potentialAction":[{"@type":"ReadAction","target":["https:\/\/diarisanitat.cat\/fundacio-dr-antoni-esteve\/2021\/09\/23\/por-als-mitjans-de-comunicacio-lentesa-entre-periodistes-i-cientifics-es-possible\/"]}]},{"@type":"ImageObject","inLanguage":"ca","@id":"https:\/\/diarisanitat.cat\/fundacio-dr-antoni-esteve\/2021\/09\/23\/por-als-mitjans-de-comunicacio-lentesa-entre-periodistes-i-cientifics-es-possible\/#primaryimage","url":"https:\/\/diarisanitat.cat\/fundacio-dr-antoni-esteve\/wp-content\/uploads\/sites\/3\/2021\/09\/iStock-1156404100.jpg","contentUrl":"https:\/\/diarisanitat.cat\/fundacio-dr-antoni-esteve\/wp-content\/uploads\/sites\/3\/2021\/09\/iStock-1156404100.jpg","width":1217,"height":861,"caption":"\/iStock"},{"@type":"BreadcrumbList","@id":"https:\/\/diarisanitat.cat\/fundacio-dr-antoni-esteve\/2021\/09\/23\/por-als-mitjans-de-comunicacio-lentesa-entre-periodistes-i-cientifics-es-possible\/#breadcrumb","itemListElement":[{"@type":"ListItem","position":1,"name":"Portada","item":"https:\/\/diarisanitat.cat\/fundacio-dr-antoni-esteve\/"},{"@type":"ListItem","position":2,"name":"Por als mitjans de comunicaci\u00f3? L&#8217;entesa entre periodistes i cient\u00edfics \u00e9s possible"}]},{"@type":"WebSite","@id":"https:\/\/diarisanitat.cat\/fundacio-dr-antoni-esteve\/#website","url":"https:\/\/diarisanitat.cat\/fundacio-dr-antoni-esteve\/","name":"Fundaci\u00f3 Dr. Antoni Esteve","description":"","potentialAction":[{"@type":"SearchAction","target":{"@type":"EntryPoint","urlTemplate":"https:\/\/diarisanitat.cat\/fundacio-dr-antoni-esteve\/?s={search_term_string}"},"query-input":{"@type":"PropertyValueSpecification","valueRequired":true,"valueName":"search_term_string"}}],"inLanguage":"ca"},{"@type":"Person","@id":"https:\/\/diarisanitat.cat\/fundacio-dr-antoni-esteve\/#\/schema\/person\/a1687300e23b0ac2ab84495a03182823","name":"Pol Morales","image":{"@type":"ImageObject","inLanguage":"ca","@id":"https:\/\/secure.gravatar.com\/avatar\/6c5799ee792676e22d7558d1f109ddf8098905c75b14bcf15d23ecb7f422b189?s=96&d=mm&r=g","url":"https:\/\/secure.gravatar.com\/avatar\/6c5799ee792676e22d7558d1f109ddf8098905c75b14bcf15d23ecb7f422b189?s=96&d=mm&r=g","contentUrl":"https:\/\/secure.gravatar.com\/avatar\/6c5799ee792676e22d7558d1f109ddf8098905c75b14bcf15d23ecb7f422b189?s=96&d=mm&r=g","caption":"Pol Morales"},"url":"https:\/\/diarisanitat.cat\/fundacio-dr-antoni-esteve\/author\/pmorales\/"}]}},"_links":{"self":[{"href":"https:\/\/diarisanitat.cat\/fundacio-dr-antoni-esteve\/wp-json\/wp\/v2\/posts\/123","targetHints":{"allow":["GET"]}}],"collection":[{"href":"https:\/\/diarisanitat.cat\/fundacio-dr-antoni-esteve\/wp-json\/wp\/v2\/posts"}],"about":[{"href":"https:\/\/diarisanitat.cat\/fundacio-dr-antoni-esteve\/wp-json\/wp\/v2\/types\/post"}],"author":[{"embeddable":true,"href":"https:\/\/diarisanitat.cat\/fundacio-dr-antoni-esteve\/wp-json\/wp\/v2\/users\/356"}],"replies":[{"embeddable":true,"href":"https:\/\/diarisanitat.cat\/fundacio-dr-antoni-esteve\/wp-json\/wp\/v2\/comments?post=123"}],"version-history":[{"count":1,"href":"https:\/\/diarisanitat.cat\/fundacio-dr-antoni-esteve\/wp-json\/wp\/v2\/posts\/123\/revisions"}],"predecessor-version":[{"id":236,"href":"https:\/\/diarisanitat.cat\/fundacio-dr-antoni-esteve\/wp-json\/wp\/v2\/posts\/123\/revisions\/236"}],"wp:featuredmedia":[{"embeddable":true,"href":"https:\/\/diarisanitat.cat\/fundacio-dr-antoni-esteve\/wp-json\/wp\/v2\/media\/126"}],"wp:attachment":[{"href":"https:\/\/diarisanitat.cat\/fundacio-dr-antoni-esteve\/wp-json\/wp\/v2\/media?parent=123"}],"wp:term":[{"taxonomy":"category","embeddable":true,"href":"https:\/\/diarisanitat.cat\/fundacio-dr-antoni-esteve\/wp-json\/wp\/v2\/categories?post=123"},{"taxonomy":"post_tag","embeddable":true,"href":"https:\/\/diarisanitat.cat\/fundacio-dr-antoni-esteve\/wp-json\/wp\/v2\/tags?post=123"},{"taxonomy":"tipo","embeddable":true,"href":"https:\/\/diarisanitat.cat\/fundacio-dr-antoni-esteve\/wp-json\/wp\/v2\/tipo?post=123"}],"curies":[{"name":"wp","href":"https:\/\/api.w.org\/{rel}","templated":true}]}}