{"id":29,"date":"2020-04-09T15:01:35","date_gmt":"2020-04-09T15:01:35","guid":{"rendered":"http:\/\/diarisanitat.cat\/fundacio-dr-antoni-esteve\/?p=29"},"modified":"2020-04-09T15:01:35","modified_gmt":"2020-04-09T15:01:35","slug":"la-fundacio-dr-antoni-esteve-potencia-la-seva-oferta-a-internet-durant-el-confinament","status":"publish","type":"post","link":"https:\/\/diarisanitat.cat\/fundacio-dr-antoni-esteve\/2020\/04\/09\/la-fundacio-dr-antoni-esteve-potencia-la-seva-oferta-a-internet-durant-el-confinament\/","title":{"rendered":"La Fundaci\u00f3 Dr. Antoni Esteve potencia la seva oferta a internet durant el confinament"},"content":{"rendered":"<p>Els cursos presencials esdevenen una de els vessants m\u00e9s importants de la Fundaci\u00f3 Dr. Antoni Esteve. Com a entitat sense \u00e0nim de lucre, aquesta instituci\u00f3 va decidir apostar per la formaci\u00f3 en aquelles habilitats que no sempre es contemplen en els estudis oficials i que esdevenen de vital import\u00e0ncia en la carrera de bona part dels professionals de la biomedicina i de la salut. Habilitats com la redacci\u00f3 d&#8217;articles cient\u00edfics, les presentacions orals, l&#8217;angl\u00e8s especialitzat o la divulgaci\u00f3 envers la societat formen part d&#8217;aquesta oferta formativa de la qual ja s&#8217;han beneficiat milers de participants de tota la geografia espanyola i, fins i tot, d&#8217;altres pa\u00efsos d&#8217;arreu del m\u00f3n.<\/p>\n<p>Les circumst\u00e0ncies excepcionals que ens ha tocat viure amb la pand\u00e8mia global pel\u00a0covid-19 i les mesures de confinament decretades arreu ens han obligat, com a tantes altres institucions, a suspendre o\u00a0ajornar\u00a0totes les activitats presencials programades per als mesos de mar\u00e7, abril i, amb tota probabilitat, tamb\u00e9 durant el mes de maig. Cursos com El cient\u00edfic davant els mitjans de comunicaci\u00f3, que havia de tenir lloc als estudis de RTVE a Sant Cugat del Vall\u00e8s el 25 i 26 de mar\u00e7, o el de redacci\u00f3 d&#8217;articles cient\u00edfics en angl\u00e8s,\u00a0<i>Developing\u00a0skills\u00a0in\u00a0scientific\u00a0writing<\/i>, que s&#8217;havia de celebrar a la Universitat de Girona el 21 i 22 d&#8217;abril, es programaran al llarg del segon semestre d&#8217;aquest imprevisible 2020.<\/p>\n<p>Per tal de pal\u00b7liar\u00a0en certa manera\u00a0aquesta manca d&#8217;activitats presencials i per poder oferir una alternativa telem\u00e0tica als nostres usuaris, des de la Fundaci\u00f3 Dr. Antoni Esteve hem decidit refor\u00e7ar les nostres alternatives en l\u00ednia. Per una banda, la versi\u00f3\u00a0en l\u00ednia\u00a0del nostre curs m\u00e9s veter\u00e0, Com redactar un article cient\u00edfic, pr\u00e0cticament ha duplicat el nombre d&#8217;inscripcions habituals i ha avan\u00e7at la seva data d&#8217;inici per poder donar una opci\u00f3 formativa a totes aquelles persones que es troben a casa i volen saber com millorar la publicaci\u00f3 dels seus resultats a una revista cient\u00edfica. Els encarregats d&#8217;impartir els continguts te\u00f2rics i d&#8217;interactuar amb els alumnes a trav\u00e9s de l&#8217;espai virtual que hem desenvolupat amb la plataforma e-oncologia s\u00f3n Esteve Fern\u00e1ndez, director de la Unitat de Control de Tabaquisme de l&#8217;Institut Catal\u00e0 d&#8217;Oncologia, i Ana\u00a0Mar\u00eda\u00a0Garc\u00eda, catedr\u00e0tica de salut p\u00fablica i medicina preventiva a la Universitat de Val\u00e8ncia.<\/p>\n<p>Per altra banda, enguany tamb\u00e9 hem posat en marxa un curs amb la Universitat Oberta de Catalunya que es dirigeix a tots aquells que desitgen millorar les seves compet\u00e8ncies en redacci\u00f3 cient\u00edfica en angl\u00e8s.\u00a0Writing\u00a0for\u00a0the\u00a0biomedical\u00a0sciences\u00a0no nom\u00e9s treballa l&#8217;estructura de l&#8217;article cient\u00edfic sin\u00f3 que tamb\u00e9 proporciona eines per redactar articles cient\u00edfics d&#8217;una manera correcta i adequada, partint dels principis de la redacci\u00f3 cient\u00edfica en angl\u00e8s: precisi\u00f3, simplicitat, flu\u00efdesa i concisi\u00f3. John\u00a0Giba, professor del nostre curs\u00a0<i>Developing\u00a0skills\u00a0in\u00a0scientific\u00a0writing<\/i>; Raquel\u00a0Viejo, professora titular de la UOC i investigadora del\u00a0Cognitive\u00a0NeuroLab; i Salvador Macip, director del\u00a0Mechanisms\u00a0of\u00a0Cancer\u00a0and\u00a0Ageing\u00a0Lab\u00a0de la Universitat de Leicester, s\u00f3n els tres professors del curs, que va arrencar l&#8217;11 de mar\u00e7 passat, dies abans que el govern espanyol decret\u00e9s l&#8217;estat d&#8217;alarma. A partir d&#8217;aquell moment, la Fundaci\u00f3 Dr. Antoni Esteve va ampliar la seva oferta de beques\u00a0per tal que\u00a0un major nombre de professionals s&#8217;hi pogu\u00e9s beneficiar.<\/p>\n<p>Juntament amb aquestes dues alternatives de formaci\u00f3 en l\u00ednia, la Fundaci\u00f3 Dr. Antoni Esteve tamb\u00e9 ha potenciat la seva \u00e0mplia i variada oferta de publicacions, que es poden descarregar de forma gratu\u00efta a trav\u00e9s del seu portal a internet www.esteve.org. Llibres que abasten des del contingut m\u00e9s purament farmacol\u00f2gic fins a propostes de divulgaci\u00f3 cient\u00edfica per a tots els p\u00fablics, aix\u00ed com diferents manuals de formaci\u00f3, i que poden ajudar a pal\u00b7liar aquests dies d&#8217;obligat confinament.<\/p>\n","protected":false},"excerpt":{"rendered":"<p>Els cursos presencials esdevenen una de els vessants m\u00e9s importants de la Fundaci\u00f3 Dr. Antoni Esteve. Com a entitat sense \u00e0nim de lucre, aquesta instituci\u00f3 va decidir apostar per la formaci\u00f3 en aquelles habilitats que no sempre es contemplen en els estudis oficials i que esdevenen de vital import\u00e0ncia en la carrera de bona part<\/p>\n","protected":false},"author":353,"featured_media":11,"comment_status":"open","ping_status":"open","sticky":false,"template":"","format":"standard","meta":{"_acf_changed":false,"footnotes":""},"categories":[2],"tags":[],"tipo":[],"class_list":{"0":"post-29","1":"post","2":"type-post","3":"status-publish","4":"format-standard","5":"has-post-thumbnail","7":"category-uncategorized"},"acf":[],"yoast_head":"<!-- This site is optimized with the Yoast SEO plugin v27.5 - https:\/\/yoast.com\/product\/yoast-seo-wordpress\/ -->\n<title>La Fundaci\u00f3 Dr. Antoni Esteve potencia la seva oferta a internet durant el confinament - Fundaci\u00f3 Dr. Antoni Esteve<\/title>\n<meta name=\"robots\" content=\"index, follow, max-snippet:-1, max-image-preview:large, max-video-preview:-1\" \/>\n<link rel=\"canonical\" href=\"https:\/\/diarisanitat.cat\/fundacio-dr-antoni-esteve\/2020\/04\/09\/la-fundacio-dr-antoni-esteve-potencia-la-seva-oferta-a-internet-durant-el-confinament\/\" \/>\n<meta property=\"og:locale\" content=\"ca_ES\" \/>\n<meta property=\"og:type\" content=\"article\" \/>\n<meta property=\"og:title\" content=\"La Fundaci\u00f3 Dr. Antoni Esteve potencia la seva oferta a internet durant el confinament - Fundaci\u00f3 Dr. Antoni Esteve\" \/>\n<meta property=\"og:description\" content=\"Els cursos presencials esdevenen una de els vessants m\u00e9s importants de la Fundaci\u00f3 Dr. Antoni Esteve. Com a entitat sense \u00e0nim de lucre, aquesta instituci\u00f3 va decidir apostar per la formaci\u00f3 en aquelles habilitats que no sempre es contemplen en els estudis oficials i que esdevenen de vital import\u00e0ncia en la carrera de bona part\" \/>\n<meta property=\"og:url\" content=\"https:\/\/diarisanitat.cat\/fundacio-dr-antoni-esteve\/2020\/04\/09\/la-fundacio-dr-antoni-esteve-potencia-la-seva-oferta-a-internet-durant-el-confinament\/\" \/>\n<meta property=\"og:site_name\" content=\"Fundaci\u00f3 Dr. Antoni Esteve\" \/>\n<meta property=\"article:published_time\" content=\"2020-04-09T15:01:35+00:00\" \/>\n<meta property=\"og:image\" content=\"https:\/\/diarisanitat.cat\/fundacio-dr-antoni-esteve\/wp-content\/uploads\/sites\/3\/2020\/04\/Foto-blog-Fundacio-Eseve.jpg\" \/>\n\t<meta property=\"og:image:width\" content=\"1242\" \/>\n\t<meta property=\"og:image:height\" content=\"703\" \/>\n\t<meta property=\"og:image:type\" content=\"image\/jpeg\" \/>\n<meta name=\"author\" content=\"Pol Morales Vidal\" \/>\n<meta name=\"twitter:card\" content=\"summary_large_image\" \/>\n<meta name=\"twitter:label1\" content=\"Escrit per\" \/>\n\t<meta name=\"twitter:data1\" content=\"Pol Morales Vidal\" \/>\n\t<meta name=\"twitter:label2\" content=\"Temps estimat de lectura\" \/>\n\t<meta name=\"twitter:data2\" content=\"3 minuts\" \/>\n<script type=\"application\/ld+json\" class=\"yoast-schema-graph\">{\"@context\":\"https:\\\/\\\/schema.org\",\"@graph\":[{\"@type\":\"Article\",\"@id\":\"https:\\\/\\\/diarisanitat.cat\\\/fundacio-dr-antoni-esteve\\\/2020\\\/04\\\/09\\\/la-fundacio-dr-antoni-esteve-potencia-la-seva-oferta-a-internet-durant-el-confinament\\\/#article\",\"isPartOf\":{\"@id\":\"https:\\\/\\\/diarisanitat.cat\\\/fundacio-dr-antoni-esteve\\\/2020\\\/04\\\/09\\\/la-fundacio-dr-antoni-esteve-potencia-la-seva-oferta-a-internet-durant-el-confinament\\\/\"},\"author\":{\"name\":\"Pol Morales Vidal\",\"@id\":\"https:\\\/\\\/diarisanitat.cat\\\/fundacio-dr-antoni-esteve\\\/#\\\/schema\\\/person\\\/f2cd3dfa0d37e8a340f60898dfc6e2be\"},\"headline\":\"La Fundaci\u00f3 Dr. Antoni Esteve potencia la seva oferta a internet durant el confinament\",\"datePublished\":\"2020-04-09T15:01:35+00:00\",\"mainEntityOfPage\":{\"@id\":\"https:\\\/\\\/diarisanitat.cat\\\/fundacio-dr-antoni-esteve\\\/2020\\\/04\\\/09\\\/la-fundacio-dr-antoni-esteve-potencia-la-seva-oferta-a-internet-durant-el-confinament\\\/\"},\"wordCount\":705,\"commentCount\":2,\"image\":{\"@id\":\"https:\\\/\\\/diarisanitat.cat\\\/fundacio-dr-antoni-esteve\\\/2020\\\/04\\\/09\\\/la-fundacio-dr-antoni-esteve-potencia-la-seva-oferta-a-internet-durant-el-confinament\\\/#primaryimage\"},\"thumbnailUrl\":\"https:\\\/\\\/diarisanitat.cat\\\/fundacio-dr-antoni-esteve\\\/wp-content\\\/uploads\\\/sites\\\/3\\\/2020\\\/04\\\/Foto-blog-Fundacio-Eseve.jpg\",\"articleSection\":[\"Uncategorized\"],\"inLanguage\":\"ca\",\"potentialAction\":[{\"@type\":\"CommentAction\",\"name\":\"Comment\",\"target\":[\"https:\\\/\\\/diarisanitat.cat\\\/fundacio-dr-antoni-esteve\\\/2020\\\/04\\\/09\\\/la-fundacio-dr-antoni-esteve-potencia-la-seva-oferta-a-internet-durant-el-confinament\\\/#respond\"]}]},{\"@type\":\"WebPage\",\"@id\":\"https:\\\/\\\/diarisanitat.cat\\\/fundacio-dr-antoni-esteve\\\/2020\\\/04\\\/09\\\/la-fundacio-dr-antoni-esteve-potencia-la-seva-oferta-a-internet-durant-el-confinament\\\/\",\"url\":\"https:\\\/\\\/diarisanitat.cat\\\/fundacio-dr-antoni-esteve\\\/2020\\\/04\\\/09\\\/la-fundacio-dr-antoni-esteve-potencia-la-seva-oferta-a-internet-durant-el-confinament\\\/\",\"name\":\"La Fundaci\u00f3 Dr. Antoni Esteve potencia la seva oferta a internet durant el confinament - Fundaci\u00f3 Dr. Antoni Esteve\",\"isPartOf\":{\"@id\":\"https:\\\/\\\/diarisanitat.cat\\\/fundacio-dr-antoni-esteve\\\/#website\"},\"primaryImageOfPage\":{\"@id\":\"https:\\\/\\\/diarisanitat.cat\\\/fundacio-dr-antoni-esteve\\\/2020\\\/04\\\/09\\\/la-fundacio-dr-antoni-esteve-potencia-la-seva-oferta-a-internet-durant-el-confinament\\\/#primaryimage\"},\"image\":{\"@id\":\"https:\\\/\\\/diarisanitat.cat\\\/fundacio-dr-antoni-esteve\\\/2020\\\/04\\\/09\\\/la-fundacio-dr-antoni-esteve-potencia-la-seva-oferta-a-internet-durant-el-confinament\\\/#primaryimage\"},\"thumbnailUrl\":\"https:\\\/\\\/diarisanitat.cat\\\/fundacio-dr-antoni-esteve\\\/wp-content\\\/uploads\\\/sites\\\/3\\\/2020\\\/04\\\/Foto-blog-Fundacio-Eseve.jpg\",\"datePublished\":\"2020-04-09T15:01:35+00:00\",\"author\":{\"@id\":\"https:\\\/\\\/diarisanitat.cat\\\/fundacio-dr-antoni-esteve\\\/#\\\/schema\\\/person\\\/f2cd3dfa0d37e8a340f60898dfc6e2be\"},\"breadcrumb\":{\"@id\":\"https:\\\/\\\/diarisanitat.cat\\\/fundacio-dr-antoni-esteve\\\/2020\\\/04\\\/09\\\/la-fundacio-dr-antoni-esteve-potencia-la-seva-oferta-a-internet-durant-el-confinament\\\/#breadcrumb\"},\"inLanguage\":\"ca\",\"potentialAction\":[{\"@type\":\"ReadAction\",\"target\":[\"https:\\\/\\\/diarisanitat.cat\\\/fundacio-dr-antoni-esteve\\\/2020\\\/04\\\/09\\\/la-fundacio-dr-antoni-esteve-potencia-la-seva-oferta-a-internet-durant-el-confinament\\\/\"]}]},{\"@type\":\"ImageObject\",\"inLanguage\":\"ca\",\"@id\":\"https:\\\/\\\/diarisanitat.cat\\\/fundacio-dr-antoni-esteve\\\/2020\\\/04\\\/09\\\/la-fundacio-dr-antoni-esteve-potencia-la-seva-oferta-a-internet-durant-el-confinament\\\/#primaryimage\",\"url\":\"https:\\\/\\\/diarisanitat.cat\\\/fundacio-dr-antoni-esteve\\\/wp-content\\\/uploads\\\/sites\\\/3\\\/2020\\\/04\\\/Foto-blog-Fundacio-Eseve.jpg\",\"contentUrl\":\"https:\\\/\\\/diarisanitat.cat\\\/fundacio-dr-antoni-esteve\\\/wp-content\\\/uploads\\\/sites\\\/3\\\/2020\\\/04\\\/Foto-blog-Fundacio-Eseve.jpg\",\"width\":1242,\"height\":703},{\"@type\":\"BreadcrumbList\",\"@id\":\"https:\\\/\\\/diarisanitat.cat\\\/fundacio-dr-antoni-esteve\\\/2020\\\/04\\\/09\\\/la-fundacio-dr-antoni-esteve-potencia-la-seva-oferta-a-internet-durant-el-confinament\\\/#breadcrumb\",\"itemListElement\":[{\"@type\":\"ListItem\",\"position\":1,\"name\":\"Portada\",\"item\":\"https:\\\/\\\/diarisanitat.cat\\\/fundacio-dr-antoni-esteve\\\/\"},{\"@type\":\"ListItem\",\"position\":2,\"name\":\"La Fundaci\u00f3 Dr. Antoni Esteve potencia la seva oferta a internet durant el confinament\"}]},{\"@type\":\"WebSite\",\"@id\":\"https:\\\/\\\/diarisanitat.cat\\\/fundacio-dr-antoni-esteve\\\/#website\",\"url\":\"https:\\\/\\\/diarisanitat.cat\\\/fundacio-dr-antoni-esteve\\\/\",\"name\":\"Fundaci\u00f3 Dr. Antoni Esteve\",\"description\":\"\",\"potentialAction\":[{\"@type\":\"SearchAction\",\"target\":{\"@type\":\"EntryPoint\",\"urlTemplate\":\"https:\\\/\\\/diarisanitat.cat\\\/fundacio-dr-antoni-esteve\\\/?s={search_term_string}\"},\"query-input\":{\"@type\":\"PropertyValueSpecification\",\"valueRequired\":true,\"valueName\":\"search_term_string\"}}],\"inLanguage\":\"ca\"},{\"@type\":\"Person\",\"@id\":\"https:\\\/\\\/diarisanitat.cat\\\/fundacio-dr-antoni-esteve\\\/#\\\/schema\\\/person\\\/f2cd3dfa0d37e8a340f60898dfc6e2be\",\"name\":\"Pol Morales Vidal\",\"image\":{\"@type\":\"ImageObject\",\"inLanguage\":\"ca\",\"@id\":\"https:\\\/\\\/secure.gravatar.com\\\/avatar\\\/8690d7a509c6000630c5cccdd67dcfc93b1cf213952072632ae22ec306a9084d?s=96&d=mm&r=g\",\"url\":\"https:\\\/\\\/secure.gravatar.com\\\/avatar\\\/8690d7a509c6000630c5cccdd67dcfc93b1cf213952072632ae22ec306a9084d?s=96&d=mm&r=g\",\"contentUrl\":\"https:\\\/\\\/secure.gravatar.com\\\/avatar\\\/8690d7a509c6000630c5cccdd67dcfc93b1cf213952072632ae22ec306a9084d?s=96&d=mm&r=g\",\"caption\":\"Pol Morales Vidal\"},\"url\":\"https:\\\/\\\/diarisanitat.cat\\\/fundacio-dr-antoni-esteve\\\/author\\\/polmoralesvidal\\\/\"}]}<\/script>\n<!-- \/ Yoast SEO plugin. -->","yoast_head_json":{"title":"La Fundaci\u00f3 Dr. Antoni Esteve potencia la seva oferta a internet durant el confinament - Fundaci\u00f3 Dr. Antoni Esteve","robots":{"index":"index","follow":"follow","max-snippet":"max-snippet:-1","max-image-preview":"max-image-preview:large","max-video-preview":"max-video-preview:-1"},"canonical":"https:\/\/diarisanitat.cat\/fundacio-dr-antoni-esteve\/2020\/04\/09\/la-fundacio-dr-antoni-esteve-potencia-la-seva-oferta-a-internet-durant-el-confinament\/","og_locale":"ca_ES","og_type":"article","og_title":"La Fundaci\u00f3 Dr. Antoni Esteve potencia la seva oferta a internet durant el confinament - Fundaci\u00f3 Dr. Antoni Esteve","og_description":"Els cursos presencials esdevenen una de els vessants m\u00e9s importants de la Fundaci\u00f3 Dr. Antoni Esteve. Com a entitat sense \u00e0nim de lucre, aquesta instituci\u00f3 va decidir apostar per la formaci\u00f3 en aquelles habilitats que no sempre es contemplen en els estudis oficials i que esdevenen de vital import\u00e0ncia en la carrera de bona part","og_url":"https:\/\/diarisanitat.cat\/fundacio-dr-antoni-esteve\/2020\/04\/09\/la-fundacio-dr-antoni-esteve-potencia-la-seva-oferta-a-internet-durant-el-confinament\/","og_site_name":"Fundaci\u00f3 Dr. Antoni Esteve","article_published_time":"2020-04-09T15:01:35+00:00","og_image":[{"width":1242,"height":703,"url":"https:\/\/diarisanitat.cat\/fundacio-dr-antoni-esteve\/wp-content\/uploads\/sites\/3\/2020\/04\/Foto-blog-Fundacio-Eseve.jpg","type":"image\/jpeg"}],"author":"Pol Morales Vidal","twitter_card":"summary_large_image","twitter_misc":{"Escrit per":"Pol Morales Vidal","Temps estimat de lectura":"3 minuts"},"schema":{"@context":"https:\/\/schema.org","@graph":[{"@type":"Article","@id":"https:\/\/diarisanitat.cat\/fundacio-dr-antoni-esteve\/2020\/04\/09\/la-fundacio-dr-antoni-esteve-potencia-la-seva-oferta-a-internet-durant-el-confinament\/#article","isPartOf":{"@id":"https:\/\/diarisanitat.cat\/fundacio-dr-antoni-esteve\/2020\/04\/09\/la-fundacio-dr-antoni-esteve-potencia-la-seva-oferta-a-internet-durant-el-confinament\/"},"author":{"name":"Pol Morales Vidal","@id":"https:\/\/diarisanitat.cat\/fundacio-dr-antoni-esteve\/#\/schema\/person\/f2cd3dfa0d37e8a340f60898dfc6e2be"},"headline":"La Fundaci\u00f3 Dr. Antoni Esteve potencia la seva oferta a internet durant el confinament","datePublished":"2020-04-09T15:01:35+00:00","mainEntityOfPage":{"@id":"https:\/\/diarisanitat.cat\/fundacio-dr-antoni-esteve\/2020\/04\/09\/la-fundacio-dr-antoni-esteve-potencia-la-seva-oferta-a-internet-durant-el-confinament\/"},"wordCount":705,"commentCount":2,"image":{"@id":"https:\/\/diarisanitat.cat\/fundacio-dr-antoni-esteve\/2020\/04\/09\/la-fundacio-dr-antoni-esteve-potencia-la-seva-oferta-a-internet-durant-el-confinament\/#primaryimage"},"thumbnailUrl":"https:\/\/diarisanitat.cat\/fundacio-dr-antoni-esteve\/wp-content\/uploads\/sites\/3\/2020\/04\/Foto-blog-Fundacio-Eseve.jpg","articleSection":["Uncategorized"],"inLanguage":"ca","potentialAction":[{"@type":"CommentAction","name":"Comment","target":["https:\/\/diarisanitat.cat\/fundacio-dr-antoni-esteve\/2020\/04\/09\/la-fundacio-dr-antoni-esteve-potencia-la-seva-oferta-a-internet-durant-el-confinament\/#respond"]}]},{"@type":"WebPage","@id":"https:\/\/diarisanitat.cat\/fundacio-dr-antoni-esteve\/2020\/04\/09\/la-fundacio-dr-antoni-esteve-potencia-la-seva-oferta-a-internet-durant-el-confinament\/","url":"https:\/\/diarisanitat.cat\/fundacio-dr-antoni-esteve\/2020\/04\/09\/la-fundacio-dr-antoni-esteve-potencia-la-seva-oferta-a-internet-durant-el-confinament\/","name":"La Fundaci\u00f3 Dr. Antoni Esteve potencia la seva oferta a internet durant el confinament - Fundaci\u00f3 Dr. Antoni Esteve","isPartOf":{"@id":"https:\/\/diarisanitat.cat\/fundacio-dr-antoni-esteve\/#website"},"primaryImageOfPage":{"@id":"https:\/\/diarisanitat.cat\/fundacio-dr-antoni-esteve\/2020\/04\/09\/la-fundacio-dr-antoni-esteve-potencia-la-seva-oferta-a-internet-durant-el-confinament\/#primaryimage"},"image":{"@id":"https:\/\/diarisanitat.cat\/fundacio-dr-antoni-esteve\/2020\/04\/09\/la-fundacio-dr-antoni-esteve-potencia-la-seva-oferta-a-internet-durant-el-confinament\/#primaryimage"},"thumbnailUrl":"https:\/\/diarisanitat.cat\/fundacio-dr-antoni-esteve\/wp-content\/uploads\/sites\/3\/2020\/04\/Foto-blog-Fundacio-Eseve.jpg","datePublished":"2020-04-09T15:01:35+00:00","author":{"@id":"https:\/\/diarisanitat.cat\/fundacio-dr-antoni-esteve\/#\/schema\/person\/f2cd3dfa0d37e8a340f60898dfc6e2be"},"breadcrumb":{"@id":"https:\/\/diarisanitat.cat\/fundacio-dr-antoni-esteve\/2020\/04\/09\/la-fundacio-dr-antoni-esteve-potencia-la-seva-oferta-a-internet-durant-el-confinament\/#breadcrumb"},"inLanguage":"ca","potentialAction":[{"@type":"ReadAction","target":["https:\/\/diarisanitat.cat\/fundacio-dr-antoni-esteve\/2020\/04\/09\/la-fundacio-dr-antoni-esteve-potencia-la-seva-oferta-a-internet-durant-el-confinament\/"]}]},{"@type":"ImageObject","inLanguage":"ca","@id":"https:\/\/diarisanitat.cat\/fundacio-dr-antoni-esteve\/2020\/04\/09\/la-fundacio-dr-antoni-esteve-potencia-la-seva-oferta-a-internet-durant-el-confinament\/#primaryimage","url":"https:\/\/diarisanitat.cat\/fundacio-dr-antoni-esteve\/wp-content\/uploads\/sites\/3\/2020\/04\/Foto-blog-Fundacio-Eseve.jpg","contentUrl":"https:\/\/diarisanitat.cat\/fundacio-dr-antoni-esteve\/wp-content\/uploads\/sites\/3\/2020\/04\/Foto-blog-Fundacio-Eseve.jpg","width":1242,"height":703},{"@type":"BreadcrumbList","@id":"https:\/\/diarisanitat.cat\/fundacio-dr-antoni-esteve\/2020\/04\/09\/la-fundacio-dr-antoni-esteve-potencia-la-seva-oferta-a-internet-durant-el-confinament\/#breadcrumb","itemListElement":[{"@type":"ListItem","position":1,"name":"Portada","item":"https:\/\/diarisanitat.cat\/fundacio-dr-antoni-esteve\/"},{"@type":"ListItem","position":2,"name":"La Fundaci\u00f3 Dr. Antoni Esteve potencia la seva oferta a internet durant el confinament"}]},{"@type":"WebSite","@id":"https:\/\/diarisanitat.cat\/fundacio-dr-antoni-esteve\/#website","url":"https:\/\/diarisanitat.cat\/fundacio-dr-antoni-esteve\/","name":"Fundaci\u00f3 Dr. Antoni Esteve","description":"","potentialAction":[{"@type":"SearchAction","target":{"@type":"EntryPoint","urlTemplate":"https:\/\/diarisanitat.cat\/fundacio-dr-antoni-esteve\/?s={search_term_string}"},"query-input":{"@type":"PropertyValueSpecification","valueRequired":true,"valueName":"search_term_string"}}],"inLanguage":"ca"},{"@type":"Person","@id":"https:\/\/diarisanitat.cat\/fundacio-dr-antoni-esteve\/#\/schema\/person\/f2cd3dfa0d37e8a340f60898dfc6e2be","name":"Pol Morales Vidal","image":{"@type":"ImageObject","inLanguage":"ca","@id":"https:\/\/secure.gravatar.com\/avatar\/8690d7a509c6000630c5cccdd67dcfc93b1cf213952072632ae22ec306a9084d?s=96&d=mm&r=g","url":"https:\/\/secure.gravatar.com\/avatar\/8690d7a509c6000630c5cccdd67dcfc93b1cf213952072632ae22ec306a9084d?s=96&d=mm&r=g","contentUrl":"https:\/\/secure.gravatar.com\/avatar\/8690d7a509c6000630c5cccdd67dcfc93b1cf213952072632ae22ec306a9084d?s=96&d=mm&r=g","caption":"Pol Morales Vidal"},"url":"https:\/\/diarisanitat.cat\/fundacio-dr-antoni-esteve\/author\/polmoralesvidal\/"}]}},"_links":{"self":[{"href":"https:\/\/diarisanitat.cat\/fundacio-dr-antoni-esteve\/wp-json\/wp\/v2\/posts\/29","targetHints":{"allow":["GET"]}}],"collection":[{"href":"https:\/\/diarisanitat.cat\/fundacio-dr-antoni-esteve\/wp-json\/wp\/v2\/posts"}],"about":[{"href":"https:\/\/diarisanitat.cat\/fundacio-dr-antoni-esteve\/wp-json\/wp\/v2\/types\/post"}],"author":[{"embeddable":true,"href":"https:\/\/diarisanitat.cat\/fundacio-dr-antoni-esteve\/wp-json\/wp\/v2\/users\/353"}],"replies":[{"embeddable":true,"href":"https:\/\/diarisanitat.cat\/fundacio-dr-antoni-esteve\/wp-json\/wp\/v2\/comments?post=29"}],"version-history":[{"count":0,"href":"https:\/\/diarisanitat.cat\/fundacio-dr-antoni-esteve\/wp-json\/wp\/v2\/posts\/29\/revisions"}],"wp:featuredmedia":[{"embeddable":true,"href":"https:\/\/diarisanitat.cat\/fundacio-dr-antoni-esteve\/wp-json\/wp\/v2\/media\/11"}],"wp:attachment":[{"href":"https:\/\/diarisanitat.cat\/fundacio-dr-antoni-esteve\/wp-json\/wp\/v2\/media?parent=29"}],"wp:term":[{"taxonomy":"category","embeddable":true,"href":"https:\/\/diarisanitat.cat\/fundacio-dr-antoni-esteve\/wp-json\/wp\/v2\/categories?post=29"},{"taxonomy":"post_tag","embeddable":true,"href":"https:\/\/diarisanitat.cat\/fundacio-dr-antoni-esteve\/wp-json\/wp\/v2\/tags?post=29"},{"taxonomy":"tipo","embeddable":true,"href":"https:\/\/diarisanitat.cat\/fundacio-dr-antoni-esteve\/wp-json\/wp\/v2\/tipo?post=29"}],"curies":[{"name":"wp","href":"https:\/\/api.w.org\/{rel}","templated":true}]}}