{"id":50,"date":"2020-08-20T06:35:00","date_gmt":"2020-08-20T06:35:00","guid":{"rendered":"http:\/\/diarisanitat.cat\/fundacio-dr-antoni-esteve\/?p=50"},"modified":"2024-03-24T15:52:47","modified_gmt":"2024-03-24T14:52:47","slug":"on-son-les-dones-cientifiques","status":"publish","type":"post","link":"https:\/\/diarisanitat.cat\/fundacio-dr-antoni-esteve\/2020\/08\/20\/on-son-les-dones-cientifiques\/","title":{"rendered":"On s\u00f3n les dones cient\u00edfiques?"},"content":{"rendered":"<p><span style=\"color: #000000\"><span lang=\"ca-ES\">Any 2004. Nom\u00e9s el 13% dels catedr\u00e0tics de les universitats espanyoles eren dones, tot i que representaven el 59% del total de llicenciats. Han passat 16 anys des de que la Fundaci\u00f3 Dr. Antoni Esteve i l\u2019<a href=\"http:\/\/www.bioeticayderecho.ub.edu\/\">Observatori de Bio\u00e8tica i Dret<\/a> de la Universitat de Barcelona van presentar dades tan demolidores com aquesta en el document <\/span><a href=\"https:\/\/www.esteve.org\/capitulos\/mujeres-y-ciencia\/\"><span lang=\"ca-ES\"><i>Dones i ci\u00e8ncia<\/i><\/span><\/a><span lang=\"ca-ES\"> i no sembla que la situaci\u00f3 hagi millorat gaire. L\u2019\u00faltim informe <\/span><a href=\"https:\/\/www.ciencia.gob.es\/stfls\/MICINN\/Ministerio\/FICHEROS\/UMYC\/Cientificas_cifras_2017.pdf\"><span lang=\"ca-ES\"><i>Cient\u00edficas en cifras de 2017<\/i><\/span><\/a><span lang=\"ca-ES\">, per exemple, situa en el 21% el percentatge de catedr\u00e0tiques. Un augment irrisori que es fa visible en moltes altres esferes, com \u00e9s el cas de la visibilitat de les dones cient\u00edfiques en els mitjans de comunicaci\u00f3. <\/span><\/span><\/p>\n<p><span style=\"color: #000000\"><span lang=\"ca-ES\">Nom\u00e9s cal fer mem\u00f2ria immediata dels noms que han estat al capdavant de la comunicaci\u00f3 durant la pand\u00e8mia de COVID-19. Tret de casos concrets, com el de la vir\u00f2loga Margarita del Val, la majoria d\u2019experts que han aparegut en els mitjans de comunicaci\u00f3 per tractar de donar una resposta cient\u00edfica a aquesta crisi sanit\u00e0ria sense precedents han estat homes. No \u00e9s un fet casual. En l\u2019agenda dels professionals de la informaci\u00f3 predominen els cient\u00edfics, en mascul\u00ed, tal i com va revelar <a href=\"https:\/\/www.esteve.org\/libros\/la-visibilidad-de-las-cientificas-espanolas\/\">l\u2019\u00faltim estudi elaborat pel <\/a><\/span><a href=\"https:\/\/www.esteve.org\/libros\/la-visibilidad-de-las-cientificas-espanolas\/\"><span lang=\"ca-ES\"><i>Grupo de Estudios Avanzados de Comunicaci\u00f3n<\/i><\/span><span lang=\"ca-ES\"> de la Universitat Rey Juan Carlos amb la Fundaci\u00f3 Dr. Antoni Esteve<\/span><\/a><span lang=\"ca-ES\">. Dels 2.077 experts que es van referenciar en els textos sobre ci\u00e8ncia publicats per <\/span><span lang=\"ca-ES\"><i>El Pa\u00eds <\/i><\/span><span lang=\"ca-ES\">i <\/span><span lang=\"ca-ES\"><i>La Vanguardia<\/i><\/span><span lang=\"ca-ES\"> el 2016, 1.589 eren homes (76,51%) i 488 dones (23,49%). En altres paraules, les fonts cient\u00edfiques masculines citades per la premsa espanyola de refer\u00e8ncia tripliquen en nombre a les femenines.<\/span><\/span><\/p>\n<blockquote><p><span style=\"color: #000000\"><span lang=\"ca-ES\">Dels 2.077 experts que es van referenciar en els textos sobre ci\u00e8ncia publicats per <\/span><span lang=\"ca-ES\"><i>El Pa\u00eds <\/i><\/span><span lang=\"ca-ES\">i <\/span><span lang=\"ca-ES\"><i>La Vanguardia<\/i><\/span><span lang=\"ca-ES\"> el 2016, 1.589 eren homes (76,51%) i 488 dones (23,49%). <\/span><\/span><\/p><\/blockquote>\n<p><span style=\"color: #000000\"><span lang=\"ca-ES\">L\u2019estudi <\/span><span lang=\"ca-ES\"><i>La visibilidad de las cient\u00edficas espa\u00f1olas<\/i><\/span><span lang=\"ca-ES\">, dirigit pel professor Pablo Francescutti, tamb\u00e9 analitza un petit detall a simple vista per\u00f2 que esdev\u00e9 un altre important par\u00e0metre de visibilitat: les fotografies que il\u00b7lustren els textos period\u00edstics. En els retrats de cient\u00edfics i en les fotos dels equips de recerca, la pres\u00e8ncia masculina tamb\u00e9 triplica a la femenina. La desigualtat \u00e9s encara m\u00e9s not\u00f2ria a les necrol\u00f2giques, un g\u00e8nere que permet posar en valor les contribucions d\u2019investigadors recentment morts: les cient\u00edfiques que van mer\u00e8ixer un obituari no van arribar al 6% del total.<\/span><\/span><\/p>\n<p><span style=\"color: #000000\"><span lang=\"ca-ES\">Aquestes discrep\u00e0ncies guarden relaci\u00f3 amb el repartiment desigual del treball a les redaccions, ja que la majoria de textos publicats foren elaborats per periodistes homes (sobre un total de 1.912 articles, 1.088 els firmaven homes mentre que nom\u00e9s 416 eren d\u2019autoria femenina). Interessa ressaltar que les redactores tendien a citar cient\u00edfiques amb m\u00e9s freq\u00fc\u00e8ncia (el 34% de les fonts cient\u00edfiques en els seus textos eren cient\u00edfiques) que els redactors (nom\u00e9s el 20% de les seves fonts expertes eren investigadores).<\/span><\/span><\/p>\n<p><span style=\"color: #000000\"><span lang=\"ca-ES\">L\u2019estudi s\u2019est\u00e9n a les revistes de moda i bellesa perqu\u00e8, a difer\u00e8ncia de la premsa \u2013consumida per un p\u00fablic eminentment mascul\u00ed-, apel\u00b7len a una audi\u00e8ncia femenina. L\u2019an\u00e0lisi de les edicions de <\/span><span lang=\"ca-ES\"><i>Telva<\/i><\/span><span lang=\"ca-ES\"> i <\/span><span lang=\"ca-ES\"><i>Elle<\/i><\/span><span lang=\"ca-ES\"> del 2016 posa en relleu la manca de continguts cient\u00edfics en les seves p\u00e0gines, la majoria relacionats amb el benestar i la bellesa, i la resta amb patologies ginecol\u00f2giques, aven\u00e7os en nutrici\u00f3 i distincions a investigadores. Al contrari que amb els diaris, aqu\u00ed prevalen les fonts femenines (62% del total). Per\u00f2 aquesta feminitzaci\u00f3 es veu entelada pel fet que, en el 72,7% dels casos, les expertes no van ser interpel\u00b7lades com autores de troballes o innovacions sin\u00f3 per comentar conceptes o l\u2019estat del coneixement en la seva \u00e0rea.<\/span><\/span><\/p>\n<blockquote><p><span style=\"color: #000000\"><span lang=\"ca-ES\"><i>Naukas<\/i><\/span><span lang=\"ca-ES\">, plataforma digital que aglutina un gran nombre de comunicadores espanyoles de la ci\u00e8ncia, comptava amb 124 col\u00b7laboradors, dels quals 25 eren cient\u00edfiques<\/span><\/span><\/p><\/blockquote>\n<p><span style=\"color: #000000\"><span lang=\"ca-ES\">Si els anteriors apartats es refereixen a la visibilitat passiva, \u00e9s a dir, a la pres\u00e8ncia que atorguen els mitjans a les cient\u00edfiques, la blogosfera va permetre quantificar la visibilitat activa: la recerca de projecci\u00f3 p\u00fablica per part de les pr\u00f2pies investigadores. <\/span><span lang=\"ca-ES\"><i>Naukas<\/i><\/span><span lang=\"ca-ES\">, plataforma digital que aglutina un gran nombre de comunicadores espanyoles de la ci\u00e8ncia, comptava amb 124 col\u00b7laboradors, dels quals 25 eren cient\u00edfiques. El portal <\/span><span lang=\"ca-ES\"><i>Scilogs<\/i><\/span><span lang=\"ca-ES\"> acollia 39 blocaires, dels quals nom\u00e9s quatre eren dones. I en els blocs allotjats a la plataforma <\/span><span lang=\"ca-ES\"><i>Madri+d<\/i><\/span><span lang=\"ca-ES\"> de la Comunitat de Madrid, de 108 registrats nom\u00e9s onze els gestionaven investigadores.<\/span><\/span><\/p>\n<p><span style=\"color: #000000\"><span lang=\"ca-ES\">Davant d\u2019aquesta invisibilitat de les dones cient\u00edfiques i despr\u00e9s d\u2019organitzar un <a href=\"https:\/\/www.esteve.org\/open_activities\/debate-visibilidad-cientifica\/\">debat sobre periodisme cient\u00edfic al respecte<\/a>, la Fundaci\u00f3 Dr. Antoni Esteve va decidir donar suport a dues iniciatives amb mitjans de comunicaci\u00f3 que van n\u00e9ixer amb l\u2019objectiu d\u2019ampliar els noms de dones en l\u2019agenda medi\u00e0tica. Per una banda, el 2018 es posava en marxa amb <\/span><span lang=\"ca-ES\"><i>El Pa\u00eds<\/i><\/span><span lang=\"ca-ES\"> el consultori <\/span><a href=\"https:\/\/www.esteve.org\/publicaciones\/nosotras-respondemos\/\"><span lang=\"ca-ES\"><i>Nosotras respondemos<\/i><\/span><\/a><span lang=\"ca-ES\">, en col\u00b7laboraci\u00f3 amb la <a href=\"https:\/\/www.amit-es.org\/\">Asociaci\u00f3n de Mujeres Investigadoras y Tecn\u00f3logas<\/a>. Des d\u2019aleshores, cada setmana una cient\u00edfica d\u00f3na resposta a una q\u00fcesti\u00f3 que plantegen els lectors i lectores del diari a trav\u00e9s del correu electr\u00f2nic o les xarxes socials. M\u00e9s de 100 articles de divulgaci\u00f3 cient\u00edfica elaborats exclusivament per cient\u00edfiques espanyoles i que no nom\u00e9s donen a con\u00e8ixer la seva tasca professional sin\u00f3 tamb\u00e9 la dels centres de recerca en qu\u00e8 treballen. <\/span><\/span><\/p>\n<p><span style=\"color: #000000\"><span lang=\"ca-ES\">Per altra banda, tamb\u00e9 el 2018, i coincidint amb el Dia Internacional de la Dona, la Fundaci\u00f3 Dr. Antoni Esteve i <\/span><span lang=\"ca-ES\"><i>El Peri\u00f3dico<\/i><\/span><span lang=\"ca-ES\"> van obrir la <\/span><a href=\"https:\/\/www.esteve.org\/publicaciones\/red-cientificas-comunicadoras\/\"><span lang=\"ca-ES\"><i>Xarxa de Cient\u00edfiques Comunicadores<\/i><\/span><\/a><span lang=\"ca-ES\">, mitjan\u00e7ant la integraci\u00f3 de quinze expertes de l\u2019\u00e0mbit iberoameric\u00e0 entre les firmes d\u2019opini\u00f3 del diari. L\u2019objectiu d\u2019aquesta altra iniciativa ha estat potenciar la participaci\u00f3 de les investigadores en el debat p\u00fablic i incrementar la seva pres\u00e8ncia a la premsa. Des d\u2019aleshores, el rotatiu ha publicat 85 articles que han perm\u00e8s con\u00e8ixer noves autores i consolidar-ne unes altres. Dos projectes consolidats, que van sorgir com a demanda d\u2019un estudi i una jornada de debat, i que volen contribuir en la millora de la visibilitat de les dones cient\u00edfiques. <\/span><\/span><\/p>\n","protected":false},"excerpt":{"rendered":"<p>Any 2004. Nom\u00e9s el 13% dels catedr\u00e0tics de les universitats espanyoles eren dones, tot i que representaven el 59% del total de llicenciats. Han passat 16 anys des de que la Fundaci\u00f3 Dr. Antoni Esteve i l\u2019Observatori de Bio\u00e8tica i Dret de la Universitat de Barcelona van presentar dades tan demolidores com aquesta en el<\/p>\n","protected":false},"author":356,"featured_media":52,"comment_status":"open","ping_status":"open","sticky":false,"template":"","format":"standard","meta":{"_acf_changed":false,"footnotes":""},"categories":[2],"tags":[3],"tipo":[22],"class_list":{"0":"post-50","1":"post","2":"type-post","3":"status-publish","4":"format-standard","5":"has-post-thumbnail","7":"category-uncategorized","8":"tag-dones-i-ciencia","9":"tipo-analisi"},"acf":[],"yoast_head":"<!-- This site is optimized with the Yoast SEO plugin v27.5 - https:\/\/yoast.com\/product\/yoast-seo-wordpress\/ -->\n<title>On s\u00f3n les dones cient\u00edfiques? - Fundaci\u00f3 Dr. Antoni Esteve<\/title>\n<meta name=\"robots\" content=\"index, follow, max-snippet:-1, max-image-preview:large, max-video-preview:-1\" \/>\n<link rel=\"canonical\" href=\"https:\/\/diarisanitat.cat\/fundacio-dr-antoni-esteve\/2020\/08\/20\/on-son-les-dones-cientifiques\/\" \/>\n<meta property=\"og:locale\" content=\"ca_ES\" \/>\n<meta property=\"og:type\" content=\"article\" \/>\n<meta property=\"og:title\" content=\"On s\u00f3n les dones cient\u00edfiques? - Fundaci\u00f3 Dr. Antoni Esteve\" \/>\n<meta property=\"og:description\" content=\"Any 2004. Nom\u00e9s el 13% dels catedr\u00e0tics de les universitats espanyoles eren dones, tot i que representaven el 59% del total de llicenciats. Han passat 16 anys des de que la Fundaci\u00f3 Dr. Antoni Esteve i l\u2019Observatori de Bio\u00e8tica i Dret de la Universitat de Barcelona van presentar dades tan demolidores com aquesta en el\" \/>\n<meta property=\"og:url\" content=\"https:\/\/diarisanitat.cat\/fundacio-dr-antoni-esteve\/2020\/08\/20\/on-son-les-dones-cientifiques\/\" \/>\n<meta property=\"og:site_name\" content=\"Fundaci\u00f3 Dr. Antoni Esteve\" \/>\n<meta property=\"article:published_time\" content=\"2020-08-20T06:35:00+00:00\" \/>\n<meta property=\"article:modified_time\" content=\"2024-03-24T14:52:47+00:00\" \/>\n<meta property=\"og:image\" content=\"https:\/\/diarisanitat.cat\/fundacio-dr-antoni-esteve\/wp-content\/uploads\/sites\/3\/2020\/08\/iStock-1012405368.jpg\" \/>\n\t<meta property=\"og:image:width\" content=\"2120\" \/>\n\t<meta property=\"og:image:height\" content=\"1414\" \/>\n\t<meta property=\"og:image:type\" content=\"image\/jpeg\" \/>\n<meta name=\"author\" content=\"Pol Morales\" \/>\n<meta name=\"twitter:card\" content=\"summary_large_image\" \/>\n<meta name=\"twitter:label1\" content=\"Escrit per\" \/>\n\t<meta name=\"twitter:data1\" content=\"Pol Morales\" \/>\n\t<meta name=\"twitter:label2\" content=\"Temps estimat de lectura\" \/>\n\t<meta name=\"twitter:data2\" content=\"5 minuts\" \/>\n<script type=\"application\/ld+json\" class=\"yoast-schema-graph\">{\"@context\":\"https:\\\/\\\/schema.org\",\"@graph\":[{\"@type\":\"Article\",\"@id\":\"https:\\\/\\\/diarisanitat.cat\\\/fundacio-dr-antoni-esteve\\\/2020\\\/08\\\/20\\\/on-son-les-dones-cientifiques\\\/#article\",\"isPartOf\":{\"@id\":\"https:\\\/\\\/diarisanitat.cat\\\/fundacio-dr-antoni-esteve\\\/2020\\\/08\\\/20\\\/on-son-les-dones-cientifiques\\\/\"},\"author\":{\"name\":\"Pol Morales\",\"@id\":\"https:\\\/\\\/diarisanitat.cat\\\/fundacio-dr-antoni-esteve\\\/#\\\/schema\\\/person\\\/a1687300e23b0ac2ab84495a03182823\"},\"headline\":\"On s\u00f3n les dones cient\u00edfiques?\",\"datePublished\":\"2020-08-20T06:35:00+00:00\",\"dateModified\":\"2024-03-24T14:52:47+00:00\",\"mainEntityOfPage\":{\"@id\":\"https:\\\/\\\/diarisanitat.cat\\\/fundacio-dr-antoni-esteve\\\/2020\\\/08\\\/20\\\/on-son-les-dones-cientifiques\\\/\"},\"wordCount\":1046,\"commentCount\":0,\"image\":{\"@id\":\"https:\\\/\\\/diarisanitat.cat\\\/fundacio-dr-antoni-esteve\\\/2020\\\/08\\\/20\\\/on-son-les-dones-cientifiques\\\/#primaryimage\"},\"thumbnailUrl\":\"https:\\\/\\\/diarisanitat.cat\\\/fundacio-dr-antoni-esteve\\\/wp-content\\\/uploads\\\/sites\\\/3\\\/2020\\\/08\\\/iStock-1012405368.jpg\",\"keywords\":[\"Dones i ci\u00e8ncia\"],\"articleSection\":[\"Uncategorized\"],\"inLanguage\":\"ca\",\"potentialAction\":[{\"@type\":\"CommentAction\",\"name\":\"Comment\",\"target\":[\"https:\\\/\\\/diarisanitat.cat\\\/fundacio-dr-antoni-esteve\\\/2020\\\/08\\\/20\\\/on-son-les-dones-cientifiques\\\/#respond\"]}]},{\"@type\":\"WebPage\",\"@id\":\"https:\\\/\\\/diarisanitat.cat\\\/fundacio-dr-antoni-esteve\\\/2020\\\/08\\\/20\\\/on-son-les-dones-cientifiques\\\/\",\"url\":\"https:\\\/\\\/diarisanitat.cat\\\/fundacio-dr-antoni-esteve\\\/2020\\\/08\\\/20\\\/on-son-les-dones-cientifiques\\\/\",\"name\":\"On s\u00f3n les dones cient\u00edfiques? - Fundaci\u00f3 Dr. Antoni Esteve\",\"isPartOf\":{\"@id\":\"https:\\\/\\\/diarisanitat.cat\\\/fundacio-dr-antoni-esteve\\\/#website\"},\"primaryImageOfPage\":{\"@id\":\"https:\\\/\\\/diarisanitat.cat\\\/fundacio-dr-antoni-esteve\\\/2020\\\/08\\\/20\\\/on-son-les-dones-cientifiques\\\/#primaryimage\"},\"image\":{\"@id\":\"https:\\\/\\\/diarisanitat.cat\\\/fundacio-dr-antoni-esteve\\\/2020\\\/08\\\/20\\\/on-son-les-dones-cientifiques\\\/#primaryimage\"},\"thumbnailUrl\":\"https:\\\/\\\/diarisanitat.cat\\\/fundacio-dr-antoni-esteve\\\/wp-content\\\/uploads\\\/sites\\\/3\\\/2020\\\/08\\\/iStock-1012405368.jpg\",\"datePublished\":\"2020-08-20T06:35:00+00:00\",\"dateModified\":\"2024-03-24T14:52:47+00:00\",\"author\":{\"@id\":\"https:\\\/\\\/diarisanitat.cat\\\/fundacio-dr-antoni-esteve\\\/#\\\/schema\\\/person\\\/a1687300e23b0ac2ab84495a03182823\"},\"breadcrumb\":{\"@id\":\"https:\\\/\\\/diarisanitat.cat\\\/fundacio-dr-antoni-esteve\\\/2020\\\/08\\\/20\\\/on-son-les-dones-cientifiques\\\/#breadcrumb\"},\"inLanguage\":\"ca\",\"potentialAction\":[{\"@type\":\"ReadAction\",\"target\":[\"https:\\\/\\\/diarisanitat.cat\\\/fundacio-dr-antoni-esteve\\\/2020\\\/08\\\/20\\\/on-son-les-dones-cientifiques\\\/\"]}]},{\"@type\":\"ImageObject\",\"inLanguage\":\"ca\",\"@id\":\"https:\\\/\\\/diarisanitat.cat\\\/fundacio-dr-antoni-esteve\\\/2020\\\/08\\\/20\\\/on-son-les-dones-cientifiques\\\/#primaryimage\",\"url\":\"https:\\\/\\\/diarisanitat.cat\\\/fundacio-dr-antoni-esteve\\\/wp-content\\\/uploads\\\/sites\\\/3\\\/2020\\\/08\\\/iStock-1012405368.jpg\",\"contentUrl\":\"https:\\\/\\\/diarisanitat.cat\\\/fundacio-dr-antoni-esteve\\\/wp-content\\\/uploads\\\/sites\\\/3\\\/2020\\\/08\\\/iStock-1012405368.jpg\",\"width\":2120,\"height\":1414,\"caption\":\"| iStock\"},{\"@type\":\"BreadcrumbList\",\"@id\":\"https:\\\/\\\/diarisanitat.cat\\\/fundacio-dr-antoni-esteve\\\/2020\\\/08\\\/20\\\/on-son-les-dones-cientifiques\\\/#breadcrumb\",\"itemListElement\":[{\"@type\":\"ListItem\",\"position\":1,\"name\":\"Portada\",\"item\":\"https:\\\/\\\/diarisanitat.cat\\\/fundacio-dr-antoni-esteve\\\/\"},{\"@type\":\"ListItem\",\"position\":2,\"name\":\"On s\u00f3n les dones cient\u00edfiques?\"}]},{\"@type\":\"WebSite\",\"@id\":\"https:\\\/\\\/diarisanitat.cat\\\/fundacio-dr-antoni-esteve\\\/#website\",\"url\":\"https:\\\/\\\/diarisanitat.cat\\\/fundacio-dr-antoni-esteve\\\/\",\"name\":\"Fundaci\u00f3 Dr. Antoni Esteve\",\"description\":\"\",\"potentialAction\":[{\"@type\":\"SearchAction\",\"target\":{\"@type\":\"EntryPoint\",\"urlTemplate\":\"https:\\\/\\\/diarisanitat.cat\\\/fundacio-dr-antoni-esteve\\\/?s={search_term_string}\"},\"query-input\":{\"@type\":\"PropertyValueSpecification\",\"valueRequired\":true,\"valueName\":\"search_term_string\"}}],\"inLanguage\":\"ca\"},{\"@type\":\"Person\",\"@id\":\"https:\\\/\\\/diarisanitat.cat\\\/fundacio-dr-antoni-esteve\\\/#\\\/schema\\\/person\\\/a1687300e23b0ac2ab84495a03182823\",\"name\":\"Pol Morales\",\"image\":{\"@type\":\"ImageObject\",\"inLanguage\":\"ca\",\"@id\":\"https:\\\/\\\/secure.gravatar.com\\\/avatar\\\/6c5799ee792676e22d7558d1f109ddf8098905c75b14bcf15d23ecb7f422b189?s=96&d=mm&r=g\",\"url\":\"https:\\\/\\\/secure.gravatar.com\\\/avatar\\\/6c5799ee792676e22d7558d1f109ddf8098905c75b14bcf15d23ecb7f422b189?s=96&d=mm&r=g\",\"contentUrl\":\"https:\\\/\\\/secure.gravatar.com\\\/avatar\\\/6c5799ee792676e22d7558d1f109ddf8098905c75b14bcf15d23ecb7f422b189?s=96&d=mm&r=g\",\"caption\":\"Pol Morales\"},\"url\":\"https:\\\/\\\/diarisanitat.cat\\\/fundacio-dr-antoni-esteve\\\/author\\\/pmorales\\\/\"}]}<\/script>\n<!-- \/ Yoast SEO plugin. -->","yoast_head_json":{"title":"On s\u00f3n les dones cient\u00edfiques? - Fundaci\u00f3 Dr. Antoni Esteve","robots":{"index":"index","follow":"follow","max-snippet":"max-snippet:-1","max-image-preview":"max-image-preview:large","max-video-preview":"max-video-preview:-1"},"canonical":"https:\/\/diarisanitat.cat\/fundacio-dr-antoni-esteve\/2020\/08\/20\/on-son-les-dones-cientifiques\/","og_locale":"ca_ES","og_type":"article","og_title":"On s\u00f3n les dones cient\u00edfiques? - Fundaci\u00f3 Dr. Antoni Esteve","og_description":"Any 2004. Nom\u00e9s el 13% dels catedr\u00e0tics de les universitats espanyoles eren dones, tot i que representaven el 59% del total de llicenciats. Han passat 16 anys des de que la Fundaci\u00f3 Dr. Antoni Esteve i l\u2019Observatori de Bio\u00e8tica i Dret de la Universitat de Barcelona van presentar dades tan demolidores com aquesta en el","og_url":"https:\/\/diarisanitat.cat\/fundacio-dr-antoni-esteve\/2020\/08\/20\/on-son-les-dones-cientifiques\/","og_site_name":"Fundaci\u00f3 Dr. Antoni Esteve","article_published_time":"2020-08-20T06:35:00+00:00","article_modified_time":"2024-03-24T14:52:47+00:00","og_image":[{"width":2120,"height":1414,"url":"https:\/\/diarisanitat.cat\/fundacio-dr-antoni-esteve\/wp-content\/uploads\/sites\/3\/2020\/08\/iStock-1012405368.jpg","type":"image\/jpeg"}],"author":"Pol Morales","twitter_card":"summary_large_image","twitter_misc":{"Escrit per":"Pol Morales","Temps estimat de lectura":"5 minuts"},"schema":{"@context":"https:\/\/schema.org","@graph":[{"@type":"Article","@id":"https:\/\/diarisanitat.cat\/fundacio-dr-antoni-esteve\/2020\/08\/20\/on-son-les-dones-cientifiques\/#article","isPartOf":{"@id":"https:\/\/diarisanitat.cat\/fundacio-dr-antoni-esteve\/2020\/08\/20\/on-son-les-dones-cientifiques\/"},"author":{"name":"Pol Morales","@id":"https:\/\/diarisanitat.cat\/fundacio-dr-antoni-esteve\/#\/schema\/person\/a1687300e23b0ac2ab84495a03182823"},"headline":"On s\u00f3n les dones cient\u00edfiques?","datePublished":"2020-08-20T06:35:00+00:00","dateModified":"2024-03-24T14:52:47+00:00","mainEntityOfPage":{"@id":"https:\/\/diarisanitat.cat\/fundacio-dr-antoni-esteve\/2020\/08\/20\/on-son-les-dones-cientifiques\/"},"wordCount":1046,"commentCount":0,"image":{"@id":"https:\/\/diarisanitat.cat\/fundacio-dr-antoni-esteve\/2020\/08\/20\/on-son-les-dones-cientifiques\/#primaryimage"},"thumbnailUrl":"https:\/\/diarisanitat.cat\/fundacio-dr-antoni-esteve\/wp-content\/uploads\/sites\/3\/2020\/08\/iStock-1012405368.jpg","keywords":["Dones i ci\u00e8ncia"],"articleSection":["Uncategorized"],"inLanguage":"ca","potentialAction":[{"@type":"CommentAction","name":"Comment","target":["https:\/\/diarisanitat.cat\/fundacio-dr-antoni-esteve\/2020\/08\/20\/on-son-les-dones-cientifiques\/#respond"]}]},{"@type":"WebPage","@id":"https:\/\/diarisanitat.cat\/fundacio-dr-antoni-esteve\/2020\/08\/20\/on-son-les-dones-cientifiques\/","url":"https:\/\/diarisanitat.cat\/fundacio-dr-antoni-esteve\/2020\/08\/20\/on-son-les-dones-cientifiques\/","name":"On s\u00f3n les dones cient\u00edfiques? - Fundaci\u00f3 Dr. Antoni Esteve","isPartOf":{"@id":"https:\/\/diarisanitat.cat\/fundacio-dr-antoni-esteve\/#website"},"primaryImageOfPage":{"@id":"https:\/\/diarisanitat.cat\/fundacio-dr-antoni-esteve\/2020\/08\/20\/on-son-les-dones-cientifiques\/#primaryimage"},"image":{"@id":"https:\/\/diarisanitat.cat\/fundacio-dr-antoni-esteve\/2020\/08\/20\/on-son-les-dones-cientifiques\/#primaryimage"},"thumbnailUrl":"https:\/\/diarisanitat.cat\/fundacio-dr-antoni-esteve\/wp-content\/uploads\/sites\/3\/2020\/08\/iStock-1012405368.jpg","datePublished":"2020-08-20T06:35:00+00:00","dateModified":"2024-03-24T14:52:47+00:00","author":{"@id":"https:\/\/diarisanitat.cat\/fundacio-dr-antoni-esteve\/#\/schema\/person\/a1687300e23b0ac2ab84495a03182823"},"breadcrumb":{"@id":"https:\/\/diarisanitat.cat\/fundacio-dr-antoni-esteve\/2020\/08\/20\/on-son-les-dones-cientifiques\/#breadcrumb"},"inLanguage":"ca","potentialAction":[{"@type":"ReadAction","target":["https:\/\/diarisanitat.cat\/fundacio-dr-antoni-esteve\/2020\/08\/20\/on-son-les-dones-cientifiques\/"]}]},{"@type":"ImageObject","inLanguage":"ca","@id":"https:\/\/diarisanitat.cat\/fundacio-dr-antoni-esteve\/2020\/08\/20\/on-son-les-dones-cientifiques\/#primaryimage","url":"https:\/\/diarisanitat.cat\/fundacio-dr-antoni-esteve\/wp-content\/uploads\/sites\/3\/2020\/08\/iStock-1012405368.jpg","contentUrl":"https:\/\/diarisanitat.cat\/fundacio-dr-antoni-esteve\/wp-content\/uploads\/sites\/3\/2020\/08\/iStock-1012405368.jpg","width":2120,"height":1414,"caption":"| iStock"},{"@type":"BreadcrumbList","@id":"https:\/\/diarisanitat.cat\/fundacio-dr-antoni-esteve\/2020\/08\/20\/on-son-les-dones-cientifiques\/#breadcrumb","itemListElement":[{"@type":"ListItem","position":1,"name":"Portada","item":"https:\/\/diarisanitat.cat\/fundacio-dr-antoni-esteve\/"},{"@type":"ListItem","position":2,"name":"On s\u00f3n les dones cient\u00edfiques?"}]},{"@type":"WebSite","@id":"https:\/\/diarisanitat.cat\/fundacio-dr-antoni-esteve\/#website","url":"https:\/\/diarisanitat.cat\/fundacio-dr-antoni-esteve\/","name":"Fundaci\u00f3 Dr. Antoni Esteve","description":"","potentialAction":[{"@type":"SearchAction","target":{"@type":"EntryPoint","urlTemplate":"https:\/\/diarisanitat.cat\/fundacio-dr-antoni-esteve\/?s={search_term_string}"},"query-input":{"@type":"PropertyValueSpecification","valueRequired":true,"valueName":"search_term_string"}}],"inLanguage":"ca"},{"@type":"Person","@id":"https:\/\/diarisanitat.cat\/fundacio-dr-antoni-esteve\/#\/schema\/person\/a1687300e23b0ac2ab84495a03182823","name":"Pol Morales","image":{"@type":"ImageObject","inLanguage":"ca","@id":"https:\/\/secure.gravatar.com\/avatar\/6c5799ee792676e22d7558d1f109ddf8098905c75b14bcf15d23ecb7f422b189?s=96&d=mm&r=g","url":"https:\/\/secure.gravatar.com\/avatar\/6c5799ee792676e22d7558d1f109ddf8098905c75b14bcf15d23ecb7f422b189?s=96&d=mm&r=g","contentUrl":"https:\/\/secure.gravatar.com\/avatar\/6c5799ee792676e22d7558d1f109ddf8098905c75b14bcf15d23ecb7f422b189?s=96&d=mm&r=g","caption":"Pol Morales"},"url":"https:\/\/diarisanitat.cat\/fundacio-dr-antoni-esteve\/author\/pmorales\/"}]}},"_links":{"self":[{"href":"https:\/\/diarisanitat.cat\/fundacio-dr-antoni-esteve\/wp-json\/wp\/v2\/posts\/50","targetHints":{"allow":["GET"]}}],"collection":[{"href":"https:\/\/diarisanitat.cat\/fundacio-dr-antoni-esteve\/wp-json\/wp\/v2\/posts"}],"about":[{"href":"https:\/\/diarisanitat.cat\/fundacio-dr-antoni-esteve\/wp-json\/wp\/v2\/types\/post"}],"author":[{"embeddable":true,"href":"https:\/\/diarisanitat.cat\/fundacio-dr-antoni-esteve\/wp-json\/wp\/v2\/users\/356"}],"replies":[{"embeddable":true,"href":"https:\/\/diarisanitat.cat\/fundacio-dr-antoni-esteve\/wp-json\/wp\/v2\/comments?post=50"}],"version-history":[{"count":1,"href":"https:\/\/diarisanitat.cat\/fundacio-dr-antoni-esteve\/wp-json\/wp\/v2\/posts\/50\/revisions"}],"predecessor-version":[{"id":248,"href":"https:\/\/diarisanitat.cat\/fundacio-dr-antoni-esteve\/wp-json\/wp\/v2\/posts\/50\/revisions\/248"}],"wp:featuredmedia":[{"embeddable":true,"href":"https:\/\/diarisanitat.cat\/fundacio-dr-antoni-esteve\/wp-json\/wp\/v2\/media\/52"}],"wp:attachment":[{"href":"https:\/\/diarisanitat.cat\/fundacio-dr-antoni-esteve\/wp-json\/wp\/v2\/media?parent=50"}],"wp:term":[{"taxonomy":"category","embeddable":true,"href":"https:\/\/diarisanitat.cat\/fundacio-dr-antoni-esteve\/wp-json\/wp\/v2\/categories?post=50"},{"taxonomy":"post_tag","embeddable":true,"href":"https:\/\/diarisanitat.cat\/fundacio-dr-antoni-esteve\/wp-json\/wp\/v2\/tags?post=50"},{"taxonomy":"tipo","embeddable":true,"href":"https:\/\/diarisanitat.cat\/fundacio-dr-antoni-esteve\/wp-json\/wp\/v2\/tipo?post=50"}],"curies":[{"name":"wp","href":"https:\/\/api.w.org\/{rel}","templated":true}]}}