{"id":56,"date":"2020-09-16T06:25:13","date_gmt":"2020-09-16T06:25:13","guid":{"rendered":"http:\/\/diarisanitat.cat\/fundacio-dr-antoni-esteve\/?p=56"},"modified":"2024-03-24T15:51:08","modified_gmt":"2024-03-24T14:51:08","slug":"aquesta-tardor-format-online","status":"publish","type":"post","link":"https:\/\/diarisanitat.cat\/fundacio-dr-antoni-esteve\/2020\/09\/16\/aquesta-tardor-format-online\/","title":{"rendered":"Aquesta tardor, forma\u2019t online"},"content":{"rendered":"<p>Aquest blog comen\u00e7ava amb la pand\u00e8mia i arrencava amb un <a href=\"https:\/\/silly-shirley.82-223-1-47.plesk.page\/fundacio-dr-antoni-esteve\/2020\/04\/09\/la-fundacio-dr-antoni-esteve-potencia-la-seva-oferta-a-internet-durant-el-confinament\/\" target=\"_blank\" rel=\"noopener noreferrer\">primer article<\/a> en qu\u00e8 destac\u00e0vem com la Fundaci\u00f3 Dr. Antoni Esteve s\u2019havia adequat a la nova situaci\u00f3. Com tantes altres institucions, calia fer front a una nova realitat en qu\u00e8 el distanciament social s\u2019ha hagut de pal\u00b7liar amb les noves tecnologies. Amb la incertesa del moment, els cursos presencials s\u2019han vist redu\u00efts notablement. En contrapartida, hem decidit refor\u00e7ar la nostra oferta online amb dues edicions extra dels cursos per millorar la redacci\u00f3 cient\u00edfica, en castell\u00e0 i angl\u00e8s, i amb la incorporaci\u00f3 d\u2019una altra novetat formativa mitjan\u00e7ant internet que ajudar\u00e0 a perfeccionar les presentacions cient\u00edfiques en angl\u00e8s.<\/p>\n<p>L\u2019aposta per la formaci\u00f3 en aquelles habilitats transversals que no acostumen a formar part dels estudis cient\u00edfics oficials \u00e9s un dels pilars d\u2019aquesta instituci\u00f3 sense \u00e0nim de lucre. Del nostre cat\u00e0leg de nou cursos presencials ja s\u2019han beneficiat milers de participants de tota la geografia espanyola i, fins i tot, d\u2019altres pa\u00efsos d\u2019arreu del m\u00f3n. I un dels m\u00e9s veterans, el que ja ha superat les 50 edicions des de que es va posar en marxa el 2004, \u00e9s <a href=\"https:\/\/www.esteve.org\/ca\/actividades\/cursos\/cursos-presenciales\/como-redactar-un-articulo-cientifico\/\" target=\"_blank\" rel=\"noopener noreferrer\"><em>Com redactar un article cient\u00edfic<\/em><\/a>. Esteve Fern\u00e1ndez, catedr\u00e0tic de la Universitat de Barcelona i director d\u2019epidemiologia i prevenci\u00f3 del c\u00e0ncer de l\u2019Institut Catal\u00e0 d\u2019Oncologia, i Ana Mar\u00eda Garc\u00eda, catedr\u00e0tica de medicina preventiva i salut p\u00fablica a la Universitat de Val\u00e8ncia, han estat al capdavant de gaireb\u00e9 totes les edicions presencials des del comen\u00e7ament i son tamb\u00e9 la cara visible de la seva versi\u00f3 online.<\/p>\n<p>\u00bfFins a quin punt aquest curs ajuda a millorar els coneixements, actituds i habilitats en redacci\u00f3 i publicaci\u00f3 cient\u00edfica dels seus participants? El 2018, la Fundaci\u00f3 Dr. Antoni Esteve va publicar un <a href=\"https:\/\/bmjopen.bmj.com\/content\/8\/1\/e018657\" target=\"_blank\" rel=\"noopener noreferrer\">article a la revista BMJ Open<\/a> en qu\u00e8 es mostrava la percepci\u00f3 i la satisfacci\u00f3 d\u2019aquelles persones que havien cursat alguna de les 27 edicions presencials de <em>Com redactar un article cient\u00edfic<\/em> que formaven part d\u2019aquest estudi. Els 568 participants que van emplenar l\u2019enquesta de satisfacci\u00f3 puntuaren el curs d\u2019Esteve Fern\u00e1ndez i Ana Mar\u00eda Garc\u00eda amb una mitjana de 4,6 sobre 5. Dos anys m\u00e9s tard, un segon q\u00fcestionari de seguiment que van respondre 182 participants reflectia que havien millorat els seus coneixements, actituds i habilitats en redacci\u00f3 i publicaci\u00f3 d\u2019articles cient\u00edfics gr\u00e0cies al curs.<\/p>\n<p>Ara, amb m\u00e9s de 700 participants al seu darrere, la <em><a href=\"https:\/\/www.esteve.org\/ca\/eventos\/como-redactar-un-articulo-cientifico-online-10\/?doing_wp_cron=1600168815.7632570266723632812500\" target=\"_blank\" rel=\"noopener noreferrer\">versi\u00f3 online de Com redactar un article cient\u00edfic<\/a><\/em>, obre inscripcions per a la seva desena edici\u00f3, que comen\u00e7ar\u00e0 el pr\u00f2xim 5 d\u2019octubre amb el mateix esperit que l\u2019opci\u00f3 presencial, amb una combinaci\u00f3 de teoria i pr\u00e0ctica que abordaran la redacci\u00f3 cient\u00edfica, la publicaci\u00f3 i els aspectes \u00e8tics de l\u2019edici\u00f3. A trav\u00e9s de la plataforma <a href=\"https:\/\/www.e-oncologia.org\/\" target=\"_blank\" rel=\"noopener noreferrer\">e-oncologia<\/a>, que compta amb m\u00e9s de 1.500 hores de formaci\u00f3 virtual especialitzada en salut, aquesta edici\u00f3 compta amb la col\u00b7laboraci\u00f3 del Programa de Doctorat en biomedicina, investigaci\u00f3 traslacional i noves tecnologies en salut de la Universitat de M\u00e0laga.<\/p>\n<p>Per aprofundir en les necessitats de la redacci\u00f3 cient\u00edfica en angl\u00e8s, enguany hem posat en marxa juntament amb l\u2019Escola de Doctorat de la Universitat Oberta de Catalunya UOC el curs <em><a href=\"https:\/\/www.esteve.org\/ca\/eventos\/writing-for-the-biomedical-sciences-proxima-edicion\/\" target=\"_blank\" rel=\"noopener noreferrer\">Writing for the biomedical sciences<\/a><\/em>, la primera edici\u00f3 del qual va arrencar en plena pand\u00e8mia. Degut a la bona acollida d\u2019aquesta nova proposta en l\u00ednia, acabem d\u2019obrir inscripcions per a una segona edici\u00f3 que comptar\u00e0 de nou amb els professors John Giba i Salvador Macip al capdavant.<\/p>\n<p>Si el curs en castell\u00e0 permet familiaritzar-se amb l\u2019estructura i la redacci\u00f3 d\u2019un article cient\u00edfic, en aquesta segona iniciativa no nom\u00e9s es treballa l\u2019estructura de l\u2019article cient\u00edfic sin\u00f3 que tamb\u00e9 es proporcionen eines per redactar-los d\u2019una manera correcta i adequada, partint dels principis de la redacci\u00f3 cient\u00edfica en angl\u00e8s: precisi\u00f3, simplicitat, flu\u00efdesa i concisi\u00f3. Aix\u00ed mateix, aporta un coneixement pr\u00e0ctic sobre el procediment de publicaci\u00f3 d\u2019articles cient\u00edfics. A difer\u00e8ncia d\u2019altres cursos online, cada alumne tindr\u00e0 l\u2019oportunitat d\u2019aplicar les lli\u00e7ons apreses en el seu propi manuscrit, com a part de les activitats del curs. De nou, la Fundaci\u00f3 Dr. Antoni Esteve ha ofert 15 beques per poder accedir al curs online amb bonificacions que oscil\u00b7len entre el 50% i la totalitat de l\u2019import de la matr\u00edcula.<\/p>\n<p>Per \u00faltim, i no per aix\u00f2 menys important, ens fa molta il\u00b7lusi\u00f3 obrir una tercera opci\u00f3 en l\u00ednia, amb el repte afegit de tractar-se d\u2019un dels cursos presencials amb m\u00e9s interacci\u00f3 i participaci\u00f3 amb els participants. <a href=\"https:\/\/www.esteve.org\/ca\/eventos\/how-to-improve-your-scientific-presentations-primera-edicion-en-linea\/\" target=\"_blank\" rel=\"noopener noreferrer\"><em>How to improve your scientific presentations<\/em><\/a>, que ha conduit Brian McCarthy al llarg de les seves 26 edicions, fa el salt en l\u00ednia amb la incorporaci\u00f3 d\u2019un equip de 12 coaches que garantir\u00e0 dur a terme sessions pr\u00e0ctiques amb grups redu\u00efts de 5 participants.<\/p>\n<p>Amb una combinaci\u00f3 de teoria i pr\u00e0ctica, aquest nou curs no nom\u00e9s abasta les habilitats b\u00e0siques per a parlar en p\u00fablic sin\u00f3 que tamb\u00e9 ajudar a perfilar els continguts del nostre missatge, a donar-li forma i aclarir les idees per tal de fer-lo m\u00e9s atractiu per a l\u2019audi\u00e8ncia. Definir un missatge i un objectiu centrals, establir una narraci\u00f3, fixar una bona estructura i dissenyar diapositives atractives s\u00f3n algunes de les claus per a captar i mantenir l\u2019atenci\u00f3 del p\u00fablic.<\/p>\n<p>La versi\u00f3 online de <em>How to improve your scientific presentations<\/em> tindr\u00e0 lloc del 9 al 13 de novembre de 2020, amb una sessi\u00f3 de benvinguda el 6 de novembre. L\u2019horari ser\u00e0 de les 18 a les 20.45 hores per poder incloure els estudiants de Llatinoam\u00e8rica. Les inscripcions a un preu especial de 75 euros ja estan obertes a la p\u00e0gina web de la Fundaci\u00f3 Dr. Antoni Esteve, juntament amb les altres dues opcions online que, com d\u00e8iem, busquen suplir la inevitable manca de cursos presencials d\u2019aquest any at\u00edpic. Que la formaci\u00f3 no s\u2019aturi!<\/p>\n","protected":false},"excerpt":{"rendered":"<p>Aquest blog comen\u00e7ava amb la pand\u00e8mia i arrencava amb un primer article en qu\u00e8 destac\u00e0vem com la Fundaci\u00f3 Dr. Antoni Esteve s\u2019havia adequat a la nova situaci\u00f3. Com tantes altres institucions, calia fer front a una nova realitat en qu\u00e8 el distanciament social s\u2019ha hagut de pal\u00b7liar amb les noves tecnologies. Amb la incertesa del<\/p>\n","protected":false},"author":353,"featured_media":57,"comment_status":"open","ping_status":"open","sticky":false,"template":"","format":"standard","meta":{"_acf_changed":false,"footnotes":""},"categories":[2],"tags":[],"tipo":[20],"class_list":{"0":"post-56","1":"post","2":"type-post","3":"status-publish","4":"format-standard","5":"has-post-thumbnail","7":"category-uncategorized","8":"tipo-actualitat"},"acf":[],"yoast_head":"<!-- This site is optimized with the Yoast SEO plugin v27.5 - https:\/\/yoast.com\/product\/yoast-seo-wordpress\/ -->\n<title>Aquesta tardor, forma\u2019t online - Fundaci\u00f3 Dr. Antoni Esteve<\/title>\n<meta name=\"robots\" content=\"index, follow, max-snippet:-1, max-image-preview:large, max-video-preview:-1\" \/>\n<link rel=\"canonical\" href=\"https:\/\/diarisanitat.cat\/fundacio-dr-antoni-esteve\/2020\/09\/16\/aquesta-tardor-format-online\/\" \/>\n<meta property=\"og:locale\" content=\"ca_ES\" \/>\n<meta property=\"og:type\" content=\"article\" \/>\n<meta property=\"og:title\" content=\"Aquesta tardor, forma\u2019t online - Fundaci\u00f3 Dr. Antoni Esteve\" \/>\n<meta property=\"og:description\" content=\"Aquest blog comen\u00e7ava amb la pand\u00e8mia i arrencava amb un primer article en qu\u00e8 destac\u00e0vem com la Fundaci\u00f3 Dr. Antoni Esteve s\u2019havia adequat a la nova situaci\u00f3. Com tantes altres institucions, calia fer front a una nova realitat en qu\u00e8 el distanciament social s\u2019ha hagut de pal\u00b7liar amb les noves tecnologies. Amb la incertesa del\" \/>\n<meta property=\"og:url\" content=\"https:\/\/diarisanitat.cat\/fundacio-dr-antoni-esteve\/2020\/09\/16\/aquesta-tardor-format-online\/\" \/>\n<meta property=\"og:site_name\" content=\"Fundaci\u00f3 Dr. Antoni Esteve\" \/>\n<meta property=\"article:published_time\" content=\"2020-09-16T06:25:13+00:00\" \/>\n<meta property=\"article:modified_time\" content=\"2024-03-24T14:51:08+00:00\" \/>\n<meta property=\"og:image\" content=\"https:\/\/diarisanitat.cat\/fundacio-dr-antoni-esteve\/wp-content\/uploads\/sites\/3\/2020\/09\/iStock-1140419533.jpg\" \/>\n\t<meta property=\"og:image:width\" content=\"2347\" \/>\n\t<meta property=\"og:image:height\" content=\"1278\" \/>\n\t<meta property=\"og:image:type\" content=\"image\/jpeg\" \/>\n<meta name=\"author\" content=\"Pol Morales Vidal\" \/>\n<meta name=\"twitter:card\" content=\"summary_large_image\" \/>\n<meta name=\"twitter:label1\" content=\"Escrit per\" \/>\n\t<meta name=\"twitter:data1\" content=\"Pol Morales Vidal\" \/>\n\t<meta name=\"twitter:label2\" content=\"Temps estimat de lectura\" \/>\n\t<meta name=\"twitter:data2\" content=\"5 minuts\" \/>\n<script type=\"application\/ld+json\" class=\"yoast-schema-graph\">{\"@context\":\"https:\\\/\\\/schema.org\",\"@graph\":[{\"@type\":\"Article\",\"@id\":\"https:\\\/\\\/diarisanitat.cat\\\/fundacio-dr-antoni-esteve\\\/2020\\\/09\\\/16\\\/aquesta-tardor-format-online\\\/#article\",\"isPartOf\":{\"@id\":\"https:\\\/\\\/diarisanitat.cat\\\/fundacio-dr-antoni-esteve\\\/2020\\\/09\\\/16\\\/aquesta-tardor-format-online\\\/\"},\"author\":{\"name\":\"Pol Morales Vidal\",\"@id\":\"https:\\\/\\\/diarisanitat.cat\\\/fundacio-dr-antoni-esteve\\\/#\\\/schema\\\/person\\\/f2cd3dfa0d37e8a340f60898dfc6e2be\"},\"headline\":\"Aquesta tardor, forma\u2019t online\",\"datePublished\":\"2020-09-16T06:25:13+00:00\",\"dateModified\":\"2024-03-24T14:51:08+00:00\",\"mainEntityOfPage\":{\"@id\":\"https:\\\/\\\/diarisanitat.cat\\\/fundacio-dr-antoni-esteve\\\/2020\\\/09\\\/16\\\/aquesta-tardor-format-online\\\/\"},\"wordCount\":1033,\"commentCount\":1,\"image\":{\"@id\":\"https:\\\/\\\/diarisanitat.cat\\\/fundacio-dr-antoni-esteve\\\/2020\\\/09\\\/16\\\/aquesta-tardor-format-online\\\/#primaryimage\"},\"thumbnailUrl\":\"https:\\\/\\\/diarisanitat.cat\\\/fundacio-dr-antoni-esteve\\\/wp-content\\\/uploads\\\/sites\\\/3\\\/2020\\\/09\\\/iStock-1140419533.jpg\",\"articleSection\":[\"Uncategorized\"],\"inLanguage\":\"ca\",\"potentialAction\":[{\"@type\":\"CommentAction\",\"name\":\"Comment\",\"target\":[\"https:\\\/\\\/diarisanitat.cat\\\/fundacio-dr-antoni-esteve\\\/2020\\\/09\\\/16\\\/aquesta-tardor-format-online\\\/#respond\"]}]},{\"@type\":\"WebPage\",\"@id\":\"https:\\\/\\\/diarisanitat.cat\\\/fundacio-dr-antoni-esteve\\\/2020\\\/09\\\/16\\\/aquesta-tardor-format-online\\\/\",\"url\":\"https:\\\/\\\/diarisanitat.cat\\\/fundacio-dr-antoni-esteve\\\/2020\\\/09\\\/16\\\/aquesta-tardor-format-online\\\/\",\"name\":\"Aquesta tardor, forma\u2019t online - Fundaci\u00f3 Dr. Antoni Esteve\",\"isPartOf\":{\"@id\":\"https:\\\/\\\/diarisanitat.cat\\\/fundacio-dr-antoni-esteve\\\/#website\"},\"primaryImageOfPage\":{\"@id\":\"https:\\\/\\\/diarisanitat.cat\\\/fundacio-dr-antoni-esteve\\\/2020\\\/09\\\/16\\\/aquesta-tardor-format-online\\\/#primaryimage\"},\"image\":{\"@id\":\"https:\\\/\\\/diarisanitat.cat\\\/fundacio-dr-antoni-esteve\\\/2020\\\/09\\\/16\\\/aquesta-tardor-format-online\\\/#primaryimage\"},\"thumbnailUrl\":\"https:\\\/\\\/diarisanitat.cat\\\/fundacio-dr-antoni-esteve\\\/wp-content\\\/uploads\\\/sites\\\/3\\\/2020\\\/09\\\/iStock-1140419533.jpg\",\"datePublished\":\"2020-09-16T06:25:13+00:00\",\"dateModified\":\"2024-03-24T14:51:08+00:00\",\"author\":{\"@id\":\"https:\\\/\\\/diarisanitat.cat\\\/fundacio-dr-antoni-esteve\\\/#\\\/schema\\\/person\\\/f2cd3dfa0d37e8a340f60898dfc6e2be\"},\"breadcrumb\":{\"@id\":\"https:\\\/\\\/diarisanitat.cat\\\/fundacio-dr-antoni-esteve\\\/2020\\\/09\\\/16\\\/aquesta-tardor-format-online\\\/#breadcrumb\"},\"inLanguage\":\"ca\",\"potentialAction\":[{\"@type\":\"ReadAction\",\"target\":[\"https:\\\/\\\/diarisanitat.cat\\\/fundacio-dr-antoni-esteve\\\/2020\\\/09\\\/16\\\/aquesta-tardor-format-online\\\/\"]}]},{\"@type\":\"ImageObject\",\"inLanguage\":\"ca\",\"@id\":\"https:\\\/\\\/diarisanitat.cat\\\/fundacio-dr-antoni-esteve\\\/2020\\\/09\\\/16\\\/aquesta-tardor-format-online\\\/#primaryimage\",\"url\":\"https:\\\/\\\/diarisanitat.cat\\\/fundacio-dr-antoni-esteve\\\/wp-content\\\/uploads\\\/sites\\\/3\\\/2020\\\/09\\\/iStock-1140419533.jpg\",\"contentUrl\":\"https:\\\/\\\/diarisanitat.cat\\\/fundacio-dr-antoni-esteve\\\/wp-content\\\/uploads\\\/sites\\\/3\\\/2020\\\/09\\\/iStock-1140419533.jpg\",\"width\":2347,\"height\":1278,\"caption\":\"\\\/iStock\"},{\"@type\":\"BreadcrumbList\",\"@id\":\"https:\\\/\\\/diarisanitat.cat\\\/fundacio-dr-antoni-esteve\\\/2020\\\/09\\\/16\\\/aquesta-tardor-format-online\\\/#breadcrumb\",\"itemListElement\":[{\"@type\":\"ListItem\",\"position\":1,\"name\":\"Portada\",\"item\":\"https:\\\/\\\/diarisanitat.cat\\\/fundacio-dr-antoni-esteve\\\/\"},{\"@type\":\"ListItem\",\"position\":2,\"name\":\"Aquesta tardor, forma\u2019t online\"}]},{\"@type\":\"WebSite\",\"@id\":\"https:\\\/\\\/diarisanitat.cat\\\/fundacio-dr-antoni-esteve\\\/#website\",\"url\":\"https:\\\/\\\/diarisanitat.cat\\\/fundacio-dr-antoni-esteve\\\/\",\"name\":\"Fundaci\u00f3 Dr. Antoni Esteve\",\"description\":\"\",\"potentialAction\":[{\"@type\":\"SearchAction\",\"target\":{\"@type\":\"EntryPoint\",\"urlTemplate\":\"https:\\\/\\\/diarisanitat.cat\\\/fundacio-dr-antoni-esteve\\\/?s={search_term_string}\"},\"query-input\":{\"@type\":\"PropertyValueSpecification\",\"valueRequired\":true,\"valueName\":\"search_term_string\"}}],\"inLanguage\":\"ca\"},{\"@type\":\"Person\",\"@id\":\"https:\\\/\\\/diarisanitat.cat\\\/fundacio-dr-antoni-esteve\\\/#\\\/schema\\\/person\\\/f2cd3dfa0d37e8a340f60898dfc6e2be\",\"name\":\"Pol Morales Vidal\",\"image\":{\"@type\":\"ImageObject\",\"inLanguage\":\"ca\",\"@id\":\"https:\\\/\\\/secure.gravatar.com\\\/avatar\\\/8690d7a509c6000630c5cccdd67dcfc93b1cf213952072632ae22ec306a9084d?s=96&d=mm&r=g\",\"url\":\"https:\\\/\\\/secure.gravatar.com\\\/avatar\\\/8690d7a509c6000630c5cccdd67dcfc93b1cf213952072632ae22ec306a9084d?s=96&d=mm&r=g\",\"contentUrl\":\"https:\\\/\\\/secure.gravatar.com\\\/avatar\\\/8690d7a509c6000630c5cccdd67dcfc93b1cf213952072632ae22ec306a9084d?s=96&d=mm&r=g\",\"caption\":\"Pol Morales Vidal\"},\"url\":\"https:\\\/\\\/diarisanitat.cat\\\/fundacio-dr-antoni-esteve\\\/author\\\/polmoralesvidal\\\/\"}]}<\/script>\n<!-- \/ Yoast SEO plugin. -->","yoast_head_json":{"title":"Aquesta tardor, forma\u2019t online - Fundaci\u00f3 Dr. Antoni Esteve","robots":{"index":"index","follow":"follow","max-snippet":"max-snippet:-1","max-image-preview":"max-image-preview:large","max-video-preview":"max-video-preview:-1"},"canonical":"https:\/\/diarisanitat.cat\/fundacio-dr-antoni-esteve\/2020\/09\/16\/aquesta-tardor-format-online\/","og_locale":"ca_ES","og_type":"article","og_title":"Aquesta tardor, forma\u2019t online - Fundaci\u00f3 Dr. Antoni Esteve","og_description":"Aquest blog comen\u00e7ava amb la pand\u00e8mia i arrencava amb un primer article en qu\u00e8 destac\u00e0vem com la Fundaci\u00f3 Dr. Antoni Esteve s\u2019havia adequat a la nova situaci\u00f3. Com tantes altres institucions, calia fer front a una nova realitat en qu\u00e8 el distanciament social s\u2019ha hagut de pal\u00b7liar amb les noves tecnologies. Amb la incertesa del","og_url":"https:\/\/diarisanitat.cat\/fundacio-dr-antoni-esteve\/2020\/09\/16\/aquesta-tardor-format-online\/","og_site_name":"Fundaci\u00f3 Dr. Antoni Esteve","article_published_time":"2020-09-16T06:25:13+00:00","article_modified_time":"2024-03-24T14:51:08+00:00","og_image":[{"width":2347,"height":1278,"url":"https:\/\/diarisanitat.cat\/fundacio-dr-antoni-esteve\/wp-content\/uploads\/sites\/3\/2020\/09\/iStock-1140419533.jpg","type":"image\/jpeg"}],"author":"Pol Morales Vidal","twitter_card":"summary_large_image","twitter_misc":{"Escrit per":"Pol Morales Vidal","Temps estimat de lectura":"5 minuts"},"schema":{"@context":"https:\/\/schema.org","@graph":[{"@type":"Article","@id":"https:\/\/diarisanitat.cat\/fundacio-dr-antoni-esteve\/2020\/09\/16\/aquesta-tardor-format-online\/#article","isPartOf":{"@id":"https:\/\/diarisanitat.cat\/fundacio-dr-antoni-esteve\/2020\/09\/16\/aquesta-tardor-format-online\/"},"author":{"name":"Pol Morales Vidal","@id":"https:\/\/diarisanitat.cat\/fundacio-dr-antoni-esteve\/#\/schema\/person\/f2cd3dfa0d37e8a340f60898dfc6e2be"},"headline":"Aquesta tardor, forma\u2019t online","datePublished":"2020-09-16T06:25:13+00:00","dateModified":"2024-03-24T14:51:08+00:00","mainEntityOfPage":{"@id":"https:\/\/diarisanitat.cat\/fundacio-dr-antoni-esteve\/2020\/09\/16\/aquesta-tardor-format-online\/"},"wordCount":1033,"commentCount":1,"image":{"@id":"https:\/\/diarisanitat.cat\/fundacio-dr-antoni-esteve\/2020\/09\/16\/aquesta-tardor-format-online\/#primaryimage"},"thumbnailUrl":"https:\/\/diarisanitat.cat\/fundacio-dr-antoni-esteve\/wp-content\/uploads\/sites\/3\/2020\/09\/iStock-1140419533.jpg","articleSection":["Uncategorized"],"inLanguage":"ca","potentialAction":[{"@type":"CommentAction","name":"Comment","target":["https:\/\/diarisanitat.cat\/fundacio-dr-antoni-esteve\/2020\/09\/16\/aquesta-tardor-format-online\/#respond"]}]},{"@type":"WebPage","@id":"https:\/\/diarisanitat.cat\/fundacio-dr-antoni-esteve\/2020\/09\/16\/aquesta-tardor-format-online\/","url":"https:\/\/diarisanitat.cat\/fundacio-dr-antoni-esteve\/2020\/09\/16\/aquesta-tardor-format-online\/","name":"Aquesta tardor, forma\u2019t online - Fundaci\u00f3 Dr. Antoni Esteve","isPartOf":{"@id":"https:\/\/diarisanitat.cat\/fundacio-dr-antoni-esteve\/#website"},"primaryImageOfPage":{"@id":"https:\/\/diarisanitat.cat\/fundacio-dr-antoni-esteve\/2020\/09\/16\/aquesta-tardor-format-online\/#primaryimage"},"image":{"@id":"https:\/\/diarisanitat.cat\/fundacio-dr-antoni-esteve\/2020\/09\/16\/aquesta-tardor-format-online\/#primaryimage"},"thumbnailUrl":"https:\/\/diarisanitat.cat\/fundacio-dr-antoni-esteve\/wp-content\/uploads\/sites\/3\/2020\/09\/iStock-1140419533.jpg","datePublished":"2020-09-16T06:25:13+00:00","dateModified":"2024-03-24T14:51:08+00:00","author":{"@id":"https:\/\/diarisanitat.cat\/fundacio-dr-antoni-esteve\/#\/schema\/person\/f2cd3dfa0d37e8a340f60898dfc6e2be"},"breadcrumb":{"@id":"https:\/\/diarisanitat.cat\/fundacio-dr-antoni-esteve\/2020\/09\/16\/aquesta-tardor-format-online\/#breadcrumb"},"inLanguage":"ca","potentialAction":[{"@type":"ReadAction","target":["https:\/\/diarisanitat.cat\/fundacio-dr-antoni-esteve\/2020\/09\/16\/aquesta-tardor-format-online\/"]}]},{"@type":"ImageObject","inLanguage":"ca","@id":"https:\/\/diarisanitat.cat\/fundacio-dr-antoni-esteve\/2020\/09\/16\/aquesta-tardor-format-online\/#primaryimage","url":"https:\/\/diarisanitat.cat\/fundacio-dr-antoni-esteve\/wp-content\/uploads\/sites\/3\/2020\/09\/iStock-1140419533.jpg","contentUrl":"https:\/\/diarisanitat.cat\/fundacio-dr-antoni-esteve\/wp-content\/uploads\/sites\/3\/2020\/09\/iStock-1140419533.jpg","width":2347,"height":1278,"caption":"\/iStock"},{"@type":"BreadcrumbList","@id":"https:\/\/diarisanitat.cat\/fundacio-dr-antoni-esteve\/2020\/09\/16\/aquesta-tardor-format-online\/#breadcrumb","itemListElement":[{"@type":"ListItem","position":1,"name":"Portada","item":"https:\/\/diarisanitat.cat\/fundacio-dr-antoni-esteve\/"},{"@type":"ListItem","position":2,"name":"Aquesta tardor, forma\u2019t online"}]},{"@type":"WebSite","@id":"https:\/\/diarisanitat.cat\/fundacio-dr-antoni-esteve\/#website","url":"https:\/\/diarisanitat.cat\/fundacio-dr-antoni-esteve\/","name":"Fundaci\u00f3 Dr. Antoni Esteve","description":"","potentialAction":[{"@type":"SearchAction","target":{"@type":"EntryPoint","urlTemplate":"https:\/\/diarisanitat.cat\/fundacio-dr-antoni-esteve\/?s={search_term_string}"},"query-input":{"@type":"PropertyValueSpecification","valueRequired":true,"valueName":"search_term_string"}}],"inLanguage":"ca"},{"@type":"Person","@id":"https:\/\/diarisanitat.cat\/fundacio-dr-antoni-esteve\/#\/schema\/person\/f2cd3dfa0d37e8a340f60898dfc6e2be","name":"Pol Morales Vidal","image":{"@type":"ImageObject","inLanguage":"ca","@id":"https:\/\/secure.gravatar.com\/avatar\/8690d7a509c6000630c5cccdd67dcfc93b1cf213952072632ae22ec306a9084d?s=96&d=mm&r=g","url":"https:\/\/secure.gravatar.com\/avatar\/8690d7a509c6000630c5cccdd67dcfc93b1cf213952072632ae22ec306a9084d?s=96&d=mm&r=g","contentUrl":"https:\/\/secure.gravatar.com\/avatar\/8690d7a509c6000630c5cccdd67dcfc93b1cf213952072632ae22ec306a9084d?s=96&d=mm&r=g","caption":"Pol Morales Vidal"},"url":"https:\/\/diarisanitat.cat\/fundacio-dr-antoni-esteve\/author\/polmoralesvidal\/"}]}},"_links":{"self":[{"href":"https:\/\/diarisanitat.cat\/fundacio-dr-antoni-esteve\/wp-json\/wp\/v2\/posts\/56","targetHints":{"allow":["GET"]}}],"collection":[{"href":"https:\/\/diarisanitat.cat\/fundacio-dr-antoni-esteve\/wp-json\/wp\/v2\/posts"}],"about":[{"href":"https:\/\/diarisanitat.cat\/fundacio-dr-antoni-esteve\/wp-json\/wp\/v2\/types\/post"}],"author":[{"embeddable":true,"href":"https:\/\/diarisanitat.cat\/fundacio-dr-antoni-esteve\/wp-json\/wp\/v2\/users\/353"}],"replies":[{"embeddable":true,"href":"https:\/\/diarisanitat.cat\/fundacio-dr-antoni-esteve\/wp-json\/wp\/v2\/comments?post=56"}],"version-history":[{"count":1,"href":"https:\/\/diarisanitat.cat\/fundacio-dr-antoni-esteve\/wp-json\/wp\/v2\/posts\/56\/revisions"}],"predecessor-version":[{"id":247,"href":"https:\/\/diarisanitat.cat\/fundacio-dr-antoni-esteve\/wp-json\/wp\/v2\/posts\/56\/revisions\/247"}],"wp:featuredmedia":[{"embeddable":true,"href":"https:\/\/diarisanitat.cat\/fundacio-dr-antoni-esteve\/wp-json\/wp\/v2\/media\/57"}],"wp:attachment":[{"href":"https:\/\/diarisanitat.cat\/fundacio-dr-antoni-esteve\/wp-json\/wp\/v2\/media?parent=56"}],"wp:term":[{"taxonomy":"category","embeddable":true,"href":"https:\/\/diarisanitat.cat\/fundacio-dr-antoni-esteve\/wp-json\/wp\/v2\/categories?post=56"},{"taxonomy":"post_tag","embeddable":true,"href":"https:\/\/diarisanitat.cat\/fundacio-dr-antoni-esteve\/wp-json\/wp\/v2\/tags?post=56"},{"taxonomy":"tipo","embeddable":true,"href":"https:\/\/diarisanitat.cat\/fundacio-dr-antoni-esteve\/wp-json\/wp\/v2\/tipo?post=56"}],"curies":[{"name":"wp","href":"https:\/\/api.w.org\/{rel}","templated":true}]}}