{"id":66,"date":"2020-10-22T08:40:14","date_gmt":"2020-10-22T08:40:14","guid":{"rendered":"http:\/\/diarisanitat.cat\/fundacio-dr-antoni-esteve\/?p=66"},"modified":"2024-03-24T15:52:29","modified_gmt":"2024-03-24T14:52:29","slug":"la-ciencia-impacient-durant-la-covid-19-quins-aspectes-hauriem-de-millorar-en-la-comunicacio-cientifica","status":"publish","type":"post","link":"https:\/\/diarisanitat.cat\/fundacio-dr-antoni-esteve\/2020\/10\/22\/la-ciencia-impacient-durant-la-covid-19-quins-aspectes-hauriem-de-millorar-en-la-comunicacio-cientifica\/","title":{"rendered":"La ci\u00e8ncia impacient durant la Covid-19: Quins aspectes haur\u00edem de millorar en la comunicaci\u00f3 cient\u00edfica?"},"content":{"rendered":"<p>Des del moment en qu\u00e8 l\u201911 de mar\u00e7 de 2020 el director de l&#8217;<a href=\"https:\/\/www.who.int\/es\" target=\"_blank\" rel=\"noopener noreferrer\">Organitzaci\u00f3 Mundial de la Salut (OMS)<\/a>, el Dr. Tedros Adhanom, va declarar com a pand\u00e8mia la crisi global causada per la Covid-19, la poblaci\u00f3 mundial ha rom\u00e0s expectant als aven\u00e7os cient\u00edfics que ens permetin tornar a l\u2019anhelada \u201cvida normal\u201d. En aquest context, la Covid-19 ha provocat un fenomen in\u00e8dit de ci\u00e8ncia en temps real en un m\u00f3n hiperconnectat i tecnol\u00f2gic, en qu\u00e8 la informaci\u00f3 i la desinformaci\u00f3 es dissemina encara m\u00e9s r\u00e0pid que el mateix virus. Heus aqu\u00ed dos escenaris que ha encoratjat una impaci\u00e8ncia social que demanda respostes immediates.<\/p>\n<p>Per una banda, ens trobem l\u2019escenari cient\u00edfic, sota la mirada de tot el m\u00f3n, transitant una nova era. La magnitud dels fons destinats a la cerca de m\u00e8todes diagn\u00f2stics, preventius i sobretot per aconseguir un tractament i\/o vacuna han comportat que la recerca b\u00e0sica i cl\u00ednica succeeixi simult\u00e0niament, a gran velocitat i a quasi tot el m\u00f3n. A Espanya, nom\u00e9s el <a href=\"https:\/\/www.isciii.es\/Paginas\/Inicio.aspx\" target=\"_blank\" rel=\"noopener noreferrer\">Instituto Carlos III<\/a> ha aprovat el finan\u00e7ament de 143 projectes de recerca al voltant de la Covid-19 i fins a l\u20191 d\u2019octubre s\u2019han enregistrat 2.548 assaigs cl\u00ednics a clinicaltrials.gov. L\u2019estat fren\u00e8tic d\u2019activitat en la recerca cient\u00edfica, demandada per una societat inquieta i assedegada d\u2019informaci\u00f3, ha exposat la incertesa intr\u00ednseca del m\u00e8tode cient\u00edfic.<\/p>\n<p>Aquells que coneixem com funciona la ci\u00e8ncia, sabem que el proc\u00e9s de recerca cient\u00edfica \u00e9s din\u00e0mic i que all\u00f2 que avui criem cert dem\u00e0 es pot retractar. \u00c9s part del desenvolupament del coneixement. Una bona ci\u00e8ncia succeeix \u201cpoc a poc\u201d, necessita temps per executar-se, validar-se i publicar-se. La pressi\u00f3 per comunicar els resultats al voltant de la Covid-19, amb la immediatesa que la societat (autoritats, mitjans de comunicaci\u00f3, ciutadania en general) exigeix, ha propiciat que el sistema tradicional de publicaci\u00f3 cient\u00edfica es sotmeti sense moltes alternatives a un estat de transformaci\u00f3 o <a href=\"https:\/\/theconversation.com\/la-covid-19-revoluciona-el-sistema-de-publicacion-cientifica-143289\" target=\"_blank\" rel=\"noopener noreferrer\">\u201crevoluci\u00f3\u201d<\/a>, com l\u2019han anomenat en altres publicacions.<\/p>\n<p>La Covid-19 ha posat de manifest la necessitat de transformar la metodologia de publicaci\u00f3 cient\u00edfica, que la mateixa comunitat fa anys que<a href=\"https:\/\/www.aecomunicacioncientifica.org\/esta-rota-la-ciencia\/\" target=\"_blank\" rel=\"noopener noreferrer\"> q\u00fcestiona<\/a>. En aquest context, l\u2019acceleraci\u00f3 en els processos de <em>peer-review<\/em>, els repositoris de <em>preprints<\/em> i <em>open access<\/em>, han adquirit import\u00e0ncia no nom\u00e9s en la comunitat cient\u00edfica sin\u00f3 en aquells que volen comunicar els seus aven\u00e7os.<\/p>\n<p>Des de l\u2019escenari de la comunicaci\u00f3, el seu rol no ha estat menys desafiant. Des dels primers comunicats respecte aquest nou coronavirus, s\u2019han identificat nombrosos <a href=\"https:\/\/recyt.fecyt.es\/index.php\/EPI\/article\/view\/79622\" target=\"_blank\" rel=\"noopener noreferrer\">problemes relacionats amb la veracitat de la informaci\u00f3 i la forma de comunicar-la<\/a>. L\u2019allau d\u2019informaci\u00f3, l\u2019aparici\u00f3 de not\u00edcies falses, el m\u00f3n hiperconnectat i la llibertat d\u2019expressi\u00f3 a les xarxes socials han promogut la propagaci\u00f3 d\u2019informaci\u00f3 err\u00f2nia no contrastada m\u00e9s gran de tots els temps. Per una banda, el desconeixement de la poblaci\u00f3 respecte a la incertesa del m\u00e8tode cient\u00edfic, i els recursos d\u2019<em>open science<\/em> i <em>preprints<\/em>, que han estat un avantatge en la comunitat cient\u00edfica i accessible per a la ciutadania, han estat alhora una espasa de doble fil, ja que un acc\u00e9s sense criteris establerts ha promogut la comunicaci\u00f3 i difusi\u00f3 de resultats amb evid\u00e8ncia poc concloent.<\/p>\n<p><img fetchpriority=\"high\" decoding=\"async\" class=\"alignnone size-full wp-image-67\" src=\"https:\/\/silly-shirley.82-223-1-47.plesk.page\/fundacio-dr-antoni-esteve\/wp-content\/uploads\/sites\/3\/2020\/10\/Conceptes-Clau_Artiiculo-COVID-19.png\" alt=\"\" width=\"1024\" height=\"768\" srcset=\"https:\/\/diarisanitat.cat\/fundacio-dr-antoni-esteve\/wp-content\/uploads\/sites\/3\/2020\/10\/Conceptes-Clau_Artiiculo-COVID-19.png 1024w, https:\/\/diarisanitat.cat\/fundacio-dr-antoni-esteve\/wp-content\/uploads\/sites\/3\/2020\/10\/Conceptes-Clau_Artiiculo-COVID-19-300x225.png 300w, https:\/\/diarisanitat.cat\/fundacio-dr-antoni-esteve\/wp-content\/uploads\/sites\/3\/2020\/10\/Conceptes-Clau_Artiiculo-COVID-19-768x576.png 768w, https:\/\/diarisanitat.cat\/fundacio-dr-antoni-esteve\/wp-content\/uploads\/sites\/3\/2020\/10\/Conceptes-Clau_Artiiculo-COVID-19-150x113.png 150w, https:\/\/diarisanitat.cat\/fundacio-dr-antoni-esteve\/wp-content\/uploads\/sites\/3\/2020\/10\/Conceptes-Clau_Artiiculo-COVID-19-450x338.png 450w\" sizes=\"(max-width: 1024px) 100vw, 1024px\" \/><\/p>\n<p>Davant d\u2019aquesta realitat, els experts de la comunitat cient\u00edfica i els professionals que la comuniquen tenen la gran responsabilitat de ser capa\u00e7os de proporcionar a la poblaci\u00f3 la informaci\u00f3 objectiva basada en proves que contribueixin a millorar els seus coneixements al voltant de la malaltia en particular i de la ci\u00e8ncia en general. Alguns <a href=\"http:\/\/ccs.upf.edu\/reflexiones-sobre-la-comunicacion-en-tiempos-de-coronavirus\/\" target=\"_blank\" rel=\"noopener noreferrer\">articles<\/a> i <a href=\"https:\/\/sciencewriters.ca\/blog\/9188089\" target=\"_blank\" rel=\"noopener noreferrer\">reunions<\/a> han emfatitzat la import\u00e0ncia de que els comunicadors col\u00b7laborin amb els cient\u00edfics i que aquests siguin sincers sobre les limitacions.<\/p>\n<p>En aquesta era digital \u00e9s evident el <a href=\"https:\/\/www.cambridge.org\/core\/journals\/canadian-journal-of-emergency-medicine\/article\/twitter-pandemic-the-critical-role-of-twitter-in-the-dissemination-of-medical-information-and-misinformation-during-the-covid19-pandemic\/9F42C2D99CA00FBAE50A66D107322211\" target=\"_blank\" rel=\"noopener noreferrer\">potencial dels mitjans de comunicaci\u00f3 i les xarxes socials<\/a> per a la difusi\u00f3 i intercanvi d\u2019informaci\u00f3 en temps real. Les xarxes socials han demostrat ser un bon canal per socialitzar la recerca entre institucions, autors, lectors, especialistes i, per descomptat, amb la ciutadania. Tanmateix, encara queden aspectes per analitzar per tal de millorar la comunicaci\u00f3 cient\u00edfica en aquests temps d\u2019hiperconnexi\u00f3. No podem oblidar que un dels grans desafiaments ha estat, \u00e9s i seguir\u00e0 sent durant un temps, cobrir la ci\u00e8ncia \u2013pol\u00e8mica- dels tractaments farmacol\u00f2gics i vacunes. En aquest aspecte, i en els anteriors, segueixo apostant per treballar en una cultura que faci que tots entenguem com funciona la ci\u00e8ncia.<\/p>\n<p>En aquest marc, la Fundaci\u00f3 Dr. Antoni Esteve organitza el pr\u00f2xim 1 de desembre &#8216;La ci\u00e8ncia impacient durant la Covid-19&#8217;, una jornada moderada per la periodista N\u00faria Jar en qu\u00e8 analitzaran els errors i desafiaments de la comunicaci\u00f3 en la recerca farmacol\u00f2gica de la Covid-19.<\/p>\n","protected":false},"excerpt":{"rendered":"<p>Des del moment en qu\u00e8 l\u201911 de mar\u00e7 de 2020 el director de l&#8217;Organitzaci\u00f3 Mundial de la Salut (OMS), el Dr. Tedros Adhanom, va declarar com a pand\u00e8mia la crisi global causada per la Covid-19, la poblaci\u00f3 mundial ha rom\u00e0s expectant als aven\u00e7os cient\u00edfics que ens permetin tornar a l\u2019anhelada \u201cvida normal\u201d. En aquest context,<\/p>\n","protected":false},"author":357,"featured_media":68,"comment_status":"open","ping_status":"open","sticky":false,"template":"","format":"standard","meta":{"_acf_changed":false,"footnotes":""},"categories":[2],"tags":[4],"tipo":[22],"class_list":{"0":"post-66","1":"post","2":"type-post","3":"status-publish","4":"format-standard","5":"has-post-thumbnail","7":"category-uncategorized","8":"tag-ciencia","9":"tipo-analisi"},"acf":[],"yoast_head":"<!-- This site is optimized with the Yoast SEO plugin v27.5 - https:\/\/yoast.com\/product\/yoast-seo-wordpress\/ -->\n<title>La ci\u00e8ncia impacient durant la Covid-19: Quins aspectes haur\u00edem de millorar en la comunicaci\u00f3 cient\u00edfica? - Fundaci\u00f3 Dr. Antoni Esteve<\/title>\n<meta name=\"robots\" content=\"index, follow, max-snippet:-1, max-image-preview:large, max-video-preview:-1\" \/>\n<link rel=\"canonical\" href=\"https:\/\/diarisanitat.cat\/fundacio-dr-antoni-esteve\/2020\/10\/22\/la-ciencia-impacient-durant-la-covid-19-quins-aspectes-hauriem-de-millorar-en-la-comunicacio-cientifica\/\" \/>\n<meta property=\"og:locale\" content=\"ca_ES\" \/>\n<meta property=\"og:type\" content=\"article\" \/>\n<meta property=\"og:title\" content=\"La ci\u00e8ncia impacient durant la Covid-19: Quins aspectes haur\u00edem de millorar en la comunicaci\u00f3 cient\u00edfica? - Fundaci\u00f3 Dr. Antoni Esteve\" \/>\n<meta property=\"og:description\" content=\"Des del moment en qu\u00e8 l\u201911 de mar\u00e7 de 2020 el director de l&#8217;Organitzaci\u00f3 Mundial de la Salut (OMS), el Dr. Tedros Adhanom, va declarar com a pand\u00e8mia la crisi global causada per la Covid-19, la poblaci\u00f3 mundial ha rom\u00e0s expectant als aven\u00e7os cient\u00edfics que ens permetin tornar a l\u2019anhelada \u201cvida normal\u201d. En aquest context,\" \/>\n<meta property=\"og:url\" content=\"https:\/\/diarisanitat.cat\/fundacio-dr-antoni-esteve\/2020\/10\/22\/la-ciencia-impacient-durant-la-covid-19-quins-aspectes-hauriem-de-millorar-en-la-comunicacio-cientifica\/\" \/>\n<meta property=\"og:site_name\" content=\"Fundaci\u00f3 Dr. Antoni Esteve\" \/>\n<meta property=\"article:published_time\" content=\"2020-10-22T08:40:14+00:00\" \/>\n<meta property=\"article:modified_time\" content=\"2024-03-24T14:52:29+00:00\" \/>\n<meta property=\"og:image\" content=\"https:\/\/diarisanitat.cat\/fundacio-dr-antoni-esteve\/wp-content\/uploads\/sites\/3\/2020\/10\/iStock-1201665274.jpg\" \/>\n\t<meta property=\"og:image:width\" content=\"1365\" \/>\n\t<meta property=\"og:image:height\" content=\"768\" \/>\n\t<meta property=\"og:image:type\" content=\"image\/jpeg\" \/>\n<meta name=\"author\" content=\"Daniela D\u00edez\" \/>\n<meta name=\"twitter:card\" content=\"summary_large_image\" \/>\n<meta name=\"twitter:label1\" content=\"Escrit per\" \/>\n\t<meta name=\"twitter:data1\" content=\"Daniela D\u00edez\" \/>\n\t<meta name=\"twitter:label2\" content=\"Temps estimat de lectura\" \/>\n\t<meta name=\"twitter:data2\" content=\"4 minuts\" \/>\n<script type=\"application\/ld+json\" class=\"yoast-schema-graph\">{\"@context\":\"https:\\\/\\\/schema.org\",\"@graph\":[{\"@type\":\"Article\",\"@id\":\"https:\\\/\\\/diarisanitat.cat\\\/fundacio-dr-antoni-esteve\\\/2020\\\/10\\\/22\\\/la-ciencia-impacient-durant-la-covid-19-quins-aspectes-hauriem-de-millorar-en-la-comunicacio-cientifica\\\/#article\",\"isPartOf\":{\"@id\":\"https:\\\/\\\/diarisanitat.cat\\\/fundacio-dr-antoni-esteve\\\/2020\\\/10\\\/22\\\/la-ciencia-impacient-durant-la-covid-19-quins-aspectes-hauriem-de-millorar-en-la-comunicacio-cientifica\\\/\"},\"author\":{\"name\":\"Daniela D\u00edez\",\"@id\":\"https:\\\/\\\/diarisanitat.cat\\\/fundacio-dr-antoni-esteve\\\/#\\\/schema\\\/person\\\/9bb468250a7e1e2946a2c7ea8560b29a\"},\"headline\":\"La ci\u00e8ncia impacient durant la Covid-19: Quins aspectes haur\u00edem de millorar en la comunicaci\u00f3 cient\u00edfica?\",\"datePublished\":\"2020-10-22T08:40:14+00:00\",\"dateModified\":\"2024-03-24T14:52:29+00:00\",\"mainEntityOfPage\":{\"@id\":\"https:\\\/\\\/diarisanitat.cat\\\/fundacio-dr-antoni-esteve\\\/2020\\\/10\\\/22\\\/la-ciencia-impacient-durant-la-covid-19-quins-aspectes-hauriem-de-millorar-en-la-comunicacio-cientifica\\\/\"},\"wordCount\":843,\"commentCount\":1,\"image\":{\"@id\":\"https:\\\/\\\/diarisanitat.cat\\\/fundacio-dr-antoni-esteve\\\/2020\\\/10\\\/22\\\/la-ciencia-impacient-durant-la-covid-19-quins-aspectes-hauriem-de-millorar-en-la-comunicacio-cientifica\\\/#primaryimage\"},\"thumbnailUrl\":\"https:\\\/\\\/diarisanitat.cat\\\/fundacio-dr-antoni-esteve\\\/wp-content\\\/uploads\\\/sites\\\/3\\\/2020\\\/10\\\/iStock-1201665274.jpg\",\"keywords\":[\"ci\u00e8ncia\"],\"articleSection\":[\"Uncategorized\"],\"inLanguage\":\"ca\",\"potentialAction\":[{\"@type\":\"CommentAction\",\"name\":\"Comment\",\"target\":[\"https:\\\/\\\/diarisanitat.cat\\\/fundacio-dr-antoni-esteve\\\/2020\\\/10\\\/22\\\/la-ciencia-impacient-durant-la-covid-19-quins-aspectes-hauriem-de-millorar-en-la-comunicacio-cientifica\\\/#respond\"]}]},{\"@type\":\"WebPage\",\"@id\":\"https:\\\/\\\/diarisanitat.cat\\\/fundacio-dr-antoni-esteve\\\/2020\\\/10\\\/22\\\/la-ciencia-impacient-durant-la-covid-19-quins-aspectes-hauriem-de-millorar-en-la-comunicacio-cientifica\\\/\",\"url\":\"https:\\\/\\\/diarisanitat.cat\\\/fundacio-dr-antoni-esteve\\\/2020\\\/10\\\/22\\\/la-ciencia-impacient-durant-la-covid-19-quins-aspectes-hauriem-de-millorar-en-la-comunicacio-cientifica\\\/\",\"name\":\"La ci\u00e8ncia impacient durant la Covid-19: Quins aspectes haur\u00edem de millorar en la comunicaci\u00f3 cient\u00edfica? - Fundaci\u00f3 Dr. Antoni Esteve\",\"isPartOf\":{\"@id\":\"https:\\\/\\\/diarisanitat.cat\\\/fundacio-dr-antoni-esteve\\\/#website\"},\"primaryImageOfPage\":{\"@id\":\"https:\\\/\\\/diarisanitat.cat\\\/fundacio-dr-antoni-esteve\\\/2020\\\/10\\\/22\\\/la-ciencia-impacient-durant-la-covid-19-quins-aspectes-hauriem-de-millorar-en-la-comunicacio-cientifica\\\/#primaryimage\"},\"image\":{\"@id\":\"https:\\\/\\\/diarisanitat.cat\\\/fundacio-dr-antoni-esteve\\\/2020\\\/10\\\/22\\\/la-ciencia-impacient-durant-la-covid-19-quins-aspectes-hauriem-de-millorar-en-la-comunicacio-cientifica\\\/#primaryimage\"},\"thumbnailUrl\":\"https:\\\/\\\/diarisanitat.cat\\\/fundacio-dr-antoni-esteve\\\/wp-content\\\/uploads\\\/sites\\\/3\\\/2020\\\/10\\\/iStock-1201665274.jpg\",\"datePublished\":\"2020-10-22T08:40:14+00:00\",\"dateModified\":\"2024-03-24T14:52:29+00:00\",\"author\":{\"@id\":\"https:\\\/\\\/diarisanitat.cat\\\/fundacio-dr-antoni-esteve\\\/#\\\/schema\\\/person\\\/9bb468250a7e1e2946a2c7ea8560b29a\"},\"breadcrumb\":{\"@id\":\"https:\\\/\\\/diarisanitat.cat\\\/fundacio-dr-antoni-esteve\\\/2020\\\/10\\\/22\\\/la-ciencia-impacient-durant-la-covid-19-quins-aspectes-hauriem-de-millorar-en-la-comunicacio-cientifica\\\/#breadcrumb\"},\"inLanguage\":\"ca\",\"potentialAction\":[{\"@type\":\"ReadAction\",\"target\":[\"https:\\\/\\\/diarisanitat.cat\\\/fundacio-dr-antoni-esteve\\\/2020\\\/10\\\/22\\\/la-ciencia-impacient-durant-la-covid-19-quins-aspectes-hauriem-de-millorar-en-la-comunicacio-cientifica\\\/\"]}]},{\"@type\":\"ImageObject\",\"inLanguage\":\"ca\",\"@id\":\"https:\\\/\\\/diarisanitat.cat\\\/fundacio-dr-antoni-esteve\\\/2020\\\/10\\\/22\\\/la-ciencia-impacient-durant-la-covid-19-quins-aspectes-hauriem-de-millorar-en-la-comunicacio-cientifica\\\/#primaryimage\",\"url\":\"https:\\\/\\\/diarisanitat.cat\\\/fundacio-dr-antoni-esteve\\\/wp-content\\\/uploads\\\/sites\\\/3\\\/2020\\\/10\\\/iStock-1201665274.jpg\",\"contentUrl\":\"https:\\\/\\\/diarisanitat.cat\\\/fundacio-dr-antoni-esteve\\\/wp-content\\\/uploads\\\/sites\\\/3\\\/2020\\\/10\\\/iStock-1201665274.jpg\",\"width\":1365,\"height\":768,\"caption\":\"\\\/iStock\"},{\"@type\":\"BreadcrumbList\",\"@id\":\"https:\\\/\\\/diarisanitat.cat\\\/fundacio-dr-antoni-esteve\\\/2020\\\/10\\\/22\\\/la-ciencia-impacient-durant-la-covid-19-quins-aspectes-hauriem-de-millorar-en-la-comunicacio-cientifica\\\/#breadcrumb\",\"itemListElement\":[{\"@type\":\"ListItem\",\"position\":1,\"name\":\"Portada\",\"item\":\"https:\\\/\\\/diarisanitat.cat\\\/fundacio-dr-antoni-esteve\\\/\"},{\"@type\":\"ListItem\",\"position\":2,\"name\":\"La ci\u00e8ncia impacient durant la Covid-19: Quins aspectes haur\u00edem de millorar en la comunicaci\u00f3 cient\u00edfica?\"}]},{\"@type\":\"WebSite\",\"@id\":\"https:\\\/\\\/diarisanitat.cat\\\/fundacio-dr-antoni-esteve\\\/#website\",\"url\":\"https:\\\/\\\/diarisanitat.cat\\\/fundacio-dr-antoni-esteve\\\/\",\"name\":\"Fundaci\u00f3 Dr. Antoni Esteve\",\"description\":\"\",\"potentialAction\":[{\"@type\":\"SearchAction\",\"target\":{\"@type\":\"EntryPoint\",\"urlTemplate\":\"https:\\\/\\\/diarisanitat.cat\\\/fundacio-dr-antoni-esteve\\\/?s={search_term_string}\"},\"query-input\":{\"@type\":\"PropertyValueSpecification\",\"valueRequired\":true,\"valueName\":\"search_term_string\"}}],\"inLanguage\":\"ca\"},{\"@type\":\"Person\",\"@id\":\"https:\\\/\\\/diarisanitat.cat\\\/fundacio-dr-antoni-esteve\\\/#\\\/schema\\\/person\\\/9bb468250a7e1e2946a2c7ea8560b29a\",\"name\":\"Daniela D\u00edez\",\"image\":{\"@type\":\"ImageObject\",\"inLanguage\":\"ca\",\"@id\":\"https:\\\/\\\/secure.gravatar.com\\\/avatar\\\/a7c3b4e646d9409bdf8587df1ee9be0a8b8349dfe3c5f87c6013c2975a905b49?s=96&d=mm&r=g\",\"url\":\"https:\\\/\\\/secure.gravatar.com\\\/avatar\\\/a7c3b4e646d9409bdf8587df1ee9be0a8b8349dfe3c5f87c6013c2975a905b49?s=96&d=mm&r=g\",\"contentUrl\":\"https:\\\/\\\/secure.gravatar.com\\\/avatar\\\/a7c3b4e646d9409bdf8587df1ee9be0a8b8349dfe3c5f87c6013c2975a905b49?s=96&d=mm&r=g\",\"caption\":\"Daniela D\u00edez\"},\"url\":\"https:\\\/\\\/diarisanitat.cat\\\/fundacio-dr-antoni-esteve\\\/author\\\/danieladiez\\\/\"}]}<\/script>\n<!-- \/ Yoast SEO plugin. -->","yoast_head_json":{"title":"La ci\u00e8ncia impacient durant la Covid-19: Quins aspectes haur\u00edem de millorar en la comunicaci\u00f3 cient\u00edfica? - Fundaci\u00f3 Dr. Antoni Esteve","robots":{"index":"index","follow":"follow","max-snippet":"max-snippet:-1","max-image-preview":"max-image-preview:large","max-video-preview":"max-video-preview:-1"},"canonical":"https:\/\/diarisanitat.cat\/fundacio-dr-antoni-esteve\/2020\/10\/22\/la-ciencia-impacient-durant-la-covid-19-quins-aspectes-hauriem-de-millorar-en-la-comunicacio-cientifica\/","og_locale":"ca_ES","og_type":"article","og_title":"La ci\u00e8ncia impacient durant la Covid-19: Quins aspectes haur\u00edem de millorar en la comunicaci\u00f3 cient\u00edfica? - Fundaci\u00f3 Dr. Antoni Esteve","og_description":"Des del moment en qu\u00e8 l\u201911 de mar\u00e7 de 2020 el director de l&#8217;Organitzaci\u00f3 Mundial de la Salut (OMS), el Dr. Tedros Adhanom, va declarar com a pand\u00e8mia la crisi global causada per la Covid-19, la poblaci\u00f3 mundial ha rom\u00e0s expectant als aven\u00e7os cient\u00edfics que ens permetin tornar a l\u2019anhelada \u201cvida normal\u201d. En aquest context,","og_url":"https:\/\/diarisanitat.cat\/fundacio-dr-antoni-esteve\/2020\/10\/22\/la-ciencia-impacient-durant-la-covid-19-quins-aspectes-hauriem-de-millorar-en-la-comunicacio-cientifica\/","og_site_name":"Fundaci\u00f3 Dr. Antoni Esteve","article_published_time":"2020-10-22T08:40:14+00:00","article_modified_time":"2024-03-24T14:52:29+00:00","og_image":[{"width":1365,"height":768,"url":"https:\/\/diarisanitat.cat\/fundacio-dr-antoni-esteve\/wp-content\/uploads\/sites\/3\/2020\/10\/iStock-1201665274.jpg","type":"image\/jpeg"}],"author":"Daniela D\u00edez","twitter_card":"summary_large_image","twitter_misc":{"Escrit per":"Daniela D\u00edez","Temps estimat de lectura":"4 minuts"},"schema":{"@context":"https:\/\/schema.org","@graph":[{"@type":"Article","@id":"https:\/\/diarisanitat.cat\/fundacio-dr-antoni-esteve\/2020\/10\/22\/la-ciencia-impacient-durant-la-covid-19-quins-aspectes-hauriem-de-millorar-en-la-comunicacio-cientifica\/#article","isPartOf":{"@id":"https:\/\/diarisanitat.cat\/fundacio-dr-antoni-esteve\/2020\/10\/22\/la-ciencia-impacient-durant-la-covid-19-quins-aspectes-hauriem-de-millorar-en-la-comunicacio-cientifica\/"},"author":{"name":"Daniela D\u00edez","@id":"https:\/\/diarisanitat.cat\/fundacio-dr-antoni-esteve\/#\/schema\/person\/9bb468250a7e1e2946a2c7ea8560b29a"},"headline":"La ci\u00e8ncia impacient durant la Covid-19: Quins aspectes haur\u00edem de millorar en la comunicaci\u00f3 cient\u00edfica?","datePublished":"2020-10-22T08:40:14+00:00","dateModified":"2024-03-24T14:52:29+00:00","mainEntityOfPage":{"@id":"https:\/\/diarisanitat.cat\/fundacio-dr-antoni-esteve\/2020\/10\/22\/la-ciencia-impacient-durant-la-covid-19-quins-aspectes-hauriem-de-millorar-en-la-comunicacio-cientifica\/"},"wordCount":843,"commentCount":1,"image":{"@id":"https:\/\/diarisanitat.cat\/fundacio-dr-antoni-esteve\/2020\/10\/22\/la-ciencia-impacient-durant-la-covid-19-quins-aspectes-hauriem-de-millorar-en-la-comunicacio-cientifica\/#primaryimage"},"thumbnailUrl":"https:\/\/diarisanitat.cat\/fundacio-dr-antoni-esteve\/wp-content\/uploads\/sites\/3\/2020\/10\/iStock-1201665274.jpg","keywords":["ci\u00e8ncia"],"articleSection":["Uncategorized"],"inLanguage":"ca","potentialAction":[{"@type":"CommentAction","name":"Comment","target":["https:\/\/diarisanitat.cat\/fundacio-dr-antoni-esteve\/2020\/10\/22\/la-ciencia-impacient-durant-la-covid-19-quins-aspectes-hauriem-de-millorar-en-la-comunicacio-cientifica\/#respond"]}]},{"@type":"WebPage","@id":"https:\/\/diarisanitat.cat\/fundacio-dr-antoni-esteve\/2020\/10\/22\/la-ciencia-impacient-durant-la-covid-19-quins-aspectes-hauriem-de-millorar-en-la-comunicacio-cientifica\/","url":"https:\/\/diarisanitat.cat\/fundacio-dr-antoni-esteve\/2020\/10\/22\/la-ciencia-impacient-durant-la-covid-19-quins-aspectes-hauriem-de-millorar-en-la-comunicacio-cientifica\/","name":"La ci\u00e8ncia impacient durant la Covid-19: Quins aspectes haur\u00edem de millorar en la comunicaci\u00f3 cient\u00edfica? - Fundaci\u00f3 Dr. Antoni Esteve","isPartOf":{"@id":"https:\/\/diarisanitat.cat\/fundacio-dr-antoni-esteve\/#website"},"primaryImageOfPage":{"@id":"https:\/\/diarisanitat.cat\/fundacio-dr-antoni-esteve\/2020\/10\/22\/la-ciencia-impacient-durant-la-covid-19-quins-aspectes-hauriem-de-millorar-en-la-comunicacio-cientifica\/#primaryimage"},"image":{"@id":"https:\/\/diarisanitat.cat\/fundacio-dr-antoni-esteve\/2020\/10\/22\/la-ciencia-impacient-durant-la-covid-19-quins-aspectes-hauriem-de-millorar-en-la-comunicacio-cientifica\/#primaryimage"},"thumbnailUrl":"https:\/\/diarisanitat.cat\/fundacio-dr-antoni-esteve\/wp-content\/uploads\/sites\/3\/2020\/10\/iStock-1201665274.jpg","datePublished":"2020-10-22T08:40:14+00:00","dateModified":"2024-03-24T14:52:29+00:00","author":{"@id":"https:\/\/diarisanitat.cat\/fundacio-dr-antoni-esteve\/#\/schema\/person\/9bb468250a7e1e2946a2c7ea8560b29a"},"breadcrumb":{"@id":"https:\/\/diarisanitat.cat\/fundacio-dr-antoni-esteve\/2020\/10\/22\/la-ciencia-impacient-durant-la-covid-19-quins-aspectes-hauriem-de-millorar-en-la-comunicacio-cientifica\/#breadcrumb"},"inLanguage":"ca","potentialAction":[{"@type":"ReadAction","target":["https:\/\/diarisanitat.cat\/fundacio-dr-antoni-esteve\/2020\/10\/22\/la-ciencia-impacient-durant-la-covid-19-quins-aspectes-hauriem-de-millorar-en-la-comunicacio-cientifica\/"]}]},{"@type":"ImageObject","inLanguage":"ca","@id":"https:\/\/diarisanitat.cat\/fundacio-dr-antoni-esteve\/2020\/10\/22\/la-ciencia-impacient-durant-la-covid-19-quins-aspectes-hauriem-de-millorar-en-la-comunicacio-cientifica\/#primaryimage","url":"https:\/\/diarisanitat.cat\/fundacio-dr-antoni-esteve\/wp-content\/uploads\/sites\/3\/2020\/10\/iStock-1201665274.jpg","contentUrl":"https:\/\/diarisanitat.cat\/fundacio-dr-antoni-esteve\/wp-content\/uploads\/sites\/3\/2020\/10\/iStock-1201665274.jpg","width":1365,"height":768,"caption":"\/iStock"},{"@type":"BreadcrumbList","@id":"https:\/\/diarisanitat.cat\/fundacio-dr-antoni-esteve\/2020\/10\/22\/la-ciencia-impacient-durant-la-covid-19-quins-aspectes-hauriem-de-millorar-en-la-comunicacio-cientifica\/#breadcrumb","itemListElement":[{"@type":"ListItem","position":1,"name":"Portada","item":"https:\/\/diarisanitat.cat\/fundacio-dr-antoni-esteve\/"},{"@type":"ListItem","position":2,"name":"La ci\u00e8ncia impacient durant la Covid-19: Quins aspectes haur\u00edem de millorar en la comunicaci\u00f3 cient\u00edfica?"}]},{"@type":"WebSite","@id":"https:\/\/diarisanitat.cat\/fundacio-dr-antoni-esteve\/#website","url":"https:\/\/diarisanitat.cat\/fundacio-dr-antoni-esteve\/","name":"Fundaci\u00f3 Dr. Antoni Esteve","description":"","potentialAction":[{"@type":"SearchAction","target":{"@type":"EntryPoint","urlTemplate":"https:\/\/diarisanitat.cat\/fundacio-dr-antoni-esteve\/?s={search_term_string}"},"query-input":{"@type":"PropertyValueSpecification","valueRequired":true,"valueName":"search_term_string"}}],"inLanguage":"ca"},{"@type":"Person","@id":"https:\/\/diarisanitat.cat\/fundacio-dr-antoni-esteve\/#\/schema\/person\/9bb468250a7e1e2946a2c7ea8560b29a","name":"Daniela D\u00edez","image":{"@type":"ImageObject","inLanguage":"ca","@id":"https:\/\/secure.gravatar.com\/avatar\/a7c3b4e646d9409bdf8587df1ee9be0a8b8349dfe3c5f87c6013c2975a905b49?s=96&d=mm&r=g","url":"https:\/\/secure.gravatar.com\/avatar\/a7c3b4e646d9409bdf8587df1ee9be0a8b8349dfe3c5f87c6013c2975a905b49?s=96&d=mm&r=g","contentUrl":"https:\/\/secure.gravatar.com\/avatar\/a7c3b4e646d9409bdf8587df1ee9be0a8b8349dfe3c5f87c6013c2975a905b49?s=96&d=mm&r=g","caption":"Daniela D\u00edez"},"url":"https:\/\/diarisanitat.cat\/fundacio-dr-antoni-esteve\/author\/danieladiez\/"}]}},"_links":{"self":[{"href":"https:\/\/diarisanitat.cat\/fundacio-dr-antoni-esteve\/wp-json\/wp\/v2\/posts\/66","targetHints":{"allow":["GET"]}}],"collection":[{"href":"https:\/\/diarisanitat.cat\/fundacio-dr-antoni-esteve\/wp-json\/wp\/v2\/posts"}],"about":[{"href":"https:\/\/diarisanitat.cat\/fundacio-dr-antoni-esteve\/wp-json\/wp\/v2\/types\/post"}],"author":[{"embeddable":true,"href":"https:\/\/diarisanitat.cat\/fundacio-dr-antoni-esteve\/wp-json\/wp\/v2\/users\/357"}],"replies":[{"embeddable":true,"href":"https:\/\/diarisanitat.cat\/fundacio-dr-antoni-esteve\/wp-json\/wp\/v2\/comments?post=66"}],"version-history":[{"count":1,"href":"https:\/\/diarisanitat.cat\/fundacio-dr-antoni-esteve\/wp-json\/wp\/v2\/posts\/66\/revisions"}],"predecessor-version":[{"id":246,"href":"https:\/\/diarisanitat.cat\/fundacio-dr-antoni-esteve\/wp-json\/wp\/v2\/posts\/66\/revisions\/246"}],"wp:featuredmedia":[{"embeddable":true,"href":"https:\/\/diarisanitat.cat\/fundacio-dr-antoni-esteve\/wp-json\/wp\/v2\/media\/68"}],"wp:attachment":[{"href":"https:\/\/diarisanitat.cat\/fundacio-dr-antoni-esteve\/wp-json\/wp\/v2\/media?parent=66"}],"wp:term":[{"taxonomy":"category","embeddable":true,"href":"https:\/\/diarisanitat.cat\/fundacio-dr-antoni-esteve\/wp-json\/wp\/v2\/categories?post=66"},{"taxonomy":"post_tag","embeddable":true,"href":"https:\/\/diarisanitat.cat\/fundacio-dr-antoni-esteve\/wp-json\/wp\/v2\/tags?post=66"},{"taxonomy":"tipo","embeddable":true,"href":"https:\/\/diarisanitat.cat\/fundacio-dr-antoni-esteve\/wp-json\/wp\/v2\/tipo?post=66"}],"curies":[{"name":"wp","href":"https:\/\/api.w.org\/{rel}","templated":true}]}}