{"id":85,"date":"2021-01-29T09:50:27","date_gmt":"2021-01-29T09:50:27","guid":{"rendered":"http:\/\/diarisanitat.cat\/fundacio-dr-antoni-esteve\/?p=85"},"modified":"2024-03-24T15:51:07","modified_gmt":"2024-03-24T14:51:07","slug":"els-tallers-educatius-sobre-medicaments-apropen-la-ciencia-als-escolars-mes-joves","status":"publish","type":"post","link":"https:\/\/diarisanitat.cat\/fundacio-dr-antoni-esteve\/2021\/01\/29\/els-tallers-educatius-sobre-medicaments-apropen-la-ciencia-als-escolars-mes-joves\/","title":{"rendered":"Els tallers educatius sobre medicaments apropen la ci\u00e8ncia als escolars m\u00e9s joves"},"content":{"rendered":"<p>La Fundaci\u00f3 Dr. Antoni Esteve promou, des de 2009, iniciatives per al p\u00fablic m\u00e9s jove i amb dos objectius clars, explicar conceptes cient\u00edfics complexos d&#8217;una manera senzilla i entenedora i estimular el pensament cr\u00edtic dels alumnes. Entre aquestes iniciatives destaquen els tallers escolars sobre medicaments que s&#8217;organitzen des de 2019 a escoles de l&#8217;\u00e0rea metropolitana de Barcelona i poblacions properes.<\/p>\n<p>Els tallers <a href=\"https:\/\/www.esteve.org\/ca\/activities\/talleres-escolares-sobre-medicamentos-con-funbrain\/\" target=\"_blank\" rel=\"noopener\"><em>Els medicaments i jo<\/em><\/a> s\u00f3n una activitat escolar per alumnes de prim\u00e0ria, d&#8217;una hora de durada, que s&#8217;organitzen en horari lectiu i estan dinamitzats per educadors de Funbrain, empresa especialitzada en comunicaci\u00f3 cient\u00edfica per p\u00fablic jove. Els tallers es van dissenyar per complementar els coneixements cient\u00edfics en funci\u00f3 del pla docent de cada curs, per aix\u00f2, aquests tallers nom\u00e9s s&#8217;imparteixen a alumnes de segon i tercer cicle d&#8217;educaci\u00f3 prim\u00e0ria, que corresponen als cursos de 3r i 4t, i els cursos de 5\u00e8 i 6\u00e8, respectivament.<\/p>\n<p>El fil conductor de l&#8217;activitat \u00e9s con\u00e8ixer qu\u00e8 \u00e9s un medicament, i en funci\u00f3 del cicle, s&#8217;aprofundeix en temes com els antibi\u00f2tics o les vacunes. Tots els alumnes aprenen qu\u00e8 s\u00f3n els medicaments, quines s\u00f3n les seves parts (principi actiu i excipients), quines formes farmac\u00e8utiques poden tenir i com funcionen; es fa \u00e8mfasi en el concepte de l&#8217;especificitat dels medicaments fent servir l&#8217;exemple d&#8217;un cadenat amb clau. Alhora es remarca constantment la idea que els medicaments nom\u00e9s es poden prendre si els recomana el metge. Els alumnes tamb\u00e9 aprenen a llegir la informaci\u00f3 que apareix tant a la capsa d&#8217;un medicament com en el prospecte. I \u00e9s a partir d&#8217;aqu\u00ed quan les lli\u00e7ons canvien en funci\u00f3 del grup d&#8217;edat.<\/p>\n<p>Els alumnes m\u00e9s joves, els de 3r i 4t de prim\u00e0ria, que tenen entre 8 i 10 anys, aprofundeixen en el concepte de qu\u00e8 \u00e9s un antibi\u00f2tic i quan es pot prendre. Mitjan\u00e7ant el joc aprenen qu\u00e8 passa quan es fa un mal \u00fas d&#8217;aquests f\u00e0rmacs i com a conseq\u00fc\u00e8ncia apareixen les resist\u00e8ncies als antibi\u00f2tics. En apropar-se al final de la sessi\u00f3, preparen un tipus de medicament, una pastilla d&#8217;anti\u00e0cid efervescent.<br \/>\nD&#8217;altra banda, els alumnes de 5\u00e8 i 6\u00e8 de prim\u00e0ria, que tenen entre 10 i 12 anys, treballen el tema de les vacunes. Aprenen quins tipus de vacunes hi ha, i mitjan\u00e7ant un joc de rol, se&#8217;ls explica el concepte de la immunitat col\u00b7lectiva i la import\u00e0ncia de la protecci\u00f3 de grup. La sessi\u00f3 s&#8217;acaba amb una activitat pr\u00e0ctica, l&#8217;encapsulaci\u00f3 d&#8217;un medicament.<\/p>\n<p>Per\u00f2 les sessions no acaben amb la pr\u00e0ctica. Un cop han fabricat els medicaments, i amb l&#8217;objectiu de refermar els conceptes apresos, els educadors repassen els conceptes m\u00e9s importants fent preguntes a tot el grup, i assegurant que cada alumne en pugui respondre una correctament, promovent d&#8217;aquesta manera una actitud positiva i divertida fins al final de la sessi\u00f3.<\/p>\n<p>Gr\u00e0cies a aquests tallers, els alumnes aprenen nous conceptes, per\u00f2 tamb\u00e9 repassen temes que en moltes ocasions han escoltat a casa, i que m\u00e9s sovint del que ens pensem, no s\u00f3n del tot correctes. Se&#8217;ls estimula perqu\u00e8 tinguin un esperit cr\u00edtic i curi\u00f3s, per\u00f2 sobretot, perqu\u00e8 estiguin informats sobre temes que afecten la seva salut.<\/p>\n<p>Durant el curs escolar de 2019-2020, la Fundaci\u00f3 Dr. Antoni Esteve i Funbrain van organitzar de manera gratu\u00efta un total de 25 tallers cient\u00edfics sobre medicaments que van reunir a m\u00e9s de 600 alumnes d&#8217;entre 8 i 12 anys. Seguint amb aquesta iniciativa, la Fundaci\u00f3 organitzar\u00e0 10 tallers escolars presencials sobre els medicaments durant l&#8217;any 2021, adaptant-los lleugerament per complir les noves normes de prevenci\u00f3 sanit\u00e0ries adaptades pels centres educatius.<\/p>\n<p>El llibre hom\u00f2nim <a href=\"https:\/\/www.esteve.org\/ca\/libros\/medicaments-i-jo\/\" target=\"_blank\" rel=\"noopener\"><em>Els medicaments i jo<\/em><\/a>, escrit per Sergi Erill i amb il\u00b7lustracions de Marta Capdevila, publicat el 2014 per la Fundaci\u00f3, va ser el projecte que va servir de base per crear aquests tallers.<br \/>\nIniciatives com la dels tallers o les publicacions cient\u00edfiques adre\u00e7ades als m\u00e9s joves s\u00f3n cabdals no nom\u00e9s per fomentar el coneixement cient\u00edfic entre els alumnes m\u00e9s joves, sin\u00f3 tamb\u00e9 per ajudar a complementar la doc\u00e8ncia en ci\u00e8ncia impartida a les escoles, que sovint compten amb recursos limitats per organitzar activitats d&#8217;aquest tipus.<\/p>\n","protected":false},"excerpt":{"rendered":"<p>La Fundaci\u00f3 Dr. Antoni Esteve promou, des de 2009, iniciatives per al p\u00fablic m\u00e9s jove i amb dos objectius clars, explicar conceptes cient\u00edfics complexos d&#8217;una manera senzilla i entenedora i estimular el pensament cr\u00edtic dels alumnes. Entre aquestes iniciatives destaquen els tallers escolars sobre medicaments que s&#8217;organitzen des de 2019 a escoles de l&#8217;\u00e0rea metropolitana<\/p>\n","protected":false},"author":358,"featured_media":89,"comment_status":"open","ping_status":"open","sticky":false,"template":"","format":"standard","meta":{"_acf_changed":false,"footnotes":""},"categories":[2],"tags":[7],"tipo":[20],"class_list":{"0":"post-85","1":"post","2":"type-post","3":"status-publish","4":"format-standard","5":"has-post-thumbnail","7":"category-uncategorized","8":"tag-educacio-per-la-salut","9":"tipo-actualitat"},"acf":[],"yoast_head":"<!-- This site is optimized with the Yoast SEO plugin v27.5 - https:\/\/yoast.com\/product\/yoast-seo-wordpress\/ -->\n<title>Els tallers educatius sobre medicaments apropen la ci\u00e8ncia als escolars m\u00e9s joves - Fundaci\u00f3 Dr. Antoni Esteve<\/title>\n<meta name=\"robots\" content=\"index, follow, max-snippet:-1, max-image-preview:large, max-video-preview:-1\" \/>\n<link rel=\"canonical\" href=\"https:\/\/diarisanitat.cat\/fundacio-dr-antoni-esteve\/2021\/01\/29\/els-tallers-educatius-sobre-medicaments-apropen-la-ciencia-als-escolars-mes-joves\/\" \/>\n<meta property=\"og:locale\" content=\"ca_ES\" \/>\n<meta property=\"og:type\" content=\"article\" \/>\n<meta property=\"og:title\" content=\"Els tallers educatius sobre medicaments apropen la ci\u00e8ncia als escolars m\u00e9s joves - Fundaci\u00f3 Dr. Antoni Esteve\" \/>\n<meta property=\"og:description\" content=\"La Fundaci\u00f3 Dr. Antoni Esteve promou, des de 2009, iniciatives per al p\u00fablic m\u00e9s jove i amb dos objectius clars, explicar conceptes cient\u00edfics complexos d&#8217;una manera senzilla i entenedora i estimular el pensament cr\u00edtic dels alumnes. Entre aquestes iniciatives destaquen els tallers escolars sobre medicaments que s&#8217;organitzen des de 2019 a escoles de l&#8217;\u00e0rea metropolitana\" \/>\n<meta property=\"og:url\" content=\"https:\/\/diarisanitat.cat\/fundacio-dr-antoni-esteve\/2021\/01\/29\/els-tallers-educatius-sobre-medicaments-apropen-la-ciencia-als-escolars-mes-joves\/\" \/>\n<meta property=\"og:site_name\" content=\"Fundaci\u00f3 Dr. Antoni Esteve\" \/>\n<meta property=\"article:published_time\" content=\"2021-01-29T09:50:27+00:00\" \/>\n<meta property=\"article:modified_time\" content=\"2024-03-24T14:51:07+00:00\" \/>\n<meta property=\"og:image\" content=\"https:\/\/diarisanitat.cat\/fundacio-dr-antoni-esteve\/wp-content\/uploads\/sites\/3\/2021\/01\/Imagen-1.png\" \/>\n\t<meta property=\"og:image:width\" content=\"637\" \/>\n\t<meta property=\"og:image:height\" content=\"477\" \/>\n\t<meta property=\"og:image:type\" content=\"image\/png\" \/>\n<meta name=\"author\" content=\"Elisabet Ser\u00e9s Escot\" \/>\n<meta name=\"twitter:card\" content=\"summary_large_image\" \/>\n<meta name=\"twitter:label1\" content=\"Escrit per\" \/>\n\t<meta name=\"twitter:data1\" content=\"Elisabet Ser\u00e9s Escot\" \/>\n\t<meta name=\"twitter:label2\" content=\"Temps estimat de lectura\" \/>\n\t<meta name=\"twitter:data2\" content=\"4 minuts\" \/>\n<script type=\"application\/ld+json\" class=\"yoast-schema-graph\">{\"@context\":\"https:\\\/\\\/schema.org\",\"@graph\":[{\"@type\":\"Article\",\"@id\":\"https:\\\/\\\/diarisanitat.cat\\\/fundacio-dr-antoni-esteve\\\/2021\\\/01\\\/29\\\/els-tallers-educatius-sobre-medicaments-apropen-la-ciencia-als-escolars-mes-joves\\\/#article\",\"isPartOf\":{\"@id\":\"https:\\\/\\\/diarisanitat.cat\\\/fundacio-dr-antoni-esteve\\\/2021\\\/01\\\/29\\\/els-tallers-educatius-sobre-medicaments-apropen-la-ciencia-als-escolars-mes-joves\\\/\"},\"author\":{\"name\":\"Elisabet Ser\u00e9s Escot\",\"@id\":\"https:\\\/\\\/diarisanitat.cat\\\/fundacio-dr-antoni-esteve\\\/#\\\/schema\\\/person\\\/5ba216f556fbab5e9b5b2af4a5be9973\"},\"headline\":\"Els tallers educatius sobre medicaments apropen la ci\u00e8ncia als escolars m\u00e9s joves\",\"datePublished\":\"2021-01-29T09:50:27+00:00\",\"dateModified\":\"2024-03-24T14:51:07+00:00\",\"mainEntityOfPage\":{\"@id\":\"https:\\\/\\\/diarisanitat.cat\\\/fundacio-dr-antoni-esteve\\\/2021\\\/01\\\/29\\\/els-tallers-educatius-sobre-medicaments-apropen-la-ciencia-als-escolars-mes-joves\\\/\"},\"wordCount\":750,\"commentCount\":1,\"image\":{\"@id\":\"https:\\\/\\\/diarisanitat.cat\\\/fundacio-dr-antoni-esteve\\\/2021\\\/01\\\/29\\\/els-tallers-educatius-sobre-medicaments-apropen-la-ciencia-als-escolars-mes-joves\\\/#primaryimage\"},\"thumbnailUrl\":\"https:\\\/\\\/diarisanitat.cat\\\/fundacio-dr-antoni-esteve\\\/wp-content\\\/uploads\\\/sites\\\/3\\\/2021\\\/01\\\/Imagen-1.png\",\"keywords\":[\"educaci\u00f3 per la salut\"],\"articleSection\":[\"Uncategorized\"],\"inLanguage\":\"ca\",\"potentialAction\":[{\"@type\":\"CommentAction\",\"name\":\"Comment\",\"target\":[\"https:\\\/\\\/diarisanitat.cat\\\/fundacio-dr-antoni-esteve\\\/2021\\\/01\\\/29\\\/els-tallers-educatius-sobre-medicaments-apropen-la-ciencia-als-escolars-mes-joves\\\/#respond\"]}]},{\"@type\":\"WebPage\",\"@id\":\"https:\\\/\\\/diarisanitat.cat\\\/fundacio-dr-antoni-esteve\\\/2021\\\/01\\\/29\\\/els-tallers-educatius-sobre-medicaments-apropen-la-ciencia-als-escolars-mes-joves\\\/\",\"url\":\"https:\\\/\\\/diarisanitat.cat\\\/fundacio-dr-antoni-esteve\\\/2021\\\/01\\\/29\\\/els-tallers-educatius-sobre-medicaments-apropen-la-ciencia-als-escolars-mes-joves\\\/\",\"name\":\"Els tallers educatius sobre medicaments apropen la ci\u00e8ncia als escolars m\u00e9s joves - Fundaci\u00f3 Dr. Antoni Esteve\",\"isPartOf\":{\"@id\":\"https:\\\/\\\/diarisanitat.cat\\\/fundacio-dr-antoni-esteve\\\/#website\"},\"primaryImageOfPage\":{\"@id\":\"https:\\\/\\\/diarisanitat.cat\\\/fundacio-dr-antoni-esteve\\\/2021\\\/01\\\/29\\\/els-tallers-educatius-sobre-medicaments-apropen-la-ciencia-als-escolars-mes-joves\\\/#primaryimage\"},\"image\":{\"@id\":\"https:\\\/\\\/diarisanitat.cat\\\/fundacio-dr-antoni-esteve\\\/2021\\\/01\\\/29\\\/els-tallers-educatius-sobre-medicaments-apropen-la-ciencia-als-escolars-mes-joves\\\/#primaryimage\"},\"thumbnailUrl\":\"https:\\\/\\\/diarisanitat.cat\\\/fundacio-dr-antoni-esteve\\\/wp-content\\\/uploads\\\/sites\\\/3\\\/2021\\\/01\\\/Imagen-1.png\",\"datePublished\":\"2021-01-29T09:50:27+00:00\",\"dateModified\":\"2024-03-24T14:51:07+00:00\",\"author\":{\"@id\":\"https:\\\/\\\/diarisanitat.cat\\\/fundacio-dr-antoni-esteve\\\/#\\\/schema\\\/person\\\/5ba216f556fbab5e9b5b2af4a5be9973\"},\"breadcrumb\":{\"@id\":\"https:\\\/\\\/diarisanitat.cat\\\/fundacio-dr-antoni-esteve\\\/2021\\\/01\\\/29\\\/els-tallers-educatius-sobre-medicaments-apropen-la-ciencia-als-escolars-mes-joves\\\/#breadcrumb\"},\"inLanguage\":\"ca\",\"potentialAction\":[{\"@type\":\"ReadAction\",\"target\":[\"https:\\\/\\\/diarisanitat.cat\\\/fundacio-dr-antoni-esteve\\\/2021\\\/01\\\/29\\\/els-tallers-educatius-sobre-medicaments-apropen-la-ciencia-als-escolars-mes-joves\\\/\"]}]},{\"@type\":\"ImageObject\",\"inLanguage\":\"ca\",\"@id\":\"https:\\\/\\\/diarisanitat.cat\\\/fundacio-dr-antoni-esteve\\\/2021\\\/01\\\/29\\\/els-tallers-educatius-sobre-medicaments-apropen-la-ciencia-als-escolars-mes-joves\\\/#primaryimage\",\"url\":\"https:\\\/\\\/diarisanitat.cat\\\/fundacio-dr-antoni-esteve\\\/wp-content\\\/uploads\\\/sites\\\/3\\\/2021\\\/01\\\/Imagen-1.png\",\"contentUrl\":\"https:\\\/\\\/diarisanitat.cat\\\/fundacio-dr-antoni-esteve\\\/wp-content\\\/uploads\\\/sites\\\/3\\\/2021\\\/01\\\/Imagen-1.png\",\"width\":637,\"height\":477,\"caption\":\"Els tallers educatius sobre medicaments apropen la ci\u00e8ncia als escolars m\u00e9s joves\"},{\"@type\":\"BreadcrumbList\",\"@id\":\"https:\\\/\\\/diarisanitat.cat\\\/fundacio-dr-antoni-esteve\\\/2021\\\/01\\\/29\\\/els-tallers-educatius-sobre-medicaments-apropen-la-ciencia-als-escolars-mes-joves\\\/#breadcrumb\",\"itemListElement\":[{\"@type\":\"ListItem\",\"position\":1,\"name\":\"Portada\",\"item\":\"https:\\\/\\\/diarisanitat.cat\\\/fundacio-dr-antoni-esteve\\\/\"},{\"@type\":\"ListItem\",\"position\":2,\"name\":\"Els tallers educatius sobre medicaments apropen la ci\u00e8ncia als escolars m\u00e9s joves\"}]},{\"@type\":\"WebSite\",\"@id\":\"https:\\\/\\\/diarisanitat.cat\\\/fundacio-dr-antoni-esteve\\\/#website\",\"url\":\"https:\\\/\\\/diarisanitat.cat\\\/fundacio-dr-antoni-esteve\\\/\",\"name\":\"Fundaci\u00f3 Dr. Antoni Esteve\",\"description\":\"\",\"potentialAction\":[{\"@type\":\"SearchAction\",\"target\":{\"@type\":\"EntryPoint\",\"urlTemplate\":\"https:\\\/\\\/diarisanitat.cat\\\/fundacio-dr-antoni-esteve\\\/?s={search_term_string}\"},\"query-input\":{\"@type\":\"PropertyValueSpecification\",\"valueRequired\":true,\"valueName\":\"search_term_string\"}}],\"inLanguage\":\"ca\"},{\"@type\":\"Person\",\"@id\":\"https:\\\/\\\/diarisanitat.cat\\\/fundacio-dr-antoni-esteve\\\/#\\\/schema\\\/person\\\/5ba216f556fbab5e9b5b2af4a5be9973\",\"name\":\"Elisabet Ser\u00e9s Escot\",\"image\":{\"@type\":\"ImageObject\",\"inLanguage\":\"ca\",\"@id\":\"https:\\\/\\\/secure.gravatar.com\\\/avatar\\\/2e1aa3ed54d5b34ffae8363872fcfa5dddf2b00cbd3726c75af60367df09bb7a?s=96&d=mm&r=g\",\"url\":\"https:\\\/\\\/secure.gravatar.com\\\/avatar\\\/2e1aa3ed54d5b34ffae8363872fcfa5dddf2b00cbd3726c75af60367df09bb7a?s=96&d=mm&r=g\",\"contentUrl\":\"https:\\\/\\\/secure.gravatar.com\\\/avatar\\\/2e1aa3ed54d5b34ffae8363872fcfa5dddf2b00cbd3726c75af60367df09bb7a?s=96&d=mm&r=g\",\"caption\":\"Elisabet Ser\u00e9s Escot\"},\"url\":\"https:\\\/\\\/diarisanitat.cat\\\/fundacio-dr-antoni-esteve\\\/author\\\/elisabetseres\\\/\"}]}<\/script>\n<!-- \/ Yoast SEO plugin. -->","yoast_head_json":{"title":"Els tallers educatius sobre medicaments apropen la ci\u00e8ncia als escolars m\u00e9s joves - Fundaci\u00f3 Dr. Antoni Esteve","robots":{"index":"index","follow":"follow","max-snippet":"max-snippet:-1","max-image-preview":"max-image-preview:large","max-video-preview":"max-video-preview:-1"},"canonical":"https:\/\/diarisanitat.cat\/fundacio-dr-antoni-esteve\/2021\/01\/29\/els-tallers-educatius-sobre-medicaments-apropen-la-ciencia-als-escolars-mes-joves\/","og_locale":"ca_ES","og_type":"article","og_title":"Els tallers educatius sobre medicaments apropen la ci\u00e8ncia als escolars m\u00e9s joves - Fundaci\u00f3 Dr. Antoni Esteve","og_description":"La Fundaci\u00f3 Dr. Antoni Esteve promou, des de 2009, iniciatives per al p\u00fablic m\u00e9s jove i amb dos objectius clars, explicar conceptes cient\u00edfics complexos d&#8217;una manera senzilla i entenedora i estimular el pensament cr\u00edtic dels alumnes. Entre aquestes iniciatives destaquen els tallers escolars sobre medicaments que s&#8217;organitzen des de 2019 a escoles de l&#8217;\u00e0rea metropolitana","og_url":"https:\/\/diarisanitat.cat\/fundacio-dr-antoni-esteve\/2021\/01\/29\/els-tallers-educatius-sobre-medicaments-apropen-la-ciencia-als-escolars-mes-joves\/","og_site_name":"Fundaci\u00f3 Dr. Antoni Esteve","article_published_time":"2021-01-29T09:50:27+00:00","article_modified_time":"2024-03-24T14:51:07+00:00","og_image":[{"width":637,"height":477,"url":"https:\/\/diarisanitat.cat\/fundacio-dr-antoni-esteve\/wp-content\/uploads\/sites\/3\/2021\/01\/Imagen-1.png","type":"image\/png"}],"author":"Elisabet Ser\u00e9s Escot","twitter_card":"summary_large_image","twitter_misc":{"Escrit per":"Elisabet Ser\u00e9s Escot","Temps estimat de lectura":"4 minuts"},"schema":{"@context":"https:\/\/schema.org","@graph":[{"@type":"Article","@id":"https:\/\/diarisanitat.cat\/fundacio-dr-antoni-esteve\/2021\/01\/29\/els-tallers-educatius-sobre-medicaments-apropen-la-ciencia-als-escolars-mes-joves\/#article","isPartOf":{"@id":"https:\/\/diarisanitat.cat\/fundacio-dr-antoni-esteve\/2021\/01\/29\/els-tallers-educatius-sobre-medicaments-apropen-la-ciencia-als-escolars-mes-joves\/"},"author":{"name":"Elisabet Ser\u00e9s Escot","@id":"https:\/\/diarisanitat.cat\/fundacio-dr-antoni-esteve\/#\/schema\/person\/5ba216f556fbab5e9b5b2af4a5be9973"},"headline":"Els tallers educatius sobre medicaments apropen la ci\u00e8ncia als escolars m\u00e9s joves","datePublished":"2021-01-29T09:50:27+00:00","dateModified":"2024-03-24T14:51:07+00:00","mainEntityOfPage":{"@id":"https:\/\/diarisanitat.cat\/fundacio-dr-antoni-esteve\/2021\/01\/29\/els-tallers-educatius-sobre-medicaments-apropen-la-ciencia-als-escolars-mes-joves\/"},"wordCount":750,"commentCount":1,"image":{"@id":"https:\/\/diarisanitat.cat\/fundacio-dr-antoni-esteve\/2021\/01\/29\/els-tallers-educatius-sobre-medicaments-apropen-la-ciencia-als-escolars-mes-joves\/#primaryimage"},"thumbnailUrl":"https:\/\/diarisanitat.cat\/fundacio-dr-antoni-esteve\/wp-content\/uploads\/sites\/3\/2021\/01\/Imagen-1.png","keywords":["educaci\u00f3 per la salut"],"articleSection":["Uncategorized"],"inLanguage":"ca","potentialAction":[{"@type":"CommentAction","name":"Comment","target":["https:\/\/diarisanitat.cat\/fundacio-dr-antoni-esteve\/2021\/01\/29\/els-tallers-educatius-sobre-medicaments-apropen-la-ciencia-als-escolars-mes-joves\/#respond"]}]},{"@type":"WebPage","@id":"https:\/\/diarisanitat.cat\/fundacio-dr-antoni-esteve\/2021\/01\/29\/els-tallers-educatius-sobre-medicaments-apropen-la-ciencia-als-escolars-mes-joves\/","url":"https:\/\/diarisanitat.cat\/fundacio-dr-antoni-esteve\/2021\/01\/29\/els-tallers-educatius-sobre-medicaments-apropen-la-ciencia-als-escolars-mes-joves\/","name":"Els tallers educatius sobre medicaments apropen la ci\u00e8ncia als escolars m\u00e9s joves - Fundaci\u00f3 Dr. Antoni Esteve","isPartOf":{"@id":"https:\/\/diarisanitat.cat\/fundacio-dr-antoni-esteve\/#website"},"primaryImageOfPage":{"@id":"https:\/\/diarisanitat.cat\/fundacio-dr-antoni-esteve\/2021\/01\/29\/els-tallers-educatius-sobre-medicaments-apropen-la-ciencia-als-escolars-mes-joves\/#primaryimage"},"image":{"@id":"https:\/\/diarisanitat.cat\/fundacio-dr-antoni-esteve\/2021\/01\/29\/els-tallers-educatius-sobre-medicaments-apropen-la-ciencia-als-escolars-mes-joves\/#primaryimage"},"thumbnailUrl":"https:\/\/diarisanitat.cat\/fundacio-dr-antoni-esteve\/wp-content\/uploads\/sites\/3\/2021\/01\/Imagen-1.png","datePublished":"2021-01-29T09:50:27+00:00","dateModified":"2024-03-24T14:51:07+00:00","author":{"@id":"https:\/\/diarisanitat.cat\/fundacio-dr-antoni-esteve\/#\/schema\/person\/5ba216f556fbab5e9b5b2af4a5be9973"},"breadcrumb":{"@id":"https:\/\/diarisanitat.cat\/fundacio-dr-antoni-esteve\/2021\/01\/29\/els-tallers-educatius-sobre-medicaments-apropen-la-ciencia-als-escolars-mes-joves\/#breadcrumb"},"inLanguage":"ca","potentialAction":[{"@type":"ReadAction","target":["https:\/\/diarisanitat.cat\/fundacio-dr-antoni-esteve\/2021\/01\/29\/els-tallers-educatius-sobre-medicaments-apropen-la-ciencia-als-escolars-mes-joves\/"]}]},{"@type":"ImageObject","inLanguage":"ca","@id":"https:\/\/diarisanitat.cat\/fundacio-dr-antoni-esteve\/2021\/01\/29\/els-tallers-educatius-sobre-medicaments-apropen-la-ciencia-als-escolars-mes-joves\/#primaryimage","url":"https:\/\/diarisanitat.cat\/fundacio-dr-antoni-esteve\/wp-content\/uploads\/sites\/3\/2021\/01\/Imagen-1.png","contentUrl":"https:\/\/diarisanitat.cat\/fundacio-dr-antoni-esteve\/wp-content\/uploads\/sites\/3\/2021\/01\/Imagen-1.png","width":637,"height":477,"caption":"Els tallers educatius sobre medicaments apropen la ci\u00e8ncia als escolars m\u00e9s joves"},{"@type":"BreadcrumbList","@id":"https:\/\/diarisanitat.cat\/fundacio-dr-antoni-esteve\/2021\/01\/29\/els-tallers-educatius-sobre-medicaments-apropen-la-ciencia-als-escolars-mes-joves\/#breadcrumb","itemListElement":[{"@type":"ListItem","position":1,"name":"Portada","item":"https:\/\/diarisanitat.cat\/fundacio-dr-antoni-esteve\/"},{"@type":"ListItem","position":2,"name":"Els tallers educatius sobre medicaments apropen la ci\u00e8ncia als escolars m\u00e9s joves"}]},{"@type":"WebSite","@id":"https:\/\/diarisanitat.cat\/fundacio-dr-antoni-esteve\/#website","url":"https:\/\/diarisanitat.cat\/fundacio-dr-antoni-esteve\/","name":"Fundaci\u00f3 Dr. Antoni Esteve","description":"","potentialAction":[{"@type":"SearchAction","target":{"@type":"EntryPoint","urlTemplate":"https:\/\/diarisanitat.cat\/fundacio-dr-antoni-esteve\/?s={search_term_string}"},"query-input":{"@type":"PropertyValueSpecification","valueRequired":true,"valueName":"search_term_string"}}],"inLanguage":"ca"},{"@type":"Person","@id":"https:\/\/diarisanitat.cat\/fundacio-dr-antoni-esteve\/#\/schema\/person\/5ba216f556fbab5e9b5b2af4a5be9973","name":"Elisabet Ser\u00e9s Escot","image":{"@type":"ImageObject","inLanguage":"ca","@id":"https:\/\/secure.gravatar.com\/avatar\/2e1aa3ed54d5b34ffae8363872fcfa5dddf2b00cbd3726c75af60367df09bb7a?s=96&d=mm&r=g","url":"https:\/\/secure.gravatar.com\/avatar\/2e1aa3ed54d5b34ffae8363872fcfa5dddf2b00cbd3726c75af60367df09bb7a?s=96&d=mm&r=g","contentUrl":"https:\/\/secure.gravatar.com\/avatar\/2e1aa3ed54d5b34ffae8363872fcfa5dddf2b00cbd3726c75af60367df09bb7a?s=96&d=mm&r=g","caption":"Elisabet Ser\u00e9s Escot"},"url":"https:\/\/diarisanitat.cat\/fundacio-dr-antoni-esteve\/author\/elisabetseres\/"}]}},"_links":{"self":[{"href":"https:\/\/diarisanitat.cat\/fundacio-dr-antoni-esteve\/wp-json\/wp\/v2\/posts\/85","targetHints":{"allow":["GET"]}}],"collection":[{"href":"https:\/\/diarisanitat.cat\/fundacio-dr-antoni-esteve\/wp-json\/wp\/v2\/posts"}],"about":[{"href":"https:\/\/diarisanitat.cat\/fundacio-dr-antoni-esteve\/wp-json\/wp\/v2\/types\/post"}],"author":[{"embeddable":true,"href":"https:\/\/diarisanitat.cat\/fundacio-dr-antoni-esteve\/wp-json\/wp\/v2\/users\/358"}],"replies":[{"embeddable":true,"href":"https:\/\/diarisanitat.cat\/fundacio-dr-antoni-esteve\/wp-json\/wp\/v2\/comments?post=85"}],"version-history":[{"count":1,"href":"https:\/\/diarisanitat.cat\/fundacio-dr-antoni-esteve\/wp-json\/wp\/v2\/posts\/85\/revisions"}],"predecessor-version":[{"id":243,"href":"https:\/\/diarisanitat.cat\/fundacio-dr-antoni-esteve\/wp-json\/wp\/v2\/posts\/85\/revisions\/243"}],"wp:featuredmedia":[{"embeddable":true,"href":"https:\/\/diarisanitat.cat\/fundacio-dr-antoni-esteve\/wp-json\/wp\/v2\/media\/89"}],"wp:attachment":[{"href":"https:\/\/diarisanitat.cat\/fundacio-dr-antoni-esteve\/wp-json\/wp\/v2\/media?parent=85"}],"wp:term":[{"taxonomy":"category","embeddable":true,"href":"https:\/\/diarisanitat.cat\/fundacio-dr-antoni-esteve\/wp-json\/wp\/v2\/categories?post=85"},{"taxonomy":"post_tag","embeddable":true,"href":"https:\/\/diarisanitat.cat\/fundacio-dr-antoni-esteve\/wp-json\/wp\/v2\/tags?post=85"},{"taxonomy":"tipo","embeddable":true,"href":"https:\/\/diarisanitat.cat\/fundacio-dr-antoni-esteve\/wp-json\/wp\/v2\/tipo?post=85"}],"curies":[{"name":"wp","href":"https:\/\/api.w.org\/{rel}","templated":true}]}}