{"id":93,"date":"2021-02-22T10:40:44","date_gmt":"2021-02-22T10:40:44","guid":{"rendered":"http:\/\/diarisanitat.cat\/fundacio-dr-antoni-esteve\/?p=93"},"modified":"2024-03-24T15:51:07","modified_gmt":"2024-03-24T14:51:07","slug":"la-premsa-nomes-dedicava-el-05-de-les-seves-informacions-als-farmacs-abans-de-la-pandemia","status":"publish","type":"post","link":"https:\/\/diarisanitat.cat\/fundacio-dr-antoni-esteve\/2021\/02\/22\/la-premsa-nomes-dedicava-el-05-de-les-seves-informacions-als-farmacs-abans-de-la-pandemia\/","title":{"rendered":"La premsa nom\u00e9s dedicava el 0,5% de les seves informacions als f\u00e0rmacs abans de la pand\u00e8mia"},"content":{"rendered":"<p>En un any marcat per la pand\u00e8mia del SARS-CoV-2, se succeeixen les informacions sobre tractaments farmacol\u00f2gics i vacunes per combatre la Covid-19. A falta de con\u00e8ixer el volum d&#8217;articles period\u00edstics sobre f\u00e0rmacs el 2020, un estudi que ha generat la Fundaci\u00f3 Dr. Antoni Esteve i que ha liderat el periodista cient\u00edfic Gonzalo Casino aborda la situaci\u00f3 just abans de la pand\u00e8mia. S&#8217;acaba de publicar a la<a href=\"https:\/\/revistaprismasocial.es\/article\/view\/3905\/4544\" target=\"_blank\" rel=\"noopener\"> revista <em>Prisma Social<\/em><\/a> i analitza l&#8217;atenci\u00f3 que la premsa espanyola li ha dedicat als medicaments durant tota una d\u00e8cada (del 2008 al 2017), aturant-se en l&#8217;\u00faltim any per elaborar una an\u00e0lisi qualitativa.<\/p>\n<p>Aquest estudi segueix una l\u00ednia pr\u00f2pia d&#8217;inter\u00e8s de la Fundaci\u00f3 que va sorgir a partir de la participaci\u00f3 en el <a href=\"https:\/\/www.bsm.upf.edu\/es\/master-en-comunicacion-cientifica-medica-y-ambiental\" target=\"_blank\" rel=\"noopener\">M\u00e0ster de Comunicaci\u00f3 Cient\u00edfica i Ambiental del BSM-UPF<\/a>, creat fa 26 anys pel reconegut periodista Vladimir de Semir. Actualment, \u00e9s Gema Revuelta qui dirigeix i assegura la continu\u00eftat i l&#8217;\u00e8xit d&#8217;aquest m\u00e0ster des del Centre d&#8217;Estudis de Ci\u00e8ncia, Comunicaci\u00f3 i Societat de la Universitat Pompeu Fabra.<\/p>\n<p>El 2018, des de la Fundaci\u00f3 Dr. Antoni Esteve <a href=\"https:\/\/e-revistas.uc3m.es\/index.php\/RECS\/article\/view\/4259\" target=\"_blank\" rel=\"noopener\">es publicava una revisi\u00f3 de la situaci\u00f3 de la informaci\u00f3 sobre f\u00e0rmacs a la premsa<\/a>. En aquest article s&#8217;incidia en la necessitat d&#8217;informar sobre la fase de recerca del f\u00e0rmac quan s&#8217;informava sobre medicaments encara no comercialitzats. Finalment, l&#8217;article proposava una llista de comprovaci\u00f3 que podia servir d&#8217;ajuda per divulgar sobre f\u00e0rmacs.<\/p>\n<p>Seguint aquesta l\u00ednia de recerca, a continuaci\u00f3 es destaquen les aportacions de l&#8217;article de Casino i col\u00b7laboradors. D&#8217;aquesta manera, el 2017, les not\u00edcies sobre f\u00e0rmacs van representar el 0,5% del total d&#8217;informacions difoses en sis diaris generalistes (<em>El Pa\u00eds, La Vanguardia, El Mundo, El Diario Monta\u00f1\u00e9s, Sur i Eldiario.es<\/em>). El percentatge ascendeix al 0,8% a la premsa econ\u00f2mica (<em>Expansi\u00f3n<\/em> i <em>Cinco D\u00edas<\/em>), a l&#8217;1,2% en l&#8217;ag\u00e8ncia especialitzada en ci\u00e8ncia <em>SINC<\/em>, al 8,5% a <em>Diario M\u00e9dico<\/em> i al 39% a <em>Correo Farmac\u00e9utico.<\/em><\/p>\n<p>El c\u00e0ncer \u00e9s el tema predominant a les informacions sobre f\u00e0rmacs que publiquen tots els tipus de premsa. En els diaris generalistes, per exemple, un de cada dotze titulars d&#8217;articles sobre medicaments inclouen el terme &#8216;c\u00e0ncer&#8217;. D&#8217;aquesta manera, l&#8217;11,4% de les informacions sobre f\u00e0rmacs a la premsa generalista se centra en aquesta malaltia. En el cas de la premsa econ\u00f2mica, el percentatge descendeix al 10,5%, mentre que a la premsa m\u00e8dica suposa el 7,6%. A continuaci\u00f3, les vacunes ocupen un de cada 25 titulars sobre f\u00e0rmacs a la premsa generalista, seguides dels antibi\u00f2tics, que protagonitzen un de cada 40 titulars.<\/p>\n<p>Per la seva banda, la recerca precl\u00ednica ocupa nom\u00e9s l&#8217;1,2% de tots els articles period\u00edstics sobre medicaments, mentre que els assaigs cl\u00ednics es mencionen en el 4,4% de les not\u00edcies. La premsa especialitzada cita les revistes cient\u00edfiques en el 5,9% dels seus articles, per\u00f2 aquestes fonts nom\u00e9s es mencionen en l&#8217;1,1% de les informacions de la premsa general i de la premsa econ\u00f2mica. En el cas dels efectes adversos, nom\u00e9s es mencionen en el 2,4% dels articles de la premsa general i en el 4,2% de la premsa especialitzada.<\/p>\n<p>Durant la d\u00e8cada de 2008 a 2017 es va estudiar el volum anual d&#8217;articles sobre f\u00e0rmacs en 13 diaris generalistes (<em>El Pa\u00eds, El Mundo, ABC, La Vanguardia, El Correo, El Diario Vasco, El Diario Monta\u00f1\u00e9s, Ideal, Sur, Las Provincias, El Comercio, La Verdad<\/em> i<em> Diario de Le\u00f3n<\/em>), dos econ\u00f2mics (<em>Expansi\u00f3n<\/em> i <em>Cinco d\u00edas<\/em>), un professional (<em>Diario M\u00e9dico<\/em>) i l&#8217;ag\u00e8ncia <em>SINC<\/em>. Amb un total de 30.070 informacions sobre medicaments, tant els diaris generalistes com els econ\u00f2mics van publicar tres articles sobre f\u00e0rmacs cada setmana, mentre que els professionals van difondre 14 cada setmana. En conjunt, el nombre d&#8217;articles sobre f\u00e0rmacs va disminuir un 10% entre 2012 i 2017.<\/p>\n<p><em>El Pa\u00eds<\/em> \u00e9s el diari de la premsa generalista que m\u00e9s not\u00edcies va dedicar als medicaments entre 2008 i 2017, amb una mitjana de 255 articles a l&#8217;any, mentre que <em>El Mundo<\/em> \u00e9s el diari amb menys not\u00edcies sobre f\u00e0rmacs (72 articles a l&#8217;any). Pel que fa a la premsa auton\u00f2mica, <em>La Verdad<\/em> \u00e9s el rotatiu que m\u00e9s informacions destina als medicaments, amb una mitjana de 238 articles a l&#8217;any.<\/p>\n<p>Les dades de l&#8217;estudi de Casino i col\u00b7laboradors es refereixen al per\u00edode 2008-2017. Sens dubte, el paradigma ha canviat de manera radical el 2020 amb la pand\u00e8mia provocada pel SARS-CoV-2. Els f\u00e0rmacs i les vacunes han estat i seguiran sent actualitat del dia a dia en tots els mitjans de comunicaci\u00f3. Un pas m\u00e9s endavant d&#8217;aquesta l\u00ednia de treball ser\u00e0 avaluar la qualitat d&#8217;aquesta informaci\u00f3 i, en cas de ser necessari, proposar alternatives de millora.<\/p>\n","protected":false},"excerpt":{"rendered":"<p>En un any marcat per la pand\u00e8mia del SARS-CoV-2, se succeeixen les informacions sobre tractaments farmacol\u00f2gics i vacunes per combatre la Covid-19. A falta de con\u00e8ixer el volum d&#8217;articles period\u00edstics sobre f\u00e0rmacs el 2020, un estudi que ha generat la Fundaci\u00f3 Dr. Antoni Esteve i que ha liderat el periodista cient\u00edfic Gonzalo Casino aborda la<\/p>\n","protected":false},"author":353,"featured_media":94,"comment_status":"open","ping_status":"open","sticky":false,"template":"","format":"standard","meta":{"_acf_changed":false,"footnotes":""},"categories":[2],"tags":[8],"tipo":[20],"class_list":{"0":"post-93","1":"post","2":"type-post","3":"status-publish","4":"format-standard","5":"has-post-thumbnail","7":"category-uncategorized","8":"tag-comunicacio-cientifica","9":"tipo-actualitat"},"acf":[],"yoast_head":"<!-- This site is optimized with the Yoast SEO plugin v27.5 - https:\/\/yoast.com\/product\/yoast-seo-wordpress\/ -->\n<title>La premsa nom\u00e9s dedicava el 0,5% de les seves informacions als f\u00e0rmacs abans de la pand\u00e8mia - Fundaci\u00f3 Dr. Antoni Esteve<\/title>\n<meta name=\"robots\" content=\"index, follow, max-snippet:-1, max-image-preview:large, max-video-preview:-1\" \/>\n<link rel=\"canonical\" href=\"https:\/\/diarisanitat.cat\/fundacio-dr-antoni-esteve\/2021\/02\/22\/la-premsa-nomes-dedicava-el-05-de-les-seves-informacions-als-farmacs-abans-de-la-pandemia\/\" \/>\n<meta property=\"og:locale\" content=\"ca_ES\" \/>\n<meta property=\"og:type\" content=\"article\" \/>\n<meta property=\"og:title\" content=\"La premsa nom\u00e9s dedicava el 0,5% de les seves informacions als f\u00e0rmacs abans de la pand\u00e8mia - Fundaci\u00f3 Dr. Antoni Esteve\" \/>\n<meta property=\"og:description\" content=\"En un any marcat per la pand\u00e8mia del SARS-CoV-2, se succeeixen les informacions sobre tractaments farmacol\u00f2gics i vacunes per combatre la Covid-19. A falta de con\u00e8ixer el volum d&#8217;articles period\u00edstics sobre f\u00e0rmacs el 2020, un estudi que ha generat la Fundaci\u00f3 Dr. Antoni Esteve i que ha liderat el periodista cient\u00edfic Gonzalo Casino aborda la\" \/>\n<meta property=\"og:url\" content=\"https:\/\/diarisanitat.cat\/fundacio-dr-antoni-esteve\/2021\/02\/22\/la-premsa-nomes-dedicava-el-05-de-les-seves-informacions-als-farmacs-abans-de-la-pandemia\/\" \/>\n<meta property=\"og:site_name\" content=\"Fundaci\u00f3 Dr. Antoni Esteve\" \/>\n<meta property=\"article:published_time\" content=\"2021-02-22T10:40:44+00:00\" \/>\n<meta property=\"article:modified_time\" content=\"2024-03-24T14:51:07+00:00\" \/>\n<meta property=\"og:image\" content=\"https:\/\/diarisanitat.cat\/fundacio-dr-antoni-esteve\/wp-content\/uploads\/sites\/3\/2021\/02\/iStock-1216923019.jpg\" \/>\n\t<meta property=\"og:image:width\" content=\"1254\" \/>\n\t<meta property=\"og:image:height\" content=\"837\" \/>\n\t<meta property=\"og:image:type\" content=\"image\/jpeg\" \/>\n<meta name=\"author\" content=\"Pol Morales Vidal\" \/>\n<meta name=\"twitter:card\" content=\"summary_large_image\" \/>\n<meta name=\"twitter:label1\" content=\"Escrit per\" \/>\n\t<meta name=\"twitter:data1\" content=\"Pol Morales Vidal\" \/>\n\t<meta name=\"twitter:label2\" content=\"Temps estimat de lectura\" \/>\n\t<meta name=\"twitter:data2\" content=\"4 minuts\" \/>\n<script type=\"application\/ld+json\" class=\"yoast-schema-graph\">{\"@context\":\"https:\\\/\\\/schema.org\",\"@graph\":[{\"@type\":\"Article\",\"@id\":\"https:\\\/\\\/diarisanitat.cat\\\/fundacio-dr-antoni-esteve\\\/2021\\\/02\\\/22\\\/la-premsa-nomes-dedicava-el-05-de-les-seves-informacions-als-farmacs-abans-de-la-pandemia\\\/#article\",\"isPartOf\":{\"@id\":\"https:\\\/\\\/diarisanitat.cat\\\/fundacio-dr-antoni-esteve\\\/2021\\\/02\\\/22\\\/la-premsa-nomes-dedicava-el-05-de-les-seves-informacions-als-farmacs-abans-de-la-pandemia\\\/\"},\"author\":{\"name\":\"Pol Morales Vidal\",\"@id\":\"https:\\\/\\\/diarisanitat.cat\\\/fundacio-dr-antoni-esteve\\\/#\\\/schema\\\/person\\\/f2cd3dfa0d37e8a340f60898dfc6e2be\"},\"headline\":\"La premsa nom\u00e9s dedicava el 0,5% de les seves informacions als f\u00e0rmacs abans de la pand\u00e8mia\",\"datePublished\":\"2021-02-22T10:40:44+00:00\",\"dateModified\":\"2024-03-24T14:51:07+00:00\",\"mainEntityOfPage\":{\"@id\":\"https:\\\/\\\/diarisanitat.cat\\\/fundacio-dr-antoni-esteve\\\/2021\\\/02\\\/22\\\/la-premsa-nomes-dedicava-el-05-de-les-seves-informacions-als-farmacs-abans-de-la-pandemia\\\/\"},\"wordCount\":838,\"commentCount\":0,\"image\":{\"@id\":\"https:\\\/\\\/diarisanitat.cat\\\/fundacio-dr-antoni-esteve\\\/2021\\\/02\\\/22\\\/la-premsa-nomes-dedicava-el-05-de-les-seves-informacions-als-farmacs-abans-de-la-pandemia\\\/#primaryimage\"},\"thumbnailUrl\":\"https:\\\/\\\/diarisanitat.cat\\\/fundacio-dr-antoni-esteve\\\/wp-content\\\/uploads\\\/sites\\\/3\\\/2021\\\/02\\\/iStock-1216923019.jpg\",\"keywords\":[\"comunicaci\u00f3 cient\u00edfica\"],\"articleSection\":[\"Uncategorized\"],\"inLanguage\":\"ca\",\"potentialAction\":[{\"@type\":\"CommentAction\",\"name\":\"Comment\",\"target\":[\"https:\\\/\\\/diarisanitat.cat\\\/fundacio-dr-antoni-esteve\\\/2021\\\/02\\\/22\\\/la-premsa-nomes-dedicava-el-05-de-les-seves-informacions-als-farmacs-abans-de-la-pandemia\\\/#respond\"]}]},{\"@type\":\"WebPage\",\"@id\":\"https:\\\/\\\/diarisanitat.cat\\\/fundacio-dr-antoni-esteve\\\/2021\\\/02\\\/22\\\/la-premsa-nomes-dedicava-el-05-de-les-seves-informacions-als-farmacs-abans-de-la-pandemia\\\/\",\"url\":\"https:\\\/\\\/diarisanitat.cat\\\/fundacio-dr-antoni-esteve\\\/2021\\\/02\\\/22\\\/la-premsa-nomes-dedicava-el-05-de-les-seves-informacions-als-farmacs-abans-de-la-pandemia\\\/\",\"name\":\"La premsa nom\u00e9s dedicava el 0,5% de les seves informacions als f\u00e0rmacs abans de la pand\u00e8mia - Fundaci\u00f3 Dr. Antoni Esteve\",\"isPartOf\":{\"@id\":\"https:\\\/\\\/diarisanitat.cat\\\/fundacio-dr-antoni-esteve\\\/#website\"},\"primaryImageOfPage\":{\"@id\":\"https:\\\/\\\/diarisanitat.cat\\\/fundacio-dr-antoni-esteve\\\/2021\\\/02\\\/22\\\/la-premsa-nomes-dedicava-el-05-de-les-seves-informacions-als-farmacs-abans-de-la-pandemia\\\/#primaryimage\"},\"image\":{\"@id\":\"https:\\\/\\\/diarisanitat.cat\\\/fundacio-dr-antoni-esteve\\\/2021\\\/02\\\/22\\\/la-premsa-nomes-dedicava-el-05-de-les-seves-informacions-als-farmacs-abans-de-la-pandemia\\\/#primaryimage\"},\"thumbnailUrl\":\"https:\\\/\\\/diarisanitat.cat\\\/fundacio-dr-antoni-esteve\\\/wp-content\\\/uploads\\\/sites\\\/3\\\/2021\\\/02\\\/iStock-1216923019.jpg\",\"datePublished\":\"2021-02-22T10:40:44+00:00\",\"dateModified\":\"2024-03-24T14:51:07+00:00\",\"author\":{\"@id\":\"https:\\\/\\\/diarisanitat.cat\\\/fundacio-dr-antoni-esteve\\\/#\\\/schema\\\/person\\\/f2cd3dfa0d37e8a340f60898dfc6e2be\"},\"breadcrumb\":{\"@id\":\"https:\\\/\\\/diarisanitat.cat\\\/fundacio-dr-antoni-esteve\\\/2021\\\/02\\\/22\\\/la-premsa-nomes-dedicava-el-05-de-les-seves-informacions-als-farmacs-abans-de-la-pandemia\\\/#breadcrumb\"},\"inLanguage\":\"ca\",\"potentialAction\":[{\"@type\":\"ReadAction\",\"target\":[\"https:\\\/\\\/diarisanitat.cat\\\/fundacio-dr-antoni-esteve\\\/2021\\\/02\\\/22\\\/la-premsa-nomes-dedicava-el-05-de-les-seves-informacions-als-farmacs-abans-de-la-pandemia\\\/\"]}]},{\"@type\":\"ImageObject\",\"inLanguage\":\"ca\",\"@id\":\"https:\\\/\\\/diarisanitat.cat\\\/fundacio-dr-antoni-esteve\\\/2021\\\/02\\\/22\\\/la-premsa-nomes-dedicava-el-05-de-les-seves-informacions-als-farmacs-abans-de-la-pandemia\\\/#primaryimage\",\"url\":\"https:\\\/\\\/diarisanitat.cat\\\/fundacio-dr-antoni-esteve\\\/wp-content\\\/uploads\\\/sites\\\/3\\\/2021\\\/02\\\/iStock-1216923019.jpg\",\"contentUrl\":\"https:\\\/\\\/diarisanitat.cat\\\/fundacio-dr-antoni-esteve\\\/wp-content\\\/uploads\\\/sites\\\/3\\\/2021\\\/02\\\/iStock-1216923019.jpg\",\"width\":1254,\"height\":837,\"caption\":\"\\\/iStock\"},{\"@type\":\"BreadcrumbList\",\"@id\":\"https:\\\/\\\/diarisanitat.cat\\\/fundacio-dr-antoni-esteve\\\/2021\\\/02\\\/22\\\/la-premsa-nomes-dedicava-el-05-de-les-seves-informacions-als-farmacs-abans-de-la-pandemia\\\/#breadcrumb\",\"itemListElement\":[{\"@type\":\"ListItem\",\"position\":1,\"name\":\"Portada\",\"item\":\"https:\\\/\\\/diarisanitat.cat\\\/fundacio-dr-antoni-esteve\\\/\"},{\"@type\":\"ListItem\",\"position\":2,\"name\":\"La premsa nom\u00e9s dedicava el 0,5% de les seves informacions als f\u00e0rmacs abans de la pand\u00e8mia\"}]},{\"@type\":\"WebSite\",\"@id\":\"https:\\\/\\\/diarisanitat.cat\\\/fundacio-dr-antoni-esteve\\\/#website\",\"url\":\"https:\\\/\\\/diarisanitat.cat\\\/fundacio-dr-antoni-esteve\\\/\",\"name\":\"Fundaci\u00f3 Dr. Antoni Esteve\",\"description\":\"\",\"potentialAction\":[{\"@type\":\"SearchAction\",\"target\":{\"@type\":\"EntryPoint\",\"urlTemplate\":\"https:\\\/\\\/diarisanitat.cat\\\/fundacio-dr-antoni-esteve\\\/?s={search_term_string}\"},\"query-input\":{\"@type\":\"PropertyValueSpecification\",\"valueRequired\":true,\"valueName\":\"search_term_string\"}}],\"inLanguage\":\"ca\"},{\"@type\":\"Person\",\"@id\":\"https:\\\/\\\/diarisanitat.cat\\\/fundacio-dr-antoni-esteve\\\/#\\\/schema\\\/person\\\/f2cd3dfa0d37e8a340f60898dfc6e2be\",\"name\":\"Pol Morales Vidal\",\"image\":{\"@type\":\"ImageObject\",\"inLanguage\":\"ca\",\"@id\":\"https:\\\/\\\/secure.gravatar.com\\\/avatar\\\/8690d7a509c6000630c5cccdd67dcfc93b1cf213952072632ae22ec306a9084d?s=96&d=mm&r=g\",\"url\":\"https:\\\/\\\/secure.gravatar.com\\\/avatar\\\/8690d7a509c6000630c5cccdd67dcfc93b1cf213952072632ae22ec306a9084d?s=96&d=mm&r=g\",\"contentUrl\":\"https:\\\/\\\/secure.gravatar.com\\\/avatar\\\/8690d7a509c6000630c5cccdd67dcfc93b1cf213952072632ae22ec306a9084d?s=96&d=mm&r=g\",\"caption\":\"Pol Morales Vidal\"},\"url\":\"https:\\\/\\\/diarisanitat.cat\\\/fundacio-dr-antoni-esteve\\\/author\\\/polmoralesvidal\\\/\"}]}<\/script>\n<!-- \/ Yoast SEO plugin. -->","yoast_head_json":{"title":"La premsa nom\u00e9s dedicava el 0,5% de les seves informacions als f\u00e0rmacs abans de la pand\u00e8mia - Fundaci\u00f3 Dr. Antoni Esteve","robots":{"index":"index","follow":"follow","max-snippet":"max-snippet:-1","max-image-preview":"max-image-preview:large","max-video-preview":"max-video-preview:-1"},"canonical":"https:\/\/diarisanitat.cat\/fundacio-dr-antoni-esteve\/2021\/02\/22\/la-premsa-nomes-dedicava-el-05-de-les-seves-informacions-als-farmacs-abans-de-la-pandemia\/","og_locale":"ca_ES","og_type":"article","og_title":"La premsa nom\u00e9s dedicava el 0,5% de les seves informacions als f\u00e0rmacs abans de la pand\u00e8mia - Fundaci\u00f3 Dr. Antoni Esteve","og_description":"En un any marcat per la pand\u00e8mia del SARS-CoV-2, se succeeixen les informacions sobre tractaments farmacol\u00f2gics i vacunes per combatre la Covid-19. A falta de con\u00e8ixer el volum d&#8217;articles period\u00edstics sobre f\u00e0rmacs el 2020, un estudi que ha generat la Fundaci\u00f3 Dr. Antoni Esteve i que ha liderat el periodista cient\u00edfic Gonzalo Casino aborda la","og_url":"https:\/\/diarisanitat.cat\/fundacio-dr-antoni-esteve\/2021\/02\/22\/la-premsa-nomes-dedicava-el-05-de-les-seves-informacions-als-farmacs-abans-de-la-pandemia\/","og_site_name":"Fundaci\u00f3 Dr. Antoni Esteve","article_published_time":"2021-02-22T10:40:44+00:00","article_modified_time":"2024-03-24T14:51:07+00:00","og_image":[{"width":1254,"height":837,"url":"https:\/\/diarisanitat.cat\/fundacio-dr-antoni-esteve\/wp-content\/uploads\/sites\/3\/2021\/02\/iStock-1216923019.jpg","type":"image\/jpeg"}],"author":"Pol Morales Vidal","twitter_card":"summary_large_image","twitter_misc":{"Escrit per":"Pol Morales Vidal","Temps estimat de lectura":"4 minuts"},"schema":{"@context":"https:\/\/schema.org","@graph":[{"@type":"Article","@id":"https:\/\/diarisanitat.cat\/fundacio-dr-antoni-esteve\/2021\/02\/22\/la-premsa-nomes-dedicava-el-05-de-les-seves-informacions-als-farmacs-abans-de-la-pandemia\/#article","isPartOf":{"@id":"https:\/\/diarisanitat.cat\/fundacio-dr-antoni-esteve\/2021\/02\/22\/la-premsa-nomes-dedicava-el-05-de-les-seves-informacions-als-farmacs-abans-de-la-pandemia\/"},"author":{"name":"Pol Morales Vidal","@id":"https:\/\/diarisanitat.cat\/fundacio-dr-antoni-esteve\/#\/schema\/person\/f2cd3dfa0d37e8a340f60898dfc6e2be"},"headline":"La premsa nom\u00e9s dedicava el 0,5% de les seves informacions als f\u00e0rmacs abans de la pand\u00e8mia","datePublished":"2021-02-22T10:40:44+00:00","dateModified":"2024-03-24T14:51:07+00:00","mainEntityOfPage":{"@id":"https:\/\/diarisanitat.cat\/fundacio-dr-antoni-esteve\/2021\/02\/22\/la-premsa-nomes-dedicava-el-05-de-les-seves-informacions-als-farmacs-abans-de-la-pandemia\/"},"wordCount":838,"commentCount":0,"image":{"@id":"https:\/\/diarisanitat.cat\/fundacio-dr-antoni-esteve\/2021\/02\/22\/la-premsa-nomes-dedicava-el-05-de-les-seves-informacions-als-farmacs-abans-de-la-pandemia\/#primaryimage"},"thumbnailUrl":"https:\/\/diarisanitat.cat\/fundacio-dr-antoni-esteve\/wp-content\/uploads\/sites\/3\/2021\/02\/iStock-1216923019.jpg","keywords":["comunicaci\u00f3 cient\u00edfica"],"articleSection":["Uncategorized"],"inLanguage":"ca","potentialAction":[{"@type":"CommentAction","name":"Comment","target":["https:\/\/diarisanitat.cat\/fundacio-dr-antoni-esteve\/2021\/02\/22\/la-premsa-nomes-dedicava-el-05-de-les-seves-informacions-als-farmacs-abans-de-la-pandemia\/#respond"]}]},{"@type":"WebPage","@id":"https:\/\/diarisanitat.cat\/fundacio-dr-antoni-esteve\/2021\/02\/22\/la-premsa-nomes-dedicava-el-05-de-les-seves-informacions-als-farmacs-abans-de-la-pandemia\/","url":"https:\/\/diarisanitat.cat\/fundacio-dr-antoni-esteve\/2021\/02\/22\/la-premsa-nomes-dedicava-el-05-de-les-seves-informacions-als-farmacs-abans-de-la-pandemia\/","name":"La premsa nom\u00e9s dedicava el 0,5% de les seves informacions als f\u00e0rmacs abans de la pand\u00e8mia - Fundaci\u00f3 Dr. Antoni Esteve","isPartOf":{"@id":"https:\/\/diarisanitat.cat\/fundacio-dr-antoni-esteve\/#website"},"primaryImageOfPage":{"@id":"https:\/\/diarisanitat.cat\/fundacio-dr-antoni-esteve\/2021\/02\/22\/la-premsa-nomes-dedicava-el-05-de-les-seves-informacions-als-farmacs-abans-de-la-pandemia\/#primaryimage"},"image":{"@id":"https:\/\/diarisanitat.cat\/fundacio-dr-antoni-esteve\/2021\/02\/22\/la-premsa-nomes-dedicava-el-05-de-les-seves-informacions-als-farmacs-abans-de-la-pandemia\/#primaryimage"},"thumbnailUrl":"https:\/\/diarisanitat.cat\/fundacio-dr-antoni-esteve\/wp-content\/uploads\/sites\/3\/2021\/02\/iStock-1216923019.jpg","datePublished":"2021-02-22T10:40:44+00:00","dateModified":"2024-03-24T14:51:07+00:00","author":{"@id":"https:\/\/diarisanitat.cat\/fundacio-dr-antoni-esteve\/#\/schema\/person\/f2cd3dfa0d37e8a340f60898dfc6e2be"},"breadcrumb":{"@id":"https:\/\/diarisanitat.cat\/fundacio-dr-antoni-esteve\/2021\/02\/22\/la-premsa-nomes-dedicava-el-05-de-les-seves-informacions-als-farmacs-abans-de-la-pandemia\/#breadcrumb"},"inLanguage":"ca","potentialAction":[{"@type":"ReadAction","target":["https:\/\/diarisanitat.cat\/fundacio-dr-antoni-esteve\/2021\/02\/22\/la-premsa-nomes-dedicava-el-05-de-les-seves-informacions-als-farmacs-abans-de-la-pandemia\/"]}]},{"@type":"ImageObject","inLanguage":"ca","@id":"https:\/\/diarisanitat.cat\/fundacio-dr-antoni-esteve\/2021\/02\/22\/la-premsa-nomes-dedicava-el-05-de-les-seves-informacions-als-farmacs-abans-de-la-pandemia\/#primaryimage","url":"https:\/\/diarisanitat.cat\/fundacio-dr-antoni-esteve\/wp-content\/uploads\/sites\/3\/2021\/02\/iStock-1216923019.jpg","contentUrl":"https:\/\/diarisanitat.cat\/fundacio-dr-antoni-esteve\/wp-content\/uploads\/sites\/3\/2021\/02\/iStock-1216923019.jpg","width":1254,"height":837,"caption":"\/iStock"},{"@type":"BreadcrumbList","@id":"https:\/\/diarisanitat.cat\/fundacio-dr-antoni-esteve\/2021\/02\/22\/la-premsa-nomes-dedicava-el-05-de-les-seves-informacions-als-farmacs-abans-de-la-pandemia\/#breadcrumb","itemListElement":[{"@type":"ListItem","position":1,"name":"Portada","item":"https:\/\/diarisanitat.cat\/fundacio-dr-antoni-esteve\/"},{"@type":"ListItem","position":2,"name":"La premsa nom\u00e9s dedicava el 0,5% de les seves informacions als f\u00e0rmacs abans de la pand\u00e8mia"}]},{"@type":"WebSite","@id":"https:\/\/diarisanitat.cat\/fundacio-dr-antoni-esteve\/#website","url":"https:\/\/diarisanitat.cat\/fundacio-dr-antoni-esteve\/","name":"Fundaci\u00f3 Dr. Antoni Esteve","description":"","potentialAction":[{"@type":"SearchAction","target":{"@type":"EntryPoint","urlTemplate":"https:\/\/diarisanitat.cat\/fundacio-dr-antoni-esteve\/?s={search_term_string}"},"query-input":{"@type":"PropertyValueSpecification","valueRequired":true,"valueName":"search_term_string"}}],"inLanguage":"ca"},{"@type":"Person","@id":"https:\/\/diarisanitat.cat\/fundacio-dr-antoni-esteve\/#\/schema\/person\/f2cd3dfa0d37e8a340f60898dfc6e2be","name":"Pol Morales Vidal","image":{"@type":"ImageObject","inLanguage":"ca","@id":"https:\/\/secure.gravatar.com\/avatar\/8690d7a509c6000630c5cccdd67dcfc93b1cf213952072632ae22ec306a9084d?s=96&d=mm&r=g","url":"https:\/\/secure.gravatar.com\/avatar\/8690d7a509c6000630c5cccdd67dcfc93b1cf213952072632ae22ec306a9084d?s=96&d=mm&r=g","contentUrl":"https:\/\/secure.gravatar.com\/avatar\/8690d7a509c6000630c5cccdd67dcfc93b1cf213952072632ae22ec306a9084d?s=96&d=mm&r=g","caption":"Pol Morales Vidal"},"url":"https:\/\/diarisanitat.cat\/fundacio-dr-antoni-esteve\/author\/polmoralesvidal\/"}]}},"_links":{"self":[{"href":"https:\/\/diarisanitat.cat\/fundacio-dr-antoni-esteve\/wp-json\/wp\/v2\/posts\/93","targetHints":{"allow":["GET"]}}],"collection":[{"href":"https:\/\/diarisanitat.cat\/fundacio-dr-antoni-esteve\/wp-json\/wp\/v2\/posts"}],"about":[{"href":"https:\/\/diarisanitat.cat\/fundacio-dr-antoni-esteve\/wp-json\/wp\/v2\/types\/post"}],"author":[{"embeddable":true,"href":"https:\/\/diarisanitat.cat\/fundacio-dr-antoni-esteve\/wp-json\/wp\/v2\/users\/353"}],"replies":[{"embeddable":true,"href":"https:\/\/diarisanitat.cat\/fundacio-dr-antoni-esteve\/wp-json\/wp\/v2\/comments?post=93"}],"version-history":[{"count":1,"href":"https:\/\/diarisanitat.cat\/fundacio-dr-antoni-esteve\/wp-json\/wp\/v2\/posts\/93\/revisions"}],"predecessor-version":[{"id":242,"href":"https:\/\/diarisanitat.cat\/fundacio-dr-antoni-esteve\/wp-json\/wp\/v2\/posts\/93\/revisions\/242"}],"wp:featuredmedia":[{"embeddable":true,"href":"https:\/\/diarisanitat.cat\/fundacio-dr-antoni-esteve\/wp-json\/wp\/v2\/media\/94"}],"wp:attachment":[{"href":"https:\/\/diarisanitat.cat\/fundacio-dr-antoni-esteve\/wp-json\/wp\/v2\/media?parent=93"}],"wp:term":[{"taxonomy":"category","embeddable":true,"href":"https:\/\/diarisanitat.cat\/fundacio-dr-antoni-esteve\/wp-json\/wp\/v2\/categories?post=93"},{"taxonomy":"post_tag","embeddable":true,"href":"https:\/\/diarisanitat.cat\/fundacio-dr-antoni-esteve\/wp-json\/wp\/v2\/tags?post=93"},{"taxonomy":"tipo","embeddable":true,"href":"https:\/\/diarisanitat.cat\/fundacio-dr-antoni-esteve\/wp-json\/wp\/v2\/tipo?post=93"}],"curies":[{"name":"wp","href":"https:\/\/api.w.org\/{rel}","templated":true}]}}