{"id":97,"date":"2021-03-24T09:08:01","date_gmt":"2021-03-24T09:08:01","guid":{"rendered":"http:\/\/diarisanitat.cat\/fundacio-dr-antoni-esteve\/?p=97"},"modified":"2024-03-24T15:51:07","modified_gmt":"2024-03-24T14:51:07","slug":"lanuari-de-lany-mes-reptador","status":"publish","type":"post","link":"https:\/\/diarisanitat.cat\/fundacio-dr-antoni-esteve\/2021\/03\/24\/lanuari-de-lany-mes-reptador\/","title":{"rendered":"L&#8217;anuari de l&#8217;any m\u00e9s reptador"},"content":{"rendered":"<p>El 2020 ja no va comen\u00e7ar b\u00e9 per a la Fundaci\u00f3 Dr. Antoni Esteve. Pocs dies despr\u00e9s d&#8217;iniciar-se l&#8217;any, el 29 de febrer, moria <a href=\"https:\/\/www.esteve.org\/ca\/activities\/sergi-erill-saez\/\" target=\"_blank\" rel=\"noopener\">Sergi Erill S\u00e1ez<\/a>, pioner de la farmacologia a Espanya i director fundador de la Fundaci\u00f3 Dr. Antoni Esteve. Amb la seva batuta, i juntament amb l&#8217;esposa i fills del Dr. Antoni Esteve i Subirana, emprenien el 1983 aquesta instituci\u00f3 sense \u00e0nim de lucre amb l&#8217;objectiu d&#8217;honorar la seva mem\u00f2ria. Seguint la seva mateixa inquietud per la ci\u00e8ncia, Erill va dotar de personalitat pr\u00f2pia aquesta fundaci\u00f3 que avui, 38 anys m\u00e9s tard, mant\u00e9 el seu mateix esperit, el de fomentar la farmacoter\u00e0pia i la comunicaci\u00f3 cient\u00edfica, no nom\u00e9s entre investigadors i professionals sanitaris sin\u00f3 tamb\u00e9 envers la societat.<\/p>\n<p>Pocs dies despr\u00e9s de la mort de Sergi Erill, esclatava una pand\u00e8mia global les conseq\u00fc\u00e8ncies devastadores de la qual encara patim aquest 2021. La Covid-19 va alterar per complet les nostres vides i va interrompre totes les planificacions. Durant els primers mesos de confinament, i com tantes altres institucions, la Fundaci\u00f3 Dr. Antoni Esteve va cancel\u00b7lar totes les activitats presencials programades per adaptar-se a una nova situaci\u00f3 d&#8217;absoluta incertesa.<\/p>\n<p>Passat el temps, i amb la <a href=\"https:\/\/www.esteve.org\/ca\/libros\/anuario-2020\/\" target=\"_blank\" rel=\"noopener\">publicaci\u00f3 del seu anuari<\/a>, podem afirmar que la Fundaci\u00f3 Dr. Antoni Esteve ha aconseguit fer front a la situaci\u00f3, mantenint viva la imatge del Dr. Antoni Esteve i potenciant aquelles iniciatives que millor s&#8217;adaptaven a la nova realitat. La tecnologia ha evitat, per una banda, alterar el funcionament normal de la instituci\u00f3, permetent la comunicaci\u00f3 constant i segura de tots els membres de l&#8217;equip i del patronat. Per altra banda, ha perm\u00e8s incentivar la nostra oferta de <a href=\"https:\/\/www.esteve.org\/ca\/actividades\/cursos\/cursos-en-linea\/\" target=\"_blank\" rel=\"noopener\">cursos en l\u00ednia<\/a> i emprendre nous formats a dist\u00e0ncia, com el <a href=\"https:\/\/www.esteve.org\/ca\/eventos\/la-ciencia-impaciente-durante-la-covid-19\/\" target=\"_blank\" rel=\"noopener\">debat que va moderar la periodista cient\u00edfica N\u00faria Jar<\/a> i en qu\u00e8 una vintena d&#8217;experts van analitzar les conseq\u00fc\u00e8ncies de la recerca accelerada sobre vacunes i f\u00e0rmacs contra la Covid-19.<\/p>\n<p>Les publicacions peri\u00f2diques en col\u00b7laboraci\u00f3 amb diferents mitjans de comunicaci\u00f3 tamb\u00e9 han experimentat un creixement al llarg del 2020. La columna <a href=\"https:\/\/elpais.com\/ciencia\/las-cientificas-responden\/\" target=\"_blank\" rel=\"noopener\"><em>Nosotras respondemos<\/em><\/a> amb El Pa\u00eds, en qu\u00e8 cada setmana cient\u00edfiques de la Asociaci\u00f3n de Mujeres Investigadoras y Tecn\u00f3logas responen els dubtes dels lectors i lectores del rotatiu, va obrir un consultori especial durant els pitjors dies de la pand\u00e8mia per resoldre tots els interrogants sobra la pand\u00e8mia de la ciutadania. A la <a href=\"https:\/\/www.esteve.org\/ca\/publicaciones\/red-cientificas-comunicadoras\/\" target=\"_blank\" rel=\"noopener\">Xarxa de Cient\u00edfiques Comunicadores<\/a> amb El Peri\u00f3dico i a la secci\u00f3 <a href=\"https:\/\/diarisanitat.cat\/author\/gcasino\/\" target=\"_blank\" rel=\"noopener\">Escepticemia amb el metge i periodista Gonzalo Casino<\/a>, s&#8217;hi ha sumat aquest any aquest <a href=\"https:\/\/diarisanitat.cat\/fundacio-dr-antoni-esteve\/\" target=\"_blank\" rel=\"noopener\">Blog de la Fundaci\u00f3 Dr. Antoni Esteve en el Diari de la Sanitat<\/a>, una nova finestra on compartim amb els professionals sanitaris totes aquelles eines que posem a la seva disposici\u00f3 per tal de millora la seva tasca, com l&#8217;\u00faltim <a href=\"https:\/\/www.esteve.org\/ca\/libros\/informe-medic\/\" target=\"_blank\" rel=\"noopener\">Quadern sobre redacci\u00f3 d&#8217;informes m\u00e8dics<\/a>, a c\u00e0rrec de Rosa Estop\u00e0, ling\u00fcista del IULATERM de la Universitat Pompeu Fabra.<\/p>\n<p>Tot i les circumst\u00e0ncies, la Fundaci\u00f3 Dr. Antoni Esteve ha dut a terme 152 iniciatives. Algunes es van poder realitzar de forma presencial durant les setmanes pr\u00e8vies a la pand\u00e8mia, com l&#8217;<a href=\"https:\/\/www.esteve.org\/ca\/eventos\/g-protein%E2%80%90coupled-receptor-signaling-complexes-functional-and-pharmacological-perspectives\/?doing_wp_cron=1616576629.2607779502868652343750\" target=\"_blank\" rel=\"noopener\">Esteve Foundation Discussion Group sobre receptors acoblats a prote\u00efnes G<\/a> (GPCR), els <a href=\"https:\/\/www.esteve.org\/ca\/activities\/talleres-escolares-sobre-medicamentos-con-funbrain\/\" target=\"_blank\" rel=\"noopener\">tallers sobre medicaments a les escoles catalanes<\/a> o la <a href=\"https:\/\/www.esteve.org\/ca\/eventos\/percientex-2020\/?doing_wp_cron=1616576682.9882309436798095703125\" target=\"_blank\" rel=\"noopener\">Jornada sobre Periodisme Cient\u00edfic d&#8217;Excel\u00b7l\u00e8ncia al CosmoCaixa<\/a>. Altres van estrenar un format h\u00edbrid semipresencial, com l&#8217;\u00faltima edici\u00f3 del curs <a href=\"https:\/\/www.esteve.org\/ca\/eventos\/el-cientifico-ante-los-medios-de-comunicacion-15-barcelona\/\" target=\"_blank\" rel=\"noopener\"><em>El cient\u00edfic davant els mitjans de comunicaci\u00f3<\/em><\/a> i altres foren totalment en l\u00ednia, sumades a les publicacions, accessibles de forma gratu\u00efta a trav\u00e9s de la nostra p\u00e0gina web.<\/p>\n<p>Una web que aquest any ha batut tots els seus r\u00e8cords, amb m\u00e9s de 600.000 visites, nou vegades m\u00e9s que les 70.000 de l&#8217;any 2019. L&#8217;anuari de la Fundaci\u00f3 Dr. Antoni Esteve \u00e9s nom\u00e9s un resum de les activitats, publicacions i projectes m\u00e9s destacats d&#8217;un any dif\u00edcil, que ens ha trastocat a tots, com a col\u00b7lectiu i com a individus, per\u00f2 que tamb\u00e9 ha suposat un repte enorme. Des d&#8217;aquesta instituci\u00f3 seguirem aportant el nostre granet de sorra perqu\u00e8, passi el que passi, mai deixem de compartir ci\u00e8ncia.<\/p>\n","protected":false},"excerpt":{"rendered":"<p>El 2020 ja no va comen\u00e7ar b\u00e9 per a la Fundaci\u00f3 Dr. Antoni Esteve. Pocs dies despr\u00e9s d&#8217;iniciar-se l&#8217;any, el 29 de febrer, moria Sergi Erill S\u00e1ez, pioner de la farmacologia a Espanya i director fundador de la Fundaci\u00f3 Dr. Antoni Esteve. Amb la seva batuta, i juntament amb l&#8217;esposa i fills del Dr. Antoni<\/p>\n","protected":false},"author":356,"featured_media":98,"comment_status":"open","ping_status":"open","sticky":false,"template":"","format":"standard","meta":{"_acf_changed":false,"footnotes":""},"categories":[2],"tags":[8],"tipo":[20],"class_list":{"0":"post-97","1":"post","2":"type-post","3":"status-publish","4":"format-standard","5":"has-post-thumbnail","7":"category-uncategorized","8":"tag-comunicacio-cientifica","9":"tipo-actualitat"},"acf":[],"yoast_head":"<!-- This site is optimized with the Yoast SEO plugin v27.5 - https:\/\/yoast.com\/product\/yoast-seo-wordpress\/ -->\n<title>L&#039;anuari de l&#039;any m\u00e9s reptador - Fundaci\u00f3 Dr. Antoni Esteve<\/title>\n<meta name=\"robots\" content=\"index, follow, max-snippet:-1, max-image-preview:large, max-video-preview:-1\" \/>\n<link rel=\"canonical\" href=\"https:\/\/diarisanitat.cat\/fundacio-dr-antoni-esteve\/2021\/03\/24\/lanuari-de-lany-mes-reptador\/\" \/>\n<meta property=\"og:locale\" content=\"ca_ES\" \/>\n<meta property=\"og:type\" content=\"article\" \/>\n<meta property=\"og:title\" content=\"L&#039;anuari de l&#039;any m\u00e9s reptador - Fundaci\u00f3 Dr. Antoni Esteve\" \/>\n<meta property=\"og:description\" content=\"El 2020 ja no va comen\u00e7ar b\u00e9 per a la Fundaci\u00f3 Dr. Antoni Esteve. Pocs dies despr\u00e9s d&#8217;iniciar-se l&#8217;any, el 29 de febrer, moria Sergi Erill S\u00e1ez, pioner de la farmacologia a Espanya i director fundador de la Fundaci\u00f3 Dr. Antoni Esteve. Amb la seva batuta, i juntament amb l&#8217;esposa i fills del Dr. Antoni\" \/>\n<meta property=\"og:url\" content=\"https:\/\/diarisanitat.cat\/fundacio-dr-antoni-esteve\/2021\/03\/24\/lanuari-de-lany-mes-reptador\/\" \/>\n<meta property=\"og:site_name\" content=\"Fundaci\u00f3 Dr. Antoni Esteve\" \/>\n<meta property=\"article:published_time\" content=\"2021-03-24T09:08:01+00:00\" \/>\n<meta property=\"article:modified_time\" content=\"2024-03-24T14:51:07+00:00\" \/>\n<meta property=\"og:image\" content=\"https:\/\/diarisanitat.cat\/fundacio-dr-antoni-esteve\/wp-content\/uploads\/sites\/3\/2021\/03\/iStock-609908066.jpg\" \/>\n\t<meta property=\"og:image:width\" content=\"1254\" \/>\n\t<meta property=\"og:image:height\" content=\"836\" \/>\n\t<meta property=\"og:image:type\" content=\"image\/jpeg\" \/>\n<meta name=\"author\" content=\"Pol Morales\" \/>\n<meta name=\"twitter:card\" content=\"summary_large_image\" \/>\n<meta name=\"twitter:label1\" content=\"Escrit per\" \/>\n\t<meta name=\"twitter:data1\" content=\"Pol Morales\" \/>\n\t<meta name=\"twitter:label2\" content=\"Temps estimat de lectura\" \/>\n\t<meta name=\"twitter:data2\" content=\"4 minuts\" \/>\n<script type=\"application\/ld+json\" class=\"yoast-schema-graph\">{\"@context\":\"https:\\\/\\\/schema.org\",\"@graph\":[{\"@type\":\"Article\",\"@id\":\"https:\\\/\\\/diarisanitat.cat\\\/fundacio-dr-antoni-esteve\\\/2021\\\/03\\\/24\\\/lanuari-de-lany-mes-reptador\\\/#article\",\"isPartOf\":{\"@id\":\"https:\\\/\\\/diarisanitat.cat\\\/fundacio-dr-antoni-esteve\\\/2021\\\/03\\\/24\\\/lanuari-de-lany-mes-reptador\\\/\"},\"author\":{\"name\":\"Pol Morales\",\"@id\":\"https:\\\/\\\/diarisanitat.cat\\\/fundacio-dr-antoni-esteve\\\/#\\\/schema\\\/person\\\/a1687300e23b0ac2ab84495a03182823\"},\"headline\":\"L&#8217;anuari de l&#8217;any m\u00e9s reptador\",\"datePublished\":\"2021-03-24T09:08:01+00:00\",\"dateModified\":\"2024-03-24T14:51:07+00:00\",\"mainEntityOfPage\":{\"@id\":\"https:\\\/\\\/diarisanitat.cat\\\/fundacio-dr-antoni-esteve\\\/2021\\\/03\\\/24\\\/lanuari-de-lany-mes-reptador\\\/\"},\"wordCount\":729,\"commentCount\":0,\"image\":{\"@id\":\"https:\\\/\\\/diarisanitat.cat\\\/fundacio-dr-antoni-esteve\\\/2021\\\/03\\\/24\\\/lanuari-de-lany-mes-reptador\\\/#primaryimage\"},\"thumbnailUrl\":\"https:\\\/\\\/diarisanitat.cat\\\/fundacio-dr-antoni-esteve\\\/wp-content\\\/uploads\\\/sites\\\/3\\\/2021\\\/03\\\/iStock-609908066.jpg\",\"keywords\":[\"comunicaci\u00f3 cient\u00edfica\"],\"articleSection\":[\"Uncategorized\"],\"inLanguage\":\"ca\",\"potentialAction\":[{\"@type\":\"CommentAction\",\"name\":\"Comment\",\"target\":[\"https:\\\/\\\/diarisanitat.cat\\\/fundacio-dr-antoni-esteve\\\/2021\\\/03\\\/24\\\/lanuari-de-lany-mes-reptador\\\/#respond\"]}]},{\"@type\":\"WebPage\",\"@id\":\"https:\\\/\\\/diarisanitat.cat\\\/fundacio-dr-antoni-esteve\\\/2021\\\/03\\\/24\\\/lanuari-de-lany-mes-reptador\\\/\",\"url\":\"https:\\\/\\\/diarisanitat.cat\\\/fundacio-dr-antoni-esteve\\\/2021\\\/03\\\/24\\\/lanuari-de-lany-mes-reptador\\\/\",\"name\":\"L'anuari de l'any m\u00e9s reptador - Fundaci\u00f3 Dr. Antoni Esteve\",\"isPartOf\":{\"@id\":\"https:\\\/\\\/diarisanitat.cat\\\/fundacio-dr-antoni-esteve\\\/#website\"},\"primaryImageOfPage\":{\"@id\":\"https:\\\/\\\/diarisanitat.cat\\\/fundacio-dr-antoni-esteve\\\/2021\\\/03\\\/24\\\/lanuari-de-lany-mes-reptador\\\/#primaryimage\"},\"image\":{\"@id\":\"https:\\\/\\\/diarisanitat.cat\\\/fundacio-dr-antoni-esteve\\\/2021\\\/03\\\/24\\\/lanuari-de-lany-mes-reptador\\\/#primaryimage\"},\"thumbnailUrl\":\"https:\\\/\\\/diarisanitat.cat\\\/fundacio-dr-antoni-esteve\\\/wp-content\\\/uploads\\\/sites\\\/3\\\/2021\\\/03\\\/iStock-609908066.jpg\",\"datePublished\":\"2021-03-24T09:08:01+00:00\",\"dateModified\":\"2024-03-24T14:51:07+00:00\",\"author\":{\"@id\":\"https:\\\/\\\/diarisanitat.cat\\\/fundacio-dr-antoni-esteve\\\/#\\\/schema\\\/person\\\/a1687300e23b0ac2ab84495a03182823\"},\"breadcrumb\":{\"@id\":\"https:\\\/\\\/diarisanitat.cat\\\/fundacio-dr-antoni-esteve\\\/2021\\\/03\\\/24\\\/lanuari-de-lany-mes-reptador\\\/#breadcrumb\"},\"inLanguage\":\"ca\",\"potentialAction\":[{\"@type\":\"ReadAction\",\"target\":[\"https:\\\/\\\/diarisanitat.cat\\\/fundacio-dr-antoni-esteve\\\/2021\\\/03\\\/24\\\/lanuari-de-lany-mes-reptador\\\/\"]}]},{\"@type\":\"ImageObject\",\"inLanguage\":\"ca\",\"@id\":\"https:\\\/\\\/diarisanitat.cat\\\/fundacio-dr-antoni-esteve\\\/2021\\\/03\\\/24\\\/lanuari-de-lany-mes-reptador\\\/#primaryimage\",\"url\":\"https:\\\/\\\/diarisanitat.cat\\\/fundacio-dr-antoni-esteve\\\/wp-content\\\/uploads\\\/sites\\\/3\\\/2021\\\/03\\\/iStock-609908066.jpg\",\"contentUrl\":\"https:\\\/\\\/diarisanitat.cat\\\/fundacio-dr-antoni-esteve\\\/wp-content\\\/uploads\\\/sites\\\/3\\\/2021\\\/03\\\/iStock-609908066.jpg\",\"width\":1254,\"height\":836,\"caption\":\"\\\/iStock\"},{\"@type\":\"BreadcrumbList\",\"@id\":\"https:\\\/\\\/diarisanitat.cat\\\/fundacio-dr-antoni-esteve\\\/2021\\\/03\\\/24\\\/lanuari-de-lany-mes-reptador\\\/#breadcrumb\",\"itemListElement\":[{\"@type\":\"ListItem\",\"position\":1,\"name\":\"Portada\",\"item\":\"https:\\\/\\\/diarisanitat.cat\\\/fundacio-dr-antoni-esteve\\\/\"},{\"@type\":\"ListItem\",\"position\":2,\"name\":\"L&#8217;anuari de l&#8217;any m\u00e9s reptador\"}]},{\"@type\":\"WebSite\",\"@id\":\"https:\\\/\\\/diarisanitat.cat\\\/fundacio-dr-antoni-esteve\\\/#website\",\"url\":\"https:\\\/\\\/diarisanitat.cat\\\/fundacio-dr-antoni-esteve\\\/\",\"name\":\"Fundaci\u00f3 Dr. Antoni Esteve\",\"description\":\"\",\"potentialAction\":[{\"@type\":\"SearchAction\",\"target\":{\"@type\":\"EntryPoint\",\"urlTemplate\":\"https:\\\/\\\/diarisanitat.cat\\\/fundacio-dr-antoni-esteve\\\/?s={search_term_string}\"},\"query-input\":{\"@type\":\"PropertyValueSpecification\",\"valueRequired\":true,\"valueName\":\"search_term_string\"}}],\"inLanguage\":\"ca\"},{\"@type\":\"Person\",\"@id\":\"https:\\\/\\\/diarisanitat.cat\\\/fundacio-dr-antoni-esteve\\\/#\\\/schema\\\/person\\\/a1687300e23b0ac2ab84495a03182823\",\"name\":\"Pol Morales\",\"image\":{\"@type\":\"ImageObject\",\"inLanguage\":\"ca\",\"@id\":\"https:\\\/\\\/secure.gravatar.com\\\/avatar\\\/6c5799ee792676e22d7558d1f109ddf8098905c75b14bcf15d23ecb7f422b189?s=96&d=mm&r=g\",\"url\":\"https:\\\/\\\/secure.gravatar.com\\\/avatar\\\/6c5799ee792676e22d7558d1f109ddf8098905c75b14bcf15d23ecb7f422b189?s=96&d=mm&r=g\",\"contentUrl\":\"https:\\\/\\\/secure.gravatar.com\\\/avatar\\\/6c5799ee792676e22d7558d1f109ddf8098905c75b14bcf15d23ecb7f422b189?s=96&d=mm&r=g\",\"caption\":\"Pol Morales\"},\"url\":\"https:\\\/\\\/diarisanitat.cat\\\/fundacio-dr-antoni-esteve\\\/author\\\/pmorales\\\/\"}]}<\/script>\n<!-- \/ Yoast SEO plugin. -->","yoast_head_json":{"title":"L'anuari de l'any m\u00e9s reptador - Fundaci\u00f3 Dr. Antoni Esteve","robots":{"index":"index","follow":"follow","max-snippet":"max-snippet:-1","max-image-preview":"max-image-preview:large","max-video-preview":"max-video-preview:-1"},"canonical":"https:\/\/diarisanitat.cat\/fundacio-dr-antoni-esteve\/2021\/03\/24\/lanuari-de-lany-mes-reptador\/","og_locale":"ca_ES","og_type":"article","og_title":"L'anuari de l'any m\u00e9s reptador - Fundaci\u00f3 Dr. Antoni Esteve","og_description":"El 2020 ja no va comen\u00e7ar b\u00e9 per a la Fundaci\u00f3 Dr. Antoni Esteve. Pocs dies despr\u00e9s d&#8217;iniciar-se l&#8217;any, el 29 de febrer, moria Sergi Erill S\u00e1ez, pioner de la farmacologia a Espanya i director fundador de la Fundaci\u00f3 Dr. Antoni Esteve. Amb la seva batuta, i juntament amb l&#8217;esposa i fills del Dr. Antoni","og_url":"https:\/\/diarisanitat.cat\/fundacio-dr-antoni-esteve\/2021\/03\/24\/lanuari-de-lany-mes-reptador\/","og_site_name":"Fundaci\u00f3 Dr. Antoni Esteve","article_published_time":"2021-03-24T09:08:01+00:00","article_modified_time":"2024-03-24T14:51:07+00:00","og_image":[{"width":1254,"height":836,"url":"https:\/\/diarisanitat.cat\/fundacio-dr-antoni-esteve\/wp-content\/uploads\/sites\/3\/2021\/03\/iStock-609908066.jpg","type":"image\/jpeg"}],"author":"Pol Morales","twitter_card":"summary_large_image","twitter_misc":{"Escrit per":"Pol Morales","Temps estimat de lectura":"4 minuts"},"schema":{"@context":"https:\/\/schema.org","@graph":[{"@type":"Article","@id":"https:\/\/diarisanitat.cat\/fundacio-dr-antoni-esteve\/2021\/03\/24\/lanuari-de-lany-mes-reptador\/#article","isPartOf":{"@id":"https:\/\/diarisanitat.cat\/fundacio-dr-antoni-esteve\/2021\/03\/24\/lanuari-de-lany-mes-reptador\/"},"author":{"name":"Pol Morales","@id":"https:\/\/diarisanitat.cat\/fundacio-dr-antoni-esteve\/#\/schema\/person\/a1687300e23b0ac2ab84495a03182823"},"headline":"L&#8217;anuari de l&#8217;any m\u00e9s reptador","datePublished":"2021-03-24T09:08:01+00:00","dateModified":"2024-03-24T14:51:07+00:00","mainEntityOfPage":{"@id":"https:\/\/diarisanitat.cat\/fundacio-dr-antoni-esteve\/2021\/03\/24\/lanuari-de-lany-mes-reptador\/"},"wordCount":729,"commentCount":0,"image":{"@id":"https:\/\/diarisanitat.cat\/fundacio-dr-antoni-esteve\/2021\/03\/24\/lanuari-de-lany-mes-reptador\/#primaryimage"},"thumbnailUrl":"https:\/\/diarisanitat.cat\/fundacio-dr-antoni-esteve\/wp-content\/uploads\/sites\/3\/2021\/03\/iStock-609908066.jpg","keywords":["comunicaci\u00f3 cient\u00edfica"],"articleSection":["Uncategorized"],"inLanguage":"ca","potentialAction":[{"@type":"CommentAction","name":"Comment","target":["https:\/\/diarisanitat.cat\/fundacio-dr-antoni-esteve\/2021\/03\/24\/lanuari-de-lany-mes-reptador\/#respond"]}]},{"@type":"WebPage","@id":"https:\/\/diarisanitat.cat\/fundacio-dr-antoni-esteve\/2021\/03\/24\/lanuari-de-lany-mes-reptador\/","url":"https:\/\/diarisanitat.cat\/fundacio-dr-antoni-esteve\/2021\/03\/24\/lanuari-de-lany-mes-reptador\/","name":"L'anuari de l'any m\u00e9s reptador - Fundaci\u00f3 Dr. Antoni Esteve","isPartOf":{"@id":"https:\/\/diarisanitat.cat\/fundacio-dr-antoni-esteve\/#website"},"primaryImageOfPage":{"@id":"https:\/\/diarisanitat.cat\/fundacio-dr-antoni-esteve\/2021\/03\/24\/lanuari-de-lany-mes-reptador\/#primaryimage"},"image":{"@id":"https:\/\/diarisanitat.cat\/fundacio-dr-antoni-esteve\/2021\/03\/24\/lanuari-de-lany-mes-reptador\/#primaryimage"},"thumbnailUrl":"https:\/\/diarisanitat.cat\/fundacio-dr-antoni-esteve\/wp-content\/uploads\/sites\/3\/2021\/03\/iStock-609908066.jpg","datePublished":"2021-03-24T09:08:01+00:00","dateModified":"2024-03-24T14:51:07+00:00","author":{"@id":"https:\/\/diarisanitat.cat\/fundacio-dr-antoni-esteve\/#\/schema\/person\/a1687300e23b0ac2ab84495a03182823"},"breadcrumb":{"@id":"https:\/\/diarisanitat.cat\/fundacio-dr-antoni-esteve\/2021\/03\/24\/lanuari-de-lany-mes-reptador\/#breadcrumb"},"inLanguage":"ca","potentialAction":[{"@type":"ReadAction","target":["https:\/\/diarisanitat.cat\/fundacio-dr-antoni-esteve\/2021\/03\/24\/lanuari-de-lany-mes-reptador\/"]}]},{"@type":"ImageObject","inLanguage":"ca","@id":"https:\/\/diarisanitat.cat\/fundacio-dr-antoni-esteve\/2021\/03\/24\/lanuari-de-lany-mes-reptador\/#primaryimage","url":"https:\/\/diarisanitat.cat\/fundacio-dr-antoni-esteve\/wp-content\/uploads\/sites\/3\/2021\/03\/iStock-609908066.jpg","contentUrl":"https:\/\/diarisanitat.cat\/fundacio-dr-antoni-esteve\/wp-content\/uploads\/sites\/3\/2021\/03\/iStock-609908066.jpg","width":1254,"height":836,"caption":"\/iStock"},{"@type":"BreadcrumbList","@id":"https:\/\/diarisanitat.cat\/fundacio-dr-antoni-esteve\/2021\/03\/24\/lanuari-de-lany-mes-reptador\/#breadcrumb","itemListElement":[{"@type":"ListItem","position":1,"name":"Portada","item":"https:\/\/diarisanitat.cat\/fundacio-dr-antoni-esteve\/"},{"@type":"ListItem","position":2,"name":"L&#8217;anuari de l&#8217;any m\u00e9s reptador"}]},{"@type":"WebSite","@id":"https:\/\/diarisanitat.cat\/fundacio-dr-antoni-esteve\/#website","url":"https:\/\/diarisanitat.cat\/fundacio-dr-antoni-esteve\/","name":"Fundaci\u00f3 Dr. Antoni Esteve","description":"","potentialAction":[{"@type":"SearchAction","target":{"@type":"EntryPoint","urlTemplate":"https:\/\/diarisanitat.cat\/fundacio-dr-antoni-esteve\/?s={search_term_string}"},"query-input":{"@type":"PropertyValueSpecification","valueRequired":true,"valueName":"search_term_string"}}],"inLanguage":"ca"},{"@type":"Person","@id":"https:\/\/diarisanitat.cat\/fundacio-dr-antoni-esteve\/#\/schema\/person\/a1687300e23b0ac2ab84495a03182823","name":"Pol Morales","image":{"@type":"ImageObject","inLanguage":"ca","@id":"https:\/\/secure.gravatar.com\/avatar\/6c5799ee792676e22d7558d1f109ddf8098905c75b14bcf15d23ecb7f422b189?s=96&d=mm&r=g","url":"https:\/\/secure.gravatar.com\/avatar\/6c5799ee792676e22d7558d1f109ddf8098905c75b14bcf15d23ecb7f422b189?s=96&d=mm&r=g","contentUrl":"https:\/\/secure.gravatar.com\/avatar\/6c5799ee792676e22d7558d1f109ddf8098905c75b14bcf15d23ecb7f422b189?s=96&d=mm&r=g","caption":"Pol Morales"},"url":"https:\/\/diarisanitat.cat\/fundacio-dr-antoni-esteve\/author\/pmorales\/"}]}},"_links":{"self":[{"href":"https:\/\/diarisanitat.cat\/fundacio-dr-antoni-esteve\/wp-json\/wp\/v2\/posts\/97","targetHints":{"allow":["GET"]}}],"collection":[{"href":"https:\/\/diarisanitat.cat\/fundacio-dr-antoni-esteve\/wp-json\/wp\/v2\/posts"}],"about":[{"href":"https:\/\/diarisanitat.cat\/fundacio-dr-antoni-esteve\/wp-json\/wp\/v2\/types\/post"}],"author":[{"embeddable":true,"href":"https:\/\/diarisanitat.cat\/fundacio-dr-antoni-esteve\/wp-json\/wp\/v2\/users\/356"}],"replies":[{"embeddable":true,"href":"https:\/\/diarisanitat.cat\/fundacio-dr-antoni-esteve\/wp-json\/wp\/v2\/comments?post=97"}],"version-history":[{"count":1,"href":"https:\/\/diarisanitat.cat\/fundacio-dr-antoni-esteve\/wp-json\/wp\/v2\/posts\/97\/revisions"}],"predecessor-version":[{"id":241,"href":"https:\/\/diarisanitat.cat\/fundacio-dr-antoni-esteve\/wp-json\/wp\/v2\/posts\/97\/revisions\/241"}],"wp:featuredmedia":[{"embeddable":true,"href":"https:\/\/diarisanitat.cat\/fundacio-dr-antoni-esteve\/wp-json\/wp\/v2\/media\/98"}],"wp:attachment":[{"href":"https:\/\/diarisanitat.cat\/fundacio-dr-antoni-esteve\/wp-json\/wp\/v2\/media?parent=97"}],"wp:term":[{"taxonomy":"category","embeddable":true,"href":"https:\/\/diarisanitat.cat\/fundacio-dr-antoni-esteve\/wp-json\/wp\/v2\/categories?post=97"},{"taxonomy":"post_tag","embeddable":true,"href":"https:\/\/diarisanitat.cat\/fundacio-dr-antoni-esteve\/wp-json\/wp\/v2\/tags?post=97"},{"taxonomy":"tipo","embeddable":true,"href":"https:\/\/diarisanitat.cat\/fundacio-dr-antoni-esteve\/wp-json\/wp\/v2\/tipo?post=97"}],"curies":[{"name":"wp","href":"https:\/\/api.w.org\/{rel}","templated":true}]}}