{"id":1009,"date":"2023-02-15T12:18:23","date_gmt":"2023-02-15T12:18:23","guid":{"rendered":"https:\/\/diarisanitat.cat\/recerca-en-salut\/2023\/02\/15\/un-assaig-preclinic-dels-instituts-de-salut-dels-estats-units-avala-leficacia-de-lacid-uric-per-a-lictus-isquemic\/"},"modified":"2024-07-08T15:14:46","modified_gmt":"2024-07-08T15:14:46","slug":"un-assaig-preclinic-dels-instituts-de-salut-dels-estats-units-avala-leficacia-de-lacid-uric-per-a-lictus-isquemic","status":"publish","type":"post","link":"https:\/\/diarisanitat.cat\/recerca-en-salut\/blog\/2023\/02\/15\/un-assaig-preclinic-dels-instituts-de-salut-dels-estats-units-avala-leficacia-de-lacid-uric-per-a-lictus-isquemic\/","title":{"rendered":"Un assaig precl\u00ednic dels Instituts de Salut dels Estats Units avala l&#8217;efic\u00e0cia de l&#8217;\u00e0cid \u00faric per a l&#8217;ictus isqu\u00e8mic"},"content":{"rendered":"<p>L&#8217;\u00c0cid \u00daric ha mostrat millorar el pron\u00f2stic de l&#8217;ictus isqu\u00e8mic en un estudi precl\u00ednic realitzat en rosegadors en el marc de la Stroke Preclinical Assessment Network (SPAN) dels Estats Units, una xarxa de laboratoris experimentals en isqu\u00e8mia cerebral coordinada per la Keck School of Medicine de la Universitat del Sud de Calif\u00f2rnia (USC).<\/p>\n","protected":false},"excerpt":{"rendered":"<p>L&#8217;\u00c0cid \u00daric ha mostrat millorar el pron\u00f2stic de l&#8217;ictus isqu\u00e8mic en un estudi precl\u00ednic realitzat en rosegadors en el marc de la Stroke Preclinical Assessment Network (SPAN) dels Estats Units, una xarxa de laboratoris experimentals en isqu\u00e8mia cerebral coordinada per la Keck School of Medicine de la Universitat del Sud de Calif\u00f2rnia (USC).<\/p>\n","protected":false},"author":725,"featured_media":0,"comment_status":"open","ping_status":"open","sticky":false,"template":"","format":"standard","meta":{"_acf_changed":false,"footnotes":""},"categories":[1],"tags":[],"tipo":[],"class_list":{"0":"post-1009","1":"post","2":"type-post","3":"status-publish","4":"format-standard","6":"category-uncategorized"},"acf":[],"yoast_head":"<!-- This site is optimized with the Yoast SEO plugin v27.5 - https:\/\/yoast.com\/product\/yoast-seo-wordpress\/ -->\n<title>Un assaig precl\u00ednic dels Instituts de Salut dels Estats Units avala l&#039;efic\u00e0cia de l&#039;\u00e0cid \u00faric per a l&#039;ictus isqu\u00e8mic - Recerca en salut<\/title>\n<meta name=\"robots\" content=\"index, follow, max-snippet:-1, max-image-preview:large, max-video-preview:-1\" \/>\n<link rel=\"canonical\" href=\"https:\/\/diarisanitat.cat\/recerca-en-salut\/blog\/2023\/02\/15\/un-assaig-preclinic-dels-instituts-de-salut-dels-estats-units-avala-leficacia-de-lacid-uric-per-a-lictus-isquemic\/\" \/>\n<meta property=\"og:locale\" content=\"es_ES\" \/>\n<meta property=\"og:type\" content=\"article\" \/>\n<meta property=\"og:title\" content=\"Un assaig precl\u00ednic dels Instituts de Salut dels Estats Units avala l&#039;efic\u00e0cia de l&#039;\u00e0cid \u00faric per a l&#039;ictus isqu\u00e8mic - Recerca en salut\" \/>\n<meta property=\"og:description\" content=\"L&#8217;\u00c0cid \u00daric ha mostrat millorar el pron\u00f2stic de l&#8217;ictus isqu\u00e8mic en un estudi precl\u00ednic realitzat en rosegadors en el marc de la Stroke Preclinical Assessment Network (SPAN) dels Estats Units, una xarxa de laboratoris experimentals en isqu\u00e8mia cerebral coordinada per la Keck School of Medicine de la Universitat del Sud de Calif\u00f2rnia (USC).\" \/>\n<meta property=\"og:url\" content=\"https:\/\/diarisanitat.cat\/recerca-en-salut\/blog\/2023\/02\/15\/un-assaig-preclinic-dels-instituts-de-salut-dels-estats-units-avala-leficacia-de-lacid-uric-per-a-lictus-isquemic\/\" \/>\n<meta property=\"og:site_name\" content=\"Recerca en salut\" \/>\n<meta property=\"article:published_time\" content=\"2023-02-15T12:18:23+00:00\" \/>\n<meta property=\"article:modified_time\" content=\"2024-07-08T15:14:46+00:00\" \/>\n<meta name=\"author\" content=\"Redacci\u00f3\" \/>\n<meta name=\"twitter:card\" content=\"summary_large_image\" \/>\n<meta name=\"twitter:label1\" content=\"Escrito por\" \/>\n\t<meta name=\"twitter:data1\" content=\"Redacci\u00f3\" \/>\n<script type=\"application\/ld+json\" class=\"yoast-schema-graph\">{\"@context\":\"https:\\\/\\\/schema.org\",\"@graph\":[{\"@type\":\"Article\",\"@id\":\"https:\\\/\\\/diarisanitat.cat\\\/recerca-en-salut\\\/blog\\\/2023\\\/02\\\/15\\\/un-assaig-preclinic-dels-instituts-de-salut-dels-estats-units-avala-leficacia-de-lacid-uric-per-a-lictus-isquemic\\\/#article\",\"isPartOf\":{\"@id\":\"https:\\\/\\\/diarisanitat.cat\\\/recerca-en-salut\\\/blog\\\/2023\\\/02\\\/15\\\/un-assaig-preclinic-dels-instituts-de-salut-dels-estats-units-avala-leficacia-de-lacid-uric-per-a-lictus-isquemic\\\/\"},\"author\":{\"name\":\"Redacci\u00f3\",\"@id\":\"https:\\\/\\\/diarisanitat.cat\\\/recerca-en-salut\\\/#\\\/schema\\\/person\\\/2e6a48d5106845246470781757987c01\"},\"headline\":\"Un assaig precl\u00ednic dels Instituts de Salut dels Estats Units avala l&#8217;efic\u00e0cia de l&#8217;\u00e0cid \u00faric per a l&#8217;ictus isqu\u00e8mic\",\"datePublished\":\"2023-02-15T12:18:23+00:00\",\"dateModified\":\"2024-07-08T15:14:46+00:00\",\"mainEntityOfPage\":{\"@id\":\"https:\\\/\\\/diarisanitat.cat\\\/recerca-en-salut\\\/blog\\\/2023\\\/02\\\/15\\\/un-assaig-preclinic-dels-instituts-de-salut-dels-estats-units-avala-leficacia-de-lacid-uric-per-a-lictus-isquemic\\\/\"},\"wordCount\":85,\"commentCount\":0,\"articleSection\":[\"Uncategorized\"],\"inLanguage\":\"es\",\"potentialAction\":[{\"@type\":\"CommentAction\",\"name\":\"Comment\",\"target\":[\"https:\\\/\\\/diarisanitat.cat\\\/recerca-en-salut\\\/blog\\\/2023\\\/02\\\/15\\\/un-assaig-preclinic-dels-instituts-de-salut-dels-estats-units-avala-leficacia-de-lacid-uric-per-a-lictus-isquemic\\\/#respond\"]}]},{\"@type\":\"WebPage\",\"@id\":\"https:\\\/\\\/diarisanitat.cat\\\/recerca-en-salut\\\/blog\\\/2023\\\/02\\\/15\\\/un-assaig-preclinic-dels-instituts-de-salut-dels-estats-units-avala-leficacia-de-lacid-uric-per-a-lictus-isquemic\\\/\",\"url\":\"https:\\\/\\\/diarisanitat.cat\\\/recerca-en-salut\\\/blog\\\/2023\\\/02\\\/15\\\/un-assaig-preclinic-dels-instituts-de-salut-dels-estats-units-avala-leficacia-de-lacid-uric-per-a-lictus-isquemic\\\/\",\"name\":\"Un assaig precl\u00ednic dels Instituts de Salut dels Estats Units avala l'efic\u00e0cia de l'\u00e0cid \u00faric per a l'ictus isqu\u00e8mic - Recerca en salut\",\"isPartOf\":{\"@id\":\"https:\\\/\\\/diarisanitat.cat\\\/recerca-en-salut\\\/#website\"},\"datePublished\":\"2023-02-15T12:18:23+00:00\",\"dateModified\":\"2024-07-08T15:14:46+00:00\",\"author\":{\"@id\":\"https:\\\/\\\/diarisanitat.cat\\\/recerca-en-salut\\\/#\\\/schema\\\/person\\\/2e6a48d5106845246470781757987c01\"},\"breadcrumb\":{\"@id\":\"https:\\\/\\\/diarisanitat.cat\\\/recerca-en-salut\\\/blog\\\/2023\\\/02\\\/15\\\/un-assaig-preclinic-dels-instituts-de-salut-dels-estats-units-avala-leficacia-de-lacid-uric-per-a-lictus-isquemic\\\/#breadcrumb\"},\"inLanguage\":\"es\",\"potentialAction\":[{\"@type\":\"ReadAction\",\"target\":[\"https:\\\/\\\/diarisanitat.cat\\\/recerca-en-salut\\\/blog\\\/2023\\\/02\\\/15\\\/un-assaig-preclinic-dels-instituts-de-salut-dels-estats-units-avala-leficacia-de-lacid-uric-per-a-lictus-isquemic\\\/\"]}]},{\"@type\":\"BreadcrumbList\",\"@id\":\"https:\\\/\\\/diarisanitat.cat\\\/recerca-en-salut\\\/blog\\\/2023\\\/02\\\/15\\\/un-assaig-preclinic-dels-instituts-de-salut-dels-estats-units-avala-leficacia-de-lacid-uric-per-a-lictus-isquemic\\\/#breadcrumb\",\"itemListElement\":[{\"@type\":\"ListItem\",\"position\":1,\"name\":\"Portada\",\"item\":\"https:\\\/\\\/diarisanitat.cat\\\/recerca-en-salut\\\/\"},{\"@type\":\"ListItem\",\"position\":2,\"name\":\"Un assaig precl\u00ednic dels Instituts de Salut dels Estats Units avala l&#8217;efic\u00e0cia de l&#8217;\u00e0cid \u00faric per a l&#8217;ictus isqu\u00e8mic\"}]},{\"@type\":\"WebSite\",\"@id\":\"https:\\\/\\\/diarisanitat.cat\\\/recerca-en-salut\\\/#website\",\"url\":\"https:\\\/\\\/diarisanitat.cat\\\/recerca-en-salut\\\/\",\"name\":\"Recerca en salut\",\"description\":\"\",\"potentialAction\":[{\"@type\":\"SearchAction\",\"target\":{\"@type\":\"EntryPoint\",\"urlTemplate\":\"https:\\\/\\\/diarisanitat.cat\\\/recerca-en-salut\\\/?s={search_term_string}\"},\"query-input\":{\"@type\":\"PropertyValueSpecification\",\"valueRequired\":true,\"valueName\":\"search_term_string\"}}],\"inLanguage\":\"es\"},{\"@type\":\"Person\",\"@id\":\"https:\\\/\\\/diarisanitat.cat\\\/recerca-en-salut\\\/#\\\/schema\\\/person\\\/2e6a48d5106845246470781757987c01\",\"name\":\"Redacci\u00f3\",\"image\":{\"@type\":\"ImageObject\",\"inLanguage\":\"es\",\"@id\":\"https:\\\/\\\/secure.gravatar.com\\\/avatar\\\/2cfa813f73e77c8e22e5a29ca7b56cebf8c13343ebbf43973b324aeb1e2e639d?s=96&d=mm&r=g\",\"url\":\"https:\\\/\\\/secure.gravatar.com\\\/avatar\\\/2cfa813f73e77c8e22e5a29ca7b56cebf8c13343ebbf43973b324aeb1e2e639d?s=96&d=mm&r=g\",\"contentUrl\":\"https:\\\/\\\/secure.gravatar.com\\\/avatar\\\/2cfa813f73e77c8e22e5a29ca7b56cebf8c13343ebbf43973b324aeb1e2e639d?s=96&d=mm&r=g\",\"caption\":\"Redacci\u00f3\"},\"url\":\"https:\\\/\\\/diarisanitat.cat\\\/recerca-en-salut\\\/blog\\\/author\\\/redaccioo\\\/\"}]}<\/script>\n<!-- \/ Yoast SEO plugin. -->","yoast_head_json":{"title":"Un assaig precl\u00ednic dels Instituts de Salut dels Estats Units avala l'efic\u00e0cia de l'\u00e0cid \u00faric per a l'ictus isqu\u00e8mic - Recerca en salut","robots":{"index":"index","follow":"follow","max-snippet":"max-snippet:-1","max-image-preview":"max-image-preview:large","max-video-preview":"max-video-preview:-1"},"canonical":"https:\/\/diarisanitat.cat\/recerca-en-salut\/blog\/2023\/02\/15\/un-assaig-preclinic-dels-instituts-de-salut-dels-estats-units-avala-leficacia-de-lacid-uric-per-a-lictus-isquemic\/","og_locale":"es_ES","og_type":"article","og_title":"Un assaig precl\u00ednic dels Instituts de Salut dels Estats Units avala l'efic\u00e0cia de l'\u00e0cid \u00faric per a l'ictus isqu\u00e8mic - Recerca en salut","og_description":"L&#8217;\u00c0cid \u00daric ha mostrat millorar el pron\u00f2stic de l&#8217;ictus isqu\u00e8mic en un estudi precl\u00ednic realitzat en rosegadors en el marc de la Stroke Preclinical Assessment Network (SPAN) dels Estats Units, una xarxa de laboratoris experimentals en isqu\u00e8mia cerebral coordinada per la Keck School of Medicine de la Universitat del Sud de Calif\u00f2rnia (USC).","og_url":"https:\/\/diarisanitat.cat\/recerca-en-salut\/blog\/2023\/02\/15\/un-assaig-preclinic-dels-instituts-de-salut-dels-estats-units-avala-leficacia-de-lacid-uric-per-a-lictus-isquemic\/","og_site_name":"Recerca en salut","article_published_time":"2023-02-15T12:18:23+00:00","article_modified_time":"2024-07-08T15:14:46+00:00","author":"Redacci\u00f3","twitter_card":"summary_large_image","twitter_misc":{"Escrito por":"Redacci\u00f3"},"schema":{"@context":"https:\/\/schema.org","@graph":[{"@type":"Article","@id":"https:\/\/diarisanitat.cat\/recerca-en-salut\/blog\/2023\/02\/15\/un-assaig-preclinic-dels-instituts-de-salut-dels-estats-units-avala-leficacia-de-lacid-uric-per-a-lictus-isquemic\/#article","isPartOf":{"@id":"https:\/\/diarisanitat.cat\/recerca-en-salut\/blog\/2023\/02\/15\/un-assaig-preclinic-dels-instituts-de-salut-dels-estats-units-avala-leficacia-de-lacid-uric-per-a-lictus-isquemic\/"},"author":{"name":"Redacci\u00f3","@id":"https:\/\/diarisanitat.cat\/recerca-en-salut\/#\/schema\/person\/2e6a48d5106845246470781757987c01"},"headline":"Un assaig precl\u00ednic dels Instituts de Salut dels Estats Units avala l&#8217;efic\u00e0cia de l&#8217;\u00e0cid \u00faric per a l&#8217;ictus isqu\u00e8mic","datePublished":"2023-02-15T12:18:23+00:00","dateModified":"2024-07-08T15:14:46+00:00","mainEntityOfPage":{"@id":"https:\/\/diarisanitat.cat\/recerca-en-salut\/blog\/2023\/02\/15\/un-assaig-preclinic-dels-instituts-de-salut-dels-estats-units-avala-leficacia-de-lacid-uric-per-a-lictus-isquemic\/"},"wordCount":85,"commentCount":0,"articleSection":["Uncategorized"],"inLanguage":"es","potentialAction":[{"@type":"CommentAction","name":"Comment","target":["https:\/\/diarisanitat.cat\/recerca-en-salut\/blog\/2023\/02\/15\/un-assaig-preclinic-dels-instituts-de-salut-dels-estats-units-avala-leficacia-de-lacid-uric-per-a-lictus-isquemic\/#respond"]}]},{"@type":"WebPage","@id":"https:\/\/diarisanitat.cat\/recerca-en-salut\/blog\/2023\/02\/15\/un-assaig-preclinic-dels-instituts-de-salut-dels-estats-units-avala-leficacia-de-lacid-uric-per-a-lictus-isquemic\/","url":"https:\/\/diarisanitat.cat\/recerca-en-salut\/blog\/2023\/02\/15\/un-assaig-preclinic-dels-instituts-de-salut-dels-estats-units-avala-leficacia-de-lacid-uric-per-a-lictus-isquemic\/","name":"Un assaig precl\u00ednic dels Instituts de Salut dels Estats Units avala l'efic\u00e0cia de l'\u00e0cid \u00faric per a l'ictus isqu\u00e8mic - Recerca en salut","isPartOf":{"@id":"https:\/\/diarisanitat.cat\/recerca-en-salut\/#website"},"datePublished":"2023-02-15T12:18:23+00:00","dateModified":"2024-07-08T15:14:46+00:00","author":{"@id":"https:\/\/diarisanitat.cat\/recerca-en-salut\/#\/schema\/person\/2e6a48d5106845246470781757987c01"},"breadcrumb":{"@id":"https:\/\/diarisanitat.cat\/recerca-en-salut\/blog\/2023\/02\/15\/un-assaig-preclinic-dels-instituts-de-salut-dels-estats-units-avala-leficacia-de-lacid-uric-per-a-lictus-isquemic\/#breadcrumb"},"inLanguage":"es","potentialAction":[{"@type":"ReadAction","target":["https:\/\/diarisanitat.cat\/recerca-en-salut\/blog\/2023\/02\/15\/un-assaig-preclinic-dels-instituts-de-salut-dels-estats-units-avala-leficacia-de-lacid-uric-per-a-lictus-isquemic\/"]}]},{"@type":"BreadcrumbList","@id":"https:\/\/diarisanitat.cat\/recerca-en-salut\/blog\/2023\/02\/15\/un-assaig-preclinic-dels-instituts-de-salut-dels-estats-units-avala-leficacia-de-lacid-uric-per-a-lictus-isquemic\/#breadcrumb","itemListElement":[{"@type":"ListItem","position":1,"name":"Portada","item":"https:\/\/diarisanitat.cat\/recerca-en-salut\/"},{"@type":"ListItem","position":2,"name":"Un assaig precl\u00ednic dels Instituts de Salut dels Estats Units avala l&#8217;efic\u00e0cia de l&#8217;\u00e0cid \u00faric per a l&#8217;ictus isqu\u00e8mic"}]},{"@type":"WebSite","@id":"https:\/\/diarisanitat.cat\/recerca-en-salut\/#website","url":"https:\/\/diarisanitat.cat\/recerca-en-salut\/","name":"Recerca en salut","description":"","potentialAction":[{"@type":"SearchAction","target":{"@type":"EntryPoint","urlTemplate":"https:\/\/diarisanitat.cat\/recerca-en-salut\/?s={search_term_string}"},"query-input":{"@type":"PropertyValueSpecification","valueRequired":true,"valueName":"search_term_string"}}],"inLanguage":"es"},{"@type":"Person","@id":"https:\/\/diarisanitat.cat\/recerca-en-salut\/#\/schema\/person\/2e6a48d5106845246470781757987c01","name":"Redacci\u00f3","image":{"@type":"ImageObject","inLanguage":"es","@id":"https:\/\/secure.gravatar.com\/avatar\/2cfa813f73e77c8e22e5a29ca7b56cebf8c13343ebbf43973b324aeb1e2e639d?s=96&d=mm&r=g","url":"https:\/\/secure.gravatar.com\/avatar\/2cfa813f73e77c8e22e5a29ca7b56cebf8c13343ebbf43973b324aeb1e2e639d?s=96&d=mm&r=g","contentUrl":"https:\/\/secure.gravatar.com\/avatar\/2cfa813f73e77c8e22e5a29ca7b56cebf8c13343ebbf43973b324aeb1e2e639d?s=96&d=mm&r=g","caption":"Redacci\u00f3"},"url":"https:\/\/diarisanitat.cat\/recerca-en-salut\/blog\/author\/redaccioo\/"}]}},"_links":{"self":[{"href":"https:\/\/diarisanitat.cat\/recerca-en-salut\/wp-json\/wp\/v2\/posts\/1009","targetHints":{"allow":["GET"]}}],"collection":[{"href":"https:\/\/diarisanitat.cat\/recerca-en-salut\/wp-json\/wp\/v2\/posts"}],"about":[{"href":"https:\/\/diarisanitat.cat\/recerca-en-salut\/wp-json\/wp\/v2\/types\/post"}],"author":[{"embeddable":true,"href":"https:\/\/diarisanitat.cat\/recerca-en-salut\/wp-json\/wp\/v2\/users\/725"}],"replies":[{"embeddable":true,"href":"https:\/\/diarisanitat.cat\/recerca-en-salut\/wp-json\/wp\/v2\/comments?post=1009"}],"version-history":[{"count":1,"href":"https:\/\/diarisanitat.cat\/recerca-en-salut\/wp-json\/wp\/v2\/posts\/1009\/revisions"}],"predecessor-version":[{"id":37717,"href":"https:\/\/diarisanitat.cat\/recerca-en-salut\/wp-json\/wp\/v2\/posts\/1009\/revisions\/37717"}],"wp:attachment":[{"href":"https:\/\/diarisanitat.cat\/recerca-en-salut\/wp-json\/wp\/v2\/media?parent=1009"}],"wp:term":[{"taxonomy":"category","embeddable":true,"href":"https:\/\/diarisanitat.cat\/recerca-en-salut\/wp-json\/wp\/v2\/categories?post=1009"},{"taxonomy":"post_tag","embeddable":true,"href":"https:\/\/diarisanitat.cat\/recerca-en-salut\/wp-json\/wp\/v2\/tags?post=1009"},{"taxonomy":"tipo","embeddable":true,"href":"https:\/\/diarisanitat.cat\/recerca-en-salut\/wp-json\/wp\/v2\/tipo?post=1009"}],"curies":[{"name":"wp","href":"https:\/\/api.w.org\/{rel}","templated":true}]}}