{"id":1012,"date":"2023-02-16T14:30:24","date_gmt":"2023-02-16T14:30:24","guid":{"rendered":"https:\/\/diarisanitat.cat\/recerca-en-salut\/?p=1012"},"modified":"2024-07-08T15:14:47","modified_gmt":"2024-07-08T15:14:47","slug":"lidibell-te-lunic-programa-monografic-a-catalunya-dedicat-a-la-medicina-regenerativa","status":"publish","type":"post","link":"https:\/\/diarisanitat.cat\/recerca-en-salut\/blog\/2023\/02\/16\/lidibell-te-lunic-programa-monografic-a-catalunya-dedicat-a-la-medicina-regenerativa\/","title":{"rendered":"L\u2019IDIBELL t\u00e9 l\u2019\u00fanic programa monogr\u00e0fic a Catalunya dedicat a la medicina regenerativa"},"content":{"rendered":"<p><strong>Compta amb vuit grups de recerca que estudien la regeneraci\u00f3 cel\u00b7lular per substituir funcions perdudes o malmeses. Els camps on els assajos estan m\u00e9s avan\u00e7ats s\u00f3n el de la retina, el cor i les malalties de Parkinson i diabetis<\/strong><\/p>\n<p>Fabricar c\u00e8l\u00b7lules a les quals es pugui entrenar per a comportar-se igual que altres, que desenvolupin la mateixa funci\u00f3 que qualsevol altra c\u00e8l\u00b7lula del cos, albira grans expectatives de progr\u00e9s en la salut. I als laboratoris de l\u2019Institut d\u2019Investigaci\u00f3 Biom\u00e8dica de Bellvitge (<a href=\"https:\/\/idibell.cat\/\">IDIBELL<\/a>) hi ha vuit grups d\u2019investigadors que treballen per a fer-ho realitat amb diferents c\u00e8l\u00b7lules o teixits. Ho fan sota el paraig\u00fces de l\u2019\u00fanic programa monogr\u00e0fic a Catalunya dedicat exclusivament a la medicina regenerativa.<\/p>\n<p>Quan parlem de medicina regenerativa ens referim a la que s\u2019inspira en el que succeeix durant la regeneraci\u00f3 d\u2019un \u00f2rgan o teixit emmalaltit o perdut, i la seva funci\u00f3, en el proc\u00e9s natural que es dona en algunes esp\u00e8cies, capaces de regenerar, tornar a crear ells mateixos parts del seu cos quan les perden, recuperant, tant la funci\u00f3 com l&#8217;estructura. Un exemple seria la cua de les sargantanes o els bra\u00e7os de les salamandres. Podem veure com tornen a cr\u00e9ixer. Amb alguns teixits de determinats \u00f2rgans, tamb\u00e9 \u00e9s possible la seva regeneraci\u00f3, recuperant la funci\u00f3, per\u00f2, de vegades, no la forma. La pell, per exemple, s\u00ed que es regenera.<\/p>\n<p>Al m\u00f3n hi ha en l\u2019actualitat una trentena d\u2019assajos cl\u00ednics en marxa encaminats a curar creant c\u00e8l\u00b7lules entrenades per a funcionar correctament en un organisme. Els camps on els assajos estan m\u00e9s avan\u00e7ats s\u00f3n el de la retina, el cor i les malalties de Parkinson i diabetis.<\/p>\n<p>Quan es demostra que ja hi ha alguna f\u00f3rmula segura que pot ser beneficiosa, les empreses biotecnol\u00f2giques i les farmac\u00e8utiques hi inverteixen diners. Fins aleshores, la majoria d\u2019aven\u00e7os es fan finan\u00e7ats per organismes p\u00fablics de finan\u00e7ament, aix\u00f2 fa que es vagi avan\u00e7ant, per\u00f2 m\u00e9s lentament.<\/p>\n<p>\u201cEn el nostre grup investiguem la capacitat de regenerar que tenim els mam\u00edfers quan naixem, per\u00f2 que als pocs dies perdem. Esbrinem per qu\u00e8 es perd aquesta capacitat innata, i com es pot fer que es torni a recuperar\u201d, explica el coordinador del programa de medicina regenerativa de l\u2019IDIBELL, el Dr. \u00c1ngel Raya. Tracten de comprendre els mecanismes que governen el grau de pot\u00e8ncia de les c\u00e8l\u00b7lules som\u00e0tiques (amb capacitat de regenerar teixit) humanes, i com es pot augmentar experimentalment per condicions en qu\u00e8 fer-ho pot tenir rellev\u00e0ncia biom\u00e8dica. I ho fan espec\u00edficament, en el context de la regeneraci\u00f3\/reparaci\u00f3 card\u00edaca. Raya \u00e9s, per la seva tasca al laboratori, un dels referents mundials en l\u2019estudi de la regeneraci\u00f3 de teixits i \u00f2rgans, una dedicaci\u00f3 que \u2013avan\u00e7a- \u201crevolucionar\u00e0 la forma en la qual es tracten moltes malalties\u201d.<\/p>\n<p>La medicina regenerativa no va a la causa de la malaltia, ni a estudiar el per qu\u00e8 s&#8217;han mort les c\u00e8l\u00b7lules, sin\u00f3 que es concentra en recuperar la funci\u00f3 utilitzant c\u00e8l\u00b7lules que s\u2019entrenen al laboratori per a fer-ho. S\u00f3n c\u00e8l\u00b7lules del propi pacient o d\u2019alg\u00fa altre. Ja als anys 60 es feia medicina regenerativa, un exemple el tenim en el trasplantament de medul\u00b7la \u00f2ssia. En ell, es substitueixen c\u00e8l\u00b7lules mortes o malmeses de la medul\u00b7la \u00f2ssia per c\u00e8l\u00b7lules mare de medul\u00b7la completament sana. La medul\u00b7la \u00f2ssia \u00e9s un tipus de teixit biol\u00f2gic que es troba a l\u2019interior d\u2019alguns ossos i que cont\u00e9 les c\u00e8l\u00b7lules mare que donaran lloc a la sang.<\/p>\n<h3>C\u00e8l\u00b7lules mare pluripotents<\/h3>\n<p>Les c\u00e8l\u00b7lules pluripotents indu\u00efdes (IPS) s\u00f3n les que han estat extretes de qualsevol teixit i, modificant-les gen\u00e8ticament, s\u2019aconsegueix que es comportin com una c\u00e8l\u00b7lula mare de l\u2019embri\u00f3, aquelles que podran desenvolupar qualsevol funci\u00f3. Van ser descobertes pel japon\u00e8s Shinya Yamanaka l\u2019any 2006, i la seva troballa el va fer mer\u00e8ixer el premi Nobel de Medicina l\u2019any 2012.<\/p>\n<p>A Europa hi ha molts grups de recerca que tracten de veure com portar a l\u2019aplicaci\u00f3 cl\u00ednica les c\u00e8l\u00b7lules mare pluripotents perqu\u00e8 entrin en acci\u00f3 en un cos, complint la funci\u00f3 que en aquell cos en concret fa falta recuperar.<\/p>\n<p>Ja s\u2019han comen\u00e7at a fer experiments en humans. Un dels primers pacients que les va rebre va ser una senyora japonesa amb ceguesa de retina. Abans, s\u2019havien agafat c\u00e8l\u00b7lules mare pluripotents d&#8217;aquesta persona per convertir-les en c\u00e8l\u00b7lules de la retina i veure com s&#8217;integraven en el seu organisme, i que no generaven problemes. \u00c9s l\u2019anomenada fase 1 de l\u2019assaig cl\u00ednic, imprescindible per confirmar que all\u00f2 que volem implantar o introduir al cos de la persona no fa mal. En aquesta fase no es busca encara la millora funcional, sin\u00f3 nom\u00e9s assegurar que la seva pres\u00e8ncia no danya.<\/p>\n<p>Les c\u00e8l\u00b7lules pluripotents, creades artificialment a partir de c\u00e8l\u00b7lules d&#8217;una persona, seran gen\u00e8ticament id\u00e8ntiques. Es creen pensades per a utilitzar-les en malalties molt comunes o degeneratives.<\/p>\n<h3>M\u00e0sters pluripotents<\/h3>\n<p>Amb l\u2019objectiu de crear un banc de c\u00e8l\u00b7lules pluripotents compatibles amb el m\u00e0xim de poblaci\u00f3 possible, una iniciativa europea busca \u2018superdonants\u2019 que, com passa amb els donants de sang universals (grup sanguini 0) que poden donar a sang a tothom per les seves caracter\u00edstiques, les seves c\u00e8l\u00b7lules puguin ser compatibles amb una major part de poblaci\u00f3.<\/p>\n<p>\u201cHem seleccionat els superdonants m\u00e9s representatius dels tipus de teixit que hi ha a Espanya, els 7 m\u00e9s abundants, i a partir d\u2019ells hem generat c\u00e8l\u00b7lules mare amb pluripot\u00e8ncia indu\u00efda\u201d, explica el Dr. Raya. Ho fan conjuntament amb el <a href=\"https:\/\/www.bancsang.net\/index\/\">Banc de sang i teixits<\/a>, on tenen sales de cultius de grau cl\u00ednic, per produir les c\u00e8l\u00b7lules generades a l\u2019IDIBELL. I, en paral\u00b7lel, a Europa uns altres investigadors fan el mateix per abastar m\u00e9s gent i caracter\u00edstiques casu\u00edstiques cel\u00b7lulars, i crear m\u00e0sters d\u2019aquestes c\u00e8l\u00b7lules que englobin la m\u00e0xima compatibilitat per a donar cobertura a la majoria de poblaci\u00f3 europea.<\/p>\n<p>Si es poden crear i, en un futur implantar, c\u00e8l\u00b7lules capaces de contraure\u2019s com les d\u2019un cor, o c\u00e8l\u00b7lules de rony\u00f3 o pulm\u00f3 que reprodueixin la mateixa funci\u00f3 de les que van donar lloc a l\u2019\u00f2rgan original, s\u2019acabaria l\u2019escassetat de donants. No caldrien, com passa ara si cal per regenerar fetge o medul\u00b7la \u00f2ssia o sang, per exemple. Es podria construir cor sa, retina, pell&#8230;<\/p>\n<p>Encara, per\u00f2, el disseny i l\u2019entrenament de la correcta funcionalitat d\u2019aquestes c\u00e8l\u00b7lules pluripotents s\u2019est\u00e0 treballant al laboratori actualment.<\/p>\n<p>A l\u2019IDIBELL, en concret, ho treballen vuit grups del programa de medicina regenerativa que coordina el Dr. \u00c1ngel Raya. A m\u00e9s del que ell lidera, sobre la <strong>pot\u00e8ncia de les c\u00e8l\u00b7lules mare<\/strong>, altres grups treballen:<\/p>\n<p>&#8211;<strong>L\u2019envelliment de les c\u00e8l\u00b7lules mare<\/strong>. Un grup dirigit per Carolina Florian tracta de comprendre com envelleixen les c\u00e8l\u00b7lules mare, i identificar estrat\u00e8gies d&#8217;intervenci\u00f3 per mantenir la capacitat regeneradora de c\u00e8l\u00b7lules mare que conduiran a nous enfocaments terap\u00e8utics per mantenir la nostra salut a mesura que envellim.<\/p>\n<p>-La <strong>regulaci\u00f3 g\u00e8nica de la identitat cel\u00b7lular<\/strong>, que estudia Mireya Plass i el seu equip, vol entendre com es coordinen els processos reguladors de cada c\u00e8l\u00b7lula per esdevenir el que acabaran sent, tant en condicions de salut com de malalties. I, en concret, qu\u00e8 porta a la degeneraci\u00f3 d\u2019una c\u00e8l\u00b7lula.<\/p>\n<p>-La <strong>ter\u00e0pia amb c\u00e8l\u00b7lules mare pluripotencials<\/strong> est\u00e0 en mans de la destacada bi\u00f2loga en el camp de les c\u00e8l\u00b7lules mare i la reproducci\u00f3 assistida, Anna Veiga. En el seu grup a l\u2019IDIBELL\u00a0 tenen com a objectiu desenvolupar i millorar les metodologies per a la generaci\u00f3 i diferenciaci\u00f3 de c\u00e8l\u00b7lules mare pluripotents (PSC), tant c\u00e8l\u00b7lules mare embrion\u00e0ries humanes (hESC) com c\u00e8l\u00b7lules mare pluripotents indu\u00efdes per humans (hiPSC) per a la seva aplicaci\u00f3 cl\u00ednica en ter\u00e0pia cel\u00b7lular.<\/p>\n<p>-La <strong>biologia de c\u00e8l\u00b7lules mare hematopo\u00e8tiques i leucemog\u00e8nesi<\/strong> l\u2019investiga l\u2019equip liderat per Alessandra Giorgetti. Concretament, en la malaltia rara en infants de la mielodisplasia, en la qual el pacient perd gl\u00f2buls blancs i plaquetes. Giorgetti porta el registre europeu d\u2019aquesta malaltia. Al laboratori, estudia la sang malalta que generen aquests infants.<\/p>\n<p>&#8211; La <strong>regeneraci\u00f3 del p\u00e0ncrees: progenitors pancre\u00e0tics i els seus n\u00ednxols <\/strong>\u00e9s el camp d\u2019estudi del grup d\u2019investigadors encap\u00e7alat per Meritxell Rovira. Estudien com generar c\u00e8l\u00b7lules Beta que s\u00f3n les que produeixen la insulina al p\u00e0ncrees i que fallen en el cas d\u2019una determinada diabetis.<\/p>\n<p>-La <strong>plasticitat cel\u00b7lular i regeneraci\u00f3<\/strong> la investiga el grup de Jordi Guiu, que vol esbrinar com dissenyar c\u00e8l\u00b7lules que ajudin l\u2019intest\u00ed a regenerar la mucosa, un proc\u00e9s natural que davant de certes anomalies o en tractaments amb radioter\u00e0pia, per exemple, es veu perjudicat o anul\u00b7lat.<\/p>\n<p>Un vuit\u00e8 grup d\u2019investigadors de l\u2019IDIBELL en el seu programa de medicina regenerativa el dirigeix Esteban Hoijman. Estudien la <strong>bioimatge de les c\u00e8l\u00b7lules embrion\u00e0ries<\/strong>, per con\u00e8ixer el desenvolupament de les c\u00e8l\u00b7lules embrion\u00e0ries i com comencen a menjar-se\u2019n d\u2019altres abans de que existeixi un sistema immune. Entre altres coses, poden saber aix\u00ed per qu\u00e8 no van endavant determinats embarassos.<\/p>\n","protected":false},"excerpt":{"rendered":"<p>Compta amb vuit grups de recerca que estudien la regeneraci\u00f3 cel\u00b7lular per substituir funcions perdudes o malmeses. Els camps on els assajos estan m\u00e9s avan\u00e7ats s\u00f3n el de la retina, el cor i les malalties de Parkinson i diabetis Fabricar c\u00e8l\u00b7lules a les quals es pugui entrenar per a comportar-se igual que altres, que desenvolupin<\/p>\n","protected":false},"author":16,"featured_media":1013,"comment_status":"open","ping_status":"open","sticky":false,"template":"","format":"standard","meta":{"_acf_changed":false,"footnotes":""},"categories":[1360,1361,126],"tags":[96],"tipo":[],"class_list":{"0":"post-1012","1":"post","2":"type-post","3":"status-publish","4":"format-standard","5":"has-post-thumbnail","7":"category-idibell","8":"category-institut-dinvestigacio-biomedica-de-bellvitge","9":"category-recerca","10":"tag-medicina-regenerativa"},"acf":[],"yoast_head":"<!-- This site is optimized with the Yoast SEO plugin v27.5 - https:\/\/yoast.com\/product\/yoast-seo-wordpress\/ -->\n<title>L\u2019IDIBELL t\u00e9 l\u2019\u00fanic programa monogr\u00e0fic a Catalunya dedicat a la medicina regenerativa - Recerca en salut<\/title>\n<meta name=\"robots\" content=\"index, follow, max-snippet:-1, max-image-preview:large, max-video-preview:-1\" \/>\n<link rel=\"canonical\" href=\"https:\/\/diarisanitat.cat\/recerca-en-salut\/blog\/2023\/02\/16\/lidibell-te-lunic-programa-monografic-a-catalunya-dedicat-a-la-medicina-regenerativa\/\" \/>\n<meta property=\"og:locale\" content=\"es_ES\" \/>\n<meta property=\"og:type\" content=\"article\" \/>\n<meta property=\"og:title\" content=\"L\u2019IDIBELL t\u00e9 l\u2019\u00fanic programa monogr\u00e0fic a Catalunya dedicat a la medicina regenerativa - Recerca en salut\" \/>\n<meta property=\"og:description\" content=\"Compta amb vuit grups de recerca que estudien la regeneraci\u00f3 cel\u00b7lular per substituir funcions perdudes o malmeses. Els camps on els assajos estan m\u00e9s avan\u00e7ats s\u00f3n el de la retina, el cor i les malalties de Parkinson i diabetis Fabricar c\u00e8l\u00b7lules a les quals es pugui entrenar per a comportar-se igual que altres, que desenvolupin\" \/>\n<meta property=\"og:url\" content=\"https:\/\/diarisanitat.cat\/recerca-en-salut\/blog\/2023\/02\/16\/lidibell-te-lunic-programa-monografic-a-catalunya-dedicat-a-la-medicina-regenerativa\/\" \/>\n<meta property=\"og:site_name\" content=\"Recerca en salut\" \/>\n<meta property=\"article:published_time\" content=\"2023-02-16T14:30:24+00:00\" \/>\n<meta property=\"article:modified_time\" content=\"2024-07-08T15:14:47+00:00\" \/>\n<meta property=\"og:image\" content=\"https:\/\/diarisanitat.cat\/recerca-en-salut\/wp-content\/uploads\/sites\/4\/2023\/02\/Regenerativa1.jpg\" \/>\n\t<meta property=\"og:image:width\" content=\"1200\" \/>\n\t<meta property=\"og:image:height\" content=\"675\" \/>\n\t<meta property=\"og:image:type\" content=\"image\/jpeg\" \/>\n<meta name=\"author\" content=\"Carme Escales\" \/>\n<meta name=\"twitter:card\" content=\"summary_large_image\" \/>\n<meta name=\"twitter:label1\" content=\"Escrito por\" \/>\n\t<meta name=\"twitter:data1\" content=\"Carme Escales\" \/>\n\t<meta name=\"twitter:label2\" content=\"Tiempo de lectura\" \/>\n\t<meta name=\"twitter:data2\" content=\"8 minutos\" \/>\n<script type=\"application\/ld+json\" class=\"yoast-schema-graph\">{\"@context\":\"https:\\\/\\\/schema.org\",\"@graph\":[{\"@type\":\"Article\",\"@id\":\"https:\\\/\\\/diarisanitat.cat\\\/recerca-en-salut\\\/blog\\\/2023\\\/02\\\/16\\\/lidibell-te-lunic-programa-monografic-a-catalunya-dedicat-a-la-medicina-regenerativa\\\/#article\",\"isPartOf\":{\"@id\":\"https:\\\/\\\/diarisanitat.cat\\\/recerca-en-salut\\\/blog\\\/2023\\\/02\\\/16\\\/lidibell-te-lunic-programa-monografic-a-catalunya-dedicat-a-la-medicina-regenerativa\\\/\"},\"author\":{\"name\":\"Carme Escales\",\"@id\":\"https:\\\/\\\/diarisanitat.cat\\\/recerca-en-salut\\\/#\\\/schema\\\/person\\\/9080795ef06d370257b1c8e7967c8de8\"},\"headline\":\"L\u2019IDIBELL t\u00e9 l\u2019\u00fanic programa monogr\u00e0fic a Catalunya dedicat a la medicina regenerativa\",\"datePublished\":\"2023-02-16T14:30:24+00:00\",\"dateModified\":\"2024-07-08T15:14:47+00:00\",\"mainEntityOfPage\":{\"@id\":\"https:\\\/\\\/diarisanitat.cat\\\/recerca-en-salut\\\/blog\\\/2023\\\/02\\\/16\\\/lidibell-te-lunic-programa-monografic-a-catalunya-dedicat-a-la-medicina-regenerativa\\\/\"},\"wordCount\":1679,\"commentCount\":0,\"image\":{\"@id\":\"https:\\\/\\\/diarisanitat.cat\\\/recerca-en-salut\\\/blog\\\/2023\\\/02\\\/16\\\/lidibell-te-lunic-programa-monografic-a-catalunya-dedicat-a-la-medicina-regenerativa\\\/#primaryimage\"},\"thumbnailUrl\":\"https:\\\/\\\/diarisanitat.cat\\\/recerca-en-salut\\\/wp-content\\\/uploads\\\/sites\\\/4\\\/2023\\\/02\\\/Regenerativa1.jpg\",\"keywords\":[\"medicina regenerativa\"],\"articleSection\":[\"IDIBELL\",\"Institut d\u2019Investigaci\u00f3 Biom\u00e8dica de Bellvitge\",\"Recerca\"],\"inLanguage\":\"es\",\"potentialAction\":[{\"@type\":\"CommentAction\",\"name\":\"Comment\",\"target\":[\"https:\\\/\\\/diarisanitat.cat\\\/recerca-en-salut\\\/blog\\\/2023\\\/02\\\/16\\\/lidibell-te-lunic-programa-monografic-a-catalunya-dedicat-a-la-medicina-regenerativa\\\/#respond\"]}]},{\"@type\":\"WebPage\",\"@id\":\"https:\\\/\\\/diarisanitat.cat\\\/recerca-en-salut\\\/blog\\\/2023\\\/02\\\/16\\\/lidibell-te-lunic-programa-monografic-a-catalunya-dedicat-a-la-medicina-regenerativa\\\/\",\"url\":\"https:\\\/\\\/diarisanitat.cat\\\/recerca-en-salut\\\/blog\\\/2023\\\/02\\\/16\\\/lidibell-te-lunic-programa-monografic-a-catalunya-dedicat-a-la-medicina-regenerativa\\\/\",\"name\":\"L\u2019IDIBELL t\u00e9 l\u2019\u00fanic programa monogr\u00e0fic a Catalunya dedicat a la medicina regenerativa - Recerca en salut\",\"isPartOf\":{\"@id\":\"https:\\\/\\\/diarisanitat.cat\\\/recerca-en-salut\\\/#website\"},\"primaryImageOfPage\":{\"@id\":\"https:\\\/\\\/diarisanitat.cat\\\/recerca-en-salut\\\/blog\\\/2023\\\/02\\\/16\\\/lidibell-te-lunic-programa-monografic-a-catalunya-dedicat-a-la-medicina-regenerativa\\\/#primaryimage\"},\"image\":{\"@id\":\"https:\\\/\\\/diarisanitat.cat\\\/recerca-en-salut\\\/blog\\\/2023\\\/02\\\/16\\\/lidibell-te-lunic-programa-monografic-a-catalunya-dedicat-a-la-medicina-regenerativa\\\/#primaryimage\"},\"thumbnailUrl\":\"https:\\\/\\\/diarisanitat.cat\\\/recerca-en-salut\\\/wp-content\\\/uploads\\\/sites\\\/4\\\/2023\\\/02\\\/Regenerativa1.jpg\",\"datePublished\":\"2023-02-16T14:30:24+00:00\",\"dateModified\":\"2024-07-08T15:14:47+00:00\",\"author\":{\"@id\":\"https:\\\/\\\/diarisanitat.cat\\\/recerca-en-salut\\\/#\\\/schema\\\/person\\\/9080795ef06d370257b1c8e7967c8de8\"},\"breadcrumb\":{\"@id\":\"https:\\\/\\\/diarisanitat.cat\\\/recerca-en-salut\\\/blog\\\/2023\\\/02\\\/16\\\/lidibell-te-lunic-programa-monografic-a-catalunya-dedicat-a-la-medicina-regenerativa\\\/#breadcrumb\"},\"inLanguage\":\"es\",\"potentialAction\":[{\"@type\":\"ReadAction\",\"target\":[\"https:\\\/\\\/diarisanitat.cat\\\/recerca-en-salut\\\/blog\\\/2023\\\/02\\\/16\\\/lidibell-te-lunic-programa-monografic-a-catalunya-dedicat-a-la-medicina-regenerativa\\\/\"]}]},{\"@type\":\"ImageObject\",\"inLanguage\":\"es\",\"@id\":\"https:\\\/\\\/diarisanitat.cat\\\/recerca-en-salut\\\/blog\\\/2023\\\/02\\\/16\\\/lidibell-te-lunic-programa-monografic-a-catalunya-dedicat-a-la-medicina-regenerativa\\\/#primaryimage\",\"url\":\"https:\\\/\\\/diarisanitat.cat\\\/recerca-en-salut\\\/wp-content\\\/uploads\\\/sites\\\/4\\\/2023\\\/02\\\/Regenerativa1.jpg\",\"contentUrl\":\"https:\\\/\\\/diarisanitat.cat\\\/recerca-en-salut\\\/wp-content\\\/uploads\\\/sites\\\/4\\\/2023\\\/02\\\/Regenerativa1.jpg\",\"width\":1200,\"height\":675},{\"@type\":\"BreadcrumbList\",\"@id\":\"https:\\\/\\\/diarisanitat.cat\\\/recerca-en-salut\\\/blog\\\/2023\\\/02\\\/16\\\/lidibell-te-lunic-programa-monografic-a-catalunya-dedicat-a-la-medicina-regenerativa\\\/#breadcrumb\",\"itemListElement\":[{\"@type\":\"ListItem\",\"position\":1,\"name\":\"Portada\",\"item\":\"https:\\\/\\\/diarisanitat.cat\\\/recerca-en-salut\\\/\"},{\"@type\":\"ListItem\",\"position\":2,\"name\":\"L\u2019IDIBELL t\u00e9 l\u2019\u00fanic programa monogr\u00e0fic a Catalunya dedicat a la medicina regenerativa\"}]},{\"@type\":\"WebSite\",\"@id\":\"https:\\\/\\\/diarisanitat.cat\\\/recerca-en-salut\\\/#website\",\"url\":\"https:\\\/\\\/diarisanitat.cat\\\/recerca-en-salut\\\/\",\"name\":\"Recerca en salut\",\"description\":\"\",\"potentialAction\":[{\"@type\":\"SearchAction\",\"target\":{\"@type\":\"EntryPoint\",\"urlTemplate\":\"https:\\\/\\\/diarisanitat.cat\\\/recerca-en-salut\\\/?s={search_term_string}\"},\"query-input\":{\"@type\":\"PropertyValueSpecification\",\"valueRequired\":true,\"valueName\":\"search_term_string\"}}],\"inLanguage\":\"es\"},{\"@type\":\"Person\",\"@id\":\"https:\\\/\\\/diarisanitat.cat\\\/recerca-en-salut\\\/#\\\/schema\\\/person\\\/9080795ef06d370257b1c8e7967c8de8\",\"name\":\"Carme Escales\",\"image\":{\"@type\":\"ImageObject\",\"inLanguage\":\"es\",\"@id\":\"https:\\\/\\\/diarisanitat.cat\\\/wp-content\\\/uploads\\\/2024\\\/11\\\/carme-escales_avatar-96x96.png\",\"url\":\"https:\\\/\\\/diarisanitat.cat\\\/wp-content\\\/uploads\\\/2024\\\/11\\\/carme-escales_avatar-96x96.png\",\"contentUrl\":\"https:\\\/\\\/diarisanitat.cat\\\/wp-content\\\/uploads\\\/2024\\\/11\\\/carme-escales_avatar-96x96.png\",\"caption\":\"Carme Escales\"},\"description\":\"Periodista amb m\u00e9s de 20 anys d'experi\u00e8ncia. Especialitzada en posar a l'abast de tothom el llenguatge de la medicina, la ci\u00e8ncia i la salut.\",\"url\":\"https:\\\/\\\/diarisanitat.cat\\\/recerca-en-salut\\\/blog\\\/author\\\/carmeescales\\\/\"}]}<\/script>\n<!-- \/ Yoast SEO plugin. -->","yoast_head_json":{"title":"L\u2019IDIBELL t\u00e9 l\u2019\u00fanic programa monogr\u00e0fic a Catalunya dedicat a la medicina regenerativa - Recerca en salut","robots":{"index":"index","follow":"follow","max-snippet":"max-snippet:-1","max-image-preview":"max-image-preview:large","max-video-preview":"max-video-preview:-1"},"canonical":"https:\/\/diarisanitat.cat\/recerca-en-salut\/blog\/2023\/02\/16\/lidibell-te-lunic-programa-monografic-a-catalunya-dedicat-a-la-medicina-regenerativa\/","og_locale":"es_ES","og_type":"article","og_title":"L\u2019IDIBELL t\u00e9 l\u2019\u00fanic programa monogr\u00e0fic a Catalunya dedicat a la medicina regenerativa - Recerca en salut","og_description":"Compta amb vuit grups de recerca que estudien la regeneraci\u00f3 cel\u00b7lular per substituir funcions perdudes o malmeses. Els camps on els assajos estan m\u00e9s avan\u00e7ats s\u00f3n el de la retina, el cor i les malalties de Parkinson i diabetis Fabricar c\u00e8l\u00b7lules a les quals es pugui entrenar per a comportar-se igual que altres, que desenvolupin","og_url":"https:\/\/diarisanitat.cat\/recerca-en-salut\/blog\/2023\/02\/16\/lidibell-te-lunic-programa-monografic-a-catalunya-dedicat-a-la-medicina-regenerativa\/","og_site_name":"Recerca en salut","article_published_time":"2023-02-16T14:30:24+00:00","article_modified_time":"2024-07-08T15:14:47+00:00","og_image":[{"width":1200,"height":675,"url":"https:\/\/diarisanitat.cat\/recerca-en-salut\/wp-content\/uploads\/sites\/4\/2023\/02\/Regenerativa1.jpg","type":"image\/jpeg"}],"author":"Carme Escales","twitter_card":"summary_large_image","twitter_misc":{"Escrito por":"Carme Escales","Tiempo de lectura":"8 minutos"},"schema":{"@context":"https:\/\/schema.org","@graph":[{"@type":"Article","@id":"https:\/\/diarisanitat.cat\/recerca-en-salut\/blog\/2023\/02\/16\/lidibell-te-lunic-programa-monografic-a-catalunya-dedicat-a-la-medicina-regenerativa\/#article","isPartOf":{"@id":"https:\/\/diarisanitat.cat\/recerca-en-salut\/blog\/2023\/02\/16\/lidibell-te-lunic-programa-monografic-a-catalunya-dedicat-a-la-medicina-regenerativa\/"},"author":{"name":"Carme Escales","@id":"https:\/\/diarisanitat.cat\/recerca-en-salut\/#\/schema\/person\/9080795ef06d370257b1c8e7967c8de8"},"headline":"L\u2019IDIBELL t\u00e9 l\u2019\u00fanic programa monogr\u00e0fic a Catalunya dedicat a la medicina regenerativa","datePublished":"2023-02-16T14:30:24+00:00","dateModified":"2024-07-08T15:14:47+00:00","mainEntityOfPage":{"@id":"https:\/\/diarisanitat.cat\/recerca-en-salut\/blog\/2023\/02\/16\/lidibell-te-lunic-programa-monografic-a-catalunya-dedicat-a-la-medicina-regenerativa\/"},"wordCount":1679,"commentCount":0,"image":{"@id":"https:\/\/diarisanitat.cat\/recerca-en-salut\/blog\/2023\/02\/16\/lidibell-te-lunic-programa-monografic-a-catalunya-dedicat-a-la-medicina-regenerativa\/#primaryimage"},"thumbnailUrl":"https:\/\/diarisanitat.cat\/recerca-en-salut\/wp-content\/uploads\/sites\/4\/2023\/02\/Regenerativa1.jpg","keywords":["medicina regenerativa"],"articleSection":["IDIBELL","Institut d\u2019Investigaci\u00f3 Biom\u00e8dica de Bellvitge","Recerca"],"inLanguage":"es","potentialAction":[{"@type":"CommentAction","name":"Comment","target":["https:\/\/diarisanitat.cat\/recerca-en-salut\/blog\/2023\/02\/16\/lidibell-te-lunic-programa-monografic-a-catalunya-dedicat-a-la-medicina-regenerativa\/#respond"]}]},{"@type":"WebPage","@id":"https:\/\/diarisanitat.cat\/recerca-en-salut\/blog\/2023\/02\/16\/lidibell-te-lunic-programa-monografic-a-catalunya-dedicat-a-la-medicina-regenerativa\/","url":"https:\/\/diarisanitat.cat\/recerca-en-salut\/blog\/2023\/02\/16\/lidibell-te-lunic-programa-monografic-a-catalunya-dedicat-a-la-medicina-regenerativa\/","name":"L\u2019IDIBELL t\u00e9 l\u2019\u00fanic programa monogr\u00e0fic a Catalunya dedicat a la medicina regenerativa - Recerca en salut","isPartOf":{"@id":"https:\/\/diarisanitat.cat\/recerca-en-salut\/#website"},"primaryImageOfPage":{"@id":"https:\/\/diarisanitat.cat\/recerca-en-salut\/blog\/2023\/02\/16\/lidibell-te-lunic-programa-monografic-a-catalunya-dedicat-a-la-medicina-regenerativa\/#primaryimage"},"image":{"@id":"https:\/\/diarisanitat.cat\/recerca-en-salut\/blog\/2023\/02\/16\/lidibell-te-lunic-programa-monografic-a-catalunya-dedicat-a-la-medicina-regenerativa\/#primaryimage"},"thumbnailUrl":"https:\/\/diarisanitat.cat\/recerca-en-salut\/wp-content\/uploads\/sites\/4\/2023\/02\/Regenerativa1.jpg","datePublished":"2023-02-16T14:30:24+00:00","dateModified":"2024-07-08T15:14:47+00:00","author":{"@id":"https:\/\/diarisanitat.cat\/recerca-en-salut\/#\/schema\/person\/9080795ef06d370257b1c8e7967c8de8"},"breadcrumb":{"@id":"https:\/\/diarisanitat.cat\/recerca-en-salut\/blog\/2023\/02\/16\/lidibell-te-lunic-programa-monografic-a-catalunya-dedicat-a-la-medicina-regenerativa\/#breadcrumb"},"inLanguage":"es","potentialAction":[{"@type":"ReadAction","target":["https:\/\/diarisanitat.cat\/recerca-en-salut\/blog\/2023\/02\/16\/lidibell-te-lunic-programa-monografic-a-catalunya-dedicat-a-la-medicina-regenerativa\/"]}]},{"@type":"ImageObject","inLanguage":"es","@id":"https:\/\/diarisanitat.cat\/recerca-en-salut\/blog\/2023\/02\/16\/lidibell-te-lunic-programa-monografic-a-catalunya-dedicat-a-la-medicina-regenerativa\/#primaryimage","url":"https:\/\/diarisanitat.cat\/recerca-en-salut\/wp-content\/uploads\/sites\/4\/2023\/02\/Regenerativa1.jpg","contentUrl":"https:\/\/diarisanitat.cat\/recerca-en-salut\/wp-content\/uploads\/sites\/4\/2023\/02\/Regenerativa1.jpg","width":1200,"height":675},{"@type":"BreadcrumbList","@id":"https:\/\/diarisanitat.cat\/recerca-en-salut\/blog\/2023\/02\/16\/lidibell-te-lunic-programa-monografic-a-catalunya-dedicat-a-la-medicina-regenerativa\/#breadcrumb","itemListElement":[{"@type":"ListItem","position":1,"name":"Portada","item":"https:\/\/diarisanitat.cat\/recerca-en-salut\/"},{"@type":"ListItem","position":2,"name":"L\u2019IDIBELL t\u00e9 l\u2019\u00fanic programa monogr\u00e0fic a Catalunya dedicat a la medicina regenerativa"}]},{"@type":"WebSite","@id":"https:\/\/diarisanitat.cat\/recerca-en-salut\/#website","url":"https:\/\/diarisanitat.cat\/recerca-en-salut\/","name":"Recerca en salut","description":"","potentialAction":[{"@type":"SearchAction","target":{"@type":"EntryPoint","urlTemplate":"https:\/\/diarisanitat.cat\/recerca-en-salut\/?s={search_term_string}"},"query-input":{"@type":"PropertyValueSpecification","valueRequired":true,"valueName":"search_term_string"}}],"inLanguage":"es"},{"@type":"Person","@id":"https:\/\/diarisanitat.cat\/recerca-en-salut\/#\/schema\/person\/9080795ef06d370257b1c8e7967c8de8","name":"Carme Escales","image":{"@type":"ImageObject","inLanguage":"es","@id":"https:\/\/diarisanitat.cat\/wp-content\/uploads\/2024\/11\/carme-escales_avatar-96x96.png","url":"https:\/\/diarisanitat.cat\/wp-content\/uploads\/2024\/11\/carme-escales_avatar-96x96.png","contentUrl":"https:\/\/diarisanitat.cat\/wp-content\/uploads\/2024\/11\/carme-escales_avatar-96x96.png","caption":"Carme Escales"},"description":"Periodista amb m\u00e9s de 20 anys d'experi\u00e8ncia. Especialitzada en posar a l'abast de tothom el llenguatge de la medicina, la ci\u00e8ncia i la salut.","url":"https:\/\/diarisanitat.cat\/recerca-en-salut\/blog\/author\/carmeescales\/"}]}},"_links":{"self":[{"href":"https:\/\/diarisanitat.cat\/recerca-en-salut\/wp-json\/wp\/v2\/posts\/1012","targetHints":{"allow":["GET"]}}],"collection":[{"href":"https:\/\/diarisanitat.cat\/recerca-en-salut\/wp-json\/wp\/v2\/posts"}],"about":[{"href":"https:\/\/diarisanitat.cat\/recerca-en-salut\/wp-json\/wp\/v2\/types\/post"}],"author":[{"embeddable":true,"href":"https:\/\/diarisanitat.cat\/recerca-en-salut\/wp-json\/wp\/v2\/users\/16"}],"replies":[{"embeddable":true,"href":"https:\/\/diarisanitat.cat\/recerca-en-salut\/wp-json\/wp\/v2\/comments?post=1012"}],"version-history":[{"count":1,"href":"https:\/\/diarisanitat.cat\/recerca-en-salut\/wp-json\/wp\/v2\/posts\/1012\/revisions"}],"predecessor-version":[{"id":37719,"href":"https:\/\/diarisanitat.cat\/recerca-en-salut\/wp-json\/wp\/v2\/posts\/1012\/revisions\/37719"}],"wp:featuredmedia":[{"embeddable":true,"href":"https:\/\/diarisanitat.cat\/recerca-en-salut\/wp-json\/wp\/v2\/media\/1013"}],"wp:attachment":[{"href":"https:\/\/diarisanitat.cat\/recerca-en-salut\/wp-json\/wp\/v2\/media?parent=1012"}],"wp:term":[{"taxonomy":"category","embeddable":true,"href":"https:\/\/diarisanitat.cat\/recerca-en-salut\/wp-json\/wp\/v2\/categories?post=1012"},{"taxonomy":"post_tag","embeddable":true,"href":"https:\/\/diarisanitat.cat\/recerca-en-salut\/wp-json\/wp\/v2\/tags?post=1012"},{"taxonomy":"tipo","embeddable":true,"href":"https:\/\/diarisanitat.cat\/recerca-en-salut\/wp-json\/wp\/v2\/tipo?post=1012"}],"curies":[{"name":"wp","href":"https:\/\/api.w.org\/{rel}","templated":true}]}}