{"id":1162,"date":"2023-04-14T11:24:32","date_gmt":"2023-04-14T11:24:32","guid":{"rendered":"https:\/\/diarisanitat.cat\/recerca-en-salut\/?p=1162"},"modified":"2024-07-08T15:14:51","modified_gmt":"2024-07-08T15:14:51","slug":"la-marato-sensibilitat-i-pedagogia-sobre-recerca-en-salut","status":"publish","type":"post","link":"https:\/\/diarisanitat.cat\/recerca-en-salut\/blog\/2023\/04\/14\/la-marato-sensibilitat-i-pedagogia-sobre-recerca-en-salut\/","title":{"rendered":"La Marat\u00f3, sensibilitat i pedagogia sobre recerca en salut"},"content":{"rendered":"<p>*<\/p>\n<p class=\"p1\"><strong><span class=\"s1\">En 31 anys, la Fundaci\u00f3 ha finan\u00e7at 985 projectes que han dut a terme 10.000 investigadors i investigadores de 1639 equips<\/span><\/strong><\/p>\n<p class=\"p3\"><span class=\"s1\">El pont entre la investigaci\u00f3 en salut i les persones t\u00e9 en La Marat\u00f3 de TV3 i Catalunya R\u00e0dio un exemple de refer\u00e8ncia ineludible. Representa una consci\u00e8ncia sobre el valor de la recerca que passa a l\u2019acci\u00f3 \u2018viralitzada\u2019 en la vida real, en els centenars de petites i grans missions que inspira per a estimular la sensibilitzaci\u00f3 personal i l\u2019aportaci\u00f3 de donatius. Gr\u00e0cies a aix\u00f2, en els 31 anys des que es va posar en marxa aquesta iniciativa que abra\u00e7a privadesa i solidaritat global, s\u2019han finan\u00e7at 985 projectes que han portat a terme uns 10.000 investigadors i investigadores vinculats a 1639 equips de treball en recerca. <\/span><\/p>\n<p class=\"p4\"><span class=\"s2\">La Marat\u00f3 ha donat a con\u00e8ixer, tamb\u00e9, el dia a dia de persones que conviuen amb una malaltia, algunes d\u2019elles que molta gent no sabia que existien. Tal com explica el <\/span><span class=\"s3\">director de la Fundaci\u00f3 La Marat\u00f3 de TV3 (CCMA), Llu\u00eds Bernab\u00e9, amb ella s\u2019ha contribu\u00eft a \u201c<\/span><span class=\"s1\">avan\u00e7ar en el coneixement de moltes malalties greus i cr\u00f2niques, a crear noves eines de diagn\u00f2stic i de prevenci\u00f3, a dissenyar tractaments m\u00e9s eficients i a millorar el pron\u00f2stic de les persones que hi conviuen. Alhora, s\u2019ha convertit en una eina clau per a la competitivitat, la consolidaci\u00f3 i la projecci\u00f3 internacional dels equips de recerca\u201d. Per tant, una f\u00f3rmula que<\/span><span class=\"s2\"> afavoreix tothom.<\/span><\/p>\n<figure id=\"attachment_1165\" aria-describedby=\"caption-attachment-1165\" style=\"width: 1280px\" class=\"wp-caption alignnone\"><img fetchpriority=\"high\" decoding=\"async\" class=\"size-full wp-image-1165\" src=\"https:\/\/silly-shirley.82-223-1-47.plesk.page\/recerca-en-salut\/wp-content\/uploads\/sites\/4\/2023\/04\/69-Fundacio-Alicia-Mon-Sant-Benet-Ariadna-Oltra-Txe-Arana-i-Dra.-Perez-de-la-Ossa.jpg\" alt=\"\" width=\"1280\" height=\"960\" srcset=\"https:\/\/diarisanitat.cat\/recerca-en-salut\/wp-content\/uploads\/sites\/4\/2023\/04\/69-Fundacio-Alicia-Mon-Sant-Benet-Ariadna-Oltra-Txe-Arana-i-Dra.-Perez-de-la-Ossa.jpg 1280w, https:\/\/diarisanitat.cat\/recerca-en-salut\/wp-content\/uploads\/sites\/4\/2023\/04\/69-Fundacio-Alicia-Mon-Sant-Benet-Ariadna-Oltra-Txe-Arana-i-Dra.-Perez-de-la-Ossa-300x225.jpg 300w, https:\/\/diarisanitat.cat\/recerca-en-salut\/wp-content\/uploads\/sites\/4\/2023\/04\/69-Fundacio-Alicia-Mon-Sant-Benet-Ariadna-Oltra-Txe-Arana-i-Dra.-Perez-de-la-Ossa-1024x768.jpg 1024w, https:\/\/diarisanitat.cat\/recerca-en-salut\/wp-content\/uploads\/sites\/4\/2023\/04\/69-Fundacio-Alicia-Mon-Sant-Benet-Ariadna-Oltra-Txe-Arana-i-Dra.-Perez-de-la-Ossa-768x576.jpg 768w, https:\/\/diarisanitat.cat\/recerca-en-salut\/wp-content\/uploads\/sites\/4\/2023\/04\/69-Fundacio-Alicia-Mon-Sant-Benet-Ariadna-Oltra-Txe-Arana-i-Dra.-Perez-de-la-Ossa-150x113.jpg 150w, https:\/\/diarisanitat.cat\/recerca-en-salut\/wp-content\/uploads\/sites\/4\/2023\/04\/69-Fundacio-Alicia-Mon-Sant-Benet-Ariadna-Oltra-Txe-Arana-i-Dra.-Perez-de-la-Ossa-450x338.jpg 450w, https:\/\/diarisanitat.cat\/recerca-en-salut\/wp-content\/uploads\/sites\/4\/2023\/04\/69-Fundacio-Alicia-Mon-Sant-Benet-Ariadna-Oltra-Txe-Arana-i-Dra.-Perez-de-la-Ossa-1200x900.jpg 1200w\" sizes=\"(max-width: 1280px) 100vw, 1280px\" \/><figcaption id=\"caption-attachment-1165\" class=\"wp-caption-text\">Fundacio\u0301 Ali\u0301cia &#8211; Mo\u0301n Sant Benet &#8211; Ariadna Oltra, Txe Arana i Dra. Pe\u0301rez de la Ossa<\/figcaption><\/figure>\n<h3 class=\"p5\"><span class=\"s1\">Aven\u00e7os mesurables <\/span><\/h3>\n<p class=\"p3\"><span class=\"s1\">El retorn de l\u2019esfor\u00e7 aportat en accions a tot el territori per recollir fons per a la investigaci\u00f3, en aquest cas a trav\u00e9s de la<span class=\"Apple-converted-space\">\u00a0 <\/span>Marat\u00f3, s\u00f3n els aven\u00e7os que s\u2019aconsegueixen en forma de tractaments m\u00e9s precisos i eficients, descoberta d\u2019indicadors que ajuden a diagnosticar i predir afectacions, i millorar la qualitat de vida dels pacients. <\/span><\/p>\n<p class=\"p6\"><span class=\"s3\">Recentment, s\u2019ha aconseguit crear el primer model d&#8217;un malaltia ultrarara que causa parkinsonisme infantil. Ho ha pogut fer, amb fons de La Marat\u00f3 2019, un <\/span><span class=\"s1\">equip d&#8217;investigadores de l&#8217;Institut d&#8217;Investigaci\u00f3 Biom\u00e8dica de Bellvitge (IDIBELL), l&#8217;Institut de Recerca de Sant Joan de D\u00e9u (IRSJD), l&#8217;Institut de Recerca de Sant Pau i la UB. Han generat el primer model, basat en c\u00e8l\u00b7lules mare, de la Defici\u00e8ncia de la Tirosina Hidroxilassa (THD), una malaltia gen\u00e8tica ultrarara que afecta els infants.<\/span><\/p>\n<figure id=\"attachment_1166\" aria-describedby=\"caption-attachment-1166\" style=\"width: 2560px\" class=\"wp-caption alignnone\"><img decoding=\"async\" class=\"size-full wp-image-1166\" src=\"https:\/\/silly-shirley.82-223-1-47.plesk.page\/recerca-en-salut\/wp-content\/uploads\/sites\/4\/2023\/04\/156.-Eloi-Vila-amb-testimonis-Albert-i-Alex-Blancafort-scaled-1.jpg\" alt=\"\" width=\"2560\" height=\"1707\" srcset=\"https:\/\/diarisanitat.cat\/recerca-en-salut\/wp-content\/uploads\/sites\/4\/2023\/04\/156.-Eloi-Vila-amb-testimonis-Albert-i-Alex-Blancafort-scaled-1.jpg 2560w, https:\/\/diarisanitat.cat\/recerca-en-salut\/wp-content\/uploads\/sites\/4\/2023\/04\/156.-Eloi-Vila-amb-testimonis-Albert-i-Alex-Blancafort-scaled-1-300x200.jpg 300w, https:\/\/diarisanitat.cat\/recerca-en-salut\/wp-content\/uploads\/sites\/4\/2023\/04\/156.-Eloi-Vila-amb-testimonis-Albert-i-Alex-Blancafort-scaled-1-1024x683.jpg 1024w, https:\/\/diarisanitat.cat\/recerca-en-salut\/wp-content\/uploads\/sites\/4\/2023\/04\/156.-Eloi-Vila-amb-testimonis-Albert-i-Alex-Blancafort-scaled-1-768x512.jpg 768w, https:\/\/diarisanitat.cat\/recerca-en-salut\/wp-content\/uploads\/sites\/4\/2023\/04\/156.-Eloi-Vila-amb-testimonis-Albert-i-Alex-Blancafort-scaled-1-1536x1024.jpg 1536w, https:\/\/diarisanitat.cat\/recerca-en-salut\/wp-content\/uploads\/sites\/4\/2023\/04\/156.-Eloi-Vila-amb-testimonis-Albert-i-Alex-Blancafort-scaled-1-2048x1366.jpg 2048w, https:\/\/diarisanitat.cat\/recerca-en-salut\/wp-content\/uploads\/sites\/4\/2023\/04\/156.-Eloi-Vila-amb-testimonis-Albert-i-Alex-Blancafort-scaled-1-150x100.jpg 150w, https:\/\/diarisanitat.cat\/recerca-en-salut\/wp-content\/uploads\/sites\/4\/2023\/04\/156.-Eloi-Vila-amb-testimonis-Albert-i-Alex-Blancafort-scaled-1-450x300.jpg 450w, https:\/\/diarisanitat.cat\/recerca-en-salut\/wp-content\/uploads\/sites\/4\/2023\/04\/156.-Eloi-Vila-amb-testimonis-Albert-i-Alex-Blancafort-scaled-1-1200x800.jpg 1200w\" sizes=\"(max-width: 2560px) 100vw, 2560px\" \/><figcaption id=\"caption-attachment-1166\" class=\"wp-caption-text\">18.12.2022, Sant Joan Desp\u00ed La Marat\u00f3 de TV3 dedicat a les malalties cardiovasculars. Foto: Jordi Play<\/figcaption><\/figure>\n<h3 class=\"p7\"><span class=\"s1\">Compartir a Twitter<\/span><\/h3>\n<p class=\"p8\"><span class=\"s1\">El THD causa una disminuci\u00f3 important de dopamina al cervell, un dels neurotransmissors m\u00e9s importants del sistema nervi\u00f3s central, i sol afectar infants ocasionant parkinsonisme infantil. Alguns pacients milloren molt amb el tractament, per\u00f2 d&#8217;altres continuen amb s\u00edmptomes greus de motilitat i discapacitat intel\u00b7lectual. El model que han aconseguit plasmar aquestes investigadores reprodueix fidelment les caracter\u00edstiques patol\u00f2giques de la malaltia, i s&#8217;ha generat a partir de c\u00e8l\u00b7lules de la pell reprogramades en c\u00e8l\u00b7lules mare pluripotents, que posteriorment s&#8217;han diferenciat a neurones. Amb aquest calc sobre el que poden fer proves, han vist tamb\u00e9 la resposta al tractament dels pacients.<span class=\"Apple-converted-space\">\u00a0 <\/span>\u00abProporciona una eina molt valuosa per investigar els mecanismes patog\u00e8nics de la THD, aix\u00ed com per al desenvolupament de noves ter\u00e0pies que millorin la gesti\u00f3 dels pacients. Fins i tot pot ajudar a la implantaci\u00f3 de ter\u00e0pies personalitzades, ja que no tots els pacients responen al tractament\u00bb, explica la doctora Antonella Consiglio, cap de grup a l&#8217;IDIBELL, la Facultat de Medicina i Ci\u00e8ncies de la Salut i l&#8217;Institut de Biomedicina de la Universitat de Barcelona, i una de les l\u00edders del projecte. Els resultats d\u2019aquest estudi s&#8217;han presentat a la revista EMBO Molecular Medicine Journal. <\/span><\/p>\n<p class=\"p8\"><span class=\"s1\">Per\u00f2 la investigaci\u00f3 t\u00e9 un cost molt elevat. En aquest cas, a m\u00e9s de la contribuci\u00f3 de fons de la Fundaci\u00f3 La Marat\u00f3 TV3, el projecte ha rebut tamb\u00e9 el suport de l&#8217;European Research Council (ERC), el Ministeri d&#8217;Economia i Competitivitat (MINECO), el Ministeri de Ci\u00e8ncia i Innovaci\u00f3 (MCIN), els Fons Next Generation (EU), l&#8217;Institut de Salut Carles III (ISCIII), el Fons Europeu de Desenvolupament Regional (FEDER), i l&#8217;Ag\u00e8ncia Estatal d&#8217;Investigaci\u00f3 (AEI).<\/span><\/p>\n<figure id=\"attachment_1168\" aria-describedby=\"caption-attachment-1168\" style=\"width: 2560px\" class=\"wp-caption alignnone\"><img decoding=\"async\" class=\"size-full wp-image-1168\" src=\"https:\/\/silly-shirley.82-223-1-47.plesk.page\/recerca-en-salut\/wp-content\/uploads\/sites\/4\/2023\/04\/207.-Marcador-final_1-1-scaled-1.jpg\" alt=\"\" width=\"2560\" height=\"1707\" srcset=\"https:\/\/diarisanitat.cat\/recerca-en-salut\/wp-content\/uploads\/sites\/4\/2023\/04\/207.-Marcador-final_1-1-scaled-1.jpg 2560w, https:\/\/diarisanitat.cat\/recerca-en-salut\/wp-content\/uploads\/sites\/4\/2023\/04\/207.-Marcador-final_1-1-scaled-1-300x200.jpg 300w, https:\/\/diarisanitat.cat\/recerca-en-salut\/wp-content\/uploads\/sites\/4\/2023\/04\/207.-Marcador-final_1-1-scaled-1-1024x683.jpg 1024w, https:\/\/diarisanitat.cat\/recerca-en-salut\/wp-content\/uploads\/sites\/4\/2023\/04\/207.-Marcador-final_1-1-scaled-1-768x512.jpg 768w, https:\/\/diarisanitat.cat\/recerca-en-salut\/wp-content\/uploads\/sites\/4\/2023\/04\/207.-Marcador-final_1-1-scaled-1-1536x1024.jpg 1536w, https:\/\/diarisanitat.cat\/recerca-en-salut\/wp-content\/uploads\/sites\/4\/2023\/04\/207.-Marcador-final_1-1-scaled-1-2048x1366.jpg 2048w, https:\/\/diarisanitat.cat\/recerca-en-salut\/wp-content\/uploads\/sites\/4\/2023\/04\/207.-Marcador-final_1-1-scaled-1-150x100.jpg 150w, https:\/\/diarisanitat.cat\/recerca-en-salut\/wp-content\/uploads\/sites\/4\/2023\/04\/207.-Marcador-final_1-1-scaled-1-450x300.jpg 450w, https:\/\/diarisanitat.cat\/recerca-en-salut\/wp-content\/uploads\/sites\/4\/2023\/04\/207.-Marcador-final_1-1-scaled-1-1200x800.jpg 1200w\" sizes=\"(max-width: 2560px) 100vw, 2560px\" \/><figcaption id=\"caption-attachment-1168\" class=\"wp-caption-text\">18.12.2022, Sant Joan Desp\u00ed La Marat\u00f3 de TV3 dedicat a les malalties cardiovasculars. Foto: Jordi Play<\/figcaption><\/figure>\n<h3 class=\"p9\"><span class=\"s1\">Altres fites aconseguides<\/span><\/h3>\n<p class=\"p10\"><span class=\"s1\">Alguns dels reptes assolits per investigadores i investigadors que han pogut comptar amb el suport dels fons de La Marat\u00f3 de TV3 per a desenvolupar la seva recerca han estat, per exemple, el canvi aconseguit en la manera de tractar els ictus arreu del m\u00f3n, gr\u00e0cies a una nova estrat\u00e8gia que consisteix a administrar la medicaci\u00f3, no abans, sin\u00f3 despr\u00e9s de la intervenci\u00f3 per treure el trombe. Ara per ara, nom\u00e9s el 27% dels pacients d&#8217;ictus isqu\u00e8mic, el de la immensa majoria de casos, el superen sense seq\u00fceles. Amb la nova estrat\u00e8gia, aquesta superaci\u00f3 completa s&#8217;incrementa fins al 59% dels casos (<a href=\"https:\/\/www.ccma.cat\/tv3\/marato\/revolucio-en-el-tractament-de-lictus-arran-dun-estudi-financat-per-la-marato\/noticia\/3145243\/\"><span class=\"s4\">ICTUS. La Marat\u00f3 2016<\/span><\/a>). <\/span><\/p>\n<p class=\"p10\"><span class=\"s1\">Tamb\u00e9 s\u2019han perfeccionat els bioimplants amb c\u00e8l\u00b7lules mare per reparar el m\u00fascul card\u00edac despr\u00e9s d\u2019un atac de cor (<a href=\"https:\/\/www.ccma.cat\/tv3\/marato\/perfeccionen-els-bioimplants-amb-cellules-mare-per-reparar-el-muscul-despres-dun-atac-de-cor\/noticia\/3086427\/\"><span class=\"s4\">Ter\u00e0pies avan\u00e7ades en salut cardiovascular. La Marat\u00f3 2014<\/span><\/a>).<span class=\"Apple-converted-space\">\u00a0 <\/span>Igualment, s\u2019han identificat les c\u00e8l\u00b7lules responsables de la recaiguda en el c\u00e0ncer de colon i s\u2019ha demostrat que la immunoter\u00e0pia anterior a la cirurgia pot eliminar aquestes c\u00e8l\u00b7lules abans que inici\u00efn la met\u00e0stasi i aix\u00ed preveure les recaigudes en la malaltia (<a href=\"https:\/\/www.ccma.cat\/tv3\/marato\/un-estudi-financat-per-la-marato-identifica-les-cellules-responsables-de-la-recaiguda-en-el-cancer-de-colon\/noticia\/3195140\/\"><span class=\"s4\">C\u00e0ncer. La Marat\u00f3 2018<\/span><\/a>). <\/span><\/p>\n<p class=\"p10\"><span class=\"s1\">Una altra fita aconseguida ha estat descriure la base gen\u00e8tica d&#8217;una nova malaltia neurol\u00f2gica rara que fins ara no tenia un diagn\u00f2stic clar. La recerca ha identificat mutacions en un gen que dirigeix la s\u00edntesi d&#8217;uns l\u00edpids essencials en el desenvolupament del cervell i que causa s\u00edmptomes greus com retard en el desenvolupament neurol\u00f2gic, paraplegia i artritis reumatoide (<a href=\"https:\/\/www.ccma.cat\/324\/investigadors-catalans-descriuen-la-base-genetica-duna-nova-malaltia-rara-neurologica\/noticia\/3115210\/\"><span class=\"s4\">Malalties minorit\u00e0ries. La Marat\u00f3 2019<\/span><\/a>). <\/span><\/p>\n<p class=\"p10\"><span class=\"s1\">Fruit de les recerques iniciades amb les recaptacions de <a href=\"https:\/\/www.ccma.cat\/tv3\/marato\/un-estudi-amb-financament-de-la-marato-identifica-les-neurones-que-son-claus-en-lestimulacio-de-la-medulla-espinal-i-que-permeten-recuperar-la-mobilitat\/noticia\/3195269\/\"><span class=\"s4\">La Marat\u00f3 2016<\/span><\/a>, dedicada a la lesi\u00f3 medul\u00b7lar, s\u2019ha pogut comprovar que l&#8217;estimulaci\u00f3 el\u00e8ctrica activa i remodela un tipus de neurones que permeten als pacients amb par\u00e0lisi posar-se drets, caminar i regenerar els m\u00fasculs, cosa que representa una important millora de la qualitat de vida dels pacients. <b> <\/b><\/span><\/p>\n<p class=\"p14\"><span class=\"s1\">Aquestes s\u00f3n nom\u00e9s alguns dels retorns de la investigaci\u00f3 a la involucraci\u00f3 social en la investigaci\u00f3 en salut, en aquest cas, del particular impuls de La Marat\u00f3 de<span class=\"Apple-converted-space\">\u00a0 <\/span>TV3, en marxa tot l\u2019any en la seva missi\u00f3.<\/span><span class=\"s5\"> Per a fer la seva tasca, per\u00f2 sobretot la dels propis equips d\u2019investigaci\u00f3, la Fundaci\u00f3 La Marat\u00f3 ha posat en marxa la proposta \u201c<a href=\"https:\/\/www.ccma.cat\/tv3\/marato\/en-marxa-laccio-de-retorn-social-visita-la-recerca-de-la-marato-que-descobreix-els-avencos-en-salut-impulsats-gracies-a-la-solidaritat-ciutadana\/noticia\/3214017\/\"><span class=\"s6\">Visita la recerca de La Marat\u00f3<\/span><\/a>\u00ab. Amb ella, la gent pot visitar qualsevol dels 15 centres de recerca d&#8217;arreu de Catalunya on hi ha investigadors que tenen actius projectes de La Marat\u00f3. D&#8217;aquesta manera, els equips de recerca els expliquen directament qu\u00e8 estan fent amb els seus donatius.<\/span><\/p>\n<p>*La Marat\u00f3 de TV3 dedicat a les malalties cardiovasculars. Foto: Jordi Play (18.12.2022, Sant Joan Desp\u00ed)<\/p>\n","protected":false},"excerpt":{"rendered":"<p>* En 31 anys, la Fundaci\u00f3 ha finan\u00e7at 985 projectes que han dut a terme 10.000 investigadors i investigadores de 1639 equips El pont entre la investigaci\u00f3 en salut i les persones t\u00e9 en La Marat\u00f3 de TV3 i Catalunya R\u00e0dio un exemple de refer\u00e8ncia ineludible. Representa una consci\u00e8ncia sobre el valor de la recerca<\/p>\n","protected":false},"author":16,"featured_media":1163,"comment_status":"open","ping_status":"open","sticky":false,"template":"","format":"standard","meta":{"_acf_changed":false,"footnotes":""},"categories":[1354,126],"tags":[226,331],"tipo":[],"class_list":{"0":"post-1162","1":"post","2":"type-post","3":"status-publish","4":"format-standard","5":"has-post-thumbnail","7":"category-investigacio","8":"category-recerca","9":"tag-investigacio","10":"tag-la-marato"},"acf":[],"yoast_head":"<!-- This site is optimized with the Yoast SEO plugin v27.5 - https:\/\/yoast.com\/product\/yoast-seo-wordpress\/ -->\n<title>La Marat\u00f3, sensibilitat i pedagogia sobre recerca en salut - Recerca en salut<\/title>\n<meta name=\"robots\" content=\"index, follow, max-snippet:-1, max-image-preview:large, max-video-preview:-1\" \/>\n<link rel=\"canonical\" href=\"https:\/\/diarisanitat.cat\/recerca-en-salut\/blog\/2023\/04\/14\/la-marato-sensibilitat-i-pedagogia-sobre-recerca-en-salut\/\" \/>\n<meta property=\"og:locale\" content=\"es_ES\" \/>\n<meta property=\"og:type\" content=\"article\" \/>\n<meta property=\"og:title\" content=\"La Marat\u00f3, sensibilitat i pedagogia sobre recerca en salut - Recerca en salut\" \/>\n<meta property=\"og:description\" content=\"* En 31 anys, la Fundaci\u00f3 ha finan\u00e7at 985 projectes que han dut a terme 10.000 investigadors i investigadores de 1639 equips El pont entre la investigaci\u00f3 en salut i les persones t\u00e9 en La Marat\u00f3 de TV3 i Catalunya R\u00e0dio un exemple de refer\u00e8ncia ineludible. Representa una consci\u00e8ncia sobre el valor de la recerca\" \/>\n<meta property=\"og:url\" content=\"https:\/\/diarisanitat.cat\/recerca-en-salut\/blog\/2023\/04\/14\/la-marato-sensibilitat-i-pedagogia-sobre-recerca-en-salut\/\" \/>\n<meta property=\"og:site_name\" content=\"Recerca en salut\" \/>\n<meta property=\"article:published_time\" content=\"2023-04-14T11:24:32+00:00\" \/>\n<meta property=\"article:modified_time\" content=\"2024-07-08T15:14:51+00:00\" \/>\n<meta property=\"og:image\" content=\"https:\/\/diarisanitat.cat\/recerca-en-salut\/wp-content\/uploads\/sites\/4\/2023\/04\/196.-Accio-medica-cateterisme_2-scaled-1.jpg\" \/>\n\t<meta property=\"og:image:width\" content=\"2560\" \/>\n\t<meta property=\"og:image:height\" content=\"1707\" \/>\n\t<meta property=\"og:image:type\" content=\"image\/jpeg\" \/>\n<meta name=\"author\" content=\"Carme Escales\" \/>\n<meta name=\"twitter:card\" content=\"summary_large_image\" \/>\n<meta name=\"twitter:label1\" content=\"Escrito por\" \/>\n\t<meta name=\"twitter:data1\" content=\"Carme Escales\" \/>\n\t<meta name=\"twitter:label2\" content=\"Tiempo de lectura\" \/>\n\t<meta name=\"twitter:data2\" content=\"6 minutos\" \/>\n<script type=\"application\/ld+json\" class=\"yoast-schema-graph\">{\"@context\":\"https:\\\/\\\/schema.org\",\"@graph\":[{\"@type\":\"Article\",\"@id\":\"https:\\\/\\\/diarisanitat.cat\\\/recerca-en-salut\\\/blog\\\/2023\\\/04\\\/14\\\/la-marato-sensibilitat-i-pedagogia-sobre-recerca-en-salut\\\/#article\",\"isPartOf\":{\"@id\":\"https:\\\/\\\/diarisanitat.cat\\\/recerca-en-salut\\\/blog\\\/2023\\\/04\\\/14\\\/la-marato-sensibilitat-i-pedagogia-sobre-recerca-en-salut\\\/\"},\"author\":{\"name\":\"Carme Escales\",\"@id\":\"https:\\\/\\\/diarisanitat.cat\\\/recerca-en-salut\\\/#\\\/schema\\\/person\\\/9080795ef06d370257b1c8e7967c8de8\"},\"headline\":\"La Marat\u00f3, sensibilitat i pedagogia sobre recerca en salut\",\"datePublished\":\"2023-04-14T11:24:32+00:00\",\"dateModified\":\"2024-07-08T15:14:51+00:00\",\"mainEntityOfPage\":{\"@id\":\"https:\\\/\\\/diarisanitat.cat\\\/recerca-en-salut\\\/blog\\\/2023\\\/04\\\/14\\\/la-marato-sensibilitat-i-pedagogia-sobre-recerca-en-salut\\\/\"},\"wordCount\":1250,\"commentCount\":0,\"image\":{\"@id\":\"https:\\\/\\\/diarisanitat.cat\\\/recerca-en-salut\\\/blog\\\/2023\\\/04\\\/14\\\/la-marato-sensibilitat-i-pedagogia-sobre-recerca-en-salut\\\/#primaryimage\"},\"thumbnailUrl\":\"https:\\\/\\\/diarisanitat.cat\\\/recerca-en-salut\\\/wp-content\\\/uploads\\\/sites\\\/4\\\/2023\\\/04\\\/196.-Accio-medica-cateterisme_2-scaled-1.jpg\",\"keywords\":[\"investigaci\u00f3\",\"La Marat\u00f3\"],\"articleSection\":[\"investigaci\u00f3\",\"Recerca\"],\"inLanguage\":\"es\",\"potentialAction\":[{\"@type\":\"CommentAction\",\"name\":\"Comment\",\"target\":[\"https:\\\/\\\/diarisanitat.cat\\\/recerca-en-salut\\\/blog\\\/2023\\\/04\\\/14\\\/la-marato-sensibilitat-i-pedagogia-sobre-recerca-en-salut\\\/#respond\"]}]},{\"@type\":\"WebPage\",\"@id\":\"https:\\\/\\\/diarisanitat.cat\\\/recerca-en-salut\\\/blog\\\/2023\\\/04\\\/14\\\/la-marato-sensibilitat-i-pedagogia-sobre-recerca-en-salut\\\/\",\"url\":\"https:\\\/\\\/diarisanitat.cat\\\/recerca-en-salut\\\/blog\\\/2023\\\/04\\\/14\\\/la-marato-sensibilitat-i-pedagogia-sobre-recerca-en-salut\\\/\",\"name\":\"La Marat\u00f3, sensibilitat i pedagogia sobre recerca en salut - Recerca en salut\",\"isPartOf\":{\"@id\":\"https:\\\/\\\/diarisanitat.cat\\\/recerca-en-salut\\\/#website\"},\"primaryImageOfPage\":{\"@id\":\"https:\\\/\\\/diarisanitat.cat\\\/recerca-en-salut\\\/blog\\\/2023\\\/04\\\/14\\\/la-marato-sensibilitat-i-pedagogia-sobre-recerca-en-salut\\\/#primaryimage\"},\"image\":{\"@id\":\"https:\\\/\\\/diarisanitat.cat\\\/recerca-en-salut\\\/blog\\\/2023\\\/04\\\/14\\\/la-marato-sensibilitat-i-pedagogia-sobre-recerca-en-salut\\\/#primaryimage\"},\"thumbnailUrl\":\"https:\\\/\\\/diarisanitat.cat\\\/recerca-en-salut\\\/wp-content\\\/uploads\\\/sites\\\/4\\\/2023\\\/04\\\/196.-Accio-medica-cateterisme_2-scaled-1.jpg\",\"datePublished\":\"2023-04-14T11:24:32+00:00\",\"dateModified\":\"2024-07-08T15:14:51+00:00\",\"author\":{\"@id\":\"https:\\\/\\\/diarisanitat.cat\\\/recerca-en-salut\\\/#\\\/schema\\\/person\\\/9080795ef06d370257b1c8e7967c8de8\"},\"breadcrumb\":{\"@id\":\"https:\\\/\\\/diarisanitat.cat\\\/recerca-en-salut\\\/blog\\\/2023\\\/04\\\/14\\\/la-marato-sensibilitat-i-pedagogia-sobre-recerca-en-salut\\\/#breadcrumb\"},\"inLanguage\":\"es\",\"potentialAction\":[{\"@type\":\"ReadAction\",\"target\":[\"https:\\\/\\\/diarisanitat.cat\\\/recerca-en-salut\\\/blog\\\/2023\\\/04\\\/14\\\/la-marato-sensibilitat-i-pedagogia-sobre-recerca-en-salut\\\/\"]}]},{\"@type\":\"ImageObject\",\"inLanguage\":\"es\",\"@id\":\"https:\\\/\\\/diarisanitat.cat\\\/recerca-en-salut\\\/blog\\\/2023\\\/04\\\/14\\\/la-marato-sensibilitat-i-pedagogia-sobre-recerca-en-salut\\\/#primaryimage\",\"url\":\"https:\\\/\\\/diarisanitat.cat\\\/recerca-en-salut\\\/wp-content\\\/uploads\\\/sites\\\/4\\\/2023\\\/04\\\/196.-Accio-medica-cateterisme_2-scaled-1.jpg\",\"contentUrl\":\"https:\\\/\\\/diarisanitat.cat\\\/recerca-en-salut\\\/wp-content\\\/uploads\\\/sites\\\/4\\\/2023\\\/04\\\/196.-Accio-medica-cateterisme_2-scaled-1.jpg\",\"width\":2560,\"height\":1707,\"caption\":\"18.12.2022, Sant Joan Desp\u00ed La Marat\u00f3 de TV3 dedicat a les malalties cardiovasculars. foto: Jordi Play\"},{\"@type\":\"BreadcrumbList\",\"@id\":\"https:\\\/\\\/diarisanitat.cat\\\/recerca-en-salut\\\/blog\\\/2023\\\/04\\\/14\\\/la-marato-sensibilitat-i-pedagogia-sobre-recerca-en-salut\\\/#breadcrumb\",\"itemListElement\":[{\"@type\":\"ListItem\",\"position\":1,\"name\":\"Portada\",\"item\":\"https:\\\/\\\/diarisanitat.cat\\\/recerca-en-salut\\\/\"},{\"@type\":\"ListItem\",\"position\":2,\"name\":\"La Marat\u00f3, sensibilitat i pedagogia sobre recerca en salut\"}]},{\"@type\":\"WebSite\",\"@id\":\"https:\\\/\\\/diarisanitat.cat\\\/recerca-en-salut\\\/#website\",\"url\":\"https:\\\/\\\/diarisanitat.cat\\\/recerca-en-salut\\\/\",\"name\":\"Recerca en salut\",\"description\":\"\",\"potentialAction\":[{\"@type\":\"SearchAction\",\"target\":{\"@type\":\"EntryPoint\",\"urlTemplate\":\"https:\\\/\\\/diarisanitat.cat\\\/recerca-en-salut\\\/?s={search_term_string}\"},\"query-input\":{\"@type\":\"PropertyValueSpecification\",\"valueRequired\":true,\"valueName\":\"search_term_string\"}}],\"inLanguage\":\"es\"},{\"@type\":\"Person\",\"@id\":\"https:\\\/\\\/diarisanitat.cat\\\/recerca-en-salut\\\/#\\\/schema\\\/person\\\/9080795ef06d370257b1c8e7967c8de8\",\"name\":\"Carme Escales\",\"image\":{\"@type\":\"ImageObject\",\"inLanguage\":\"es\",\"@id\":\"https:\\\/\\\/diarisanitat.cat\\\/wp-content\\\/uploads\\\/2024\\\/11\\\/carme-escales_avatar-96x96.png\",\"url\":\"https:\\\/\\\/diarisanitat.cat\\\/wp-content\\\/uploads\\\/2024\\\/11\\\/carme-escales_avatar-96x96.png\",\"contentUrl\":\"https:\\\/\\\/diarisanitat.cat\\\/wp-content\\\/uploads\\\/2024\\\/11\\\/carme-escales_avatar-96x96.png\",\"caption\":\"Carme Escales\"},\"description\":\"Periodista amb m\u00e9s de 20 anys d'experi\u00e8ncia. Especialitzada en posar a l'abast de tothom el llenguatge de la medicina, la ci\u00e8ncia i la salut.\",\"url\":\"https:\\\/\\\/diarisanitat.cat\\\/recerca-en-salut\\\/blog\\\/author\\\/carmeescales\\\/\"}]}<\/script>\n<!-- \/ Yoast SEO plugin. -->","yoast_head_json":{"title":"La Marat\u00f3, sensibilitat i pedagogia sobre recerca en salut - Recerca en salut","robots":{"index":"index","follow":"follow","max-snippet":"max-snippet:-1","max-image-preview":"max-image-preview:large","max-video-preview":"max-video-preview:-1"},"canonical":"https:\/\/diarisanitat.cat\/recerca-en-salut\/blog\/2023\/04\/14\/la-marato-sensibilitat-i-pedagogia-sobre-recerca-en-salut\/","og_locale":"es_ES","og_type":"article","og_title":"La Marat\u00f3, sensibilitat i pedagogia sobre recerca en salut - Recerca en salut","og_description":"* En 31 anys, la Fundaci\u00f3 ha finan\u00e7at 985 projectes que han dut a terme 10.000 investigadors i investigadores de 1639 equips El pont entre la investigaci\u00f3 en salut i les persones t\u00e9 en La Marat\u00f3 de TV3 i Catalunya R\u00e0dio un exemple de refer\u00e8ncia ineludible. Representa una consci\u00e8ncia sobre el valor de la recerca","og_url":"https:\/\/diarisanitat.cat\/recerca-en-salut\/blog\/2023\/04\/14\/la-marato-sensibilitat-i-pedagogia-sobre-recerca-en-salut\/","og_site_name":"Recerca en salut","article_published_time":"2023-04-14T11:24:32+00:00","article_modified_time":"2024-07-08T15:14:51+00:00","og_image":[{"width":2560,"height":1707,"url":"https:\/\/diarisanitat.cat\/recerca-en-salut\/wp-content\/uploads\/sites\/4\/2023\/04\/196.-Accio-medica-cateterisme_2-scaled-1.jpg","type":"image\/jpeg"}],"author":"Carme Escales","twitter_card":"summary_large_image","twitter_misc":{"Escrito por":"Carme Escales","Tiempo de lectura":"6 minutos"},"schema":{"@context":"https:\/\/schema.org","@graph":[{"@type":"Article","@id":"https:\/\/diarisanitat.cat\/recerca-en-salut\/blog\/2023\/04\/14\/la-marato-sensibilitat-i-pedagogia-sobre-recerca-en-salut\/#article","isPartOf":{"@id":"https:\/\/diarisanitat.cat\/recerca-en-salut\/blog\/2023\/04\/14\/la-marato-sensibilitat-i-pedagogia-sobre-recerca-en-salut\/"},"author":{"name":"Carme Escales","@id":"https:\/\/diarisanitat.cat\/recerca-en-salut\/#\/schema\/person\/9080795ef06d370257b1c8e7967c8de8"},"headline":"La Marat\u00f3, sensibilitat i pedagogia sobre recerca en salut","datePublished":"2023-04-14T11:24:32+00:00","dateModified":"2024-07-08T15:14:51+00:00","mainEntityOfPage":{"@id":"https:\/\/diarisanitat.cat\/recerca-en-salut\/blog\/2023\/04\/14\/la-marato-sensibilitat-i-pedagogia-sobre-recerca-en-salut\/"},"wordCount":1250,"commentCount":0,"image":{"@id":"https:\/\/diarisanitat.cat\/recerca-en-salut\/blog\/2023\/04\/14\/la-marato-sensibilitat-i-pedagogia-sobre-recerca-en-salut\/#primaryimage"},"thumbnailUrl":"https:\/\/diarisanitat.cat\/recerca-en-salut\/wp-content\/uploads\/sites\/4\/2023\/04\/196.-Accio-medica-cateterisme_2-scaled-1.jpg","keywords":["investigaci\u00f3","La Marat\u00f3"],"articleSection":["investigaci\u00f3","Recerca"],"inLanguage":"es","potentialAction":[{"@type":"CommentAction","name":"Comment","target":["https:\/\/diarisanitat.cat\/recerca-en-salut\/blog\/2023\/04\/14\/la-marato-sensibilitat-i-pedagogia-sobre-recerca-en-salut\/#respond"]}]},{"@type":"WebPage","@id":"https:\/\/diarisanitat.cat\/recerca-en-salut\/blog\/2023\/04\/14\/la-marato-sensibilitat-i-pedagogia-sobre-recerca-en-salut\/","url":"https:\/\/diarisanitat.cat\/recerca-en-salut\/blog\/2023\/04\/14\/la-marato-sensibilitat-i-pedagogia-sobre-recerca-en-salut\/","name":"La Marat\u00f3, sensibilitat i pedagogia sobre recerca en salut - Recerca en salut","isPartOf":{"@id":"https:\/\/diarisanitat.cat\/recerca-en-salut\/#website"},"primaryImageOfPage":{"@id":"https:\/\/diarisanitat.cat\/recerca-en-salut\/blog\/2023\/04\/14\/la-marato-sensibilitat-i-pedagogia-sobre-recerca-en-salut\/#primaryimage"},"image":{"@id":"https:\/\/diarisanitat.cat\/recerca-en-salut\/blog\/2023\/04\/14\/la-marato-sensibilitat-i-pedagogia-sobre-recerca-en-salut\/#primaryimage"},"thumbnailUrl":"https:\/\/diarisanitat.cat\/recerca-en-salut\/wp-content\/uploads\/sites\/4\/2023\/04\/196.-Accio-medica-cateterisme_2-scaled-1.jpg","datePublished":"2023-04-14T11:24:32+00:00","dateModified":"2024-07-08T15:14:51+00:00","author":{"@id":"https:\/\/diarisanitat.cat\/recerca-en-salut\/#\/schema\/person\/9080795ef06d370257b1c8e7967c8de8"},"breadcrumb":{"@id":"https:\/\/diarisanitat.cat\/recerca-en-salut\/blog\/2023\/04\/14\/la-marato-sensibilitat-i-pedagogia-sobre-recerca-en-salut\/#breadcrumb"},"inLanguage":"es","potentialAction":[{"@type":"ReadAction","target":["https:\/\/diarisanitat.cat\/recerca-en-salut\/blog\/2023\/04\/14\/la-marato-sensibilitat-i-pedagogia-sobre-recerca-en-salut\/"]}]},{"@type":"ImageObject","inLanguage":"es","@id":"https:\/\/diarisanitat.cat\/recerca-en-salut\/blog\/2023\/04\/14\/la-marato-sensibilitat-i-pedagogia-sobre-recerca-en-salut\/#primaryimage","url":"https:\/\/diarisanitat.cat\/recerca-en-salut\/wp-content\/uploads\/sites\/4\/2023\/04\/196.-Accio-medica-cateterisme_2-scaled-1.jpg","contentUrl":"https:\/\/diarisanitat.cat\/recerca-en-salut\/wp-content\/uploads\/sites\/4\/2023\/04\/196.-Accio-medica-cateterisme_2-scaled-1.jpg","width":2560,"height":1707,"caption":"18.12.2022, Sant Joan Desp\u00ed La Marat\u00f3 de TV3 dedicat a les malalties cardiovasculars. foto: Jordi Play"},{"@type":"BreadcrumbList","@id":"https:\/\/diarisanitat.cat\/recerca-en-salut\/blog\/2023\/04\/14\/la-marato-sensibilitat-i-pedagogia-sobre-recerca-en-salut\/#breadcrumb","itemListElement":[{"@type":"ListItem","position":1,"name":"Portada","item":"https:\/\/diarisanitat.cat\/recerca-en-salut\/"},{"@type":"ListItem","position":2,"name":"La Marat\u00f3, sensibilitat i pedagogia sobre recerca en salut"}]},{"@type":"WebSite","@id":"https:\/\/diarisanitat.cat\/recerca-en-salut\/#website","url":"https:\/\/diarisanitat.cat\/recerca-en-salut\/","name":"Recerca en salut","description":"","potentialAction":[{"@type":"SearchAction","target":{"@type":"EntryPoint","urlTemplate":"https:\/\/diarisanitat.cat\/recerca-en-salut\/?s={search_term_string}"},"query-input":{"@type":"PropertyValueSpecification","valueRequired":true,"valueName":"search_term_string"}}],"inLanguage":"es"},{"@type":"Person","@id":"https:\/\/diarisanitat.cat\/recerca-en-salut\/#\/schema\/person\/9080795ef06d370257b1c8e7967c8de8","name":"Carme Escales","image":{"@type":"ImageObject","inLanguage":"es","@id":"https:\/\/diarisanitat.cat\/wp-content\/uploads\/2024\/11\/carme-escales_avatar-96x96.png","url":"https:\/\/diarisanitat.cat\/wp-content\/uploads\/2024\/11\/carme-escales_avatar-96x96.png","contentUrl":"https:\/\/diarisanitat.cat\/wp-content\/uploads\/2024\/11\/carme-escales_avatar-96x96.png","caption":"Carme Escales"},"description":"Periodista amb m\u00e9s de 20 anys d'experi\u00e8ncia. Especialitzada en posar a l'abast de tothom el llenguatge de la medicina, la ci\u00e8ncia i la salut.","url":"https:\/\/diarisanitat.cat\/recerca-en-salut\/blog\/author\/carmeescales\/"}]}},"_links":{"self":[{"href":"https:\/\/diarisanitat.cat\/recerca-en-salut\/wp-json\/wp\/v2\/posts\/1162","targetHints":{"allow":["GET"]}}],"collection":[{"href":"https:\/\/diarisanitat.cat\/recerca-en-salut\/wp-json\/wp\/v2\/posts"}],"about":[{"href":"https:\/\/diarisanitat.cat\/recerca-en-salut\/wp-json\/wp\/v2\/types\/post"}],"author":[{"embeddable":true,"href":"https:\/\/diarisanitat.cat\/recerca-en-salut\/wp-json\/wp\/v2\/users\/16"}],"replies":[{"embeddable":true,"href":"https:\/\/diarisanitat.cat\/recerca-en-salut\/wp-json\/wp\/v2\/comments?post=1162"}],"version-history":[{"count":1,"href":"https:\/\/diarisanitat.cat\/recerca-en-salut\/wp-json\/wp\/v2\/posts\/1162\/revisions"}],"predecessor-version":[{"id":37774,"href":"https:\/\/diarisanitat.cat\/recerca-en-salut\/wp-json\/wp\/v2\/posts\/1162\/revisions\/37774"}],"wp:featuredmedia":[{"embeddable":true,"href":"https:\/\/diarisanitat.cat\/recerca-en-salut\/wp-json\/wp\/v2\/media\/1163"}],"wp:attachment":[{"href":"https:\/\/diarisanitat.cat\/recerca-en-salut\/wp-json\/wp\/v2\/media?parent=1162"}],"wp:term":[{"taxonomy":"category","embeddable":true,"href":"https:\/\/diarisanitat.cat\/recerca-en-salut\/wp-json\/wp\/v2\/categories?post=1162"},{"taxonomy":"post_tag","embeddable":true,"href":"https:\/\/diarisanitat.cat\/recerca-en-salut\/wp-json\/wp\/v2\/tags?post=1162"},{"taxonomy":"tipo","embeddable":true,"href":"https:\/\/diarisanitat.cat\/recerca-en-salut\/wp-json\/wp\/v2\/tipo?post=1162"}],"curies":[{"name":"wp","href":"https:\/\/api.w.org\/{rel}","templated":true}]}}