{"id":1237,"date":"2023-05-17T14:16:11","date_gmt":"2023-05-17T14:16:11","guid":{"rendered":"https:\/\/diarisanitat.cat\/recerca-en-salut\/2023\/05\/17\/el-clinic-participa-a-la-suma-el-podcast-sobre-el-dia-a-dia-dels-professionals-sanitaris-de-5-grans-hospitals-despanya\/"},"modified":"2024-07-08T15:14:55","modified_gmt":"2024-07-08T15:14:55","slug":"el-clinic-participa-a-la-suma-el-podcast-sobre-el-dia-a-dia-dels-professionals-sanitaris-de-5-grans-hospitals-despanya","status":"publish","type":"post","link":"https:\/\/diarisanitat.cat\/recerca-en-salut\/blog\/2023\/05\/17\/el-clinic-participa-a-la-suma-el-podcast-sobre-el-dia-a-dia-dels-professionals-sanitaris-de-5-grans-hospitals-despanya\/","title":{"rendered":"El Cl\u00ednic participa a \u2018La Suma\u2019 el podcast sobre el dia a dia dels professionals sanitaris de 5 grans hospitals d\u2018Espanya"},"content":{"rendered":"<p>Aquest dimecres s\u2019ha estrenat \u2018La Suma\u2019 una s\u00e8rie de podcast de Podium Podcast que posa en valor la feina del dia a dia dels professionals sanitaris de 5 grans hospitals d\u2019Espanya. La s\u00e8rie, t\u00e9 7 cap\u00edtols, i dos dels quals estan protagonitzats per professionals de l\u2019hospital Cl\u00ednic Barcelona. En el primer cap\u00edtol s\u2019explica com treballen els professionals del Servei de Cardiologia i el Servei del Cirurgia Cardiovascular a trav\u00e9s del seus caps de Servei, la Dra. Ana Garc\u00eda i el Dr. Manel Castell\u00e0, respectivament.<\/p>\n","protected":false},"excerpt":{"rendered":"<p>Aquest dimecres s\u2019ha estrenat \u2018La Suma\u2019 una s\u00e8rie de podcast de Podium Podcast que posa en valor la feina del dia a dia dels professionals sanitaris de 5 grans hospitals d\u2019Espanya. La s\u00e8rie, t\u00e9 7 cap\u00edtols, i dos dels quals estan protagonitzats per professionals de l\u2019hospital Cl\u00ednic Barcelona. En el primer cap\u00edtol s\u2019explica com treballen<\/p>\n","protected":false},"author":1,"featured_media":0,"comment_status":"open","ping_status":"open","sticky":false,"template":"","format":"standard","meta":{"_acf_changed":false,"footnotes":""},"categories":[1],"tags":[],"tipo":[],"class_list":{"0":"post-1237","1":"post","2":"type-post","3":"status-publish","4":"format-standard","6":"category-uncategorized"},"acf":[],"yoast_head":"<!-- This site is optimized with the Yoast SEO plugin v27.5 - https:\/\/yoast.com\/product\/yoast-seo-wordpress\/ -->\n<title>El Cl\u00ednic participa a \u2018La Suma\u2019 el podcast sobre el dia a dia dels professionals sanitaris de 5 grans hospitals d\u2018Espanya - Recerca en salut<\/title>\n<meta name=\"robots\" content=\"index, follow, max-snippet:-1, max-image-preview:large, max-video-preview:-1\" \/>\n<link rel=\"canonical\" href=\"https:\/\/diarisanitat.cat\/recerca-en-salut\/blog\/2023\/05\/17\/el-clinic-participa-a-la-suma-el-podcast-sobre-el-dia-a-dia-dels-professionals-sanitaris-de-5-grans-hospitals-despanya\/\" \/>\n<meta property=\"og:locale\" content=\"es_ES\" \/>\n<meta property=\"og:type\" content=\"article\" \/>\n<meta property=\"og:title\" content=\"El Cl\u00ednic participa a \u2018La Suma\u2019 el podcast sobre el dia a dia dels professionals sanitaris de 5 grans hospitals d\u2018Espanya - Recerca en salut\" \/>\n<meta property=\"og:description\" content=\"Aquest dimecres s\u2019ha estrenat \u2018La Suma\u2019 una s\u00e8rie de podcast de Podium Podcast que posa en valor la feina del dia a dia dels professionals sanitaris de 5 grans hospitals d\u2019Espanya. La s\u00e8rie, t\u00e9 7 cap\u00edtols, i dos dels quals estan protagonitzats per professionals de l\u2019hospital Cl\u00ednic Barcelona. En el primer cap\u00edtol s\u2019explica com treballen\" \/>\n<meta property=\"og:url\" content=\"https:\/\/diarisanitat.cat\/recerca-en-salut\/blog\/2023\/05\/17\/el-clinic-participa-a-la-suma-el-podcast-sobre-el-dia-a-dia-dels-professionals-sanitaris-de-5-grans-hospitals-despanya\/\" \/>\n<meta property=\"og:site_name\" content=\"Recerca en salut\" \/>\n<meta property=\"article:published_time\" content=\"2023-05-17T14:16:11+00:00\" \/>\n<meta property=\"article:modified_time\" content=\"2024-07-08T15:14:55+00:00\" \/>\n<meta name=\"author\" content=\"Redacci\u00f3\" \/>\n<meta name=\"twitter:card\" content=\"summary_large_image\" \/>\n<meta name=\"twitter:label1\" content=\"Escrito por\" \/>\n\t<meta name=\"twitter:data1\" content=\"Redacci\u00f3\" \/>\n<script type=\"application\/ld+json\" class=\"yoast-schema-graph\">{\"@context\":\"https:\\\/\\\/schema.org\",\"@graph\":[{\"@type\":\"Article\",\"@id\":\"https:\\\/\\\/diarisanitat.cat\\\/recerca-en-salut\\\/blog\\\/2023\\\/05\\\/17\\\/el-clinic-participa-a-la-suma-el-podcast-sobre-el-dia-a-dia-dels-professionals-sanitaris-de-5-grans-hospitals-despanya\\\/#article\",\"isPartOf\":{\"@id\":\"https:\\\/\\\/diarisanitat.cat\\\/recerca-en-salut\\\/blog\\\/2023\\\/05\\\/17\\\/el-clinic-participa-a-la-suma-el-podcast-sobre-el-dia-a-dia-dels-professionals-sanitaris-de-5-grans-hospitals-despanya\\\/\"},\"author\":{\"name\":\"Redacci\u00f3\",\"@id\":\"https:\\\/\\\/diarisanitat.cat\\\/recerca-en-salut\\\/#\\\/schema\\\/person\\\/9de78768f9e1608c4e3acede8e5f91c4\"},\"headline\":\"El Cl\u00ednic participa a \u2018La Suma\u2019 el podcast sobre el dia a dia dels professionals sanitaris de 5 grans hospitals d\u2018Espanya\",\"datePublished\":\"2023-05-17T14:16:11+00:00\",\"dateModified\":\"2024-07-08T15:14:55+00:00\",\"mainEntityOfPage\":{\"@id\":\"https:\\\/\\\/diarisanitat.cat\\\/recerca-en-salut\\\/blog\\\/2023\\\/05\\\/17\\\/el-clinic-participa-a-la-suma-el-podcast-sobre-el-dia-a-dia-dels-professionals-sanitaris-de-5-grans-hospitals-despanya\\\/\"},\"wordCount\":115,\"commentCount\":0,\"articleSection\":[\"Uncategorized\"],\"inLanguage\":\"es\",\"potentialAction\":[{\"@type\":\"CommentAction\",\"name\":\"Comment\",\"target\":[\"https:\\\/\\\/diarisanitat.cat\\\/recerca-en-salut\\\/blog\\\/2023\\\/05\\\/17\\\/el-clinic-participa-a-la-suma-el-podcast-sobre-el-dia-a-dia-dels-professionals-sanitaris-de-5-grans-hospitals-despanya\\\/#respond\"]}]},{\"@type\":\"WebPage\",\"@id\":\"https:\\\/\\\/diarisanitat.cat\\\/recerca-en-salut\\\/blog\\\/2023\\\/05\\\/17\\\/el-clinic-participa-a-la-suma-el-podcast-sobre-el-dia-a-dia-dels-professionals-sanitaris-de-5-grans-hospitals-despanya\\\/\",\"url\":\"https:\\\/\\\/diarisanitat.cat\\\/recerca-en-salut\\\/blog\\\/2023\\\/05\\\/17\\\/el-clinic-participa-a-la-suma-el-podcast-sobre-el-dia-a-dia-dels-professionals-sanitaris-de-5-grans-hospitals-despanya\\\/\",\"name\":\"El Cl\u00ednic participa a \u2018La Suma\u2019 el podcast sobre el dia a dia dels professionals sanitaris de 5 grans hospitals d\u2018Espanya - Recerca en salut\",\"isPartOf\":{\"@id\":\"https:\\\/\\\/diarisanitat.cat\\\/recerca-en-salut\\\/#website\"},\"datePublished\":\"2023-05-17T14:16:11+00:00\",\"dateModified\":\"2024-07-08T15:14:55+00:00\",\"author\":{\"@id\":\"https:\\\/\\\/diarisanitat.cat\\\/recerca-en-salut\\\/#\\\/schema\\\/person\\\/9de78768f9e1608c4e3acede8e5f91c4\"},\"breadcrumb\":{\"@id\":\"https:\\\/\\\/diarisanitat.cat\\\/recerca-en-salut\\\/blog\\\/2023\\\/05\\\/17\\\/el-clinic-participa-a-la-suma-el-podcast-sobre-el-dia-a-dia-dels-professionals-sanitaris-de-5-grans-hospitals-despanya\\\/#breadcrumb\"},\"inLanguage\":\"es\",\"potentialAction\":[{\"@type\":\"ReadAction\",\"target\":[\"https:\\\/\\\/diarisanitat.cat\\\/recerca-en-salut\\\/blog\\\/2023\\\/05\\\/17\\\/el-clinic-participa-a-la-suma-el-podcast-sobre-el-dia-a-dia-dels-professionals-sanitaris-de-5-grans-hospitals-despanya\\\/\"]}]},{\"@type\":\"BreadcrumbList\",\"@id\":\"https:\\\/\\\/diarisanitat.cat\\\/recerca-en-salut\\\/blog\\\/2023\\\/05\\\/17\\\/el-clinic-participa-a-la-suma-el-podcast-sobre-el-dia-a-dia-dels-professionals-sanitaris-de-5-grans-hospitals-despanya\\\/#breadcrumb\",\"itemListElement\":[{\"@type\":\"ListItem\",\"position\":1,\"name\":\"Portada\",\"item\":\"https:\\\/\\\/diarisanitat.cat\\\/recerca-en-salut\\\/\"},{\"@type\":\"ListItem\",\"position\":2,\"name\":\"El Cl\u00ednic participa a \u2018La Suma\u2019 el podcast sobre el dia a dia dels professionals sanitaris de 5 grans hospitals d\u2018Espanya\"}]},{\"@type\":\"WebSite\",\"@id\":\"https:\\\/\\\/diarisanitat.cat\\\/recerca-en-salut\\\/#website\",\"url\":\"https:\\\/\\\/diarisanitat.cat\\\/recerca-en-salut\\\/\",\"name\":\"Recerca en salut\",\"description\":\"\",\"potentialAction\":[{\"@type\":\"SearchAction\",\"target\":{\"@type\":\"EntryPoint\",\"urlTemplate\":\"https:\\\/\\\/diarisanitat.cat\\\/recerca-en-salut\\\/?s={search_term_string}\"},\"query-input\":{\"@type\":\"PropertyValueSpecification\",\"valueRequired\":true,\"valueName\":\"search_term_string\"}}],\"inLanguage\":\"es\"},{\"@type\":\"Person\",\"@id\":\"https:\\\/\\\/diarisanitat.cat\\\/recerca-en-salut\\\/#\\\/schema\\\/person\\\/9de78768f9e1608c4e3acede8e5f91c4\",\"name\":\"Redacci\u00f3\",\"image\":{\"@type\":\"ImageObject\",\"inLanguage\":\"es\",\"@id\":\"https:\\\/\\\/secure.gravatar.com\\\/avatar\\\/e952ad62e08be1daabaefebd12d26c1e5fbfd687693aaa066db2433a21638ad8?s=96&d=mm&r=g\",\"url\":\"https:\\\/\\\/secure.gravatar.com\\\/avatar\\\/e952ad62e08be1daabaefebd12d26c1e5fbfd687693aaa066db2433a21638ad8?s=96&d=mm&r=g\",\"contentUrl\":\"https:\\\/\\\/secure.gravatar.com\\\/avatar\\\/e952ad62e08be1daabaefebd12d26c1e5fbfd687693aaa066db2433a21638ad8?s=96&d=mm&r=g\",\"caption\":\"Redacci\u00f3\"},\"url\":\"https:\\\/\\\/diarisanitat.cat\\\/recerca-en-salut\\\/blog\\\/author\\\/npenin\\\/\"}]}<\/script>\n<!-- \/ Yoast SEO plugin. -->","yoast_head_json":{"title":"El Cl\u00ednic participa a \u2018La Suma\u2019 el podcast sobre el dia a dia dels professionals sanitaris de 5 grans hospitals d\u2018Espanya - Recerca en salut","robots":{"index":"index","follow":"follow","max-snippet":"max-snippet:-1","max-image-preview":"max-image-preview:large","max-video-preview":"max-video-preview:-1"},"canonical":"https:\/\/diarisanitat.cat\/recerca-en-salut\/blog\/2023\/05\/17\/el-clinic-participa-a-la-suma-el-podcast-sobre-el-dia-a-dia-dels-professionals-sanitaris-de-5-grans-hospitals-despanya\/","og_locale":"es_ES","og_type":"article","og_title":"El Cl\u00ednic participa a \u2018La Suma\u2019 el podcast sobre el dia a dia dels professionals sanitaris de 5 grans hospitals d\u2018Espanya - Recerca en salut","og_description":"Aquest dimecres s\u2019ha estrenat \u2018La Suma\u2019 una s\u00e8rie de podcast de Podium Podcast que posa en valor la feina del dia a dia dels professionals sanitaris de 5 grans hospitals d\u2019Espanya. La s\u00e8rie, t\u00e9 7 cap\u00edtols, i dos dels quals estan protagonitzats per professionals de l\u2019hospital Cl\u00ednic Barcelona. En el primer cap\u00edtol s\u2019explica com treballen","og_url":"https:\/\/diarisanitat.cat\/recerca-en-salut\/blog\/2023\/05\/17\/el-clinic-participa-a-la-suma-el-podcast-sobre-el-dia-a-dia-dels-professionals-sanitaris-de-5-grans-hospitals-despanya\/","og_site_name":"Recerca en salut","article_published_time":"2023-05-17T14:16:11+00:00","article_modified_time":"2024-07-08T15:14:55+00:00","author":"Redacci\u00f3","twitter_card":"summary_large_image","twitter_misc":{"Escrito por":"Redacci\u00f3"},"schema":{"@context":"https:\/\/schema.org","@graph":[{"@type":"Article","@id":"https:\/\/diarisanitat.cat\/recerca-en-salut\/blog\/2023\/05\/17\/el-clinic-participa-a-la-suma-el-podcast-sobre-el-dia-a-dia-dels-professionals-sanitaris-de-5-grans-hospitals-despanya\/#article","isPartOf":{"@id":"https:\/\/diarisanitat.cat\/recerca-en-salut\/blog\/2023\/05\/17\/el-clinic-participa-a-la-suma-el-podcast-sobre-el-dia-a-dia-dels-professionals-sanitaris-de-5-grans-hospitals-despanya\/"},"author":{"name":"Redacci\u00f3","@id":"https:\/\/diarisanitat.cat\/recerca-en-salut\/#\/schema\/person\/9de78768f9e1608c4e3acede8e5f91c4"},"headline":"El Cl\u00ednic participa a \u2018La Suma\u2019 el podcast sobre el dia a dia dels professionals sanitaris de 5 grans hospitals d\u2018Espanya","datePublished":"2023-05-17T14:16:11+00:00","dateModified":"2024-07-08T15:14:55+00:00","mainEntityOfPage":{"@id":"https:\/\/diarisanitat.cat\/recerca-en-salut\/blog\/2023\/05\/17\/el-clinic-participa-a-la-suma-el-podcast-sobre-el-dia-a-dia-dels-professionals-sanitaris-de-5-grans-hospitals-despanya\/"},"wordCount":115,"commentCount":0,"articleSection":["Uncategorized"],"inLanguage":"es","potentialAction":[{"@type":"CommentAction","name":"Comment","target":["https:\/\/diarisanitat.cat\/recerca-en-salut\/blog\/2023\/05\/17\/el-clinic-participa-a-la-suma-el-podcast-sobre-el-dia-a-dia-dels-professionals-sanitaris-de-5-grans-hospitals-despanya\/#respond"]}]},{"@type":"WebPage","@id":"https:\/\/diarisanitat.cat\/recerca-en-salut\/blog\/2023\/05\/17\/el-clinic-participa-a-la-suma-el-podcast-sobre-el-dia-a-dia-dels-professionals-sanitaris-de-5-grans-hospitals-despanya\/","url":"https:\/\/diarisanitat.cat\/recerca-en-salut\/blog\/2023\/05\/17\/el-clinic-participa-a-la-suma-el-podcast-sobre-el-dia-a-dia-dels-professionals-sanitaris-de-5-grans-hospitals-despanya\/","name":"El Cl\u00ednic participa a \u2018La Suma\u2019 el podcast sobre el dia a dia dels professionals sanitaris de 5 grans hospitals d\u2018Espanya - Recerca en salut","isPartOf":{"@id":"https:\/\/diarisanitat.cat\/recerca-en-salut\/#website"},"datePublished":"2023-05-17T14:16:11+00:00","dateModified":"2024-07-08T15:14:55+00:00","author":{"@id":"https:\/\/diarisanitat.cat\/recerca-en-salut\/#\/schema\/person\/9de78768f9e1608c4e3acede8e5f91c4"},"breadcrumb":{"@id":"https:\/\/diarisanitat.cat\/recerca-en-salut\/blog\/2023\/05\/17\/el-clinic-participa-a-la-suma-el-podcast-sobre-el-dia-a-dia-dels-professionals-sanitaris-de-5-grans-hospitals-despanya\/#breadcrumb"},"inLanguage":"es","potentialAction":[{"@type":"ReadAction","target":["https:\/\/diarisanitat.cat\/recerca-en-salut\/blog\/2023\/05\/17\/el-clinic-participa-a-la-suma-el-podcast-sobre-el-dia-a-dia-dels-professionals-sanitaris-de-5-grans-hospitals-despanya\/"]}]},{"@type":"BreadcrumbList","@id":"https:\/\/diarisanitat.cat\/recerca-en-salut\/blog\/2023\/05\/17\/el-clinic-participa-a-la-suma-el-podcast-sobre-el-dia-a-dia-dels-professionals-sanitaris-de-5-grans-hospitals-despanya\/#breadcrumb","itemListElement":[{"@type":"ListItem","position":1,"name":"Portada","item":"https:\/\/diarisanitat.cat\/recerca-en-salut\/"},{"@type":"ListItem","position":2,"name":"El Cl\u00ednic participa a \u2018La Suma\u2019 el podcast sobre el dia a dia dels professionals sanitaris de 5 grans hospitals d\u2018Espanya"}]},{"@type":"WebSite","@id":"https:\/\/diarisanitat.cat\/recerca-en-salut\/#website","url":"https:\/\/diarisanitat.cat\/recerca-en-salut\/","name":"Recerca en salut","description":"","potentialAction":[{"@type":"SearchAction","target":{"@type":"EntryPoint","urlTemplate":"https:\/\/diarisanitat.cat\/recerca-en-salut\/?s={search_term_string}"},"query-input":{"@type":"PropertyValueSpecification","valueRequired":true,"valueName":"search_term_string"}}],"inLanguage":"es"},{"@type":"Person","@id":"https:\/\/diarisanitat.cat\/recerca-en-salut\/#\/schema\/person\/9de78768f9e1608c4e3acede8e5f91c4","name":"Redacci\u00f3","image":{"@type":"ImageObject","inLanguage":"es","@id":"https:\/\/secure.gravatar.com\/avatar\/e952ad62e08be1daabaefebd12d26c1e5fbfd687693aaa066db2433a21638ad8?s=96&d=mm&r=g","url":"https:\/\/secure.gravatar.com\/avatar\/e952ad62e08be1daabaefebd12d26c1e5fbfd687693aaa066db2433a21638ad8?s=96&d=mm&r=g","contentUrl":"https:\/\/secure.gravatar.com\/avatar\/e952ad62e08be1daabaefebd12d26c1e5fbfd687693aaa066db2433a21638ad8?s=96&d=mm&r=g","caption":"Redacci\u00f3"},"url":"https:\/\/diarisanitat.cat\/recerca-en-salut\/blog\/author\/npenin\/"}]}},"_links":{"self":[{"href":"https:\/\/diarisanitat.cat\/recerca-en-salut\/wp-json\/wp\/v2\/posts\/1237","targetHints":{"allow":["GET"]}}],"collection":[{"href":"https:\/\/diarisanitat.cat\/recerca-en-salut\/wp-json\/wp\/v2\/posts"}],"about":[{"href":"https:\/\/diarisanitat.cat\/recerca-en-salut\/wp-json\/wp\/v2\/types\/post"}],"author":[{"embeddable":true,"href":"https:\/\/diarisanitat.cat\/recerca-en-salut\/wp-json\/wp\/v2\/users\/1"}],"replies":[{"embeddable":true,"href":"https:\/\/diarisanitat.cat\/recerca-en-salut\/wp-json\/wp\/v2\/comments?post=1237"}],"version-history":[{"count":1,"href":"https:\/\/diarisanitat.cat\/recerca-en-salut\/wp-json\/wp\/v2\/posts\/1237\/revisions"}],"predecessor-version":[{"id":37817,"href":"https:\/\/diarisanitat.cat\/recerca-en-salut\/wp-json\/wp\/v2\/posts\/1237\/revisions\/37817"}],"wp:attachment":[{"href":"https:\/\/diarisanitat.cat\/recerca-en-salut\/wp-json\/wp\/v2\/media?parent=1237"}],"wp:term":[{"taxonomy":"category","embeddable":true,"href":"https:\/\/diarisanitat.cat\/recerca-en-salut\/wp-json\/wp\/v2\/categories?post=1237"},{"taxonomy":"post_tag","embeddable":true,"href":"https:\/\/diarisanitat.cat\/recerca-en-salut\/wp-json\/wp\/v2\/tags?post=1237"},{"taxonomy":"tipo","embeddable":true,"href":"https:\/\/diarisanitat.cat\/recerca-en-salut\/wp-json\/wp\/v2\/tipo?post=1237"}],"curies":[{"name":"wp","href":"https:\/\/api.w.org\/{rel}","templated":true}]}}