{"id":1278,"date":"2023-06-07T08:17:22","date_gmt":"2023-06-07T08:17:22","guid":{"rendered":"https:\/\/diarisanitat.cat\/recerca-en-salut\/2023\/06\/07\/el-servei-de-neurocirurgia-del-clinic-consolida-la-seva-aposta-per-la-innovacio-i-la-cirurgia-robotica\/"},"modified":"2024-07-08T15:14:56","modified_gmt":"2024-07-08T15:14:56","slug":"el-servei-de-neurocirurgia-del-clinic-consolida-la-seva-aposta-per-la-innovacio-i-la-cirurgia-robotica","status":"publish","type":"post","link":"https:\/\/diarisanitat.cat\/recerca-en-salut\/blog\/2023\/06\/07\/el-servei-de-neurocirurgia-del-clinic-consolida-la-seva-aposta-per-la-innovacio-i-la-cirurgia-robotica\/","title":{"rendered":"El Servei de neurocirurgia del Cl\u00ednic consolida la seva aposta per la innovaci\u00f3 i la cirurgia rob\u00f2tica"},"content":{"rendered":"<p>El Servei de neurocirurgia de l\u2019hospital Cl\u00ednic Barcelona consolida la seva aposta per la innovaci\u00f3, l\u2019excel\u00b7l\u00e8ncia i la cirurgia rob\u00f2tica amb un nou quir\u00f2fan equipat amb la millor tecnologia d\u2019Europa del moment. Al mateix temps, s\u2019ha incorporat un nou bra\u00e7 rob\u00f2tic que permet, entre d\u2019altres, la m\u00e0xima precisi\u00f3 i seguretat.<\/p>\n","protected":false},"excerpt":{"rendered":"<p>El Servei de neurocirurgia de l\u2019hospital Cl\u00ednic Barcelona consolida la seva aposta per la innovaci\u00f3, l\u2019excel\u00b7l\u00e8ncia i la cirurgia rob\u00f2tica amb un nou quir\u00f2fan equipat amb la millor tecnologia d\u2019Europa del moment. Al mateix temps, s\u2019ha incorporat un nou bra\u00e7 rob\u00f2tic que permet, entre d\u2019altres, la m\u00e0xima precisi\u00f3 i seguretat.<\/p>\n","protected":false},"author":1,"featured_media":0,"comment_status":"open","ping_status":"open","sticky":false,"template":"","format":"standard","meta":{"_acf_changed":false,"footnotes":""},"categories":[1],"tags":[],"tipo":[],"class_list":{"0":"post-1278","1":"post","2":"type-post","3":"status-publish","4":"format-standard","6":"category-uncategorized"},"acf":[],"yoast_head":"<!-- This site is optimized with the Yoast SEO plugin v27.5 - https:\/\/yoast.com\/product\/yoast-seo-wordpress\/ -->\n<title>El Servei de neurocirurgia del Cl\u00ednic consolida la seva aposta per la innovaci\u00f3 i la cirurgia rob\u00f2tica - Recerca en salut<\/title>\n<meta name=\"robots\" content=\"index, follow, max-snippet:-1, max-image-preview:large, max-video-preview:-1\" \/>\n<link rel=\"canonical\" href=\"https:\/\/diarisanitat.cat\/recerca-en-salut\/blog\/2023\/06\/07\/el-servei-de-neurocirurgia-del-clinic-consolida-la-seva-aposta-per-la-innovacio-i-la-cirurgia-robotica\/\" \/>\n<meta property=\"og:locale\" content=\"es_ES\" \/>\n<meta property=\"og:type\" content=\"article\" \/>\n<meta property=\"og:title\" content=\"El Servei de neurocirurgia del Cl\u00ednic consolida la seva aposta per la innovaci\u00f3 i la cirurgia rob\u00f2tica - Recerca en salut\" \/>\n<meta property=\"og:description\" content=\"El Servei de neurocirurgia de l\u2019hospital Cl\u00ednic Barcelona consolida la seva aposta per la innovaci\u00f3, l\u2019excel\u00b7l\u00e8ncia i la cirurgia rob\u00f2tica amb un nou quir\u00f2fan equipat amb la millor tecnologia d\u2019Europa del moment. Al mateix temps, s\u2019ha incorporat un nou bra\u00e7 rob\u00f2tic que permet, entre d\u2019altres, la m\u00e0xima precisi\u00f3 i seguretat.\" \/>\n<meta property=\"og:url\" content=\"https:\/\/diarisanitat.cat\/recerca-en-salut\/blog\/2023\/06\/07\/el-servei-de-neurocirurgia-del-clinic-consolida-la-seva-aposta-per-la-innovacio-i-la-cirurgia-robotica\/\" \/>\n<meta property=\"og:site_name\" content=\"Recerca en salut\" \/>\n<meta property=\"article:published_time\" content=\"2023-06-07T08:17:22+00:00\" \/>\n<meta property=\"article:modified_time\" content=\"2024-07-08T15:14:56+00:00\" \/>\n<meta name=\"author\" content=\"Redacci\u00f3\" \/>\n<meta name=\"twitter:card\" content=\"summary_large_image\" \/>\n<meta name=\"twitter:label1\" content=\"Escrito por\" \/>\n\t<meta name=\"twitter:data1\" content=\"Redacci\u00f3\" \/>\n<script type=\"application\/ld+json\" class=\"yoast-schema-graph\">{\"@context\":\"https:\\\/\\\/schema.org\",\"@graph\":[{\"@type\":\"Article\",\"@id\":\"https:\\\/\\\/diarisanitat.cat\\\/recerca-en-salut\\\/blog\\\/2023\\\/06\\\/07\\\/el-servei-de-neurocirurgia-del-clinic-consolida-la-seva-aposta-per-la-innovacio-i-la-cirurgia-robotica\\\/#article\",\"isPartOf\":{\"@id\":\"https:\\\/\\\/diarisanitat.cat\\\/recerca-en-salut\\\/blog\\\/2023\\\/06\\\/07\\\/el-servei-de-neurocirurgia-del-clinic-consolida-la-seva-aposta-per-la-innovacio-i-la-cirurgia-robotica\\\/\"},\"author\":{\"name\":\"Redacci\u00f3\",\"@id\":\"https:\\\/\\\/diarisanitat.cat\\\/recerca-en-salut\\\/#\\\/schema\\\/person\\\/9de78768f9e1608c4e3acede8e5f91c4\"},\"headline\":\"El Servei de neurocirurgia del Cl\u00ednic consolida la seva aposta per la innovaci\u00f3 i la cirurgia rob\u00f2tica\",\"datePublished\":\"2023-06-07T08:17:22+00:00\",\"dateModified\":\"2024-07-08T15:14:56+00:00\",\"mainEntityOfPage\":{\"@id\":\"https:\\\/\\\/diarisanitat.cat\\\/recerca-en-salut\\\/blog\\\/2023\\\/06\\\/07\\\/el-servei-de-neurocirurgia-del-clinic-consolida-la-seva-aposta-per-la-innovacio-i-la-cirurgia-robotica\\\/\"},\"wordCount\":81,\"commentCount\":0,\"articleSection\":[\"Uncategorized\"],\"inLanguage\":\"es\",\"potentialAction\":[{\"@type\":\"CommentAction\",\"name\":\"Comment\",\"target\":[\"https:\\\/\\\/diarisanitat.cat\\\/recerca-en-salut\\\/blog\\\/2023\\\/06\\\/07\\\/el-servei-de-neurocirurgia-del-clinic-consolida-la-seva-aposta-per-la-innovacio-i-la-cirurgia-robotica\\\/#respond\"]}]},{\"@type\":\"WebPage\",\"@id\":\"https:\\\/\\\/diarisanitat.cat\\\/recerca-en-salut\\\/blog\\\/2023\\\/06\\\/07\\\/el-servei-de-neurocirurgia-del-clinic-consolida-la-seva-aposta-per-la-innovacio-i-la-cirurgia-robotica\\\/\",\"url\":\"https:\\\/\\\/diarisanitat.cat\\\/recerca-en-salut\\\/blog\\\/2023\\\/06\\\/07\\\/el-servei-de-neurocirurgia-del-clinic-consolida-la-seva-aposta-per-la-innovacio-i-la-cirurgia-robotica\\\/\",\"name\":\"El Servei de neurocirurgia del Cl\u00ednic consolida la seva aposta per la innovaci\u00f3 i la cirurgia rob\u00f2tica - Recerca en salut\",\"isPartOf\":{\"@id\":\"https:\\\/\\\/diarisanitat.cat\\\/recerca-en-salut\\\/#website\"},\"datePublished\":\"2023-06-07T08:17:22+00:00\",\"dateModified\":\"2024-07-08T15:14:56+00:00\",\"author\":{\"@id\":\"https:\\\/\\\/diarisanitat.cat\\\/recerca-en-salut\\\/#\\\/schema\\\/person\\\/9de78768f9e1608c4e3acede8e5f91c4\"},\"breadcrumb\":{\"@id\":\"https:\\\/\\\/diarisanitat.cat\\\/recerca-en-salut\\\/blog\\\/2023\\\/06\\\/07\\\/el-servei-de-neurocirurgia-del-clinic-consolida-la-seva-aposta-per-la-innovacio-i-la-cirurgia-robotica\\\/#breadcrumb\"},\"inLanguage\":\"es\",\"potentialAction\":[{\"@type\":\"ReadAction\",\"target\":[\"https:\\\/\\\/diarisanitat.cat\\\/recerca-en-salut\\\/blog\\\/2023\\\/06\\\/07\\\/el-servei-de-neurocirurgia-del-clinic-consolida-la-seva-aposta-per-la-innovacio-i-la-cirurgia-robotica\\\/\"]}]},{\"@type\":\"BreadcrumbList\",\"@id\":\"https:\\\/\\\/diarisanitat.cat\\\/recerca-en-salut\\\/blog\\\/2023\\\/06\\\/07\\\/el-servei-de-neurocirurgia-del-clinic-consolida-la-seva-aposta-per-la-innovacio-i-la-cirurgia-robotica\\\/#breadcrumb\",\"itemListElement\":[{\"@type\":\"ListItem\",\"position\":1,\"name\":\"Portada\",\"item\":\"https:\\\/\\\/diarisanitat.cat\\\/recerca-en-salut\\\/\"},{\"@type\":\"ListItem\",\"position\":2,\"name\":\"El Servei de neurocirurgia del Cl\u00ednic consolida la seva aposta per la innovaci\u00f3 i la cirurgia rob\u00f2tica\"}]},{\"@type\":\"WebSite\",\"@id\":\"https:\\\/\\\/diarisanitat.cat\\\/recerca-en-salut\\\/#website\",\"url\":\"https:\\\/\\\/diarisanitat.cat\\\/recerca-en-salut\\\/\",\"name\":\"Recerca en salut\",\"description\":\"\",\"potentialAction\":[{\"@type\":\"SearchAction\",\"target\":{\"@type\":\"EntryPoint\",\"urlTemplate\":\"https:\\\/\\\/diarisanitat.cat\\\/recerca-en-salut\\\/?s={search_term_string}\"},\"query-input\":{\"@type\":\"PropertyValueSpecification\",\"valueRequired\":true,\"valueName\":\"search_term_string\"}}],\"inLanguage\":\"es\"},{\"@type\":\"Person\",\"@id\":\"https:\\\/\\\/diarisanitat.cat\\\/recerca-en-salut\\\/#\\\/schema\\\/person\\\/9de78768f9e1608c4e3acede8e5f91c4\",\"name\":\"Redacci\u00f3\",\"image\":{\"@type\":\"ImageObject\",\"inLanguage\":\"es\",\"@id\":\"https:\\\/\\\/secure.gravatar.com\\\/avatar\\\/e952ad62e08be1daabaefebd12d26c1e5fbfd687693aaa066db2433a21638ad8?s=96&d=mm&r=g\",\"url\":\"https:\\\/\\\/secure.gravatar.com\\\/avatar\\\/e952ad62e08be1daabaefebd12d26c1e5fbfd687693aaa066db2433a21638ad8?s=96&d=mm&r=g\",\"contentUrl\":\"https:\\\/\\\/secure.gravatar.com\\\/avatar\\\/e952ad62e08be1daabaefebd12d26c1e5fbfd687693aaa066db2433a21638ad8?s=96&d=mm&r=g\",\"caption\":\"Redacci\u00f3\"},\"url\":\"https:\\\/\\\/diarisanitat.cat\\\/recerca-en-salut\\\/blog\\\/author\\\/npenin\\\/\"}]}<\/script>\n<!-- \/ Yoast SEO plugin. -->","yoast_head_json":{"title":"El Servei de neurocirurgia del Cl\u00ednic consolida la seva aposta per la innovaci\u00f3 i la cirurgia rob\u00f2tica - Recerca en salut","robots":{"index":"index","follow":"follow","max-snippet":"max-snippet:-1","max-image-preview":"max-image-preview:large","max-video-preview":"max-video-preview:-1"},"canonical":"https:\/\/diarisanitat.cat\/recerca-en-salut\/blog\/2023\/06\/07\/el-servei-de-neurocirurgia-del-clinic-consolida-la-seva-aposta-per-la-innovacio-i-la-cirurgia-robotica\/","og_locale":"es_ES","og_type":"article","og_title":"El Servei de neurocirurgia del Cl\u00ednic consolida la seva aposta per la innovaci\u00f3 i la cirurgia rob\u00f2tica - Recerca en salut","og_description":"El Servei de neurocirurgia de l\u2019hospital Cl\u00ednic Barcelona consolida la seva aposta per la innovaci\u00f3, l\u2019excel\u00b7l\u00e8ncia i la cirurgia rob\u00f2tica amb un nou quir\u00f2fan equipat amb la millor tecnologia d\u2019Europa del moment. Al mateix temps, s\u2019ha incorporat un nou bra\u00e7 rob\u00f2tic que permet, entre d\u2019altres, la m\u00e0xima precisi\u00f3 i seguretat.","og_url":"https:\/\/diarisanitat.cat\/recerca-en-salut\/blog\/2023\/06\/07\/el-servei-de-neurocirurgia-del-clinic-consolida-la-seva-aposta-per-la-innovacio-i-la-cirurgia-robotica\/","og_site_name":"Recerca en salut","article_published_time":"2023-06-07T08:17:22+00:00","article_modified_time":"2024-07-08T15:14:56+00:00","author":"Redacci\u00f3","twitter_card":"summary_large_image","twitter_misc":{"Escrito por":"Redacci\u00f3"},"schema":{"@context":"https:\/\/schema.org","@graph":[{"@type":"Article","@id":"https:\/\/diarisanitat.cat\/recerca-en-salut\/blog\/2023\/06\/07\/el-servei-de-neurocirurgia-del-clinic-consolida-la-seva-aposta-per-la-innovacio-i-la-cirurgia-robotica\/#article","isPartOf":{"@id":"https:\/\/diarisanitat.cat\/recerca-en-salut\/blog\/2023\/06\/07\/el-servei-de-neurocirurgia-del-clinic-consolida-la-seva-aposta-per-la-innovacio-i-la-cirurgia-robotica\/"},"author":{"name":"Redacci\u00f3","@id":"https:\/\/diarisanitat.cat\/recerca-en-salut\/#\/schema\/person\/9de78768f9e1608c4e3acede8e5f91c4"},"headline":"El Servei de neurocirurgia del Cl\u00ednic consolida la seva aposta per la innovaci\u00f3 i la cirurgia rob\u00f2tica","datePublished":"2023-06-07T08:17:22+00:00","dateModified":"2024-07-08T15:14:56+00:00","mainEntityOfPage":{"@id":"https:\/\/diarisanitat.cat\/recerca-en-salut\/blog\/2023\/06\/07\/el-servei-de-neurocirurgia-del-clinic-consolida-la-seva-aposta-per-la-innovacio-i-la-cirurgia-robotica\/"},"wordCount":81,"commentCount":0,"articleSection":["Uncategorized"],"inLanguage":"es","potentialAction":[{"@type":"CommentAction","name":"Comment","target":["https:\/\/diarisanitat.cat\/recerca-en-salut\/blog\/2023\/06\/07\/el-servei-de-neurocirurgia-del-clinic-consolida-la-seva-aposta-per-la-innovacio-i-la-cirurgia-robotica\/#respond"]}]},{"@type":"WebPage","@id":"https:\/\/diarisanitat.cat\/recerca-en-salut\/blog\/2023\/06\/07\/el-servei-de-neurocirurgia-del-clinic-consolida-la-seva-aposta-per-la-innovacio-i-la-cirurgia-robotica\/","url":"https:\/\/diarisanitat.cat\/recerca-en-salut\/blog\/2023\/06\/07\/el-servei-de-neurocirurgia-del-clinic-consolida-la-seva-aposta-per-la-innovacio-i-la-cirurgia-robotica\/","name":"El Servei de neurocirurgia del Cl\u00ednic consolida la seva aposta per la innovaci\u00f3 i la cirurgia rob\u00f2tica - Recerca en salut","isPartOf":{"@id":"https:\/\/diarisanitat.cat\/recerca-en-salut\/#website"},"datePublished":"2023-06-07T08:17:22+00:00","dateModified":"2024-07-08T15:14:56+00:00","author":{"@id":"https:\/\/diarisanitat.cat\/recerca-en-salut\/#\/schema\/person\/9de78768f9e1608c4e3acede8e5f91c4"},"breadcrumb":{"@id":"https:\/\/diarisanitat.cat\/recerca-en-salut\/blog\/2023\/06\/07\/el-servei-de-neurocirurgia-del-clinic-consolida-la-seva-aposta-per-la-innovacio-i-la-cirurgia-robotica\/#breadcrumb"},"inLanguage":"es","potentialAction":[{"@type":"ReadAction","target":["https:\/\/diarisanitat.cat\/recerca-en-salut\/blog\/2023\/06\/07\/el-servei-de-neurocirurgia-del-clinic-consolida-la-seva-aposta-per-la-innovacio-i-la-cirurgia-robotica\/"]}]},{"@type":"BreadcrumbList","@id":"https:\/\/diarisanitat.cat\/recerca-en-salut\/blog\/2023\/06\/07\/el-servei-de-neurocirurgia-del-clinic-consolida-la-seva-aposta-per-la-innovacio-i-la-cirurgia-robotica\/#breadcrumb","itemListElement":[{"@type":"ListItem","position":1,"name":"Portada","item":"https:\/\/diarisanitat.cat\/recerca-en-salut\/"},{"@type":"ListItem","position":2,"name":"El Servei de neurocirurgia del Cl\u00ednic consolida la seva aposta per la innovaci\u00f3 i la cirurgia rob\u00f2tica"}]},{"@type":"WebSite","@id":"https:\/\/diarisanitat.cat\/recerca-en-salut\/#website","url":"https:\/\/diarisanitat.cat\/recerca-en-salut\/","name":"Recerca en salut","description":"","potentialAction":[{"@type":"SearchAction","target":{"@type":"EntryPoint","urlTemplate":"https:\/\/diarisanitat.cat\/recerca-en-salut\/?s={search_term_string}"},"query-input":{"@type":"PropertyValueSpecification","valueRequired":true,"valueName":"search_term_string"}}],"inLanguage":"es"},{"@type":"Person","@id":"https:\/\/diarisanitat.cat\/recerca-en-salut\/#\/schema\/person\/9de78768f9e1608c4e3acede8e5f91c4","name":"Redacci\u00f3","image":{"@type":"ImageObject","inLanguage":"es","@id":"https:\/\/secure.gravatar.com\/avatar\/e952ad62e08be1daabaefebd12d26c1e5fbfd687693aaa066db2433a21638ad8?s=96&d=mm&r=g","url":"https:\/\/secure.gravatar.com\/avatar\/e952ad62e08be1daabaefebd12d26c1e5fbfd687693aaa066db2433a21638ad8?s=96&d=mm&r=g","contentUrl":"https:\/\/secure.gravatar.com\/avatar\/e952ad62e08be1daabaefebd12d26c1e5fbfd687693aaa066db2433a21638ad8?s=96&d=mm&r=g","caption":"Redacci\u00f3"},"url":"https:\/\/diarisanitat.cat\/recerca-en-salut\/blog\/author\/npenin\/"}]}},"_links":{"self":[{"href":"https:\/\/diarisanitat.cat\/recerca-en-salut\/wp-json\/wp\/v2\/posts\/1278","targetHints":{"allow":["GET"]}}],"collection":[{"href":"https:\/\/diarisanitat.cat\/recerca-en-salut\/wp-json\/wp\/v2\/posts"}],"about":[{"href":"https:\/\/diarisanitat.cat\/recerca-en-salut\/wp-json\/wp\/v2\/types\/post"}],"author":[{"embeddable":true,"href":"https:\/\/diarisanitat.cat\/recerca-en-salut\/wp-json\/wp\/v2\/users\/1"}],"replies":[{"embeddable":true,"href":"https:\/\/diarisanitat.cat\/recerca-en-salut\/wp-json\/wp\/v2\/comments?post=1278"}],"version-history":[{"count":1,"href":"https:\/\/diarisanitat.cat\/recerca-en-salut\/wp-json\/wp\/v2\/posts\/1278\/revisions"}],"predecessor-version":[{"id":37841,"href":"https:\/\/diarisanitat.cat\/recerca-en-salut\/wp-json\/wp\/v2\/posts\/1278\/revisions\/37841"}],"wp:attachment":[{"href":"https:\/\/diarisanitat.cat\/recerca-en-salut\/wp-json\/wp\/v2\/media?parent=1278"}],"wp:term":[{"taxonomy":"category","embeddable":true,"href":"https:\/\/diarisanitat.cat\/recerca-en-salut\/wp-json\/wp\/v2\/categories?post=1278"},{"taxonomy":"post_tag","embeddable":true,"href":"https:\/\/diarisanitat.cat\/recerca-en-salut\/wp-json\/wp\/v2\/tags?post=1278"},{"taxonomy":"tipo","embeddable":true,"href":"https:\/\/diarisanitat.cat\/recerca-en-salut\/wp-json\/wp\/v2\/tipo?post=1278"}],"curies":[{"name":"wp","href":"https:\/\/api.w.org\/{rel}","templated":true}]}}