{"id":1340,"date":"2023-07-07T12:04:00","date_gmt":"2023-07-07T12:04:00","guid":{"rendered":"https:\/\/diarisanitat.cat\/recerca-en-salut\/?p=1340"},"modified":"2024-07-08T15:14:59","modified_gmt":"2024-07-08T15:14:59","slug":"predir-i-diagnosticar-la-malaltia-del-fetge-gras-no-alcoholic","status":"publish","type":"post","link":"https:\/\/diarisanitat.cat\/recerca-en-salut\/blog\/2023\/07\/07\/predir-i-diagnosticar-la-malaltia-del-fetge-gras-no-alcoholic\/","title":{"rendered":"Predir i diagnosticar la malaltia del fetge gras no alcoh\u00f2lic"},"content":{"rendered":"<p><strong>Un nou biomarcador permetria evitar bi\u00f2psies per detectar de manera preco\u00e7, amb una anal\u00edtica de sang, una patologia que pateix una de cada quatre persones i que pot derivar en cirrosi i augmentar el risc de c\u00e0ncer<\/strong><\/p>\n<p>El deteriorament del fetge i la conseq\u00fcent afectaci\u00f3 de les seves funcions pot ser causat per l\u2019acumulaci\u00f3 an\u00f2mala de greix en aquest \u00f2rgan vital. \u00c9s el que es coneix com a Esteatosi Hep\u00e0tica No Alcoh\u00f2lica (EHNA), o malaltia del fetge gras, una patologia que afecta el 25% de la poblaci\u00f3, a nivell mundial. L\u2019abs\u00e8ncia de simptomatologia, fins que la seva afectaci\u00f3 no est\u00e0 molt evolucionada, fa que nom\u00e9s la seva detecci\u00f3 preco\u00e7 pugui contribuir a frenar el mal funcionament del fetge i evitar trasplantaments o fins i tot la mort, donat que la cirrosi (deteriorament per lesi\u00f3 cr\u00f2nica) i un augment del risc de patir un c\u00e0ncer s\u00f3n conseq\u00fc\u00e8ncies del c\u00famul de greix.<\/p>\n<p>En alguns pa\u00efsos, l\u2019EHNA \u00e9s una de les principals causes de trasplantament hep\u00e0tic, i el fet que una de cada quatre persones estiguin acumulant greix al fetge fa predir un augment futur de la necessitat de transplantament.<\/p>\n<p>Ara, un estudi liderat des de l\u2019Institut d\u2019Investigaci\u00f3 Sanit\u00e0ria Pere Virgili (IISPV), de Tarragona, ha descobert un nou biomarcador la pres\u00e8ncia del qual a la sang d\u2019un pacient pot ajudar a predir m\u00e9s f\u00e0cilment la malaltia del fetge gras no alcoh\u00f2lic. El biomarcador descrit, concretament, \u00e9s l\u2019anomenat succinat, \u201cun metab\u00f2lit, una mol\u00e8cula que les nostres c\u00e8l\u00b7lules produeixen de manera natural i que, entre altres funcions serveix per obtenir energia, per\u00f2 tamb\u00e9 per a regular molts processos fisiol\u00f2gics \u201d, explica la Sonia Fern\u00e1ndez-Veledo, investigadora de l\u2019equip que ha fet la troballa i responsable del grup d\u2019investigaci\u00f3 en diabetis i malalties metab\u00f2liques (DIAMET) de l\u2019IISPV. \u00c9s un equip multidisciplinar referent internacional en la recerca del paper del succinat en les malalties metab\u00f2liques, com la diabetis i l\u2019obesitat. Fa deu anys que estudien el comportament metab\u00f2lic d\u2019aquest metab\u00f2lit que, a banda de procurar energia, tamb\u00e9 van descobrir que pot actuar fora de les c\u00e8l\u00b7lules com si fos una hormona que fa d\u2019enlla\u00e7 d\u2019informaci\u00f3. El 2004 es va identificar el receptor del succinat i, d\u2019aquesta manera, es va descobrir que pot actuar com a hormona.<\/p>\n<p>Ara b\u00e9, en determinades malalties metab\u00f2liques, el succinat est\u00e0 present en massa quantia i a m\u00e9s es troba alterat. \u201cJa se sabia que moltes malalties inflamat\u00f2ries s\u2019associen a l\u2019augment d\u2019aquest metab\u00f2lit a la sang, per\u00f2\u00a0 es coneixia la font o l\u2019origen i nosaltres vam identificar que les en persones amb obesitat aix\u00f2 passa i que la font d\u2019on ve \u00e9s principalment de l\u2019alteraci\u00f3 de la microbiota en aquests pacients. I recentment hem vist tamb\u00e9 que aquest metab\u00f2lit, a trav\u00e9s del seu receptor en les c\u00e8l\u00b7lules del greix, regula la sacietat despr\u00e9s\u00a0 d\u2019una ingesta.\u00a0 I que aix\u00f2 t\u00e9 relaci\u00f3 amb l\u2019obesitat i la diabetis II perqu\u00e8 en pacients amb aquestes malalties metab\u00f2liques, el succinat est\u00e0 alterat\u201d, diu la investigadora.<\/p>\n<p>Ara amb aquest darrer treball d\u2019investigaci\u00f3, el grup DIAMET mou el seu focus d\u2019an\u00e0lisi cap a una malaltia molt prevalent i associada tamb\u00e9 a l\u2019obesitat, que \u00e9s la malaltia del\u00a0 fetge gras no alcoh\u00f2lic.<\/p>\n<p>El fet que el succinat pugui ser identificat en sang, el fa esdevenir diana d\u2019observaci\u00f3 en anal\u00edtiques per detectar la pres\u00e8ncia o tend\u00e8ncia d\u2019un pacient a patir la malaltia del fetge gras d\u2019una manera no invasiva per confirmar-ne el seu diagn\u00f2stic. Si cal fer igualment una bi\u00f2psia en fases posteriors ja es faria nom\u00e9s en els casos amb m\u00e9s seguretat de la malaltia.<\/p>\n<h3>Una altra descoberta<\/h3>\n<p>Aquest estudi tamb\u00e9 ha perm\u00e8s descobrir una nova funci\u00f3 del succinat i, concretament, del seu receptor SUCNR1 com a mecanisme protector de les c\u00e8l\u00b7lules hep\u00e0tiques, que \u00e9s la de prevenir l\u2019acumulaci\u00f3 de l\u00edpids a les fases inicials de la malaltia. S\u2019ha vist que el SUCNR1 juga un paper clau no nom\u00e9s en etapes m\u00e9s avan\u00e7ades de la malaltia com la fibrosi, com s&#8217;havia descrit en estudis previs, sin\u00f3 tamb\u00e9 en etapes m\u00e9s inicials. Utilitzant mostres de pacients amb obesitat severa i amb diferents nivells de la malaltia, aix\u00ed com estudis en ratolins i experiments amb c\u00e8l\u00b7lules, s&#8217;ha demostrat per primera vegada que el succinat, a trav\u00e9s del seu receptor, t\u00e9 efectes protectors en les principals c\u00e8l\u00b7lules del fetge, els hepat\u00f2cits, ja que evita l&#8217;acumulaci\u00f3 de greix al fetge. Aquest efecte protector \u00e9s fonamental a les etapes inicials, per\u00f2 no \u00e9s suficient en etapes m\u00e9s avan\u00e7ades.<\/p>\n<p>L&#8217;estudi ha analitzat els nivells de succinat en sang de pacients amb sospita de patir la malaltia i que presentaven diverses alteracions metab\u00f2liques (com l&#8217;obesitat) o valors anormals relacionats amb la glucosa, els enzims hep\u00e0tics i els l\u00edpids. La recerca s&#8217;ha dut a terme amb mostres de pacients dels hospitals universitaris Joan XXIII i Sant Joan de Reus de Tarragona, de l&#8217;Hospital Universitari Dr. Josep Trueta de Girona i de l&#8217;Hospital Cl\u00ednic Universitari Virgen de la Arrixaca, a Murcia.Els resultats han mostrat que els pacients amb nivells elevats d&#8217;aquest metab\u00f2lit en sang tenen un major risc de desenvolupar la malaltia del fetge gras.<\/p>\n<p>La investigaci\u00f3 liderada per Sonia Fern\u00e1ndez-Veledo, juntament amb Vict\u00f2ria Ceperuelo Mallafr\u00e9 i Anna Marsal Beltran, obre noves vies per al desenvolupament de f\u00e0rmacs destinats al tractament de la malaltia d\u2019EHNA, fins ara inexistents, o noves dianes terap\u00e8utiques. Les investigadores de l&#8217;estudi assenyalen la import\u00e0ncia d&#8217;avan\u00e7ar en el coneixement dels processos moleculars que determinen la progressi\u00f3 de la malaltia i poder aix\u00ed desenvolupar f\u00e0rmacs dirigits a c\u00e8l\u00b7lules espec\u00edfiques.<\/p>\n<p>Aquesta recerca ha comptat amb el suport financer de la Agencia Estatal de Investigaci\u00f3n (Ministerio de Ciencia e Innovaci\u00f3n), del Instituto de Salud Carlos III, i de la Fundaci\u00f3 La Caixa, mitjan\u00e7ant diferents projectes de recerca competitius centrats en l&#8217;estudi del paper del succinat i del seu receptor amb relaci\u00f3 a malalties metab\u00f2liques amb una elevada incid\u00e8ncia a la nostra societat, com l&#8217;obesitat, la diabetis i el fetge gras, que, tal com afirma Sonia Fern\u00e1ndez-Veledo, \u201cs\u2019estan convertint en pand\u00e8mies a nivell mundial\u201d. La investigadora puntualitza que la malaltia del fetge gras es dona tamb\u00e9 en persones amb un pes considerat saludable\u201d. Per\u00f2 la prevalen\u00e7a de la malaltia, situada en promig del 25% poblacional, augmenta molt, fins arribar a entre el 50 i el 70% en persones amb obesitat i diabetis. \u201cEl major problema \u00e9s que com \u00e9s avan\u00e7a la progressi\u00f3 de la malaltia, m\u00e9s dif\u00edcil \u00e9s revertir-la. I el principal problema \u00e9s que \u00e9s una malaltia molt silenciosa, que no es manifesta fins que ja est\u00e0 en fase molt avan\u00e7ada\u201d.<\/p>\n<p>Un cop es detecta, tractament d\u2019aquesta malaltia, es recomana p\u00e8rdua de pes, amb millores en la dieta, i exercici f\u00edsic, hi comencen a haver estudis de f\u00e0rmacs per a la diabetis i l\u2019obesitat, per\u00f2 cap no ha estat encara acceptat per les ag\u00e8ncies per al tractament del fetge gras no alcoh\u00f2lic.<\/p>\n<p>La investigaci\u00f3 del succinat \u00e9s una important contribuci\u00f3 en \u201cmalalties metab\u00f2liques amb gran prevalen\u00e7a i mortalitat molt alta, per\u00f2 de les quals a nivell social es t\u00e9 poca consci\u00e8ncia del que representen com a amena\u00e7a per a la salut\u201d, assenyala la investigadora de DIAMET. Amb aquest nou biomarcador identificat com a tal en la malaltia del fetge gras, l\u2019objectiu \u00e9s que, com succeeix en altres malalties, com el c\u00e0ncer, en espera de nous tractaments un cop ja est\u00e0 desenvolupada la malaltia, aconseguir que aquesta sigui detectada de manera preco\u00e7 esdev\u00e9 part important\u00edssima de la seva cura.<\/p>\n<p>La troballa de l\u2019equip d\u2019investigadors de l\u2019IISPV \u00e9s un primer pas important. Perqu\u00e8 aquest biomarcador sigui introdu\u00eft amb normalitat de manera generalitzada a la cl\u00ednica, haur\u00e0 de passar altres fases, com ara estudis poblacionals m\u00e9s extensos i amb una mostra m\u00e9s heterog\u00e8nia de participants.<\/p>\n<p>Foto: Victoria Ceperuelo Mallafr\u00e9, Anna Marsal Beltran i Sonia Fern\u00e1ndez-Veledo | cedida<\/p>\n","protected":false},"excerpt":{"rendered":"<p>Un nou biomarcador permetria evitar bi\u00f2psies per detectar de manera preco\u00e7, amb una anal\u00edtica de sang, una patologia que pateix una de cada quatre persones i que pot derivar en cirrosi i augmentar el risc de c\u00e0ncer El deteriorament del fetge i la conseq\u00fcent afectaci\u00f3 de les seves funcions pot ser causat per l\u2019acumulaci\u00f3 an\u00f2mala<\/p>\n","protected":false},"author":16,"featured_media":1341,"comment_status":"open","ping_status":"open","sticky":false,"template":"","format":"standard","meta":{"_acf_changed":false,"footnotes":""},"categories":[126],"tags":[207],"tipo":[],"class_list":{"0":"post-1340","1":"post","2":"type-post","3":"status-publish","4":"format-standard","5":"has-post-thumbnail","7":"category-recerca","8":"tag-recerca"},"acf":[],"yoast_head":"<!-- This site is optimized with the Yoast SEO plugin v27.5 - https:\/\/yoast.com\/product\/yoast-seo-wordpress\/ -->\n<title>Predir i diagnosticar la malaltia del fetge gras no alcoh\u00f2lic - Recerca en salut<\/title>\n<meta name=\"robots\" content=\"index, follow, max-snippet:-1, max-image-preview:large, max-video-preview:-1\" \/>\n<link rel=\"canonical\" href=\"https:\/\/diarisanitat.cat\/recerca-en-salut\/blog\/2023\/07\/07\/predir-i-diagnosticar-la-malaltia-del-fetge-gras-no-alcoholic\/\" \/>\n<meta property=\"og:locale\" content=\"es_ES\" \/>\n<meta property=\"og:type\" content=\"article\" \/>\n<meta property=\"og:title\" content=\"Predir i diagnosticar la malaltia del fetge gras no alcoh\u00f2lic - Recerca en salut\" \/>\n<meta property=\"og:description\" content=\"Un nou biomarcador permetria evitar bi\u00f2psies per detectar de manera preco\u00e7, amb una anal\u00edtica de sang, una patologia que pateix una de cada quatre persones i que pot derivar en cirrosi i augmentar el risc de c\u00e0ncer El deteriorament del fetge i la conseq\u00fcent afectaci\u00f3 de les seves funcions pot ser causat per l\u2019acumulaci\u00f3 an\u00f2mala\" \/>\n<meta property=\"og:url\" content=\"https:\/\/diarisanitat.cat\/recerca-en-salut\/blog\/2023\/07\/07\/predir-i-diagnosticar-la-malaltia-del-fetge-gras-no-alcoholic\/\" \/>\n<meta property=\"og:site_name\" content=\"Recerca en salut\" \/>\n<meta property=\"article:published_time\" content=\"2023-07-07T12:04:00+00:00\" \/>\n<meta property=\"article:modified_time\" content=\"2024-07-08T15:14:59+00:00\" \/>\n<meta property=\"og:image\" content=\"https:\/\/diarisanitat.cat\/recerca-en-salut\/wp-content\/uploads\/sites\/4\/2023\/07\/Victoria-Ceperuelo-Mallafre-Anna-Marsal-Beltran-Sonia-Fernandez-Veledo.jpg\" \/>\n\t<meta property=\"og:image:width\" content=\"2228\" \/>\n\t<meta property=\"og:image:height\" content=\"1672\" \/>\n\t<meta property=\"og:image:type\" content=\"image\/jpeg\" \/>\n<meta name=\"author\" content=\"Carme Escales\" \/>\n<meta name=\"twitter:card\" content=\"summary_large_image\" \/>\n<meta name=\"twitter:label1\" content=\"Escrito por\" \/>\n\t<meta name=\"twitter:data1\" content=\"Carme Escales\" \/>\n\t<meta name=\"twitter:label2\" content=\"Tiempo de lectura\" \/>\n\t<meta name=\"twitter:data2\" content=\"7 minutos\" \/>\n<script type=\"application\/ld+json\" class=\"yoast-schema-graph\">{\"@context\":\"https:\\\/\\\/schema.org\",\"@graph\":[{\"@type\":\"Article\",\"@id\":\"https:\\\/\\\/diarisanitat.cat\\\/recerca-en-salut\\\/blog\\\/2023\\\/07\\\/07\\\/predir-i-diagnosticar-la-malaltia-del-fetge-gras-no-alcoholic\\\/#article\",\"isPartOf\":{\"@id\":\"https:\\\/\\\/diarisanitat.cat\\\/recerca-en-salut\\\/blog\\\/2023\\\/07\\\/07\\\/predir-i-diagnosticar-la-malaltia-del-fetge-gras-no-alcoholic\\\/\"},\"author\":{\"name\":\"Carme Escales\",\"@id\":\"https:\\\/\\\/diarisanitat.cat\\\/recerca-en-salut\\\/#\\\/schema\\\/person\\\/9080795ef06d370257b1c8e7967c8de8\"},\"headline\":\"Predir i diagnosticar la malaltia del fetge gras no alcoh\u00f2lic\",\"datePublished\":\"2023-07-07T12:04:00+00:00\",\"dateModified\":\"2024-07-08T15:14:59+00:00\",\"mainEntityOfPage\":{\"@id\":\"https:\\\/\\\/diarisanitat.cat\\\/recerca-en-salut\\\/blog\\\/2023\\\/07\\\/07\\\/predir-i-diagnosticar-la-malaltia-del-fetge-gras-no-alcoholic\\\/\"},\"wordCount\":1444,\"commentCount\":0,\"image\":{\"@id\":\"https:\\\/\\\/diarisanitat.cat\\\/recerca-en-salut\\\/blog\\\/2023\\\/07\\\/07\\\/predir-i-diagnosticar-la-malaltia-del-fetge-gras-no-alcoholic\\\/#primaryimage\"},\"thumbnailUrl\":\"https:\\\/\\\/diarisanitat.cat\\\/recerca-en-salut\\\/wp-content\\\/uploads\\\/sites\\\/4\\\/2023\\\/07\\\/Victoria-Ceperuelo-Mallafre-Anna-Marsal-Beltran-Sonia-Fernandez-Veledo.jpg\",\"keywords\":[\"recerca\"],\"articleSection\":[\"Recerca\"],\"inLanguage\":\"es\",\"potentialAction\":[{\"@type\":\"CommentAction\",\"name\":\"Comment\",\"target\":[\"https:\\\/\\\/diarisanitat.cat\\\/recerca-en-salut\\\/blog\\\/2023\\\/07\\\/07\\\/predir-i-diagnosticar-la-malaltia-del-fetge-gras-no-alcoholic\\\/#respond\"]}]},{\"@type\":\"WebPage\",\"@id\":\"https:\\\/\\\/diarisanitat.cat\\\/recerca-en-salut\\\/blog\\\/2023\\\/07\\\/07\\\/predir-i-diagnosticar-la-malaltia-del-fetge-gras-no-alcoholic\\\/\",\"url\":\"https:\\\/\\\/diarisanitat.cat\\\/recerca-en-salut\\\/blog\\\/2023\\\/07\\\/07\\\/predir-i-diagnosticar-la-malaltia-del-fetge-gras-no-alcoholic\\\/\",\"name\":\"Predir i diagnosticar la malaltia del fetge gras no alcoh\u00f2lic - Recerca en salut\",\"isPartOf\":{\"@id\":\"https:\\\/\\\/diarisanitat.cat\\\/recerca-en-salut\\\/#website\"},\"primaryImageOfPage\":{\"@id\":\"https:\\\/\\\/diarisanitat.cat\\\/recerca-en-salut\\\/blog\\\/2023\\\/07\\\/07\\\/predir-i-diagnosticar-la-malaltia-del-fetge-gras-no-alcoholic\\\/#primaryimage\"},\"image\":{\"@id\":\"https:\\\/\\\/diarisanitat.cat\\\/recerca-en-salut\\\/blog\\\/2023\\\/07\\\/07\\\/predir-i-diagnosticar-la-malaltia-del-fetge-gras-no-alcoholic\\\/#primaryimage\"},\"thumbnailUrl\":\"https:\\\/\\\/diarisanitat.cat\\\/recerca-en-salut\\\/wp-content\\\/uploads\\\/sites\\\/4\\\/2023\\\/07\\\/Victoria-Ceperuelo-Mallafre-Anna-Marsal-Beltran-Sonia-Fernandez-Veledo.jpg\",\"datePublished\":\"2023-07-07T12:04:00+00:00\",\"dateModified\":\"2024-07-08T15:14:59+00:00\",\"author\":{\"@id\":\"https:\\\/\\\/diarisanitat.cat\\\/recerca-en-salut\\\/#\\\/schema\\\/person\\\/9080795ef06d370257b1c8e7967c8de8\"},\"breadcrumb\":{\"@id\":\"https:\\\/\\\/diarisanitat.cat\\\/recerca-en-salut\\\/blog\\\/2023\\\/07\\\/07\\\/predir-i-diagnosticar-la-malaltia-del-fetge-gras-no-alcoholic\\\/#breadcrumb\"},\"inLanguage\":\"es\",\"potentialAction\":[{\"@type\":\"ReadAction\",\"target\":[\"https:\\\/\\\/diarisanitat.cat\\\/recerca-en-salut\\\/blog\\\/2023\\\/07\\\/07\\\/predir-i-diagnosticar-la-malaltia-del-fetge-gras-no-alcoholic\\\/\"]}]},{\"@type\":\"ImageObject\",\"inLanguage\":\"es\",\"@id\":\"https:\\\/\\\/diarisanitat.cat\\\/recerca-en-salut\\\/blog\\\/2023\\\/07\\\/07\\\/predir-i-diagnosticar-la-malaltia-del-fetge-gras-no-alcoholic\\\/#primaryimage\",\"url\":\"https:\\\/\\\/diarisanitat.cat\\\/recerca-en-salut\\\/wp-content\\\/uploads\\\/sites\\\/4\\\/2023\\\/07\\\/Victoria-Ceperuelo-Mallafre-Anna-Marsal-Beltran-Sonia-Fernandez-Veledo.jpg\",\"contentUrl\":\"https:\\\/\\\/diarisanitat.cat\\\/recerca-en-salut\\\/wp-content\\\/uploads\\\/sites\\\/4\\\/2023\\\/07\\\/Victoria-Ceperuelo-Mallafre-Anna-Marsal-Beltran-Sonia-Fernandez-Veledo.jpg\",\"width\":2228,\"height\":1672},{\"@type\":\"BreadcrumbList\",\"@id\":\"https:\\\/\\\/diarisanitat.cat\\\/recerca-en-salut\\\/blog\\\/2023\\\/07\\\/07\\\/predir-i-diagnosticar-la-malaltia-del-fetge-gras-no-alcoholic\\\/#breadcrumb\",\"itemListElement\":[{\"@type\":\"ListItem\",\"position\":1,\"name\":\"Portada\",\"item\":\"https:\\\/\\\/diarisanitat.cat\\\/recerca-en-salut\\\/\"},{\"@type\":\"ListItem\",\"position\":2,\"name\":\"Predir i diagnosticar la malaltia del fetge gras no alcoh\u00f2lic\"}]},{\"@type\":\"WebSite\",\"@id\":\"https:\\\/\\\/diarisanitat.cat\\\/recerca-en-salut\\\/#website\",\"url\":\"https:\\\/\\\/diarisanitat.cat\\\/recerca-en-salut\\\/\",\"name\":\"Recerca en salut\",\"description\":\"\",\"potentialAction\":[{\"@type\":\"SearchAction\",\"target\":{\"@type\":\"EntryPoint\",\"urlTemplate\":\"https:\\\/\\\/diarisanitat.cat\\\/recerca-en-salut\\\/?s={search_term_string}\"},\"query-input\":{\"@type\":\"PropertyValueSpecification\",\"valueRequired\":true,\"valueName\":\"search_term_string\"}}],\"inLanguage\":\"es\"},{\"@type\":\"Person\",\"@id\":\"https:\\\/\\\/diarisanitat.cat\\\/recerca-en-salut\\\/#\\\/schema\\\/person\\\/9080795ef06d370257b1c8e7967c8de8\",\"name\":\"Carme Escales\",\"image\":{\"@type\":\"ImageObject\",\"inLanguage\":\"es\",\"@id\":\"https:\\\/\\\/diarisanitat.cat\\\/wp-content\\\/uploads\\\/2024\\\/11\\\/carme-escales_avatar-96x96.png\",\"url\":\"https:\\\/\\\/diarisanitat.cat\\\/wp-content\\\/uploads\\\/2024\\\/11\\\/carme-escales_avatar-96x96.png\",\"contentUrl\":\"https:\\\/\\\/diarisanitat.cat\\\/wp-content\\\/uploads\\\/2024\\\/11\\\/carme-escales_avatar-96x96.png\",\"caption\":\"Carme Escales\"},\"description\":\"Periodista amb m\u00e9s de 20 anys d'experi\u00e8ncia. Especialitzada en posar a l'abast de tothom el llenguatge de la medicina, la ci\u00e8ncia i la salut.\",\"url\":\"https:\\\/\\\/diarisanitat.cat\\\/recerca-en-salut\\\/blog\\\/author\\\/carmeescales\\\/\"}]}<\/script>\n<!-- \/ Yoast SEO plugin. -->","yoast_head_json":{"title":"Predir i diagnosticar la malaltia del fetge gras no alcoh\u00f2lic - Recerca en salut","robots":{"index":"index","follow":"follow","max-snippet":"max-snippet:-1","max-image-preview":"max-image-preview:large","max-video-preview":"max-video-preview:-1"},"canonical":"https:\/\/diarisanitat.cat\/recerca-en-salut\/blog\/2023\/07\/07\/predir-i-diagnosticar-la-malaltia-del-fetge-gras-no-alcoholic\/","og_locale":"es_ES","og_type":"article","og_title":"Predir i diagnosticar la malaltia del fetge gras no alcoh\u00f2lic - Recerca en salut","og_description":"Un nou biomarcador permetria evitar bi\u00f2psies per detectar de manera preco\u00e7, amb una anal\u00edtica de sang, una patologia que pateix una de cada quatre persones i que pot derivar en cirrosi i augmentar el risc de c\u00e0ncer El deteriorament del fetge i la conseq\u00fcent afectaci\u00f3 de les seves funcions pot ser causat per l\u2019acumulaci\u00f3 an\u00f2mala","og_url":"https:\/\/diarisanitat.cat\/recerca-en-salut\/blog\/2023\/07\/07\/predir-i-diagnosticar-la-malaltia-del-fetge-gras-no-alcoholic\/","og_site_name":"Recerca en salut","article_published_time":"2023-07-07T12:04:00+00:00","article_modified_time":"2024-07-08T15:14:59+00:00","og_image":[{"width":2228,"height":1672,"url":"https:\/\/diarisanitat.cat\/recerca-en-salut\/wp-content\/uploads\/sites\/4\/2023\/07\/Victoria-Ceperuelo-Mallafre-Anna-Marsal-Beltran-Sonia-Fernandez-Veledo.jpg","type":"image\/jpeg"}],"author":"Carme Escales","twitter_card":"summary_large_image","twitter_misc":{"Escrito por":"Carme Escales","Tiempo de lectura":"7 minutos"},"schema":{"@context":"https:\/\/schema.org","@graph":[{"@type":"Article","@id":"https:\/\/diarisanitat.cat\/recerca-en-salut\/blog\/2023\/07\/07\/predir-i-diagnosticar-la-malaltia-del-fetge-gras-no-alcoholic\/#article","isPartOf":{"@id":"https:\/\/diarisanitat.cat\/recerca-en-salut\/blog\/2023\/07\/07\/predir-i-diagnosticar-la-malaltia-del-fetge-gras-no-alcoholic\/"},"author":{"name":"Carme Escales","@id":"https:\/\/diarisanitat.cat\/recerca-en-salut\/#\/schema\/person\/9080795ef06d370257b1c8e7967c8de8"},"headline":"Predir i diagnosticar la malaltia del fetge gras no alcoh\u00f2lic","datePublished":"2023-07-07T12:04:00+00:00","dateModified":"2024-07-08T15:14:59+00:00","mainEntityOfPage":{"@id":"https:\/\/diarisanitat.cat\/recerca-en-salut\/blog\/2023\/07\/07\/predir-i-diagnosticar-la-malaltia-del-fetge-gras-no-alcoholic\/"},"wordCount":1444,"commentCount":0,"image":{"@id":"https:\/\/diarisanitat.cat\/recerca-en-salut\/blog\/2023\/07\/07\/predir-i-diagnosticar-la-malaltia-del-fetge-gras-no-alcoholic\/#primaryimage"},"thumbnailUrl":"https:\/\/diarisanitat.cat\/recerca-en-salut\/wp-content\/uploads\/sites\/4\/2023\/07\/Victoria-Ceperuelo-Mallafre-Anna-Marsal-Beltran-Sonia-Fernandez-Veledo.jpg","keywords":["recerca"],"articleSection":["Recerca"],"inLanguage":"es","potentialAction":[{"@type":"CommentAction","name":"Comment","target":["https:\/\/diarisanitat.cat\/recerca-en-salut\/blog\/2023\/07\/07\/predir-i-diagnosticar-la-malaltia-del-fetge-gras-no-alcoholic\/#respond"]}]},{"@type":"WebPage","@id":"https:\/\/diarisanitat.cat\/recerca-en-salut\/blog\/2023\/07\/07\/predir-i-diagnosticar-la-malaltia-del-fetge-gras-no-alcoholic\/","url":"https:\/\/diarisanitat.cat\/recerca-en-salut\/blog\/2023\/07\/07\/predir-i-diagnosticar-la-malaltia-del-fetge-gras-no-alcoholic\/","name":"Predir i diagnosticar la malaltia del fetge gras no alcoh\u00f2lic - Recerca en salut","isPartOf":{"@id":"https:\/\/diarisanitat.cat\/recerca-en-salut\/#website"},"primaryImageOfPage":{"@id":"https:\/\/diarisanitat.cat\/recerca-en-salut\/blog\/2023\/07\/07\/predir-i-diagnosticar-la-malaltia-del-fetge-gras-no-alcoholic\/#primaryimage"},"image":{"@id":"https:\/\/diarisanitat.cat\/recerca-en-salut\/blog\/2023\/07\/07\/predir-i-diagnosticar-la-malaltia-del-fetge-gras-no-alcoholic\/#primaryimage"},"thumbnailUrl":"https:\/\/diarisanitat.cat\/recerca-en-salut\/wp-content\/uploads\/sites\/4\/2023\/07\/Victoria-Ceperuelo-Mallafre-Anna-Marsal-Beltran-Sonia-Fernandez-Veledo.jpg","datePublished":"2023-07-07T12:04:00+00:00","dateModified":"2024-07-08T15:14:59+00:00","author":{"@id":"https:\/\/diarisanitat.cat\/recerca-en-salut\/#\/schema\/person\/9080795ef06d370257b1c8e7967c8de8"},"breadcrumb":{"@id":"https:\/\/diarisanitat.cat\/recerca-en-salut\/blog\/2023\/07\/07\/predir-i-diagnosticar-la-malaltia-del-fetge-gras-no-alcoholic\/#breadcrumb"},"inLanguage":"es","potentialAction":[{"@type":"ReadAction","target":["https:\/\/diarisanitat.cat\/recerca-en-salut\/blog\/2023\/07\/07\/predir-i-diagnosticar-la-malaltia-del-fetge-gras-no-alcoholic\/"]}]},{"@type":"ImageObject","inLanguage":"es","@id":"https:\/\/diarisanitat.cat\/recerca-en-salut\/blog\/2023\/07\/07\/predir-i-diagnosticar-la-malaltia-del-fetge-gras-no-alcoholic\/#primaryimage","url":"https:\/\/diarisanitat.cat\/recerca-en-salut\/wp-content\/uploads\/sites\/4\/2023\/07\/Victoria-Ceperuelo-Mallafre-Anna-Marsal-Beltran-Sonia-Fernandez-Veledo.jpg","contentUrl":"https:\/\/diarisanitat.cat\/recerca-en-salut\/wp-content\/uploads\/sites\/4\/2023\/07\/Victoria-Ceperuelo-Mallafre-Anna-Marsal-Beltran-Sonia-Fernandez-Veledo.jpg","width":2228,"height":1672},{"@type":"BreadcrumbList","@id":"https:\/\/diarisanitat.cat\/recerca-en-salut\/blog\/2023\/07\/07\/predir-i-diagnosticar-la-malaltia-del-fetge-gras-no-alcoholic\/#breadcrumb","itemListElement":[{"@type":"ListItem","position":1,"name":"Portada","item":"https:\/\/diarisanitat.cat\/recerca-en-salut\/"},{"@type":"ListItem","position":2,"name":"Predir i diagnosticar la malaltia del fetge gras no alcoh\u00f2lic"}]},{"@type":"WebSite","@id":"https:\/\/diarisanitat.cat\/recerca-en-salut\/#website","url":"https:\/\/diarisanitat.cat\/recerca-en-salut\/","name":"Recerca en salut","description":"","potentialAction":[{"@type":"SearchAction","target":{"@type":"EntryPoint","urlTemplate":"https:\/\/diarisanitat.cat\/recerca-en-salut\/?s={search_term_string}"},"query-input":{"@type":"PropertyValueSpecification","valueRequired":true,"valueName":"search_term_string"}}],"inLanguage":"es"},{"@type":"Person","@id":"https:\/\/diarisanitat.cat\/recerca-en-salut\/#\/schema\/person\/9080795ef06d370257b1c8e7967c8de8","name":"Carme Escales","image":{"@type":"ImageObject","inLanguage":"es","@id":"https:\/\/diarisanitat.cat\/wp-content\/uploads\/2024\/11\/carme-escales_avatar-96x96.png","url":"https:\/\/diarisanitat.cat\/wp-content\/uploads\/2024\/11\/carme-escales_avatar-96x96.png","contentUrl":"https:\/\/diarisanitat.cat\/wp-content\/uploads\/2024\/11\/carme-escales_avatar-96x96.png","caption":"Carme Escales"},"description":"Periodista amb m\u00e9s de 20 anys d'experi\u00e8ncia. Especialitzada en posar a l'abast de tothom el llenguatge de la medicina, la ci\u00e8ncia i la salut.","url":"https:\/\/diarisanitat.cat\/recerca-en-salut\/blog\/author\/carmeescales\/"}]}},"_links":{"self":[{"href":"https:\/\/diarisanitat.cat\/recerca-en-salut\/wp-json\/wp\/v2\/posts\/1340","targetHints":{"allow":["GET"]}}],"collection":[{"href":"https:\/\/diarisanitat.cat\/recerca-en-salut\/wp-json\/wp\/v2\/posts"}],"about":[{"href":"https:\/\/diarisanitat.cat\/recerca-en-salut\/wp-json\/wp\/v2\/types\/post"}],"author":[{"embeddable":true,"href":"https:\/\/diarisanitat.cat\/recerca-en-salut\/wp-json\/wp\/v2\/users\/16"}],"replies":[{"embeddable":true,"href":"https:\/\/diarisanitat.cat\/recerca-en-salut\/wp-json\/wp\/v2\/comments?post=1340"}],"version-history":[{"count":1,"href":"https:\/\/diarisanitat.cat\/recerca-en-salut\/wp-json\/wp\/v2\/posts\/1340\/revisions"}],"predecessor-version":[{"id":37879,"href":"https:\/\/diarisanitat.cat\/recerca-en-salut\/wp-json\/wp\/v2\/posts\/1340\/revisions\/37879"}],"wp:featuredmedia":[{"embeddable":true,"href":"https:\/\/diarisanitat.cat\/recerca-en-salut\/wp-json\/wp\/v2\/media\/1341"}],"wp:attachment":[{"href":"https:\/\/diarisanitat.cat\/recerca-en-salut\/wp-json\/wp\/v2\/media?parent=1340"}],"wp:term":[{"taxonomy":"category","embeddable":true,"href":"https:\/\/diarisanitat.cat\/recerca-en-salut\/wp-json\/wp\/v2\/categories?post=1340"},{"taxonomy":"post_tag","embeddable":true,"href":"https:\/\/diarisanitat.cat\/recerca-en-salut\/wp-json\/wp\/v2\/tags?post=1340"},{"taxonomy":"tipo","embeddable":true,"href":"https:\/\/diarisanitat.cat\/recerca-en-salut\/wp-json\/wp\/v2\/tipo?post=1340"}],"curies":[{"name":"wp","href":"https:\/\/api.w.org\/{rel}","templated":true}]}}