{"id":1357,"date":"2023-07-18T19:07:48","date_gmt":"2023-07-18T19:07:48","guid":{"rendered":"https:\/\/diarisanitat.cat\/recerca-en-salut\/?p=1357"},"modified":"2024-07-08T15:15:00","modified_gmt":"2024-07-08T15:15:00","slug":"fins-a-18-tipus-de-cancer-es-vinculen-al-sobrepes","status":"publish","type":"post","link":"https:\/\/diarisanitat.cat\/recerca-en-salut\/blog\/2023\/07\/18\/fins-a-18-tipus-de-cancer-es-vinculen-al-sobrepes\/","title":{"rendered":"Fins a 18 tipus de c\u00e0ncer es vinculen al sobrep\u00e8s"},"content":{"rendered":"<h4><strong>Un<span class=\"Apple-converted-space\">\u00a0\u00a0<\/span>estudi liderat per l\u2019IDIAPJGol suma la leuc\u00e8mia, el limfoma no Hodgkin i els c\u00e0ncers de cap, coll i bufeta a tretze malalties oncol\u00f2giques que ja s\u2019havien associat a un elevat \u00edndex de massa corporal<\/strong><\/h4>\n<p class=\"p1\"><span class=\"s1\">Sobrep\u00e8s i obesitat que es desenvolupen dels 18 als 40 anys podrien estar relacionats amb divuit tipus de c\u00e0ncer, cinc m\u00e9s dels que fins ara es creia. I, com m\u00e9s temps es perllonga i m\u00e9s gran \u00e9s el grau de sobrep\u00e8s, augmenta m\u00e9s aquest risc oncol\u00f2gic. Ho ha evidenciat l&#8217;estudi\u00a0<b>\u00ab<\/b><a href=\"https:\/\/www.nature.com\/articles\/s41467-023-39282-y\"><span class=\"s2\"><b><i>Longitudinal body mass index and cancer risk: a cohort study of 2.6 million Catalan adults<\/i><\/b><\/span><\/a><b>\u00bb<\/b>, fet <\/span><span class=\"s3\">sobre\u00a0<b>2.645.885 catalans<\/b>, i <\/span><span class=\"s1\">liderat per <\/span><span class=\"s3\">investigadors de\u00a0<\/span><span class=\"s1\">l&#8217;I<\/span><span class=\"s3\">nstitut d&#8217;investigaci\u00f3 en Atenci\u00f3 Prim\u00e0ria de Salut Jordi Gol\u00a0<\/span><span class=\"s1\">(<a href=\"https:\/\/www.idiapjgol.org\/index.php\/ca\/\"><span class=\"s4\"><b>IDIAPJGol<\/b><\/span><\/a><\/span><span class=\"s3\"><b>)\u00a0<\/b>en col\u00b7laboraci\u00f3 amb l\u2019Agency for Research on Cancer (<a href=\"https:\/\/www.iarc.who.int\/\"><span class=\"s4\"><b>IARC<\/b><\/span><\/a>) i finan\u00e7at pel Wereld Kanker Onderzoek Fonds (<a href=\"https:\/\/www.wkof.nl\/\"><span class=\"s4\"><b>WKOF<\/b><\/span><\/a>). <\/span><\/p>\n<p class=\"p4\"><span class=\"s1\">Aquest gran estudi, que a estat <\/span><span class=\"s5\">publicat al diari <a href=\"https:\/\/www.nature.com\/ncomms\/\"><span class=\"s4\">Nature Communications<\/span><\/a>, <\/span><span class=\"s1\">va analitzar l&#8217;estat de l&#8217;\u00edndex de la massa corporal de les persones (IMC) al llarg de la seva vida, en lloc de centrar-se en una mesura puntual de l&#8217;IMC. Les proves pr\u00e8vies del\u00a0<b>Fons Mundial d&#8217;Investigaci\u00f3 del C\u00e0ncer<\/b>\u00a0havien relacionat el sobrep\u00e8s i l\u2019obesitat amb almenys 13 c\u00e0ncers diferents. Alguns dels nous c\u00e0ncers que l&#8217;estudi ha trobat que podrien estar relacionats amb el sobrep\u00e8s s\u00f3n la leuc\u00e8mia i el limfoma no Hodgkin, i entre persones que no han fumat mai, els de cap i coll i bufeta.<\/span><\/p>\n<p class=\"p4\"><span class=\"s1\">Segons comenta una de les autores principals de l&#8217;estudi<b>, Andrea Pistillo, <\/b>s\u2019han utilitzat \u201cmetodologies avan\u00e7ades per recuperar la informaci\u00f3 que faltava sobre l&#8217;IMC dels participants. Despr\u00e9s de nou anys de seguiment, 225.396 participants van ser diagnosticats de c\u00e0ncer. Nosaltres vam trobar que, a part de l&#8217;IMC inicial, altres indicadors derivats de l&#8217;IMC com la durada, el grau i l&#8217;edat d&#8217;inici del sobrep\u00e8s i l&#8217;obesitat estan associats amb el risc de contraure 18 tipus de c\u00e0ncer\u201d. Fins ara nom\u00e9s s&#8217;associaven 13 tipus de c\u00e0ncer a un IMC alt. De fet, un dels objectius de l&#8217;estudi era avaluar si en el curs de la vida, les exposicions relacionades amb l&#8217;adipositat s\u00f3n factors de risc de c\u00e0ncer m\u00e9s rellevants que un mesurament puntual de l\u2019IMC.<\/span><\/p>\n<p class=\"p4\"><span class=\"s1\">El doctor\u00a0<b>Heinz Freisling<\/b>\u00a0de l&#8217;IARC i un dels co-l\u00edders de l&#8217;estudi, afegeix que aquests \u201crecolzen una re-avaluaci\u00f3 de la c\u00e0rrega de c\u00e0ncer associada al sobrep\u00e8s i l\u2019obesitat, que fins ara, probablement, est\u00e0 subestimada\u201d.<\/span><\/p>\n<p class=\"p4\"><span class=\"s1\">Per la seva banda, la Dra.\u00a0<b>Talita Duarte-Sall\u00e9s<\/b>, investigadora principal del projecte a IDIAPJGol, posa \u00e8mfasi en les implicacions per a la salut p\u00fablica de les conclusions de l&#8217;estudi. \u201cAquests convincents resultats donen suport a la implementaci\u00f3 d&#8217;estrat\u00e8gies per prevenir el c\u00e0ncer basades en l&#8217;atenci\u00f3 prim\u00e0ria, amb un decidit enfocament a prevenir i reduir el sobrep\u00e8s preco\u00e7 i l\u2019obesitat\u201d. \u00abAquesta investigaci\u00f3 pionera marca una fita significativa en la comprensi\u00f3 de la intricada relaci\u00f3 entre el sobrep\u00e8s\/obesitat i el risc de patir c\u00e0ncer. Amb aquesta troballa, la comunitat global t\u00e9 una nova i potent eina per donar forma a intervencions espec\u00edfiques, desenvolupar estrat\u00e8gies de prevenci\u00f3 efectives i, en definitiva, per tenir un impacte significatiu sobre els resultats de l\u2019estudi del c\u00e0ncer a tot el m\u00f3n\u00bb.<\/span><\/p>\n<p class=\"p4\"><span class=\"s1\"><b>Panagiota Mitrou<\/b>, directora de recerca, pol\u00edtica i innovaci\u00f3 del World Cancer Research Fund, explica: \u00abAquest gran estudi t\u00e9 implicacions futures per a la salut p\u00fablica des que s\u2019ha demostrat que hi ha cinc c\u00e0ncers addicionals, com la leuc\u00e8mia i el limfoma no Hodgkin relacionats amb el sobrep\u00e8s i l&#8217;obesitat\u201d. \u00abLa nostra pr\u00f2pia evid\u00e8ncia demostra que mantenir un pes saludable al llarg de la vida \u00e9s una de les coses m\u00e9s importants que les persones poden fer per reduir el risc de c\u00e0ncer, i la prevenci\u00f3 primerenca en l&#8217;edat adulta \u00e9s clau\u00bb.<\/span><\/p>\n","protected":false},"excerpt":{"rendered":"<p>Un\u00a0\u00a0estudi liderat per l\u2019IDIAPJGol suma la leuc\u00e8mia, el limfoma no Hodgkin i els c\u00e0ncers de cap, coll i bufeta a tretze malalties oncol\u00f2giques que ja s\u2019havien associat a un elevat \u00edndex de massa corporal Sobrep\u00e8s i obesitat que es desenvolupen dels 18 als 40 anys podrien estar relacionats amb divuit tipus de c\u00e0ncer, cinc m\u00e9s<\/p>\n","protected":false},"author":16,"featured_media":1358,"comment_status":"open","ping_status":"open","sticky":false,"template":"","format":"standard","meta":{"_acf_changed":false,"footnotes":""},"categories":[126],"tags":[144,93,190],"tipo":[],"class_list":{"0":"post-1357","1":"post","2":"type-post","3":"status-publish","4":"format-standard","5":"has-post-thumbnail","7":"category-recerca","8":"tag-cancer","9":"tag-obesitat","10":"tag-sobrepes"},"acf":[],"yoast_head":"<!-- This site is optimized with the Yoast SEO plugin v27.5 - https:\/\/yoast.com\/product\/yoast-seo-wordpress\/ -->\n<title>Fins a 18 tipus de c\u00e0ncer es vinculen al sobrep\u00e8s - Recerca en salut<\/title>\n<meta name=\"robots\" content=\"index, follow, max-snippet:-1, max-image-preview:large, max-video-preview:-1\" \/>\n<link rel=\"canonical\" href=\"https:\/\/diarisanitat.cat\/recerca-en-salut\/blog\/2023\/07\/18\/fins-a-18-tipus-de-cancer-es-vinculen-al-sobrepes\/\" \/>\n<meta property=\"og:locale\" content=\"es_ES\" \/>\n<meta property=\"og:type\" content=\"article\" \/>\n<meta property=\"og:title\" content=\"Fins a 18 tipus de c\u00e0ncer es vinculen al sobrep\u00e8s - Recerca en salut\" \/>\n<meta property=\"og:description\" content=\"Un\u00a0\u00a0estudi liderat per l\u2019IDIAPJGol suma la leuc\u00e8mia, el limfoma no Hodgkin i els c\u00e0ncers de cap, coll i bufeta a tretze malalties oncol\u00f2giques que ja s\u2019havien associat a un elevat \u00edndex de massa corporal Sobrep\u00e8s i obesitat que es desenvolupen dels 18 als 40 anys podrien estar relacionats amb divuit tipus de c\u00e0ncer, cinc m\u00e9s\" \/>\n<meta property=\"og:url\" content=\"https:\/\/diarisanitat.cat\/recerca-en-salut\/blog\/2023\/07\/18\/fins-a-18-tipus-de-cancer-es-vinculen-al-sobrepes\/\" \/>\n<meta property=\"og:site_name\" content=\"Recerca en salut\" \/>\n<meta property=\"article:published_time\" content=\"2023-07-18T19:07:48+00:00\" \/>\n<meta property=\"article:modified_time\" content=\"2024-07-08T15:15:00+00:00\" \/>\n<meta property=\"og:image\" content=\"https:\/\/diarisanitat.cat\/recerca-en-salut\/wp-content\/uploads\/sites\/4\/2023\/07\/GettyImages-1314797892.jpg\" \/>\n\t<meta property=\"og:image:width\" content=\"2121\" \/>\n\t<meta property=\"og:image:height\" content=\"1414\" \/>\n\t<meta property=\"og:image:type\" content=\"image\/jpeg\" \/>\n<meta name=\"author\" content=\"Carme Escales\" \/>\n<meta name=\"twitter:card\" content=\"summary_large_image\" \/>\n<meta name=\"twitter:label1\" content=\"Escrito por\" \/>\n\t<meta name=\"twitter:data1\" content=\"Carme Escales\" \/>\n\t<meta name=\"twitter:label2\" content=\"Tiempo de lectura\" \/>\n\t<meta name=\"twitter:data2\" content=\"3 minutos\" \/>\n<script type=\"application\/ld+json\" class=\"yoast-schema-graph\">{\"@context\":\"https:\\\/\\\/schema.org\",\"@graph\":[{\"@type\":\"Article\",\"@id\":\"https:\\\/\\\/diarisanitat.cat\\\/recerca-en-salut\\\/blog\\\/2023\\\/07\\\/18\\\/fins-a-18-tipus-de-cancer-es-vinculen-al-sobrepes\\\/#article\",\"isPartOf\":{\"@id\":\"https:\\\/\\\/diarisanitat.cat\\\/recerca-en-salut\\\/blog\\\/2023\\\/07\\\/18\\\/fins-a-18-tipus-de-cancer-es-vinculen-al-sobrepes\\\/\"},\"author\":{\"name\":\"Carme Escales\",\"@id\":\"https:\\\/\\\/diarisanitat.cat\\\/recerca-en-salut\\\/#\\\/schema\\\/person\\\/9080795ef06d370257b1c8e7967c8de8\"},\"headline\":\"Fins a 18 tipus de c\u00e0ncer es vinculen al sobrep\u00e8s\",\"datePublished\":\"2023-07-18T19:07:48+00:00\",\"dateModified\":\"2024-07-08T15:15:00+00:00\",\"mainEntityOfPage\":{\"@id\":\"https:\\\/\\\/diarisanitat.cat\\\/recerca-en-salut\\\/blog\\\/2023\\\/07\\\/18\\\/fins-a-18-tipus-de-cancer-es-vinculen-al-sobrepes\\\/\"},\"wordCount\":702,\"commentCount\":0,\"image\":{\"@id\":\"https:\\\/\\\/diarisanitat.cat\\\/recerca-en-salut\\\/blog\\\/2023\\\/07\\\/18\\\/fins-a-18-tipus-de-cancer-es-vinculen-al-sobrepes\\\/#primaryimage\"},\"thumbnailUrl\":\"https:\\\/\\\/diarisanitat.cat\\\/recerca-en-salut\\\/wp-content\\\/uploads\\\/sites\\\/4\\\/2023\\\/07\\\/GettyImages-1314797892.jpg\",\"keywords\":[\"c\u00e0ncer\",\"obesitat\",\"sobrep\u00e8s\"],\"articleSection\":[\"Recerca\"],\"inLanguage\":\"es\",\"potentialAction\":[{\"@type\":\"CommentAction\",\"name\":\"Comment\",\"target\":[\"https:\\\/\\\/diarisanitat.cat\\\/recerca-en-salut\\\/blog\\\/2023\\\/07\\\/18\\\/fins-a-18-tipus-de-cancer-es-vinculen-al-sobrepes\\\/#respond\"]}]},{\"@type\":\"WebPage\",\"@id\":\"https:\\\/\\\/diarisanitat.cat\\\/recerca-en-salut\\\/blog\\\/2023\\\/07\\\/18\\\/fins-a-18-tipus-de-cancer-es-vinculen-al-sobrepes\\\/\",\"url\":\"https:\\\/\\\/diarisanitat.cat\\\/recerca-en-salut\\\/blog\\\/2023\\\/07\\\/18\\\/fins-a-18-tipus-de-cancer-es-vinculen-al-sobrepes\\\/\",\"name\":\"Fins a 18 tipus de c\u00e0ncer es vinculen al sobrep\u00e8s - Recerca en salut\",\"isPartOf\":{\"@id\":\"https:\\\/\\\/diarisanitat.cat\\\/recerca-en-salut\\\/#website\"},\"primaryImageOfPage\":{\"@id\":\"https:\\\/\\\/diarisanitat.cat\\\/recerca-en-salut\\\/blog\\\/2023\\\/07\\\/18\\\/fins-a-18-tipus-de-cancer-es-vinculen-al-sobrepes\\\/#primaryimage\"},\"image\":{\"@id\":\"https:\\\/\\\/diarisanitat.cat\\\/recerca-en-salut\\\/blog\\\/2023\\\/07\\\/18\\\/fins-a-18-tipus-de-cancer-es-vinculen-al-sobrepes\\\/#primaryimage\"},\"thumbnailUrl\":\"https:\\\/\\\/diarisanitat.cat\\\/recerca-en-salut\\\/wp-content\\\/uploads\\\/sites\\\/4\\\/2023\\\/07\\\/GettyImages-1314797892.jpg\",\"datePublished\":\"2023-07-18T19:07:48+00:00\",\"dateModified\":\"2024-07-08T15:15:00+00:00\",\"author\":{\"@id\":\"https:\\\/\\\/diarisanitat.cat\\\/recerca-en-salut\\\/#\\\/schema\\\/person\\\/9080795ef06d370257b1c8e7967c8de8\"},\"breadcrumb\":{\"@id\":\"https:\\\/\\\/diarisanitat.cat\\\/recerca-en-salut\\\/blog\\\/2023\\\/07\\\/18\\\/fins-a-18-tipus-de-cancer-es-vinculen-al-sobrepes\\\/#breadcrumb\"},\"inLanguage\":\"es\",\"potentialAction\":[{\"@type\":\"ReadAction\",\"target\":[\"https:\\\/\\\/diarisanitat.cat\\\/recerca-en-salut\\\/blog\\\/2023\\\/07\\\/18\\\/fins-a-18-tipus-de-cancer-es-vinculen-al-sobrepes\\\/\"]}]},{\"@type\":\"ImageObject\",\"inLanguage\":\"es\",\"@id\":\"https:\\\/\\\/diarisanitat.cat\\\/recerca-en-salut\\\/blog\\\/2023\\\/07\\\/18\\\/fins-a-18-tipus-de-cancer-es-vinculen-al-sobrepes\\\/#primaryimage\",\"url\":\"https:\\\/\\\/diarisanitat.cat\\\/recerca-en-salut\\\/wp-content\\\/uploads\\\/sites\\\/4\\\/2023\\\/07\\\/GettyImages-1314797892.jpg\",\"contentUrl\":\"https:\\\/\\\/diarisanitat.cat\\\/recerca-en-salut\\\/wp-content\\\/uploads\\\/sites\\\/4\\\/2023\\\/07\\\/GettyImages-1314797892.jpg\",\"width\":2121,\"height\":1414,\"caption\":\"El sobrep\u00e8s i obesitat que es desenvolupen dels 18 als 40 anys podrien estar relacionats amb divuit tipus de c\u00e0ncer | Gettyimages\"},{\"@type\":\"BreadcrumbList\",\"@id\":\"https:\\\/\\\/diarisanitat.cat\\\/recerca-en-salut\\\/blog\\\/2023\\\/07\\\/18\\\/fins-a-18-tipus-de-cancer-es-vinculen-al-sobrepes\\\/#breadcrumb\",\"itemListElement\":[{\"@type\":\"ListItem\",\"position\":1,\"name\":\"Portada\",\"item\":\"https:\\\/\\\/diarisanitat.cat\\\/recerca-en-salut\\\/\"},{\"@type\":\"ListItem\",\"position\":2,\"name\":\"Fins a 18 tipus de c\u00e0ncer es vinculen al sobrep\u00e8s\"}]},{\"@type\":\"WebSite\",\"@id\":\"https:\\\/\\\/diarisanitat.cat\\\/recerca-en-salut\\\/#website\",\"url\":\"https:\\\/\\\/diarisanitat.cat\\\/recerca-en-salut\\\/\",\"name\":\"Recerca en salut\",\"description\":\"\",\"potentialAction\":[{\"@type\":\"SearchAction\",\"target\":{\"@type\":\"EntryPoint\",\"urlTemplate\":\"https:\\\/\\\/diarisanitat.cat\\\/recerca-en-salut\\\/?s={search_term_string}\"},\"query-input\":{\"@type\":\"PropertyValueSpecification\",\"valueRequired\":true,\"valueName\":\"search_term_string\"}}],\"inLanguage\":\"es\"},{\"@type\":\"Person\",\"@id\":\"https:\\\/\\\/diarisanitat.cat\\\/recerca-en-salut\\\/#\\\/schema\\\/person\\\/9080795ef06d370257b1c8e7967c8de8\",\"name\":\"Carme Escales\",\"image\":{\"@type\":\"ImageObject\",\"inLanguage\":\"es\",\"@id\":\"https:\\\/\\\/diarisanitat.cat\\\/wp-content\\\/uploads\\\/2024\\\/11\\\/carme-escales_avatar-96x96.png\",\"url\":\"https:\\\/\\\/diarisanitat.cat\\\/wp-content\\\/uploads\\\/2024\\\/11\\\/carme-escales_avatar-96x96.png\",\"contentUrl\":\"https:\\\/\\\/diarisanitat.cat\\\/wp-content\\\/uploads\\\/2024\\\/11\\\/carme-escales_avatar-96x96.png\",\"caption\":\"Carme Escales\"},\"description\":\"Periodista amb m\u00e9s de 20 anys d'experi\u00e8ncia. Especialitzada en posar a l'abast de tothom el llenguatge de la medicina, la ci\u00e8ncia i la salut.\",\"url\":\"https:\\\/\\\/diarisanitat.cat\\\/recerca-en-salut\\\/blog\\\/author\\\/carmeescales\\\/\"}]}<\/script>\n<!-- \/ Yoast SEO plugin. -->","yoast_head_json":{"title":"Fins a 18 tipus de c\u00e0ncer es vinculen al sobrep\u00e8s - Recerca en salut","robots":{"index":"index","follow":"follow","max-snippet":"max-snippet:-1","max-image-preview":"max-image-preview:large","max-video-preview":"max-video-preview:-1"},"canonical":"https:\/\/diarisanitat.cat\/recerca-en-salut\/blog\/2023\/07\/18\/fins-a-18-tipus-de-cancer-es-vinculen-al-sobrepes\/","og_locale":"es_ES","og_type":"article","og_title":"Fins a 18 tipus de c\u00e0ncer es vinculen al sobrep\u00e8s - Recerca en salut","og_description":"Un\u00a0\u00a0estudi liderat per l\u2019IDIAPJGol suma la leuc\u00e8mia, el limfoma no Hodgkin i els c\u00e0ncers de cap, coll i bufeta a tretze malalties oncol\u00f2giques que ja s\u2019havien associat a un elevat \u00edndex de massa corporal Sobrep\u00e8s i obesitat que es desenvolupen dels 18 als 40 anys podrien estar relacionats amb divuit tipus de c\u00e0ncer, cinc m\u00e9s","og_url":"https:\/\/diarisanitat.cat\/recerca-en-salut\/blog\/2023\/07\/18\/fins-a-18-tipus-de-cancer-es-vinculen-al-sobrepes\/","og_site_name":"Recerca en salut","article_published_time":"2023-07-18T19:07:48+00:00","article_modified_time":"2024-07-08T15:15:00+00:00","og_image":[{"width":2121,"height":1414,"url":"https:\/\/diarisanitat.cat\/recerca-en-salut\/wp-content\/uploads\/sites\/4\/2023\/07\/GettyImages-1314797892.jpg","type":"image\/jpeg"}],"author":"Carme Escales","twitter_card":"summary_large_image","twitter_misc":{"Escrito por":"Carme Escales","Tiempo de lectura":"3 minutos"},"schema":{"@context":"https:\/\/schema.org","@graph":[{"@type":"Article","@id":"https:\/\/diarisanitat.cat\/recerca-en-salut\/blog\/2023\/07\/18\/fins-a-18-tipus-de-cancer-es-vinculen-al-sobrepes\/#article","isPartOf":{"@id":"https:\/\/diarisanitat.cat\/recerca-en-salut\/blog\/2023\/07\/18\/fins-a-18-tipus-de-cancer-es-vinculen-al-sobrepes\/"},"author":{"name":"Carme Escales","@id":"https:\/\/diarisanitat.cat\/recerca-en-salut\/#\/schema\/person\/9080795ef06d370257b1c8e7967c8de8"},"headline":"Fins a 18 tipus de c\u00e0ncer es vinculen al sobrep\u00e8s","datePublished":"2023-07-18T19:07:48+00:00","dateModified":"2024-07-08T15:15:00+00:00","mainEntityOfPage":{"@id":"https:\/\/diarisanitat.cat\/recerca-en-salut\/blog\/2023\/07\/18\/fins-a-18-tipus-de-cancer-es-vinculen-al-sobrepes\/"},"wordCount":702,"commentCount":0,"image":{"@id":"https:\/\/diarisanitat.cat\/recerca-en-salut\/blog\/2023\/07\/18\/fins-a-18-tipus-de-cancer-es-vinculen-al-sobrepes\/#primaryimage"},"thumbnailUrl":"https:\/\/diarisanitat.cat\/recerca-en-salut\/wp-content\/uploads\/sites\/4\/2023\/07\/GettyImages-1314797892.jpg","keywords":["c\u00e0ncer","obesitat","sobrep\u00e8s"],"articleSection":["Recerca"],"inLanguage":"es","potentialAction":[{"@type":"CommentAction","name":"Comment","target":["https:\/\/diarisanitat.cat\/recerca-en-salut\/blog\/2023\/07\/18\/fins-a-18-tipus-de-cancer-es-vinculen-al-sobrepes\/#respond"]}]},{"@type":"WebPage","@id":"https:\/\/diarisanitat.cat\/recerca-en-salut\/blog\/2023\/07\/18\/fins-a-18-tipus-de-cancer-es-vinculen-al-sobrepes\/","url":"https:\/\/diarisanitat.cat\/recerca-en-salut\/blog\/2023\/07\/18\/fins-a-18-tipus-de-cancer-es-vinculen-al-sobrepes\/","name":"Fins a 18 tipus de c\u00e0ncer es vinculen al sobrep\u00e8s - Recerca en salut","isPartOf":{"@id":"https:\/\/diarisanitat.cat\/recerca-en-salut\/#website"},"primaryImageOfPage":{"@id":"https:\/\/diarisanitat.cat\/recerca-en-salut\/blog\/2023\/07\/18\/fins-a-18-tipus-de-cancer-es-vinculen-al-sobrepes\/#primaryimage"},"image":{"@id":"https:\/\/diarisanitat.cat\/recerca-en-salut\/blog\/2023\/07\/18\/fins-a-18-tipus-de-cancer-es-vinculen-al-sobrepes\/#primaryimage"},"thumbnailUrl":"https:\/\/diarisanitat.cat\/recerca-en-salut\/wp-content\/uploads\/sites\/4\/2023\/07\/GettyImages-1314797892.jpg","datePublished":"2023-07-18T19:07:48+00:00","dateModified":"2024-07-08T15:15:00+00:00","author":{"@id":"https:\/\/diarisanitat.cat\/recerca-en-salut\/#\/schema\/person\/9080795ef06d370257b1c8e7967c8de8"},"breadcrumb":{"@id":"https:\/\/diarisanitat.cat\/recerca-en-salut\/blog\/2023\/07\/18\/fins-a-18-tipus-de-cancer-es-vinculen-al-sobrepes\/#breadcrumb"},"inLanguage":"es","potentialAction":[{"@type":"ReadAction","target":["https:\/\/diarisanitat.cat\/recerca-en-salut\/blog\/2023\/07\/18\/fins-a-18-tipus-de-cancer-es-vinculen-al-sobrepes\/"]}]},{"@type":"ImageObject","inLanguage":"es","@id":"https:\/\/diarisanitat.cat\/recerca-en-salut\/blog\/2023\/07\/18\/fins-a-18-tipus-de-cancer-es-vinculen-al-sobrepes\/#primaryimage","url":"https:\/\/diarisanitat.cat\/recerca-en-salut\/wp-content\/uploads\/sites\/4\/2023\/07\/GettyImages-1314797892.jpg","contentUrl":"https:\/\/diarisanitat.cat\/recerca-en-salut\/wp-content\/uploads\/sites\/4\/2023\/07\/GettyImages-1314797892.jpg","width":2121,"height":1414,"caption":"El sobrep\u00e8s i obesitat que es desenvolupen dels 18 als 40 anys podrien estar relacionats amb divuit tipus de c\u00e0ncer | Gettyimages"},{"@type":"BreadcrumbList","@id":"https:\/\/diarisanitat.cat\/recerca-en-salut\/blog\/2023\/07\/18\/fins-a-18-tipus-de-cancer-es-vinculen-al-sobrepes\/#breadcrumb","itemListElement":[{"@type":"ListItem","position":1,"name":"Portada","item":"https:\/\/diarisanitat.cat\/recerca-en-salut\/"},{"@type":"ListItem","position":2,"name":"Fins a 18 tipus de c\u00e0ncer es vinculen al sobrep\u00e8s"}]},{"@type":"WebSite","@id":"https:\/\/diarisanitat.cat\/recerca-en-salut\/#website","url":"https:\/\/diarisanitat.cat\/recerca-en-salut\/","name":"Recerca en salut","description":"","potentialAction":[{"@type":"SearchAction","target":{"@type":"EntryPoint","urlTemplate":"https:\/\/diarisanitat.cat\/recerca-en-salut\/?s={search_term_string}"},"query-input":{"@type":"PropertyValueSpecification","valueRequired":true,"valueName":"search_term_string"}}],"inLanguage":"es"},{"@type":"Person","@id":"https:\/\/diarisanitat.cat\/recerca-en-salut\/#\/schema\/person\/9080795ef06d370257b1c8e7967c8de8","name":"Carme Escales","image":{"@type":"ImageObject","inLanguage":"es","@id":"https:\/\/diarisanitat.cat\/wp-content\/uploads\/2024\/11\/carme-escales_avatar-96x96.png","url":"https:\/\/diarisanitat.cat\/wp-content\/uploads\/2024\/11\/carme-escales_avatar-96x96.png","contentUrl":"https:\/\/diarisanitat.cat\/wp-content\/uploads\/2024\/11\/carme-escales_avatar-96x96.png","caption":"Carme Escales"},"description":"Periodista amb m\u00e9s de 20 anys d'experi\u00e8ncia. Especialitzada en posar a l'abast de tothom el llenguatge de la medicina, la ci\u00e8ncia i la salut.","url":"https:\/\/diarisanitat.cat\/recerca-en-salut\/blog\/author\/carmeescales\/"}]}},"_links":{"self":[{"href":"https:\/\/diarisanitat.cat\/recerca-en-salut\/wp-json\/wp\/v2\/posts\/1357","targetHints":{"allow":["GET"]}}],"collection":[{"href":"https:\/\/diarisanitat.cat\/recerca-en-salut\/wp-json\/wp\/v2\/posts"}],"about":[{"href":"https:\/\/diarisanitat.cat\/recerca-en-salut\/wp-json\/wp\/v2\/types\/post"}],"author":[{"embeddable":true,"href":"https:\/\/diarisanitat.cat\/recerca-en-salut\/wp-json\/wp\/v2\/users\/16"}],"replies":[{"embeddable":true,"href":"https:\/\/diarisanitat.cat\/recerca-en-salut\/wp-json\/wp\/v2\/comments?post=1357"}],"version-history":[{"count":1,"href":"https:\/\/diarisanitat.cat\/recerca-en-salut\/wp-json\/wp\/v2\/posts\/1357\/revisions"}],"predecessor-version":[{"id":37889,"href":"https:\/\/diarisanitat.cat\/recerca-en-salut\/wp-json\/wp\/v2\/posts\/1357\/revisions\/37889"}],"wp:featuredmedia":[{"embeddable":true,"href":"https:\/\/diarisanitat.cat\/recerca-en-salut\/wp-json\/wp\/v2\/media\/1358"}],"wp:attachment":[{"href":"https:\/\/diarisanitat.cat\/recerca-en-salut\/wp-json\/wp\/v2\/media?parent=1357"}],"wp:term":[{"taxonomy":"category","embeddable":true,"href":"https:\/\/diarisanitat.cat\/recerca-en-salut\/wp-json\/wp\/v2\/categories?post=1357"},{"taxonomy":"post_tag","embeddable":true,"href":"https:\/\/diarisanitat.cat\/recerca-en-salut\/wp-json\/wp\/v2\/tags?post=1357"},{"taxonomy":"tipo","embeddable":true,"href":"https:\/\/diarisanitat.cat\/recerca-en-salut\/wp-json\/wp\/v2\/tipo?post=1357"}],"curies":[{"name":"wp","href":"https:\/\/api.w.org\/{rel}","templated":true}]}}