{"id":1379,"date":"2023-07-31T11:11:14","date_gmt":"2023-07-31T11:11:14","guid":{"rendered":"https:\/\/diarisanitat.cat\/recerca-en-salut\/?p=1379"},"modified":"2024-07-08T15:15:01","modified_gmt":"2024-07-08T15:15:01","slug":"la-importancia-del-tractament-precoc-en-lesclerosi-multiple","status":"publish","type":"post","link":"https:\/\/diarisanitat.cat\/recerca-en-salut\/blog\/2023\/07\/31\/la-importancia-del-tractament-precoc-en-lesclerosi-multiple\/","title":{"rendered":"La import\u00e0ncia del tractament preco\u00e7 en l\u2019esclerosi m\u00faltiple"},"content":{"rendered":"<p><strong>L\u2019Hospital del Vall d\u2019Hebron demostra que iniciar la medicaci\u00f3 en pacients amb els primers s\u00edmptomes de la malaltia redueix la seva discapacitat a llarg termini<\/strong><\/p>\n<p>La comunicaci\u00f3 entre les c\u00e8l\u00b7lules del sistema nervi\u00f3s -neurones- i la medul\u00b7la espinal necessita de la mielina per a donar-se correctament. La mielina \u00e9s la capa protectora de les fibres nervioses que permet el tr\u00e0nsit idoni de la informaci\u00f3 entre neurones, per\u00f2 en malalties neuroimmunol\u00f2giques com l\u2019esclerosi m\u00faltiple, el sistema immunitari danya la mielina i, d\u2019aquesta manera, causa problemes de comunicaci\u00f3 entre el cervell i la resta de l\u2019organisme.<\/p>\n<p>Segons dades de l\u2019Associaci\u00f3 Espanyola d\u2019Esclerosi M\u00faltiple (<a href=\"https:\/\/aedem.org\/esclerosis-multiple\/sintomas-de-la-em\/\">AEDEM-COCEMFE<\/a>), aquesta \u00e9s \u201cuna de les malalties m\u00e9s comuns del sistema nervi\u00f3s central (cervell i\u00a0 medul\u00b7la espinal). Es calcula que a Espanya hi ha 47.000 persones amb esclerosi m\u00faltiple, 600.000 a Europa i m\u00e9s de 2.000.000 al m\u00f3n\u201d.<\/p>\n<p>Tot i que els s\u00edmptomes m\u00e9s comuns es relacionen amb problemes de mobilitat o d\u2019equilibri, la malaltia inclou altres s\u00edmptomes com ara fatiga, formigueig a les extremitats, dificultats en la visi\u00f3 i alteracions neurol\u00f2giques, entre altres. Des del moment en qu\u00e8 es comencen a detectar els primers d\u2019aquests s\u00edmptomes -tal com expliquen especialistes en la malaltia-, la progressi\u00f3 de la malaltia pot ser molt diversa en funci\u00f3 de cada pacient, per\u00f2 fins ara es coneix molt poc sobre aquestes difer\u00e8ncies, per la qual cosa la recerca \u00e9s essencial per a avan\u00e7ar-se als s\u00edmptomes greus i millorar la qualitat de vida dels pacients. Detecci\u00f3 i diagn\u00f2stic preco\u00e7 per poder iniciar un tractament el m\u00e9s aviat possible s\u00f3n claus per a reduir o evitar un pitjor pron\u00f2stic de la malaltia, tal com ha evidenciat ara una recerca.<\/p>\n<p>Un equip d\u2019investigadors de l\u2019<a href=\"https:\/\/www.vallhebron.com\/\">Hospital Universitari del Vall d\u2019Hebron<\/a>, juntament amb el Centre d\u2019Esclerosi M\u00faltiple de Catalunya (<a href=\"https:\/\/www.cem-cat.org\/\">Cemcat<\/a>) han publicat els resultats d\u2019un estudi que mostra per primera vegada que els pacients que inicien el tractament menys de sis mesos despr\u00e9s de tenir els primers s\u00edmptomes de la malaltia tenen una progressi\u00f3 m\u00e9s lenta i una menor discapacitat que quan es comen\u00e7a la ter\u00e0pia m\u00e9s de 16 mesos despr\u00e9s.<\/p>\n<h3>Seguiment en 580 pacients<\/h3>\n<p>La recerca es va fer sobre 580 persones d\u2019entre 16 i 50 anys que havien tingut un primer episodi de s\u00edmptomes relacionats amb l\u2019esclerosi m\u00faltiple i havien estat ateses al Cemcat entre el 1994 i el 2021. Totes elles prenien algun f\u00e0rmac per controlar el proc\u00e9s inflamatori caracter\u00edstic de la malaltia, per\u00f2 l\u2019havien comen\u00e7at a rebre en moments diferents: 194 havien comen\u00e7at a prendre\u2019l menys de sis mesos despr\u00e9s del primer episodi, 192 pacients ho havien fet entre sis i 16 mesos despr\u00e9s de l\u2019aparici\u00f3 dels s\u00edmptomes, i 194, m\u00e9s de 16 mesos despr\u00e9s.<\/p>\n<p>Els investigadors van fer seguiment de la discapacitat dels pacients i d\u2019all\u00f2 que anaven mostrant imatges de resson\u00e0ncia magn\u00e8tica durant una mitjana d\u201911 anys. Es va veure que les persones que havien rebut el tractament en els primers sis mesos despr\u00e9s de l\u2019aparici\u00f3 dels s\u00edmptomes inicials tenien la meitat de risc de tenir discapacitat avan\u00e7ada respecte a les que l\u2019havien comen\u00e7at m\u00e9s de 16 mesos despr\u00e9s. Per exemple, tenien m\u00e9s mobilitat i for\u00e7a a les extremitats, menys alteracions de la son, menys fatiga i ansietat, i una millor funci\u00f3 cognitiva.<\/p>\n<p>Tamb\u00e9 es va fer evident que en les persones amb ter\u00e0pia preco\u00e7 la malaltia es mantenia estable durant m\u00e9s temps respecte a les que l\u2019havien rebut 16 mesos despr\u00e9s. A m\u00e9s, els pacients amb tractament primerenc tenien un 60% menys de risc d\u2019evolucionar cap a esclerosi m\u00faltiple secund\u00e0ria progressiva, en qu\u00e8 els s\u00edmptomes empitjoren de forma constant, i no nom\u00e9s quan hi ha brots. Concretament, es va veure que nom\u00e9s un 7% dels pacients en els quals es va\u00a0 iniciar la ter\u00e0pia preco\u00e7ment van progressar cap a esclerosi m\u00faltiple secund\u00e0ria progressiva. En canvi, entre els que van comen\u00e7ar el tractament passats 16 mesos des de l\u2019aparici\u00f3 dels primers s\u00edmptomes, un 23% progressen cap a esclerosi m\u00faltiple secund\u00e0ria progressiva.<\/p>\n<p>L\u2019investigador principal del\u00a0 grup de Neuroimmunologia Cl\u00ednica del <a href=\"https:\/\/vhir.vallhebron.com\/ca\">VHIR<\/a> \u00a0(Vall d\u2019Hebron Institut de Recerca) i neur\u00f2leg del Cemcat, el Dr. \u00c1lvaro Cobo-Calvo explica que els resultats d\u2019aquest estudi \u201cs\u00f3n els primers a mostrar que, quan es comencen a mostrar s\u00edmptomes, com m\u00e9s aviat iniciem el tractament, millor, fins i tot abans del diagn\u00f2stic definitiu d\u2019esclerosi m\u00faltiple\u201d. L\u2019especialista del Cemcat afegeix que \u201cd\u2019aquesta manera, la progressi\u00f3 ser\u00e0 m\u00e9s lenta i disminuir\u00e0 la discapacitat que els pacients pateixen anys despr\u00e9s i que, per aix\u00f2, \u00e9s essencial tamb\u00e9 promoure la detecci\u00f3 preco\u00e7 de l\u2019esclerosi m\u00faltiple\u201d.<\/p>\n<p>El treball liderat pel Vall d\u2019Hebron Institut de Recerca i el Centre d\u2019Esclerosi M\u00faltiple de Catalunya destaca que, fins i tot quan un pacient t\u00e9 des de l\u2019inici lesions importants al sistema nervi\u00f3s, sovint acompanyades de s\u00edmptomes greus, un tractament preco\u00e7 \u00e9s capa\u00e7 de frenar l\u2019evoluci\u00f3 de l\u2019esclerosi m\u00faltiple.<\/p>\n<p>Els investigadors refermen la import\u00e0ncia de les imatges de resson\u00e0ncia magn\u00e8tica com a eina essencial en la pr\u00e0ctica cl\u00ednica per ajudar a prendre decisions per iniciar el tractament m\u00e9s aviat i avaluar posteriorment la resposta a les ter\u00e0pies.<\/p>\n<p>\u201cLes imatges radiol\u00f2giques ens indiquen que, fins i tot quan un pacient t\u00e9 des de l\u2019inici lesions importants al sistema nervi\u00f3s, sovint acompanyades de s\u00edmptomes greus, un tractament preco\u00e7 \u00e9s capa\u00e7 de frenar la progressi\u00f3 de la malaltia\u201d, conclou el Dr. Xavier Montalban, cap del Servei de Neurologia de l\u2019Hospital Universitari Vall d\u2019Hebron, cap del grup de recerca en Neuroimmunologia Cl\u00ednica del VHIR i director del Cemcat.<\/p>\n<p>&nbsp;<\/p>\n<p>Foto: Investigadors del grup de Neuroimmunologia Cl\u00ednica del VHIR i del Cemcat<\/p>\n","protected":false},"excerpt":{"rendered":"<p>L\u2019Hospital del Vall d\u2019Hebron demostra que iniciar la medicaci\u00f3 en pacients amb els primers s\u00edmptomes de la malaltia redueix la seva discapacitat a llarg termini La comunicaci\u00f3 entre les c\u00e8l\u00b7lules del sistema nervi\u00f3s -neurones- i la medul\u00b7la espinal necessita de la mielina per a donar-se correctament. La mielina \u00e9s la capa protectora de les fibres<\/p>\n","protected":false},"author":16,"featured_media":1380,"comment_status":"open","ping_status":"open","sticky":false,"template":"","format":"standard","meta":{"_acf_changed":false,"footnotes":""},"categories":[126],"tags":[207],"tipo":[],"class_list":{"0":"post-1379","1":"post","2":"type-post","3":"status-publish","4":"format-standard","5":"has-post-thumbnail","7":"category-recerca","8":"tag-recerca"},"acf":[],"yoast_head":"<!-- This site is optimized with the Yoast SEO plugin v27.5 - https:\/\/yoast.com\/product\/yoast-seo-wordpress\/ -->\n<title>La import\u00e0ncia del tractament preco\u00e7 en l\u2019esclerosi m\u00faltiple - Recerca en salut<\/title>\n<meta name=\"robots\" content=\"index, follow, max-snippet:-1, max-image-preview:large, max-video-preview:-1\" \/>\n<link rel=\"canonical\" href=\"https:\/\/diarisanitat.cat\/recerca-en-salut\/blog\/2023\/07\/31\/la-importancia-del-tractament-precoc-en-lesclerosi-multiple\/\" \/>\n<meta property=\"og:locale\" content=\"es_ES\" \/>\n<meta property=\"og:type\" content=\"article\" \/>\n<meta property=\"og:title\" content=\"La import\u00e0ncia del tractament preco\u00e7 en l\u2019esclerosi m\u00faltiple - Recerca en salut\" \/>\n<meta property=\"og:description\" content=\"L\u2019Hospital del Vall d\u2019Hebron demostra que iniciar la medicaci\u00f3 en pacients amb els primers s\u00edmptomes de la malaltia redueix la seva discapacitat a llarg termini La comunicaci\u00f3 entre les c\u00e8l\u00b7lules del sistema nervi\u00f3s -neurones- i la medul\u00b7la espinal necessita de la mielina per a donar-se correctament. La mielina \u00e9s la capa protectora de les fibres\" \/>\n<meta property=\"og:url\" content=\"https:\/\/diarisanitat.cat\/recerca-en-salut\/blog\/2023\/07\/31\/la-importancia-del-tractament-precoc-en-lesclerosi-multiple\/\" \/>\n<meta property=\"og:site_name\" content=\"Recerca en salut\" \/>\n<meta property=\"article:published_time\" content=\"2023-07-31T11:11:14+00:00\" \/>\n<meta property=\"article:modified_time\" content=\"2024-07-08T15:15:01+00:00\" \/>\n<meta property=\"og:image\" content=\"https:\/\/diarisanitat.cat\/recerca-en-salut\/wp-content\/uploads\/sites\/4\/2023\/07\/Investigadors-del-grup-de-Neuroimmunologia-Clinica-del-VHIR-i-del-Cemcat.jpg\" \/>\n\t<meta property=\"og:image:width\" content=\"2500\" \/>\n\t<meta property=\"og:image:height\" content=\"1316\" \/>\n\t<meta property=\"og:image:type\" content=\"image\/jpeg\" \/>\n<meta name=\"author\" content=\"Carme Escales\" \/>\n<meta name=\"twitter:card\" content=\"summary_large_image\" \/>\n<meta name=\"twitter:label1\" content=\"Escrito por\" \/>\n\t<meta name=\"twitter:data1\" content=\"Carme Escales\" \/>\n\t<meta name=\"twitter:label2\" content=\"Tiempo de lectura\" \/>\n\t<meta name=\"twitter:data2\" content=\"5 minutos\" \/>\n<script type=\"application\/ld+json\" class=\"yoast-schema-graph\">{\"@context\":\"https:\\\/\\\/schema.org\",\"@graph\":[{\"@type\":\"Article\",\"@id\":\"https:\\\/\\\/diarisanitat.cat\\\/recerca-en-salut\\\/blog\\\/2023\\\/07\\\/31\\\/la-importancia-del-tractament-precoc-en-lesclerosi-multiple\\\/#article\",\"isPartOf\":{\"@id\":\"https:\\\/\\\/diarisanitat.cat\\\/recerca-en-salut\\\/blog\\\/2023\\\/07\\\/31\\\/la-importancia-del-tractament-precoc-en-lesclerosi-multiple\\\/\"},\"author\":{\"name\":\"Carme Escales\",\"@id\":\"https:\\\/\\\/diarisanitat.cat\\\/recerca-en-salut\\\/#\\\/schema\\\/person\\\/9080795ef06d370257b1c8e7967c8de8\"},\"headline\":\"La import\u00e0ncia del tractament preco\u00e7 en l\u2019esclerosi m\u00faltiple\",\"datePublished\":\"2023-07-31T11:11:14+00:00\",\"dateModified\":\"2024-07-08T15:15:01+00:00\",\"mainEntityOfPage\":{\"@id\":\"https:\\\/\\\/diarisanitat.cat\\\/recerca-en-salut\\\/blog\\\/2023\\\/07\\\/31\\\/la-importancia-del-tractament-precoc-en-lesclerosi-multiple\\\/\"},\"wordCount\":1038,\"commentCount\":0,\"image\":{\"@id\":\"https:\\\/\\\/diarisanitat.cat\\\/recerca-en-salut\\\/blog\\\/2023\\\/07\\\/31\\\/la-importancia-del-tractament-precoc-en-lesclerosi-multiple\\\/#primaryimage\"},\"thumbnailUrl\":\"https:\\\/\\\/diarisanitat.cat\\\/recerca-en-salut\\\/wp-content\\\/uploads\\\/sites\\\/4\\\/2023\\\/07\\\/Investigadors-del-grup-de-Neuroimmunologia-Clinica-del-VHIR-i-del-Cemcat.jpg\",\"keywords\":[\"recerca\"],\"articleSection\":[\"Recerca\"],\"inLanguage\":\"es\",\"potentialAction\":[{\"@type\":\"CommentAction\",\"name\":\"Comment\",\"target\":[\"https:\\\/\\\/diarisanitat.cat\\\/recerca-en-salut\\\/blog\\\/2023\\\/07\\\/31\\\/la-importancia-del-tractament-precoc-en-lesclerosi-multiple\\\/#respond\"]}]},{\"@type\":\"WebPage\",\"@id\":\"https:\\\/\\\/diarisanitat.cat\\\/recerca-en-salut\\\/blog\\\/2023\\\/07\\\/31\\\/la-importancia-del-tractament-precoc-en-lesclerosi-multiple\\\/\",\"url\":\"https:\\\/\\\/diarisanitat.cat\\\/recerca-en-salut\\\/blog\\\/2023\\\/07\\\/31\\\/la-importancia-del-tractament-precoc-en-lesclerosi-multiple\\\/\",\"name\":\"La import\u00e0ncia del tractament preco\u00e7 en l\u2019esclerosi m\u00faltiple - Recerca en salut\",\"isPartOf\":{\"@id\":\"https:\\\/\\\/diarisanitat.cat\\\/recerca-en-salut\\\/#website\"},\"primaryImageOfPage\":{\"@id\":\"https:\\\/\\\/diarisanitat.cat\\\/recerca-en-salut\\\/blog\\\/2023\\\/07\\\/31\\\/la-importancia-del-tractament-precoc-en-lesclerosi-multiple\\\/#primaryimage\"},\"image\":{\"@id\":\"https:\\\/\\\/diarisanitat.cat\\\/recerca-en-salut\\\/blog\\\/2023\\\/07\\\/31\\\/la-importancia-del-tractament-precoc-en-lesclerosi-multiple\\\/#primaryimage\"},\"thumbnailUrl\":\"https:\\\/\\\/diarisanitat.cat\\\/recerca-en-salut\\\/wp-content\\\/uploads\\\/sites\\\/4\\\/2023\\\/07\\\/Investigadors-del-grup-de-Neuroimmunologia-Clinica-del-VHIR-i-del-Cemcat.jpg\",\"datePublished\":\"2023-07-31T11:11:14+00:00\",\"dateModified\":\"2024-07-08T15:15:01+00:00\",\"author\":{\"@id\":\"https:\\\/\\\/diarisanitat.cat\\\/recerca-en-salut\\\/#\\\/schema\\\/person\\\/9080795ef06d370257b1c8e7967c8de8\"},\"breadcrumb\":{\"@id\":\"https:\\\/\\\/diarisanitat.cat\\\/recerca-en-salut\\\/blog\\\/2023\\\/07\\\/31\\\/la-importancia-del-tractament-precoc-en-lesclerosi-multiple\\\/#breadcrumb\"},\"inLanguage\":\"es\",\"potentialAction\":[{\"@type\":\"ReadAction\",\"target\":[\"https:\\\/\\\/diarisanitat.cat\\\/recerca-en-salut\\\/blog\\\/2023\\\/07\\\/31\\\/la-importancia-del-tractament-precoc-en-lesclerosi-multiple\\\/\"]}]},{\"@type\":\"ImageObject\",\"inLanguage\":\"es\",\"@id\":\"https:\\\/\\\/diarisanitat.cat\\\/recerca-en-salut\\\/blog\\\/2023\\\/07\\\/31\\\/la-importancia-del-tractament-precoc-en-lesclerosi-multiple\\\/#primaryimage\",\"url\":\"https:\\\/\\\/diarisanitat.cat\\\/recerca-en-salut\\\/wp-content\\\/uploads\\\/sites\\\/4\\\/2023\\\/07\\\/Investigadors-del-grup-de-Neuroimmunologia-Clinica-del-VHIR-i-del-Cemcat.jpg\",\"contentUrl\":\"https:\\\/\\\/diarisanitat.cat\\\/recerca-en-salut\\\/wp-content\\\/uploads\\\/sites\\\/4\\\/2023\\\/07\\\/Investigadors-del-grup-de-Neuroimmunologia-Clinica-del-VHIR-i-del-Cemcat.jpg\",\"width\":2500,\"height\":1316,\"caption\":\"Investigadors del grup de Neuroimmunologia Cl\u00ednica del VHIR i del Cemcat\"},{\"@type\":\"BreadcrumbList\",\"@id\":\"https:\\\/\\\/diarisanitat.cat\\\/recerca-en-salut\\\/blog\\\/2023\\\/07\\\/31\\\/la-importancia-del-tractament-precoc-en-lesclerosi-multiple\\\/#breadcrumb\",\"itemListElement\":[{\"@type\":\"ListItem\",\"position\":1,\"name\":\"Portada\",\"item\":\"https:\\\/\\\/diarisanitat.cat\\\/recerca-en-salut\\\/\"},{\"@type\":\"ListItem\",\"position\":2,\"name\":\"La import\u00e0ncia del tractament preco\u00e7 en l\u2019esclerosi m\u00faltiple\"}]},{\"@type\":\"WebSite\",\"@id\":\"https:\\\/\\\/diarisanitat.cat\\\/recerca-en-salut\\\/#website\",\"url\":\"https:\\\/\\\/diarisanitat.cat\\\/recerca-en-salut\\\/\",\"name\":\"Recerca en salut\",\"description\":\"\",\"potentialAction\":[{\"@type\":\"SearchAction\",\"target\":{\"@type\":\"EntryPoint\",\"urlTemplate\":\"https:\\\/\\\/diarisanitat.cat\\\/recerca-en-salut\\\/?s={search_term_string}\"},\"query-input\":{\"@type\":\"PropertyValueSpecification\",\"valueRequired\":true,\"valueName\":\"search_term_string\"}}],\"inLanguage\":\"es\"},{\"@type\":\"Person\",\"@id\":\"https:\\\/\\\/diarisanitat.cat\\\/recerca-en-salut\\\/#\\\/schema\\\/person\\\/9080795ef06d370257b1c8e7967c8de8\",\"name\":\"Carme Escales\",\"image\":{\"@type\":\"ImageObject\",\"inLanguage\":\"es\",\"@id\":\"https:\\\/\\\/diarisanitat.cat\\\/wp-content\\\/uploads\\\/2024\\\/11\\\/carme-escales_avatar-96x96.png\",\"url\":\"https:\\\/\\\/diarisanitat.cat\\\/wp-content\\\/uploads\\\/2024\\\/11\\\/carme-escales_avatar-96x96.png\",\"contentUrl\":\"https:\\\/\\\/diarisanitat.cat\\\/wp-content\\\/uploads\\\/2024\\\/11\\\/carme-escales_avatar-96x96.png\",\"caption\":\"Carme Escales\"},\"description\":\"Periodista amb m\u00e9s de 20 anys d'experi\u00e8ncia. Especialitzada en posar a l'abast de tothom el llenguatge de la medicina, la ci\u00e8ncia i la salut.\",\"url\":\"https:\\\/\\\/diarisanitat.cat\\\/recerca-en-salut\\\/blog\\\/author\\\/carmeescales\\\/\"}]}<\/script>\n<!-- \/ Yoast SEO plugin. -->","yoast_head_json":{"title":"La import\u00e0ncia del tractament preco\u00e7 en l\u2019esclerosi m\u00faltiple - Recerca en salut","robots":{"index":"index","follow":"follow","max-snippet":"max-snippet:-1","max-image-preview":"max-image-preview:large","max-video-preview":"max-video-preview:-1"},"canonical":"https:\/\/diarisanitat.cat\/recerca-en-salut\/blog\/2023\/07\/31\/la-importancia-del-tractament-precoc-en-lesclerosi-multiple\/","og_locale":"es_ES","og_type":"article","og_title":"La import\u00e0ncia del tractament preco\u00e7 en l\u2019esclerosi m\u00faltiple - Recerca en salut","og_description":"L\u2019Hospital del Vall d\u2019Hebron demostra que iniciar la medicaci\u00f3 en pacients amb els primers s\u00edmptomes de la malaltia redueix la seva discapacitat a llarg termini La comunicaci\u00f3 entre les c\u00e8l\u00b7lules del sistema nervi\u00f3s -neurones- i la medul\u00b7la espinal necessita de la mielina per a donar-se correctament. La mielina \u00e9s la capa protectora de les fibres","og_url":"https:\/\/diarisanitat.cat\/recerca-en-salut\/blog\/2023\/07\/31\/la-importancia-del-tractament-precoc-en-lesclerosi-multiple\/","og_site_name":"Recerca en salut","article_published_time":"2023-07-31T11:11:14+00:00","article_modified_time":"2024-07-08T15:15:01+00:00","og_image":[{"width":2500,"height":1316,"url":"https:\/\/diarisanitat.cat\/recerca-en-salut\/wp-content\/uploads\/sites\/4\/2023\/07\/Investigadors-del-grup-de-Neuroimmunologia-Clinica-del-VHIR-i-del-Cemcat.jpg","type":"image\/jpeg"}],"author":"Carme Escales","twitter_card":"summary_large_image","twitter_misc":{"Escrito por":"Carme Escales","Tiempo de lectura":"5 minutos"},"schema":{"@context":"https:\/\/schema.org","@graph":[{"@type":"Article","@id":"https:\/\/diarisanitat.cat\/recerca-en-salut\/blog\/2023\/07\/31\/la-importancia-del-tractament-precoc-en-lesclerosi-multiple\/#article","isPartOf":{"@id":"https:\/\/diarisanitat.cat\/recerca-en-salut\/blog\/2023\/07\/31\/la-importancia-del-tractament-precoc-en-lesclerosi-multiple\/"},"author":{"name":"Carme Escales","@id":"https:\/\/diarisanitat.cat\/recerca-en-salut\/#\/schema\/person\/9080795ef06d370257b1c8e7967c8de8"},"headline":"La import\u00e0ncia del tractament preco\u00e7 en l\u2019esclerosi m\u00faltiple","datePublished":"2023-07-31T11:11:14+00:00","dateModified":"2024-07-08T15:15:01+00:00","mainEntityOfPage":{"@id":"https:\/\/diarisanitat.cat\/recerca-en-salut\/blog\/2023\/07\/31\/la-importancia-del-tractament-precoc-en-lesclerosi-multiple\/"},"wordCount":1038,"commentCount":0,"image":{"@id":"https:\/\/diarisanitat.cat\/recerca-en-salut\/blog\/2023\/07\/31\/la-importancia-del-tractament-precoc-en-lesclerosi-multiple\/#primaryimage"},"thumbnailUrl":"https:\/\/diarisanitat.cat\/recerca-en-salut\/wp-content\/uploads\/sites\/4\/2023\/07\/Investigadors-del-grup-de-Neuroimmunologia-Clinica-del-VHIR-i-del-Cemcat.jpg","keywords":["recerca"],"articleSection":["Recerca"],"inLanguage":"es","potentialAction":[{"@type":"CommentAction","name":"Comment","target":["https:\/\/diarisanitat.cat\/recerca-en-salut\/blog\/2023\/07\/31\/la-importancia-del-tractament-precoc-en-lesclerosi-multiple\/#respond"]}]},{"@type":"WebPage","@id":"https:\/\/diarisanitat.cat\/recerca-en-salut\/blog\/2023\/07\/31\/la-importancia-del-tractament-precoc-en-lesclerosi-multiple\/","url":"https:\/\/diarisanitat.cat\/recerca-en-salut\/blog\/2023\/07\/31\/la-importancia-del-tractament-precoc-en-lesclerosi-multiple\/","name":"La import\u00e0ncia del tractament preco\u00e7 en l\u2019esclerosi m\u00faltiple - Recerca en salut","isPartOf":{"@id":"https:\/\/diarisanitat.cat\/recerca-en-salut\/#website"},"primaryImageOfPage":{"@id":"https:\/\/diarisanitat.cat\/recerca-en-salut\/blog\/2023\/07\/31\/la-importancia-del-tractament-precoc-en-lesclerosi-multiple\/#primaryimage"},"image":{"@id":"https:\/\/diarisanitat.cat\/recerca-en-salut\/blog\/2023\/07\/31\/la-importancia-del-tractament-precoc-en-lesclerosi-multiple\/#primaryimage"},"thumbnailUrl":"https:\/\/diarisanitat.cat\/recerca-en-salut\/wp-content\/uploads\/sites\/4\/2023\/07\/Investigadors-del-grup-de-Neuroimmunologia-Clinica-del-VHIR-i-del-Cemcat.jpg","datePublished":"2023-07-31T11:11:14+00:00","dateModified":"2024-07-08T15:15:01+00:00","author":{"@id":"https:\/\/diarisanitat.cat\/recerca-en-salut\/#\/schema\/person\/9080795ef06d370257b1c8e7967c8de8"},"breadcrumb":{"@id":"https:\/\/diarisanitat.cat\/recerca-en-salut\/blog\/2023\/07\/31\/la-importancia-del-tractament-precoc-en-lesclerosi-multiple\/#breadcrumb"},"inLanguage":"es","potentialAction":[{"@type":"ReadAction","target":["https:\/\/diarisanitat.cat\/recerca-en-salut\/blog\/2023\/07\/31\/la-importancia-del-tractament-precoc-en-lesclerosi-multiple\/"]}]},{"@type":"ImageObject","inLanguage":"es","@id":"https:\/\/diarisanitat.cat\/recerca-en-salut\/blog\/2023\/07\/31\/la-importancia-del-tractament-precoc-en-lesclerosi-multiple\/#primaryimage","url":"https:\/\/diarisanitat.cat\/recerca-en-salut\/wp-content\/uploads\/sites\/4\/2023\/07\/Investigadors-del-grup-de-Neuroimmunologia-Clinica-del-VHIR-i-del-Cemcat.jpg","contentUrl":"https:\/\/diarisanitat.cat\/recerca-en-salut\/wp-content\/uploads\/sites\/4\/2023\/07\/Investigadors-del-grup-de-Neuroimmunologia-Clinica-del-VHIR-i-del-Cemcat.jpg","width":2500,"height":1316,"caption":"Investigadors del grup de Neuroimmunologia Cl\u00ednica del VHIR i del Cemcat"},{"@type":"BreadcrumbList","@id":"https:\/\/diarisanitat.cat\/recerca-en-salut\/blog\/2023\/07\/31\/la-importancia-del-tractament-precoc-en-lesclerosi-multiple\/#breadcrumb","itemListElement":[{"@type":"ListItem","position":1,"name":"Portada","item":"https:\/\/diarisanitat.cat\/recerca-en-salut\/"},{"@type":"ListItem","position":2,"name":"La import\u00e0ncia del tractament preco\u00e7 en l\u2019esclerosi m\u00faltiple"}]},{"@type":"WebSite","@id":"https:\/\/diarisanitat.cat\/recerca-en-salut\/#website","url":"https:\/\/diarisanitat.cat\/recerca-en-salut\/","name":"Recerca en salut","description":"","potentialAction":[{"@type":"SearchAction","target":{"@type":"EntryPoint","urlTemplate":"https:\/\/diarisanitat.cat\/recerca-en-salut\/?s={search_term_string}"},"query-input":{"@type":"PropertyValueSpecification","valueRequired":true,"valueName":"search_term_string"}}],"inLanguage":"es"},{"@type":"Person","@id":"https:\/\/diarisanitat.cat\/recerca-en-salut\/#\/schema\/person\/9080795ef06d370257b1c8e7967c8de8","name":"Carme Escales","image":{"@type":"ImageObject","inLanguage":"es","@id":"https:\/\/diarisanitat.cat\/wp-content\/uploads\/2024\/11\/carme-escales_avatar-96x96.png","url":"https:\/\/diarisanitat.cat\/wp-content\/uploads\/2024\/11\/carme-escales_avatar-96x96.png","contentUrl":"https:\/\/diarisanitat.cat\/wp-content\/uploads\/2024\/11\/carme-escales_avatar-96x96.png","caption":"Carme Escales"},"description":"Periodista amb m\u00e9s de 20 anys d'experi\u00e8ncia. Especialitzada en posar a l'abast de tothom el llenguatge de la medicina, la ci\u00e8ncia i la salut.","url":"https:\/\/diarisanitat.cat\/recerca-en-salut\/blog\/author\/carmeescales\/"}]}},"_links":{"self":[{"href":"https:\/\/diarisanitat.cat\/recerca-en-salut\/wp-json\/wp\/v2\/posts\/1379","targetHints":{"allow":["GET"]}}],"collection":[{"href":"https:\/\/diarisanitat.cat\/recerca-en-salut\/wp-json\/wp\/v2\/posts"}],"about":[{"href":"https:\/\/diarisanitat.cat\/recerca-en-salut\/wp-json\/wp\/v2\/types\/post"}],"author":[{"embeddable":true,"href":"https:\/\/diarisanitat.cat\/recerca-en-salut\/wp-json\/wp\/v2\/users\/16"}],"replies":[{"embeddable":true,"href":"https:\/\/diarisanitat.cat\/recerca-en-salut\/wp-json\/wp\/v2\/comments?post=1379"}],"version-history":[{"count":1,"href":"https:\/\/diarisanitat.cat\/recerca-en-salut\/wp-json\/wp\/v2\/posts\/1379\/revisions"}],"predecessor-version":[{"id":37903,"href":"https:\/\/diarisanitat.cat\/recerca-en-salut\/wp-json\/wp\/v2\/posts\/1379\/revisions\/37903"}],"wp:featuredmedia":[{"embeddable":true,"href":"https:\/\/diarisanitat.cat\/recerca-en-salut\/wp-json\/wp\/v2\/media\/1380"}],"wp:attachment":[{"href":"https:\/\/diarisanitat.cat\/recerca-en-salut\/wp-json\/wp\/v2\/media?parent=1379"}],"wp:term":[{"taxonomy":"category","embeddable":true,"href":"https:\/\/diarisanitat.cat\/recerca-en-salut\/wp-json\/wp\/v2\/categories?post=1379"},{"taxonomy":"post_tag","embeddable":true,"href":"https:\/\/diarisanitat.cat\/recerca-en-salut\/wp-json\/wp\/v2\/tags?post=1379"},{"taxonomy":"tipo","embeddable":true,"href":"https:\/\/diarisanitat.cat\/recerca-en-salut\/wp-json\/wp\/v2\/tipo?post=1379"}],"curies":[{"name":"wp","href":"https:\/\/api.w.org\/{rel}","templated":true}]}}