{"id":1475,"date":"2023-10-27T09:03:14","date_gmt":"2023-10-27T09:03:14","guid":{"rendered":"https:\/\/diarisanitat.cat\/recerca-en-salut\/2023\/10\/27\/dr-ferran-masanes-hem-de-coneixer-el-grau-de-fragilitat-que-te-el-pacient-per-avaluar-correctament-el-grau-dintensitat-terapeutica-que-hem-daplicar-en-cada-cas\/"},"modified":"2024-07-08T15:15:07","modified_gmt":"2024-07-08T15:15:07","slug":"dr-ferran-masanes-hem-de-coneixer-el-grau-de-fragilitat-que-te-el-pacient-per-avaluar-correctament-el-grau-dintensitat-terapeutica-que-hem-daplicar-en-cada-cas","status":"publish","type":"post","link":"https:\/\/diarisanitat.cat\/recerca-en-salut\/blog\/2023\/10\/27\/dr-ferran-masanes-hem-de-coneixer-el-grau-de-fragilitat-que-te-el-pacient-per-avaluar-correctament-el-grau-dintensitat-terapeutica-que-hem-daplicar-en-cada-cas\/","title":{"rendered":"Dr. Ferran Masan\u00e9s: \u201cHem de con\u00e8ixer el grau de fragilitat que t\u00e9 el pacient per avaluar correctament el grau d\u2019intensitat terap\u00e8utica que hem d\u2019aplicar en cada cas\u201d"},"content":{"rendered":"<p>El Comit\u00e8 d\u2019Etica Assistencial de l\u2019Hospital Cl\u00ednic Barcelona t\u00e9 la funci\u00f3 d\u2019assessorar sobre dilemes \u00e8tics durant la pr\u00e0ctica assistencial. Amb el Dr. Ferran Masan\u00e9s conversem sobre els reptes de futur del Comit\u00e8 d\u2019\u00e8tica i, entre d\u2019altres, sobre com ha canviat l\u2019atenci\u00f3 a la gent gran.&amp;nbsp;<\/p>\n","protected":false},"excerpt":{"rendered":"<p>El Comit\u00e8 d\u2019Etica Assistencial de l\u2019Hospital Cl\u00ednic Barcelona t\u00e9 la funci\u00f3 d\u2019assessorar sobre dilemes \u00e8tics durant la pr\u00e0ctica assistencial. Amb el Dr. Ferran Masan\u00e9s conversem sobre els reptes de futur del Comit\u00e8 d\u2019\u00e8tica i, entre d\u2019altres, sobre com ha canviat l\u2019atenci\u00f3 a la gent gran.&amp;nbsp;<\/p>\n","protected":false},"author":1,"featured_media":0,"comment_status":"open","ping_status":"open","sticky":false,"template":"","format":"standard","meta":{"_acf_changed":false,"footnotes":""},"categories":[1],"tags":[],"tipo":[],"class_list":{"0":"post-1475","1":"post","2":"type-post","3":"status-publish","4":"format-standard","6":"category-uncategorized"},"acf":[],"yoast_head":"<!-- This site is optimized with the Yoast SEO plugin v27.5 - https:\/\/yoast.com\/product\/yoast-seo-wordpress\/ -->\n<title>Dr. Ferran Masan\u00e9s: \u201cHem de con\u00e8ixer el grau de fragilitat que t\u00e9 el pacient per avaluar correctament el grau d\u2019intensitat terap\u00e8utica que hem d\u2019aplicar en cada cas\u201d - Recerca en salut<\/title>\n<meta name=\"robots\" content=\"index, follow, max-snippet:-1, max-image-preview:large, max-video-preview:-1\" \/>\n<link rel=\"canonical\" href=\"https:\/\/diarisanitat.cat\/recerca-en-salut\/blog\/2023\/10\/27\/dr-ferran-masanes-hem-de-coneixer-el-grau-de-fragilitat-que-te-el-pacient-per-avaluar-correctament-el-grau-dintensitat-terapeutica-que-hem-daplicar-en-cada-cas\/\" \/>\n<meta property=\"og:locale\" content=\"es_ES\" \/>\n<meta property=\"og:type\" content=\"article\" \/>\n<meta property=\"og:title\" content=\"Dr. Ferran Masan\u00e9s: \u201cHem de con\u00e8ixer el grau de fragilitat que t\u00e9 el pacient per avaluar correctament el grau d\u2019intensitat terap\u00e8utica que hem d\u2019aplicar en cada cas\u201d - Recerca en salut\" \/>\n<meta property=\"og:description\" content=\"El Comit\u00e8 d\u2019Etica Assistencial de l\u2019Hospital Cl\u00ednic Barcelona t\u00e9 la funci\u00f3 d\u2019assessorar sobre dilemes \u00e8tics durant la pr\u00e0ctica assistencial. Amb el Dr. Ferran Masan\u00e9s conversem sobre els reptes de futur del Comit\u00e8 d\u2019\u00e8tica i, entre d\u2019altres, sobre com ha canviat l\u2019atenci\u00f3 a la gent gran.&amp;nbsp;\" \/>\n<meta property=\"og:url\" content=\"https:\/\/diarisanitat.cat\/recerca-en-salut\/blog\/2023\/10\/27\/dr-ferran-masanes-hem-de-coneixer-el-grau-de-fragilitat-que-te-el-pacient-per-avaluar-correctament-el-grau-dintensitat-terapeutica-que-hem-daplicar-en-cada-cas\/\" \/>\n<meta property=\"og:site_name\" content=\"Recerca en salut\" \/>\n<meta property=\"article:published_time\" content=\"2023-10-27T09:03:14+00:00\" \/>\n<meta property=\"article:modified_time\" content=\"2024-07-08T15:15:07+00:00\" \/>\n<meta name=\"author\" content=\"Redacci\u00f3\" \/>\n<meta name=\"twitter:card\" content=\"summary_large_image\" \/>\n<meta name=\"twitter:label1\" content=\"Escrito por\" \/>\n\t<meta name=\"twitter:data1\" content=\"Redacci\u00f3\" \/>\n<script type=\"application\/ld+json\" class=\"yoast-schema-graph\">{\"@context\":\"https:\\\/\\\/schema.org\",\"@graph\":[{\"@type\":\"Article\",\"@id\":\"https:\\\/\\\/diarisanitat.cat\\\/recerca-en-salut\\\/blog\\\/2023\\\/10\\\/27\\\/dr-ferran-masanes-hem-de-coneixer-el-grau-de-fragilitat-que-te-el-pacient-per-avaluar-correctament-el-grau-dintensitat-terapeutica-que-hem-daplicar-en-cada-cas\\\/#article\",\"isPartOf\":{\"@id\":\"https:\\\/\\\/diarisanitat.cat\\\/recerca-en-salut\\\/blog\\\/2023\\\/10\\\/27\\\/dr-ferran-masanes-hem-de-coneixer-el-grau-de-fragilitat-que-te-el-pacient-per-avaluar-correctament-el-grau-dintensitat-terapeutica-que-hem-daplicar-en-cada-cas\\\/\"},\"author\":{\"name\":\"Redacci\u00f3\",\"@id\":\"https:\\\/\\\/diarisanitat.cat\\\/recerca-en-salut\\\/#\\\/schema\\\/person\\\/9de78768f9e1608c4e3acede8e5f91c4\"},\"headline\":\"Dr. Ferran Masan\u00e9s: \u201cHem de con\u00e8ixer el grau de fragilitat que t\u00e9 el pacient per avaluar correctament el grau d\u2019intensitat terap\u00e8utica que hem d\u2019aplicar en cada cas\u201d\",\"datePublished\":\"2023-10-27T09:03:14+00:00\",\"dateModified\":\"2024-07-08T15:15:07+00:00\",\"mainEntityOfPage\":{\"@id\":\"https:\\\/\\\/diarisanitat.cat\\\/recerca-en-salut\\\/blog\\\/2023\\\/10\\\/27\\\/dr-ferran-masanes-hem-de-coneixer-el-grau-de-fragilitat-que-te-el-pacient-per-avaluar-correctament-el-grau-dintensitat-terapeutica-que-hem-daplicar-en-cada-cas\\\/\"},\"wordCount\":88,\"commentCount\":0,\"articleSection\":[\"Uncategorized\"],\"inLanguage\":\"es\",\"potentialAction\":[{\"@type\":\"CommentAction\",\"name\":\"Comment\",\"target\":[\"https:\\\/\\\/diarisanitat.cat\\\/recerca-en-salut\\\/blog\\\/2023\\\/10\\\/27\\\/dr-ferran-masanes-hem-de-coneixer-el-grau-de-fragilitat-que-te-el-pacient-per-avaluar-correctament-el-grau-dintensitat-terapeutica-que-hem-daplicar-en-cada-cas\\\/#respond\"]}]},{\"@type\":\"WebPage\",\"@id\":\"https:\\\/\\\/diarisanitat.cat\\\/recerca-en-salut\\\/blog\\\/2023\\\/10\\\/27\\\/dr-ferran-masanes-hem-de-coneixer-el-grau-de-fragilitat-que-te-el-pacient-per-avaluar-correctament-el-grau-dintensitat-terapeutica-que-hem-daplicar-en-cada-cas\\\/\",\"url\":\"https:\\\/\\\/diarisanitat.cat\\\/recerca-en-salut\\\/blog\\\/2023\\\/10\\\/27\\\/dr-ferran-masanes-hem-de-coneixer-el-grau-de-fragilitat-que-te-el-pacient-per-avaluar-correctament-el-grau-dintensitat-terapeutica-que-hem-daplicar-en-cada-cas\\\/\",\"name\":\"Dr. Ferran Masan\u00e9s: \u201cHem de con\u00e8ixer el grau de fragilitat que t\u00e9 el pacient per avaluar correctament el grau d\u2019intensitat terap\u00e8utica que hem d\u2019aplicar en cada cas\u201d - Recerca en salut\",\"isPartOf\":{\"@id\":\"https:\\\/\\\/diarisanitat.cat\\\/recerca-en-salut\\\/#website\"},\"datePublished\":\"2023-10-27T09:03:14+00:00\",\"dateModified\":\"2024-07-08T15:15:07+00:00\",\"author\":{\"@id\":\"https:\\\/\\\/diarisanitat.cat\\\/recerca-en-salut\\\/#\\\/schema\\\/person\\\/9de78768f9e1608c4e3acede8e5f91c4\"},\"breadcrumb\":{\"@id\":\"https:\\\/\\\/diarisanitat.cat\\\/recerca-en-salut\\\/blog\\\/2023\\\/10\\\/27\\\/dr-ferran-masanes-hem-de-coneixer-el-grau-de-fragilitat-que-te-el-pacient-per-avaluar-correctament-el-grau-dintensitat-terapeutica-que-hem-daplicar-en-cada-cas\\\/#breadcrumb\"},\"inLanguage\":\"es\",\"potentialAction\":[{\"@type\":\"ReadAction\",\"target\":[\"https:\\\/\\\/diarisanitat.cat\\\/recerca-en-salut\\\/blog\\\/2023\\\/10\\\/27\\\/dr-ferran-masanes-hem-de-coneixer-el-grau-de-fragilitat-que-te-el-pacient-per-avaluar-correctament-el-grau-dintensitat-terapeutica-que-hem-daplicar-en-cada-cas\\\/\"]}]},{\"@type\":\"BreadcrumbList\",\"@id\":\"https:\\\/\\\/diarisanitat.cat\\\/recerca-en-salut\\\/blog\\\/2023\\\/10\\\/27\\\/dr-ferran-masanes-hem-de-coneixer-el-grau-de-fragilitat-que-te-el-pacient-per-avaluar-correctament-el-grau-dintensitat-terapeutica-que-hem-daplicar-en-cada-cas\\\/#breadcrumb\",\"itemListElement\":[{\"@type\":\"ListItem\",\"position\":1,\"name\":\"Portada\",\"item\":\"https:\\\/\\\/diarisanitat.cat\\\/recerca-en-salut\\\/\"},{\"@type\":\"ListItem\",\"position\":2,\"name\":\"Dr. Ferran Masan\u00e9s: \u201cHem de con\u00e8ixer el grau de fragilitat que t\u00e9 el pacient per avaluar correctament el grau d\u2019intensitat terap\u00e8utica que hem d\u2019aplicar en cada cas\u201d\"}]},{\"@type\":\"WebSite\",\"@id\":\"https:\\\/\\\/diarisanitat.cat\\\/recerca-en-salut\\\/#website\",\"url\":\"https:\\\/\\\/diarisanitat.cat\\\/recerca-en-salut\\\/\",\"name\":\"Recerca en salut\",\"description\":\"\",\"potentialAction\":[{\"@type\":\"SearchAction\",\"target\":{\"@type\":\"EntryPoint\",\"urlTemplate\":\"https:\\\/\\\/diarisanitat.cat\\\/recerca-en-salut\\\/?s={search_term_string}\"},\"query-input\":{\"@type\":\"PropertyValueSpecification\",\"valueRequired\":true,\"valueName\":\"search_term_string\"}}],\"inLanguage\":\"es\"},{\"@type\":\"Person\",\"@id\":\"https:\\\/\\\/diarisanitat.cat\\\/recerca-en-salut\\\/#\\\/schema\\\/person\\\/9de78768f9e1608c4e3acede8e5f91c4\",\"name\":\"Redacci\u00f3\",\"image\":{\"@type\":\"ImageObject\",\"inLanguage\":\"es\",\"@id\":\"https:\\\/\\\/secure.gravatar.com\\\/avatar\\\/e952ad62e08be1daabaefebd12d26c1e5fbfd687693aaa066db2433a21638ad8?s=96&d=mm&r=g\",\"url\":\"https:\\\/\\\/secure.gravatar.com\\\/avatar\\\/e952ad62e08be1daabaefebd12d26c1e5fbfd687693aaa066db2433a21638ad8?s=96&d=mm&r=g\",\"contentUrl\":\"https:\\\/\\\/secure.gravatar.com\\\/avatar\\\/e952ad62e08be1daabaefebd12d26c1e5fbfd687693aaa066db2433a21638ad8?s=96&d=mm&r=g\",\"caption\":\"Redacci\u00f3\"},\"url\":\"https:\\\/\\\/diarisanitat.cat\\\/recerca-en-salut\\\/blog\\\/author\\\/npenin\\\/\"}]}<\/script>\n<!-- \/ Yoast SEO plugin. -->","yoast_head_json":{"title":"Dr. Ferran Masan\u00e9s: \u201cHem de con\u00e8ixer el grau de fragilitat que t\u00e9 el pacient per avaluar correctament el grau d\u2019intensitat terap\u00e8utica que hem d\u2019aplicar en cada cas\u201d - Recerca en salut","robots":{"index":"index","follow":"follow","max-snippet":"max-snippet:-1","max-image-preview":"max-image-preview:large","max-video-preview":"max-video-preview:-1"},"canonical":"https:\/\/diarisanitat.cat\/recerca-en-salut\/blog\/2023\/10\/27\/dr-ferran-masanes-hem-de-coneixer-el-grau-de-fragilitat-que-te-el-pacient-per-avaluar-correctament-el-grau-dintensitat-terapeutica-que-hem-daplicar-en-cada-cas\/","og_locale":"es_ES","og_type":"article","og_title":"Dr. Ferran Masan\u00e9s: \u201cHem de con\u00e8ixer el grau de fragilitat que t\u00e9 el pacient per avaluar correctament el grau d\u2019intensitat terap\u00e8utica que hem d\u2019aplicar en cada cas\u201d - Recerca en salut","og_description":"El Comit\u00e8 d\u2019Etica Assistencial de l\u2019Hospital Cl\u00ednic Barcelona t\u00e9 la funci\u00f3 d\u2019assessorar sobre dilemes \u00e8tics durant la pr\u00e0ctica assistencial. Amb el Dr. Ferran Masan\u00e9s conversem sobre els reptes de futur del Comit\u00e8 d\u2019\u00e8tica i, entre d\u2019altres, sobre com ha canviat l\u2019atenci\u00f3 a la gent gran.&amp;nbsp;","og_url":"https:\/\/diarisanitat.cat\/recerca-en-salut\/blog\/2023\/10\/27\/dr-ferran-masanes-hem-de-coneixer-el-grau-de-fragilitat-que-te-el-pacient-per-avaluar-correctament-el-grau-dintensitat-terapeutica-que-hem-daplicar-en-cada-cas\/","og_site_name":"Recerca en salut","article_published_time":"2023-10-27T09:03:14+00:00","article_modified_time":"2024-07-08T15:15:07+00:00","author":"Redacci\u00f3","twitter_card":"summary_large_image","twitter_misc":{"Escrito por":"Redacci\u00f3"},"schema":{"@context":"https:\/\/schema.org","@graph":[{"@type":"Article","@id":"https:\/\/diarisanitat.cat\/recerca-en-salut\/blog\/2023\/10\/27\/dr-ferran-masanes-hem-de-coneixer-el-grau-de-fragilitat-que-te-el-pacient-per-avaluar-correctament-el-grau-dintensitat-terapeutica-que-hem-daplicar-en-cada-cas\/#article","isPartOf":{"@id":"https:\/\/diarisanitat.cat\/recerca-en-salut\/blog\/2023\/10\/27\/dr-ferran-masanes-hem-de-coneixer-el-grau-de-fragilitat-que-te-el-pacient-per-avaluar-correctament-el-grau-dintensitat-terapeutica-que-hem-daplicar-en-cada-cas\/"},"author":{"name":"Redacci\u00f3","@id":"https:\/\/diarisanitat.cat\/recerca-en-salut\/#\/schema\/person\/9de78768f9e1608c4e3acede8e5f91c4"},"headline":"Dr. Ferran Masan\u00e9s: \u201cHem de con\u00e8ixer el grau de fragilitat que t\u00e9 el pacient per avaluar correctament el grau d\u2019intensitat terap\u00e8utica que hem d\u2019aplicar en cada cas\u201d","datePublished":"2023-10-27T09:03:14+00:00","dateModified":"2024-07-08T15:15:07+00:00","mainEntityOfPage":{"@id":"https:\/\/diarisanitat.cat\/recerca-en-salut\/blog\/2023\/10\/27\/dr-ferran-masanes-hem-de-coneixer-el-grau-de-fragilitat-que-te-el-pacient-per-avaluar-correctament-el-grau-dintensitat-terapeutica-que-hem-daplicar-en-cada-cas\/"},"wordCount":88,"commentCount":0,"articleSection":["Uncategorized"],"inLanguage":"es","potentialAction":[{"@type":"CommentAction","name":"Comment","target":["https:\/\/diarisanitat.cat\/recerca-en-salut\/blog\/2023\/10\/27\/dr-ferran-masanes-hem-de-coneixer-el-grau-de-fragilitat-que-te-el-pacient-per-avaluar-correctament-el-grau-dintensitat-terapeutica-que-hem-daplicar-en-cada-cas\/#respond"]}]},{"@type":"WebPage","@id":"https:\/\/diarisanitat.cat\/recerca-en-salut\/blog\/2023\/10\/27\/dr-ferran-masanes-hem-de-coneixer-el-grau-de-fragilitat-que-te-el-pacient-per-avaluar-correctament-el-grau-dintensitat-terapeutica-que-hem-daplicar-en-cada-cas\/","url":"https:\/\/diarisanitat.cat\/recerca-en-salut\/blog\/2023\/10\/27\/dr-ferran-masanes-hem-de-coneixer-el-grau-de-fragilitat-que-te-el-pacient-per-avaluar-correctament-el-grau-dintensitat-terapeutica-que-hem-daplicar-en-cada-cas\/","name":"Dr. Ferran Masan\u00e9s: \u201cHem de con\u00e8ixer el grau de fragilitat que t\u00e9 el pacient per avaluar correctament el grau d\u2019intensitat terap\u00e8utica que hem d\u2019aplicar en cada cas\u201d - Recerca en salut","isPartOf":{"@id":"https:\/\/diarisanitat.cat\/recerca-en-salut\/#website"},"datePublished":"2023-10-27T09:03:14+00:00","dateModified":"2024-07-08T15:15:07+00:00","author":{"@id":"https:\/\/diarisanitat.cat\/recerca-en-salut\/#\/schema\/person\/9de78768f9e1608c4e3acede8e5f91c4"},"breadcrumb":{"@id":"https:\/\/diarisanitat.cat\/recerca-en-salut\/blog\/2023\/10\/27\/dr-ferran-masanes-hem-de-coneixer-el-grau-de-fragilitat-que-te-el-pacient-per-avaluar-correctament-el-grau-dintensitat-terapeutica-que-hem-daplicar-en-cada-cas\/#breadcrumb"},"inLanguage":"es","potentialAction":[{"@type":"ReadAction","target":["https:\/\/diarisanitat.cat\/recerca-en-salut\/blog\/2023\/10\/27\/dr-ferran-masanes-hem-de-coneixer-el-grau-de-fragilitat-que-te-el-pacient-per-avaluar-correctament-el-grau-dintensitat-terapeutica-que-hem-daplicar-en-cada-cas\/"]}]},{"@type":"BreadcrumbList","@id":"https:\/\/diarisanitat.cat\/recerca-en-salut\/blog\/2023\/10\/27\/dr-ferran-masanes-hem-de-coneixer-el-grau-de-fragilitat-que-te-el-pacient-per-avaluar-correctament-el-grau-dintensitat-terapeutica-que-hem-daplicar-en-cada-cas\/#breadcrumb","itemListElement":[{"@type":"ListItem","position":1,"name":"Portada","item":"https:\/\/diarisanitat.cat\/recerca-en-salut\/"},{"@type":"ListItem","position":2,"name":"Dr. Ferran Masan\u00e9s: \u201cHem de con\u00e8ixer el grau de fragilitat que t\u00e9 el pacient per avaluar correctament el grau d\u2019intensitat terap\u00e8utica que hem d\u2019aplicar en cada cas\u201d"}]},{"@type":"WebSite","@id":"https:\/\/diarisanitat.cat\/recerca-en-salut\/#website","url":"https:\/\/diarisanitat.cat\/recerca-en-salut\/","name":"Recerca en salut","description":"","potentialAction":[{"@type":"SearchAction","target":{"@type":"EntryPoint","urlTemplate":"https:\/\/diarisanitat.cat\/recerca-en-salut\/?s={search_term_string}"},"query-input":{"@type":"PropertyValueSpecification","valueRequired":true,"valueName":"search_term_string"}}],"inLanguage":"es"},{"@type":"Person","@id":"https:\/\/diarisanitat.cat\/recerca-en-salut\/#\/schema\/person\/9de78768f9e1608c4e3acede8e5f91c4","name":"Redacci\u00f3","image":{"@type":"ImageObject","inLanguage":"es","@id":"https:\/\/secure.gravatar.com\/avatar\/e952ad62e08be1daabaefebd12d26c1e5fbfd687693aaa066db2433a21638ad8?s=96&d=mm&r=g","url":"https:\/\/secure.gravatar.com\/avatar\/e952ad62e08be1daabaefebd12d26c1e5fbfd687693aaa066db2433a21638ad8?s=96&d=mm&r=g","contentUrl":"https:\/\/secure.gravatar.com\/avatar\/e952ad62e08be1daabaefebd12d26c1e5fbfd687693aaa066db2433a21638ad8?s=96&d=mm&r=g","caption":"Redacci\u00f3"},"url":"https:\/\/diarisanitat.cat\/recerca-en-salut\/blog\/author\/npenin\/"}]}},"_links":{"self":[{"href":"https:\/\/diarisanitat.cat\/recerca-en-salut\/wp-json\/wp\/v2\/posts\/1475","targetHints":{"allow":["GET"]}}],"collection":[{"href":"https:\/\/diarisanitat.cat\/recerca-en-salut\/wp-json\/wp\/v2\/posts"}],"about":[{"href":"https:\/\/diarisanitat.cat\/recerca-en-salut\/wp-json\/wp\/v2\/types\/post"}],"author":[{"embeddable":true,"href":"https:\/\/diarisanitat.cat\/recerca-en-salut\/wp-json\/wp\/v2\/users\/1"}],"replies":[{"embeddable":true,"href":"https:\/\/diarisanitat.cat\/recerca-en-salut\/wp-json\/wp\/v2\/comments?post=1475"}],"version-history":[{"count":1,"href":"https:\/\/diarisanitat.cat\/recerca-en-salut\/wp-json\/wp\/v2\/posts\/1475\/revisions"}],"predecessor-version":[{"id":37973,"href":"https:\/\/diarisanitat.cat\/recerca-en-salut\/wp-json\/wp\/v2\/posts\/1475\/revisions\/37973"}],"wp:attachment":[{"href":"https:\/\/diarisanitat.cat\/recerca-en-salut\/wp-json\/wp\/v2\/media?parent=1475"}],"wp:term":[{"taxonomy":"category","embeddable":true,"href":"https:\/\/diarisanitat.cat\/recerca-en-salut\/wp-json\/wp\/v2\/categories?post=1475"},{"taxonomy":"post_tag","embeddable":true,"href":"https:\/\/diarisanitat.cat\/recerca-en-salut\/wp-json\/wp\/v2\/tags?post=1475"},{"taxonomy":"tipo","embeddable":true,"href":"https:\/\/diarisanitat.cat\/recerca-en-salut\/wp-json\/wp\/v2\/tipo?post=1475"}],"curies":[{"name":"wp","href":"https:\/\/api.w.org\/{rel}","templated":true}]}}