{"id":1519,"date":"2023-11-30T06:00:46","date_gmt":"2023-11-30T06:00:46","guid":{"rendered":"https:\/\/diarisanitat.cat\/recerca-en-salut\/?p=1519"},"modified":"2024-07-08T15:15:10","modified_gmt":"2024-07-08T15:15:10","slug":"33-projectes-amb-grans-reptes-de-salut","status":"publish","type":"post","link":"https:\/\/diarisanitat.cat\/recerca-en-salut\/blog\/2023\/11\/30\/33-projectes-amb-grans-reptes-de-salut\/","title":{"rendered":"33 projectes amb grans reptes de salut"},"content":{"rendered":"<p><strong>Estudiar com crear gl\u00f2buls vermells per a pacients amb an\u00e8mia falciforme o identificar nous biomarcadors per predir el risc de recaigudes en leuc\u00e8mia limfobl\u00e0stica aguda s\u00f3n objectiu de dues de les recerques cient\u00edfiques sobre salut que es podran fer a Espanya i Portugal gr\u00e0cies al suport de La Fundaci\u00f3 \u2018la Caixa\u2019. Nou de les investigacions es desenvoluparan a Catalunya.<\/strong><\/p>\n<p>L\u2019abordatge de determinats reptes de salut \u00e9s una fita ineludible en l\u2019agenda de La Fundaci\u00f3 \u2018la Caixa\u2019. Per aix\u00f2 impulsa la recerca en biomedicina i salut a Espanya i Portugal a trav\u00e9s de la convocat\u00f2ria <a href=\"https:\/\/caixaresearch.org\/ca\/\">CaixaResearch<\/a> d\u2019Investigaci\u00f3 en Salut. Amb ella dona suport a projectes de recerca b\u00e0sica, cl\u00ednica o translacional d\u2019excel\u00b7l\u00e8ncia cient\u00edfica i d\u2019impacte social en els \u00e0mbits d\u2019estudi de les malalties cardiovasculars i les infeccions, en oncologia i en neuroci\u00e8ncies, com tamb\u00e9 a projectes que desenvolupen tecnologies facilitadores en aquests \u00e0mbits.<\/p>\n<p>Enguany, la fundaci\u00f3 destina 25,3 milions d\u2019euros a 33 projectes que es desenvoluparan per equips cient\u00edfics en centres de recerca, hospitals i universitats d\u2019Espanya i de Portugal. Nou d\u2019ells, es faran en vuit centres de recerca de Catalunya. En l\u2019\u00e0mbit de les malalties infeccioses s\u2019han escollit 8 projectes, 7 en el de les neuroci\u00e8ncies, i altres 7 per saber m\u00e9s sobre malalties cardiovasculars i metab\u00f2liques relacionades, aix\u00ed com tamb\u00e9 6 projectes sobre oncologia.<\/p>\n<p>Entre els projectes liderats per centres de recerca catalans, n\u2019hi ha que estan orientats a identificar nous biomarcadors per predir el risc de recaigudes en la leuc\u00e8mia limfobl\u00e0stica aguda. Algun altre tractar\u00e0 d\u2019esbrinar com generar gl\u00f2buls vermells per al tractament de pacients amb an\u00e8mia falciforme, i una altra investigaci\u00f3 mirar\u00e0 de crear un dispositiu de baix cost i f\u00e0cil maneig que permeti dur a terme proves de detecci\u00f3 massiva de mal\u00e0ria en regions en vies de desenvolupament.<\/p>\n<p>Els projectes d\u2019aquesta sisena convocat\u00f2ria \u201522 liderats per centres espanyols, i 11, per centres portuguesos\u2015, que es portaran a terme durant els 3 anys vinents, rebent per al seu desenvolupament un total de 25,3 milions d\u2019euros. Els ajuts suposen un suport econ\u00f2mic de fins a 500.000 euros per a projectes presentats per una \u00fanica organitzaci\u00f3 d\u2019investigaci\u00f3, i de fins a 1 mili\u00f3 d\u2019euros per a projectes presentats per consorcis d\u2019entre 2 i 5 organitzacions d\u2019investigaci\u00f3. La convocat\u00f2ria CaixaResearch d\u2019Investigaci\u00f3 en Salut de la Fundaci\u00f3 \u201dla Caixa\u201d s\u2019organitza en col\u00b7laboraci\u00f3 amb la Funda\u00e7\u00e3o para a Ci\u00eancia e a Tecnologia (FCT), del Ministeri de Ci\u00e8ncia, Tecnologia i Ensenyament Superior de Portugal, que en aquesta edici\u00f3 subvenciona 5 dels 11 projectes portuguesos seleccionats. A m\u00e9s, la Fundaci\u00f3n Luz\u00f3n col\u00b7labora amb la convocat\u00f2ria co-subvencionant un projecte sobre esclerosi lateral amiotr\u00f2fica (ELA).<\/p>\n<h3>Millor qualitat de vida<\/h3>\n<p>A aquesta sisena edici\u00f3 de la convocat\u00f2ria hi optaven 493 propostes. En la presentaci\u00f3 dels projectes subvencionats, el director general de la Fundaci\u00f3 \u201dla Caixa\u201d, Antoni Vila Bertr\u00e1n va destacar que \u00abla recerca cient\u00edfica \u00e9s fonamental per al progr\u00e9s social i el benestar dels ciutadans\u201d. Bertr\u00e1n afegia tamb\u00e9 que \u201cla ci\u00e8ncia no solament ens ajuda a construir la societat del coneixement, sin\u00f3 que \u00e9s clau per millorar la qualitat de vida de les persones que m\u00e9s ho necessiten\u00bb.<\/p>\n<p>Una taula rodona entre representants dels projectes seleccionats va posar en paraules els desafiaments i les oportunitats de la investigaci\u00f3 a Espanya i Portugal. Un dels reptes descrits \u00e9s el d\u2019aconseguir un major suport econ\u00f2mic a la recerca perqu\u00e8 es pugui dur a terme de forma estable. Precisament per ajudar en aquest punt, la iniciativa es duu a terme en col\u00b7laboraci\u00f3 amb la Funda\u00e7\u00e3o para a Ci\u00eancia e a Tecnologia (FCT), del Ministeri de Ci\u00e8ncia, Tecnologia i Ensenyament Superior de Portugal, que aporta 3,7 milions d\u2019euros.<\/p>\n<p>Des que va comen\u00e7ar el programa l&#8217;any 2018, la dotaci\u00f3 total de la convocat\u00f2ria ha estat de 120,5 milions d\u2019euros per a 171 projectes, 117 dels quals han estat liderats per equips espanyols, i 54, per grups de recerca de Portugal. Actualment, aquesta \u00e9s la convocat\u00f2ria filantr\u00f2pica d\u2019investigaci\u00f3 en biomedicina i salut m\u00e9s important d\u2019Espanya i Portugal. Tots els projectes es poden consultar en la p\u00e0gina web de <a href=\"https:\/\/caixaresearch.org\/ca\/\">CaixaResearch<\/a>.<\/p>\n","protected":false},"excerpt":{"rendered":"<p>Estudiar com crear gl\u00f2buls vermells per a pacients amb an\u00e8mia falciforme o identificar nous biomarcadors per predir el risc de recaigudes en leuc\u00e8mia limfobl\u00e0stica aguda s\u00f3n objectiu de dues de les recerques cient\u00edfiques sobre salut que es podran fer a Espanya i Portugal gr\u00e0cies al suport de La Fundaci\u00f3 \u2018la Caixa\u2019. Nou de les investigacions<\/p>\n","protected":false},"author":16,"featured_media":1521,"comment_status":"open","ping_status":"open","sticky":false,"template":"","format":"standard","meta":{"_acf_changed":false,"footnotes":""},"categories":[126],"tags":[],"tipo":[],"class_list":{"0":"post-1519","1":"post","2":"type-post","3":"status-publish","4":"format-standard","5":"has-post-thumbnail","7":"category-recerca"},"acf":[],"yoast_head":"<!-- This site is optimized with the Yoast SEO plugin v27.5 - https:\/\/yoast.com\/product\/yoast-seo-wordpress\/ -->\n<title>33 projectes amb grans reptes de salut - Recerca en salut<\/title>\n<meta name=\"robots\" content=\"index, follow, max-snippet:-1, max-image-preview:large, max-video-preview:-1\" \/>\n<link rel=\"canonical\" href=\"https:\/\/diarisanitat.cat\/recerca-en-salut\/blog\/2023\/11\/30\/33-projectes-amb-grans-reptes-de-salut\/\" \/>\n<meta property=\"og:locale\" content=\"es_ES\" \/>\n<meta property=\"og:type\" content=\"article\" \/>\n<meta property=\"og:title\" content=\"33 projectes amb grans reptes de salut - Recerca en salut\" \/>\n<meta property=\"og:description\" content=\"Estudiar com crear gl\u00f2buls vermells per a pacients amb an\u00e8mia falciforme o identificar nous biomarcadors per predir el risc de recaigudes en leuc\u00e8mia limfobl\u00e0stica aguda s\u00f3n objectiu de dues de les recerques cient\u00edfiques sobre salut que es podran fer a Espanya i Portugal gr\u00e0cies al suport de La Fundaci\u00f3 \u2018la Caixa\u2019. Nou de les investigacions\" \/>\n<meta property=\"og:url\" content=\"https:\/\/diarisanitat.cat\/recerca-en-salut\/blog\/2023\/11\/30\/33-projectes-amb-grans-reptes-de-salut\/\" \/>\n<meta property=\"og:site_name\" content=\"Recerca en salut\" \/>\n<meta property=\"article:published_time\" content=\"2023-11-30T06:00:46+00:00\" \/>\n<meta property=\"article:modified_time\" content=\"2024-07-08T15:15:10+00:00\" \/>\n<meta property=\"og:image\" content=\"https:\/\/diarisanitat.cat\/recerca-en-salut\/wp-content\/uploads\/sites\/4\/2023\/11\/fotorecerca.jpg\" \/>\n\t<meta property=\"og:image:width\" content=\"2560\" \/>\n\t<meta property=\"og:image:height\" content=\"1707\" \/>\n\t<meta property=\"og:image:type\" content=\"image\/jpeg\" \/>\n<meta name=\"author\" content=\"Carme Escales\" \/>\n<meta name=\"twitter:card\" content=\"summary_large_image\" \/>\n<meta name=\"twitter:label1\" content=\"Escrito por\" \/>\n\t<meta name=\"twitter:data1\" content=\"Carme Escales\" \/>\n\t<meta name=\"twitter:label2\" content=\"Tiempo de lectura\" \/>\n\t<meta name=\"twitter:data2\" content=\"4 minutos\" \/>\n<script type=\"application\/ld+json\" class=\"yoast-schema-graph\">{\"@context\":\"https:\\\/\\\/schema.org\",\"@graph\":[{\"@type\":\"Article\",\"@id\":\"https:\\\/\\\/diarisanitat.cat\\\/recerca-en-salut\\\/blog\\\/2023\\\/11\\\/30\\\/33-projectes-amb-grans-reptes-de-salut\\\/#article\",\"isPartOf\":{\"@id\":\"https:\\\/\\\/diarisanitat.cat\\\/recerca-en-salut\\\/blog\\\/2023\\\/11\\\/30\\\/33-projectes-amb-grans-reptes-de-salut\\\/\"},\"author\":{\"name\":\"Carme Escales\",\"@id\":\"https:\\\/\\\/diarisanitat.cat\\\/recerca-en-salut\\\/#\\\/schema\\\/person\\\/9080795ef06d370257b1c8e7967c8de8\"},\"headline\":\"33 projectes amb grans reptes de salut\",\"datePublished\":\"2023-11-30T06:00:46+00:00\",\"dateModified\":\"2024-07-08T15:15:10+00:00\",\"mainEntityOfPage\":{\"@id\":\"https:\\\/\\\/diarisanitat.cat\\\/recerca-en-salut\\\/blog\\\/2023\\\/11\\\/30\\\/33-projectes-amb-grans-reptes-de-salut\\\/\"},\"wordCount\":732,\"commentCount\":0,\"image\":{\"@id\":\"https:\\\/\\\/diarisanitat.cat\\\/recerca-en-salut\\\/blog\\\/2023\\\/11\\\/30\\\/33-projectes-amb-grans-reptes-de-salut\\\/#primaryimage\"},\"thumbnailUrl\":\"https:\\\/\\\/diarisanitat.cat\\\/recerca-en-salut\\\/wp-content\\\/uploads\\\/sites\\\/4\\\/2023\\\/11\\\/fotorecerca.jpg\",\"articleSection\":[\"Recerca\"],\"inLanguage\":\"es\",\"potentialAction\":[{\"@type\":\"CommentAction\",\"name\":\"Comment\",\"target\":[\"https:\\\/\\\/diarisanitat.cat\\\/recerca-en-salut\\\/blog\\\/2023\\\/11\\\/30\\\/33-projectes-amb-grans-reptes-de-salut\\\/#respond\"]}]},{\"@type\":\"WebPage\",\"@id\":\"https:\\\/\\\/diarisanitat.cat\\\/recerca-en-salut\\\/blog\\\/2023\\\/11\\\/30\\\/33-projectes-amb-grans-reptes-de-salut\\\/\",\"url\":\"https:\\\/\\\/diarisanitat.cat\\\/recerca-en-salut\\\/blog\\\/2023\\\/11\\\/30\\\/33-projectes-amb-grans-reptes-de-salut\\\/\",\"name\":\"33 projectes amb grans reptes de salut - Recerca en salut\",\"isPartOf\":{\"@id\":\"https:\\\/\\\/diarisanitat.cat\\\/recerca-en-salut\\\/#website\"},\"primaryImageOfPage\":{\"@id\":\"https:\\\/\\\/diarisanitat.cat\\\/recerca-en-salut\\\/blog\\\/2023\\\/11\\\/30\\\/33-projectes-amb-grans-reptes-de-salut\\\/#primaryimage\"},\"image\":{\"@id\":\"https:\\\/\\\/diarisanitat.cat\\\/recerca-en-salut\\\/blog\\\/2023\\\/11\\\/30\\\/33-projectes-amb-grans-reptes-de-salut\\\/#primaryimage\"},\"thumbnailUrl\":\"https:\\\/\\\/diarisanitat.cat\\\/recerca-en-salut\\\/wp-content\\\/uploads\\\/sites\\\/4\\\/2023\\\/11\\\/fotorecerca.jpg\",\"datePublished\":\"2023-11-30T06:00:46+00:00\",\"dateModified\":\"2024-07-08T15:15:10+00:00\",\"author\":{\"@id\":\"https:\\\/\\\/diarisanitat.cat\\\/recerca-en-salut\\\/#\\\/schema\\\/person\\\/9080795ef06d370257b1c8e7967c8de8\"},\"breadcrumb\":{\"@id\":\"https:\\\/\\\/diarisanitat.cat\\\/recerca-en-salut\\\/blog\\\/2023\\\/11\\\/30\\\/33-projectes-amb-grans-reptes-de-salut\\\/#breadcrumb\"},\"inLanguage\":\"es\",\"potentialAction\":[{\"@type\":\"ReadAction\",\"target\":[\"https:\\\/\\\/diarisanitat.cat\\\/recerca-en-salut\\\/blog\\\/2023\\\/11\\\/30\\\/33-projectes-amb-grans-reptes-de-salut\\\/\"]}]},{\"@type\":\"ImageObject\",\"inLanguage\":\"es\",\"@id\":\"https:\\\/\\\/diarisanitat.cat\\\/recerca-en-salut\\\/blog\\\/2023\\\/11\\\/30\\\/33-projectes-amb-grans-reptes-de-salut\\\/#primaryimage\",\"url\":\"https:\\\/\\\/diarisanitat.cat\\\/recerca-en-salut\\\/wp-content\\\/uploads\\\/sites\\\/4\\\/2023\\\/11\\\/fotorecerca.jpg\",\"contentUrl\":\"https:\\\/\\\/diarisanitat.cat\\\/recerca-en-salut\\\/wp-content\\\/uploads\\\/sites\\\/4\\\/2023\\\/11\\\/fotorecerca.jpg\",\"width\":2560,\"height\":1707},{\"@type\":\"BreadcrumbList\",\"@id\":\"https:\\\/\\\/diarisanitat.cat\\\/recerca-en-salut\\\/blog\\\/2023\\\/11\\\/30\\\/33-projectes-amb-grans-reptes-de-salut\\\/#breadcrumb\",\"itemListElement\":[{\"@type\":\"ListItem\",\"position\":1,\"name\":\"Portada\",\"item\":\"https:\\\/\\\/diarisanitat.cat\\\/recerca-en-salut\\\/\"},{\"@type\":\"ListItem\",\"position\":2,\"name\":\"33 projectes amb grans reptes de salut\"}]},{\"@type\":\"WebSite\",\"@id\":\"https:\\\/\\\/diarisanitat.cat\\\/recerca-en-salut\\\/#website\",\"url\":\"https:\\\/\\\/diarisanitat.cat\\\/recerca-en-salut\\\/\",\"name\":\"Recerca en salut\",\"description\":\"\",\"potentialAction\":[{\"@type\":\"SearchAction\",\"target\":{\"@type\":\"EntryPoint\",\"urlTemplate\":\"https:\\\/\\\/diarisanitat.cat\\\/recerca-en-salut\\\/?s={search_term_string}\"},\"query-input\":{\"@type\":\"PropertyValueSpecification\",\"valueRequired\":true,\"valueName\":\"search_term_string\"}}],\"inLanguage\":\"es\"},{\"@type\":\"Person\",\"@id\":\"https:\\\/\\\/diarisanitat.cat\\\/recerca-en-salut\\\/#\\\/schema\\\/person\\\/9080795ef06d370257b1c8e7967c8de8\",\"name\":\"Carme Escales\",\"image\":{\"@type\":\"ImageObject\",\"inLanguage\":\"es\",\"@id\":\"https:\\\/\\\/diarisanitat.cat\\\/wp-content\\\/uploads\\\/2024\\\/11\\\/carme-escales_avatar-96x96.png\",\"url\":\"https:\\\/\\\/diarisanitat.cat\\\/wp-content\\\/uploads\\\/2024\\\/11\\\/carme-escales_avatar-96x96.png\",\"contentUrl\":\"https:\\\/\\\/diarisanitat.cat\\\/wp-content\\\/uploads\\\/2024\\\/11\\\/carme-escales_avatar-96x96.png\",\"caption\":\"Carme Escales\"},\"description\":\"Periodista amb m\u00e9s de 20 anys d'experi\u00e8ncia. Especialitzada en posar a l'abast de tothom el llenguatge de la medicina, la ci\u00e8ncia i la salut.\",\"url\":\"https:\\\/\\\/diarisanitat.cat\\\/recerca-en-salut\\\/blog\\\/author\\\/carmeescales\\\/\"}]}<\/script>\n<!-- \/ Yoast SEO plugin. -->","yoast_head_json":{"title":"33 projectes amb grans reptes de salut - Recerca en salut","robots":{"index":"index","follow":"follow","max-snippet":"max-snippet:-1","max-image-preview":"max-image-preview:large","max-video-preview":"max-video-preview:-1"},"canonical":"https:\/\/diarisanitat.cat\/recerca-en-salut\/blog\/2023\/11\/30\/33-projectes-amb-grans-reptes-de-salut\/","og_locale":"es_ES","og_type":"article","og_title":"33 projectes amb grans reptes de salut - Recerca en salut","og_description":"Estudiar com crear gl\u00f2buls vermells per a pacients amb an\u00e8mia falciforme o identificar nous biomarcadors per predir el risc de recaigudes en leuc\u00e8mia limfobl\u00e0stica aguda s\u00f3n objectiu de dues de les recerques cient\u00edfiques sobre salut que es podran fer a Espanya i Portugal gr\u00e0cies al suport de La Fundaci\u00f3 \u2018la Caixa\u2019. Nou de les investigacions","og_url":"https:\/\/diarisanitat.cat\/recerca-en-salut\/blog\/2023\/11\/30\/33-projectes-amb-grans-reptes-de-salut\/","og_site_name":"Recerca en salut","article_published_time":"2023-11-30T06:00:46+00:00","article_modified_time":"2024-07-08T15:15:10+00:00","og_image":[{"width":2560,"height":1707,"url":"https:\/\/diarisanitat.cat\/recerca-en-salut\/wp-content\/uploads\/sites\/4\/2023\/11\/fotorecerca.jpg","type":"image\/jpeg"}],"author":"Carme Escales","twitter_card":"summary_large_image","twitter_misc":{"Escrito por":"Carme Escales","Tiempo de lectura":"4 minutos"},"schema":{"@context":"https:\/\/schema.org","@graph":[{"@type":"Article","@id":"https:\/\/diarisanitat.cat\/recerca-en-salut\/blog\/2023\/11\/30\/33-projectes-amb-grans-reptes-de-salut\/#article","isPartOf":{"@id":"https:\/\/diarisanitat.cat\/recerca-en-salut\/blog\/2023\/11\/30\/33-projectes-amb-grans-reptes-de-salut\/"},"author":{"name":"Carme Escales","@id":"https:\/\/diarisanitat.cat\/recerca-en-salut\/#\/schema\/person\/9080795ef06d370257b1c8e7967c8de8"},"headline":"33 projectes amb grans reptes de salut","datePublished":"2023-11-30T06:00:46+00:00","dateModified":"2024-07-08T15:15:10+00:00","mainEntityOfPage":{"@id":"https:\/\/diarisanitat.cat\/recerca-en-salut\/blog\/2023\/11\/30\/33-projectes-amb-grans-reptes-de-salut\/"},"wordCount":732,"commentCount":0,"image":{"@id":"https:\/\/diarisanitat.cat\/recerca-en-salut\/blog\/2023\/11\/30\/33-projectes-amb-grans-reptes-de-salut\/#primaryimage"},"thumbnailUrl":"https:\/\/diarisanitat.cat\/recerca-en-salut\/wp-content\/uploads\/sites\/4\/2023\/11\/fotorecerca.jpg","articleSection":["Recerca"],"inLanguage":"es","potentialAction":[{"@type":"CommentAction","name":"Comment","target":["https:\/\/diarisanitat.cat\/recerca-en-salut\/blog\/2023\/11\/30\/33-projectes-amb-grans-reptes-de-salut\/#respond"]}]},{"@type":"WebPage","@id":"https:\/\/diarisanitat.cat\/recerca-en-salut\/blog\/2023\/11\/30\/33-projectes-amb-grans-reptes-de-salut\/","url":"https:\/\/diarisanitat.cat\/recerca-en-salut\/blog\/2023\/11\/30\/33-projectes-amb-grans-reptes-de-salut\/","name":"33 projectes amb grans reptes de salut - Recerca en salut","isPartOf":{"@id":"https:\/\/diarisanitat.cat\/recerca-en-salut\/#website"},"primaryImageOfPage":{"@id":"https:\/\/diarisanitat.cat\/recerca-en-salut\/blog\/2023\/11\/30\/33-projectes-amb-grans-reptes-de-salut\/#primaryimage"},"image":{"@id":"https:\/\/diarisanitat.cat\/recerca-en-salut\/blog\/2023\/11\/30\/33-projectes-amb-grans-reptes-de-salut\/#primaryimage"},"thumbnailUrl":"https:\/\/diarisanitat.cat\/recerca-en-salut\/wp-content\/uploads\/sites\/4\/2023\/11\/fotorecerca.jpg","datePublished":"2023-11-30T06:00:46+00:00","dateModified":"2024-07-08T15:15:10+00:00","author":{"@id":"https:\/\/diarisanitat.cat\/recerca-en-salut\/#\/schema\/person\/9080795ef06d370257b1c8e7967c8de8"},"breadcrumb":{"@id":"https:\/\/diarisanitat.cat\/recerca-en-salut\/blog\/2023\/11\/30\/33-projectes-amb-grans-reptes-de-salut\/#breadcrumb"},"inLanguage":"es","potentialAction":[{"@type":"ReadAction","target":["https:\/\/diarisanitat.cat\/recerca-en-salut\/blog\/2023\/11\/30\/33-projectes-amb-grans-reptes-de-salut\/"]}]},{"@type":"ImageObject","inLanguage":"es","@id":"https:\/\/diarisanitat.cat\/recerca-en-salut\/blog\/2023\/11\/30\/33-projectes-amb-grans-reptes-de-salut\/#primaryimage","url":"https:\/\/diarisanitat.cat\/recerca-en-salut\/wp-content\/uploads\/sites\/4\/2023\/11\/fotorecerca.jpg","contentUrl":"https:\/\/diarisanitat.cat\/recerca-en-salut\/wp-content\/uploads\/sites\/4\/2023\/11\/fotorecerca.jpg","width":2560,"height":1707},{"@type":"BreadcrumbList","@id":"https:\/\/diarisanitat.cat\/recerca-en-salut\/blog\/2023\/11\/30\/33-projectes-amb-grans-reptes-de-salut\/#breadcrumb","itemListElement":[{"@type":"ListItem","position":1,"name":"Portada","item":"https:\/\/diarisanitat.cat\/recerca-en-salut\/"},{"@type":"ListItem","position":2,"name":"33 projectes amb grans reptes de salut"}]},{"@type":"WebSite","@id":"https:\/\/diarisanitat.cat\/recerca-en-salut\/#website","url":"https:\/\/diarisanitat.cat\/recerca-en-salut\/","name":"Recerca en salut","description":"","potentialAction":[{"@type":"SearchAction","target":{"@type":"EntryPoint","urlTemplate":"https:\/\/diarisanitat.cat\/recerca-en-salut\/?s={search_term_string}"},"query-input":{"@type":"PropertyValueSpecification","valueRequired":true,"valueName":"search_term_string"}}],"inLanguage":"es"},{"@type":"Person","@id":"https:\/\/diarisanitat.cat\/recerca-en-salut\/#\/schema\/person\/9080795ef06d370257b1c8e7967c8de8","name":"Carme Escales","image":{"@type":"ImageObject","inLanguage":"es","@id":"https:\/\/diarisanitat.cat\/wp-content\/uploads\/2024\/11\/carme-escales_avatar-96x96.png","url":"https:\/\/diarisanitat.cat\/wp-content\/uploads\/2024\/11\/carme-escales_avatar-96x96.png","contentUrl":"https:\/\/diarisanitat.cat\/wp-content\/uploads\/2024\/11\/carme-escales_avatar-96x96.png","caption":"Carme Escales"},"description":"Periodista amb m\u00e9s de 20 anys d'experi\u00e8ncia. Especialitzada en posar a l'abast de tothom el llenguatge de la medicina, la ci\u00e8ncia i la salut.","url":"https:\/\/diarisanitat.cat\/recerca-en-salut\/blog\/author\/carmeescales\/"}]}},"_links":{"self":[{"href":"https:\/\/diarisanitat.cat\/recerca-en-salut\/wp-json\/wp\/v2\/posts\/1519","targetHints":{"allow":["GET"]}}],"collection":[{"href":"https:\/\/diarisanitat.cat\/recerca-en-salut\/wp-json\/wp\/v2\/posts"}],"about":[{"href":"https:\/\/diarisanitat.cat\/recerca-en-salut\/wp-json\/wp\/v2\/types\/post"}],"author":[{"embeddable":true,"href":"https:\/\/diarisanitat.cat\/recerca-en-salut\/wp-json\/wp\/v2\/users\/16"}],"replies":[{"embeddable":true,"href":"https:\/\/diarisanitat.cat\/recerca-en-salut\/wp-json\/wp\/v2\/comments?post=1519"}],"version-history":[{"count":1,"href":"https:\/\/diarisanitat.cat\/recerca-en-salut\/wp-json\/wp\/v2\/posts\/1519\/revisions"}],"predecessor-version":[{"id":38007,"href":"https:\/\/diarisanitat.cat\/recerca-en-salut\/wp-json\/wp\/v2\/posts\/1519\/revisions\/38007"}],"wp:featuredmedia":[{"embeddable":true,"href":"https:\/\/diarisanitat.cat\/recerca-en-salut\/wp-json\/wp\/v2\/media\/1521"}],"wp:attachment":[{"href":"https:\/\/diarisanitat.cat\/recerca-en-salut\/wp-json\/wp\/v2\/media?parent=1519"}],"wp:term":[{"taxonomy":"category","embeddable":true,"href":"https:\/\/diarisanitat.cat\/recerca-en-salut\/wp-json\/wp\/v2\/categories?post=1519"},{"taxonomy":"post_tag","embeddable":true,"href":"https:\/\/diarisanitat.cat\/recerca-en-salut\/wp-json\/wp\/v2\/tags?post=1519"},{"taxonomy":"tipo","embeddable":true,"href":"https:\/\/diarisanitat.cat\/recerca-en-salut\/wp-json\/wp\/v2\/tipo?post=1519"}],"curies":[{"name":"wp","href":"https:\/\/api.w.org\/{rel}","templated":true}]}}