{"id":1554,"date":"2024-01-03T09:00:57","date_gmt":"2024-01-03T09:00:57","guid":{"rendered":"https:\/\/diarisanitat.cat\/recerca-en-salut\/?p=1554"},"modified":"2024-07-08T15:15:11","modified_gmt":"2024-07-08T15:15:11","slug":"un-assaig-clinic-investiga-un-farmac-oral-per-a-la-covid-19","status":"publish","type":"post","link":"https:\/\/diarisanitat.cat\/recerca-en-salut\/blog\/2024\/01\/03\/un-assaig-clinic-investiga-un-farmac-oral-per-a-la-covid-19\/","title":{"rendered":"Un assaig cl\u00ednic investiga un f\u00e0rmac oral per a la Covid-19"},"content":{"rendered":"<p>Els primers resultats, ja publicats, han mostrat que redueix el mal de cap i de coll, i la tos.<\/p>\n<p>El virus que va sacsejar el m\u00f3n sencer i que aquests dies repunta amb el fred hivernal i es camufla entre grips i refredats persistents, afortunadament, i gr\u00e0cies a la vacuna, ja no col\u00b7lapsa les UCI\u2019s ni \u00e9s tan dur com ens va arribar a demostrar. No obstant aix\u00f2, la Covid-19 continua afectant-nos i no compta encara amb una medicaci\u00f3 que faci diana en tots els seus s\u00edmptomes, encara que aquests siguin lleus.<\/p>\n<p>Per a posar-hi remei, un grup d\u2019investigadors de diferents centres de Catalunya i de Gal\u00edcia, esperonats pels laboratoris ESTEVE, varen iniciar un assaig cl\u00ednic provant en una s\u00e8rie de persones volunt\u00e0ries un medicament descobert per ESTEVE \u2013L&#8217;E-52862\u2013, que inicialment va ser dissenyat per a tractar el dolor neurop\u00e0tic. Volien veure si aquest f\u00e0rmac oral modificava les anal\u00edtiques i els s\u00edmptomes dels participants en l\u2019estudi.<\/p>\n<p>Van reclutar 120 voluntaris amb diagn\u00f2stic positiu per Covid-19 lleu. A la meitat els van donar el f\u00e0rmac i a la resta, placebo. I els resultats indiquen que, encara que no es va demostrar un descens en la c\u00e0rrega viral en comparaci\u00f3 a pacients que van prendre placebo, es va observar que alguns dels s\u00edmptomes m\u00e9s habituals s\u00ed que es redu\u00efen m\u00e9s r\u00e0pid en les persones que van prendre l&#8217;E-52862. Per exemple, la cefalea es va reduir en un percentatge m\u00e9s gran en aquells que van rebre el compost en comparaci\u00f3 als que van rebre placebo, amb un percentatge superior de persones sense mal de cap a partir del quart dia de tractament. Tamb\u00e9 es va reduir la tos i el mal de coll, s\u00edmptomes aparents i tamb\u00e9 residuals en molts pacients que pateixen la COVID-19.<\/p>\n<p>El tractament actua sobre el mecanisme de replicaci\u00f3 del SARS-CoV-2, el virus responsable de la malaltia, i redueix la freq\u00fc\u00e8ncia i la durada d&#8217;alguns dels s\u00edmptomes. A m\u00e9s, pot ser \u00fatil amb les diferents mutacions detectades.<\/p>\n<p>En cas de confirmar-se la seva utilitat per tractar la COVID-19, seria un dels primers medicaments que podrien subministrar-se a pacients a l&#8217;atenci\u00f3 prim\u00e0ria per evitar que el seu estat empitjori i requereixin ingr\u00e9s hospitalari.<\/p>\n<h3>Col\u00b7laboraci\u00f3 catalano-gallega<\/h3>\n<p>Aquest assaig el van dur a terme investigadors de l\u2019<a href=\"https:\/\/www.parcdesalutmar.cat\/es\/hospitals\/hospital-del-mar\/\">Hospital del Mar<\/a>, el Laboratori de Neurofarmacologia del Departament de Medicina i Ci\u00e8ncies de la Vida (MELIS) de la Universitat Pompeu Fabra (<a href=\"https:\/\/www.upf.edu\/\">UPF<\/a>), l\u2019<a href=\"https:\/\/www.idisantiago.es\/\">Institut de Recerca Sanit\u00e0ria de Santiago de Compostel\u00b7la<\/a>, en col\u00b7laboraci\u00f3 amb l&#8217;<a href=\"https:\/\/xxisantiago.sergas.es\/Paxinas\/web.aspx?tipo=paxtab&amp;idLista=3&amp;idContido=183&amp;idioma=es\">Hospital Cl\u00ednic Universitari de Santiago<\/a>, l&#8217;<a href=\"https:\/\/xxisantiago.sergas.gal\/Paxinas\/web.aspx\">Hospital de Barbanza<\/a> i el <a href=\"https:\/\/xxisantiago.sergas.es\/Paxinas\/web.aspx?tipo=paxtxt&amp;idLista=3&amp;idContido=233&amp;idTax=2002&amp;idioma=es\">Centre de Salut d&#8217;A Estrada,<\/a> de Gal\u00edcia, i el <a href=\"https:\/\/perevirgili.gencat.cat\/ca\/inici\">Parc Sanitari Pere Virgili de Barcelona<\/a>, aix\u00ed com els laboratoris <a href=\"https:\/\/www.esteve.com\/ca\">ESTEVE<\/a>. Els primers resultats han estat publicats ja a la revista <a href=\"https:\/\/www.journalofinfection.com\/\"><em>Journal<\/em> <em>of Infection<\/em><\/a>. Tal com explica el director de l&#8217;\u00c0rea del Medicament de l&#8217;Hospital del Mar i primer signant del treball, el Dr. Santi Grau, \u201cencara calen estudis en un nombre m\u00e9s gran de pacients, per\u00f2 el medicament sembla tenir un perfil d&#8217;interaccions amb altres f\u00e0rmacs inferior al d&#8217;algun dels antivirals utilitzats en aquests moments en aquest tipus de pacients\u201d. Grau destaca el valor del que signifiquen aquestes primeres troballes, perqu\u00e8, tal com diu, \u201cla COVID-19 \u00e9s una patologia que no se n&#8217;anir\u00e0 i que estar\u00e0 amb nosaltres, tant a l&#8217;estiu com a l&#8217;hivern. Per tant, tenir un f\u00e0rmac per a alguna cosa que forma part de la nostra vida \u00e9s molt bona not\u00edcia\u201d.<\/p>\n<figure id=\"attachment_34184\" aria-describedby=\"caption-attachment-34184\" style=\"width: 1920px\" class=\"wp-caption alignnone\"><a href=\"https:\/\/diarisanitat.cat\/wp-content\/uploads\/sites\/29\/2024\/01\/Santi_Grau_Elena_Martin_Garcia_Jordi_Monfort_Jose_Miquel_Vela.jpeg\"><img fetchpriority=\"high\" decoding=\"async\" class=\"wp-image-34184 size-full\" src=\"https:\/\/diarisanitat.cat\/wp-content\/uploads\/sites\/29\/2024\/01\/Santi_Grau_Elena_Martin_Garcia_Jordi_Monfort_Jose_Miquel_Vela.jpeg\" alt=\"\" width=\"1920\" height=\"1440\" \/><\/a><figcaption id=\"caption-attachment-34184\" class=\"wp-caption-text\">Equip de l&#8217;Hospital del Mar; d&#8217;esquerra a dreta, Santi Grau, Elena Mart\u00edn-Garc\u00eda, Jordi Monfort i Jos\u00e9 Miquel Vela.<\/figcaption><\/figure>\n<p>La Dra. Mabel Loza, autora compartida de l&#8217;estudi i investigadora principal del grup Biofarma de l&#8217;Institut de Recerca Sanit\u00e0ria de Santiago de Compostel\u00b7la, destaca \u201cla fita que suposa l&#8217;assaig d&#8217;un f\u00e0rmac d&#8217;administraci\u00f3 oral, el primer creat a Espanya, per a COVID- 19, fruit del treball previ de col\u00b7laboraci\u00f3 en la investigaci\u00f3 precl\u00ednica publicoprivada i ara tamb\u00e9 en la investigaci\u00f3 cl\u00ednica, del servei d&#8217;urg\u00e8ncies de l&#8217;hospital i dels centres d&#8217;atenci\u00f3 prim\u00e0ria, tan meritori en temps de pand\u00e8mia\u201d.<\/p>\n<p>L&#8217;autor principal de l&#8217;estudi i el cap del Servei de Reumatologia de l&#8217;Hospital del Mar, el Dr. Jordi Monfort, afegeix que \u201cel prop\u00f2sit d&#8217;aquest estudi era tractar malalts que comencen amb una COVID-19 amb simptomatologia lleu per evitar que empitjoressin i arribessin a necessitar atenci\u00f3 hospital\u00e0ria. I sembla que l&#8217;E-52682 ho podria aconseguir. F\u00e0rmacs d&#8217;aquest tipus, per administrar a l&#8217;atenci\u00f3 prim\u00e0ria i evitar m\u00e9s pressi\u00f3 al sistema, no n&#8217;hi ha gaireb\u00e9 cap, d&#8217;aqu\u00ed la seva import\u00e0ncia\u201d . Alhora, es tracta d&#8217;un medicament de f\u00e0cil maneig i administraci\u00f3 per part de la xarxa sanit\u00e0ria d&#8217;atenci\u00f3 prim\u00e0ria.<\/p>\n<h3>Tractament a casa<\/h3>\n<p>El reclutament es va dur a terme entre febrer de 2021 i juliol de 2022 als centres d&#8217;atenci\u00f3 prim\u00e0ria de Vila Ol\u00edmpica, Larrard i Barceloneta, pertanyents al Parc Sanitari Pere Virgili, i al centre sanitari A Estrada de Santiago de Compostela, aix\u00ed com a serveis d&#8217;urg\u00e8ncies de l&#8217;Hospital Cl\u00ednic de Santiago i de l&#8217;Hospital de Barbanza. Segons explica la Dra. Alba Gurt, metgessa del CAP Vila Ol\u00edmpica del Parc Sanitari Pere Virgili de Barcelona i una de les signants del treball, \u201creclutar els pacients va ser un repte. El seguiment es va dur a terme en unes condicions molt complexes i va ser fruit de la col\u00b7laboraci\u00f3 d&#8217;un grup de professionals molt implicat\u00bb. Els participants rebien a casa el tractament, preparat i aleatoritzat al Servei de Farm\u00e0cia de l&#8217;Hospital del Mar i havien de prendre&#8217;l de forma di\u00e0ria durant 14 dies.<\/p>\n<figure id=\"attachment_34185\" aria-describedby=\"caption-attachment-34185\" style=\"width: 1920px\" class=\"wp-caption alignnone\"><a href=\"https:\/\/diarisanitat.cat\/wp-content\/uploads\/sites\/29\/2024\/01\/Equip_Pere_Virgili-3.jpeg\"><img decoding=\"async\" class=\"size-full wp-image-34185\" src=\"https:\/\/diarisanitat.cat\/wp-content\/uploads\/sites\/29\/2024\/01\/Equip_Pere_Virgili-3.jpeg\" alt=\"\" width=\"1920\" height=\"1440\" \/><\/a><figcaption id=\"caption-attachment-34185\" class=\"wp-caption-text\">Equip del Parc Sanitari Pere Virgili: Alba Gurt, Laura Secanell, Isabel Gonz\u00e1lez i Paula G\u00f3mez.<\/figcaption><\/figure>\n<p>El Dr. Jos\u00e9 Miquel Vela, director de Recerca de <a href=\"https:\/\/www.welabbarcelona.com\/\">Welab Barcelona<\/a> (plataforma de descobriment de medicaments vinculada al Centre Tecnol\u00f2gic Leitat), i primer autor compartit de l&#8217;estudi i originador de la idea que el va impulsar, afegeix que \u201cdesbordats enmig d&#8217;una pand\u00e8mia, alguna cosa calia fer, i quina millor contribuci\u00f3 podien fer uns cient\u00edfics que investigar l&#8217;efecte d&#8217;un tractament potencialment efectiu contra la COVID-19?\u201d.<\/p>\n<p>L&#8217;estudi ha comptat amb finan\u00e7ament de l&#8217;Ag\u00e8ncia Estatal d&#8217;Innovaci\u00f3 del Ministeri de Ci\u00e8ncia i Innovaci\u00f3, de la Generalitat de Catalunya, de l&#8217;Institut de Salut Carles III, aix\u00ed com de la Xunta de Gal\u00edcia a trav\u00e9s dels ajuts RESCATA-COVID i dels fons FEDER i Next Generation de la Uni\u00f3 Europea. Tamb\u00e9 ha comptat amb finan\u00e7ament parcial d&#8217;ESTEVE Pharmaceuticals SA.<\/p>\n<p>Segons els investigadors, aquestes troballes destaquen un nou mecanisme d&#8217;acci\u00f3 per al tractament de la COVID-19, que tamb\u00e9 podria ser \u00fatil per a altres infeccions v\u00edriques.<\/p>\n","protected":false},"excerpt":{"rendered":"<p>Els primers resultats, ja publicats, han mostrat que redueix el mal de cap i de coll, i la tos. El virus que va sacsejar el m\u00f3n sencer i que aquests dies repunta amb el fred hivernal i es camufla entre grips i refredats persistents, afortunadament, i gr\u00e0cies a la vacuna, ja no col\u00b7lapsa les UCI\u2019s<\/p>\n","protected":false},"author":16,"featured_media":1555,"comment_status":"open","ping_status":"open","sticky":false,"template":"","format":"standard","meta":{"_acf_changed":false,"footnotes":""},"categories":[126],"tags":[],"tipo":[],"class_list":{"0":"post-1554","1":"post","2":"type-post","3":"status-publish","4":"format-standard","5":"has-post-thumbnail","7":"category-recerca"},"acf":[],"yoast_head":"<!-- This site is optimized with the Yoast SEO plugin v27.5 - https:\/\/yoast.com\/product\/yoast-seo-wordpress\/ -->\n<title>Un assaig cl\u00ednic investiga un f\u00e0rmac oral per a la Covid-19 - Recerca en salut<\/title>\n<meta name=\"robots\" content=\"index, follow, max-snippet:-1, max-image-preview:large, max-video-preview:-1\" \/>\n<link rel=\"canonical\" href=\"https:\/\/diarisanitat.cat\/recerca-en-salut\/blog\/2024\/01\/03\/un-assaig-clinic-investiga-un-farmac-oral-per-a-la-covid-19\/\" \/>\n<meta property=\"og:locale\" content=\"es_ES\" \/>\n<meta property=\"og:type\" content=\"article\" \/>\n<meta property=\"og:title\" content=\"Un assaig cl\u00ednic investiga un f\u00e0rmac oral per a la Covid-19 - Recerca en salut\" \/>\n<meta property=\"og:description\" content=\"Els primers resultats, ja publicats, han mostrat que redueix el mal de cap i de coll, i la tos. El virus que va sacsejar el m\u00f3n sencer i que aquests dies repunta amb el fred hivernal i es camufla entre grips i refredats persistents, afortunadament, i gr\u00e0cies a la vacuna, ja no col\u00b7lapsa les UCI\u2019s\" \/>\n<meta property=\"og:url\" content=\"https:\/\/diarisanitat.cat\/recerca-en-salut\/blog\/2024\/01\/03\/un-assaig-clinic-investiga-un-farmac-oral-per-a-la-covid-19\/\" \/>\n<meta property=\"og:site_name\" content=\"Recerca en salut\" \/>\n<meta property=\"article:published_time\" content=\"2024-01-03T09:00:57+00:00\" \/>\n<meta property=\"article:modified_time\" content=\"2024-07-08T15:15:11+00:00\" \/>\n<meta property=\"og:image\" content=\"https:\/\/diarisanitat.cat\/recerca-en-salut\/wp-content\/uploads\/sites\/4\/2024\/01\/GettyImages-1312329184.jpg\" \/>\n\t<meta property=\"og:image:width\" content=\"2121\" \/>\n\t<meta property=\"og:image:height\" content=\"1414\" \/>\n\t<meta property=\"og:image:type\" content=\"image\/jpeg\" \/>\n<meta name=\"author\" content=\"Carme Escales\" \/>\n<meta name=\"twitter:card\" content=\"summary_large_image\" \/>\n<meta name=\"twitter:label1\" content=\"Escrito por\" \/>\n\t<meta name=\"twitter:data1\" content=\"Carme Escales\" \/>\n\t<meta name=\"twitter:label2\" content=\"Tiempo de lectura\" \/>\n\t<meta name=\"twitter:data2\" content=\"6 minutos\" \/>\n<script type=\"application\/ld+json\" class=\"yoast-schema-graph\">{\"@context\":\"https:\\\/\\\/schema.org\",\"@graph\":[{\"@type\":\"Article\",\"@id\":\"https:\\\/\\\/diarisanitat.cat\\\/recerca-en-salut\\\/blog\\\/2024\\\/01\\\/03\\\/un-assaig-clinic-investiga-un-farmac-oral-per-a-la-covid-19\\\/#article\",\"isPartOf\":{\"@id\":\"https:\\\/\\\/diarisanitat.cat\\\/recerca-en-salut\\\/blog\\\/2024\\\/01\\\/03\\\/un-assaig-clinic-investiga-un-farmac-oral-per-a-la-covid-19\\\/\"},\"author\":{\"name\":\"Carme Escales\",\"@id\":\"https:\\\/\\\/diarisanitat.cat\\\/recerca-en-salut\\\/#\\\/schema\\\/person\\\/9080795ef06d370257b1c8e7967c8de8\"},\"headline\":\"Un assaig cl\u00ednic investiga un f\u00e0rmac oral per a la Covid-19\",\"datePublished\":\"2024-01-03T09:00:57+00:00\",\"dateModified\":\"2024-07-08T15:15:11+00:00\",\"mainEntityOfPage\":{\"@id\":\"https:\\\/\\\/diarisanitat.cat\\\/recerca-en-salut\\\/blog\\\/2024\\\/01\\\/03\\\/un-assaig-clinic-investiga-un-farmac-oral-per-a-la-covid-19\\\/\"},\"wordCount\":1214,\"commentCount\":0,\"image\":{\"@id\":\"https:\\\/\\\/diarisanitat.cat\\\/recerca-en-salut\\\/blog\\\/2024\\\/01\\\/03\\\/un-assaig-clinic-investiga-un-farmac-oral-per-a-la-covid-19\\\/#primaryimage\"},\"thumbnailUrl\":\"https:\\\/\\\/diarisanitat.cat\\\/recerca-en-salut\\\/wp-content\\\/uploads\\\/sites\\\/4\\\/2024\\\/01\\\/GettyImages-1312329184.jpg\",\"articleSection\":[\"Recerca\"],\"inLanguage\":\"es\",\"potentialAction\":[{\"@type\":\"CommentAction\",\"name\":\"Comment\",\"target\":[\"https:\\\/\\\/diarisanitat.cat\\\/recerca-en-salut\\\/blog\\\/2024\\\/01\\\/03\\\/un-assaig-clinic-investiga-un-farmac-oral-per-a-la-covid-19\\\/#respond\"]}]},{\"@type\":\"WebPage\",\"@id\":\"https:\\\/\\\/diarisanitat.cat\\\/recerca-en-salut\\\/blog\\\/2024\\\/01\\\/03\\\/un-assaig-clinic-investiga-un-farmac-oral-per-a-la-covid-19\\\/\",\"url\":\"https:\\\/\\\/diarisanitat.cat\\\/recerca-en-salut\\\/blog\\\/2024\\\/01\\\/03\\\/un-assaig-clinic-investiga-un-farmac-oral-per-a-la-covid-19\\\/\",\"name\":\"Un assaig cl\u00ednic investiga un f\u00e0rmac oral per a la Covid-19 - Recerca en salut\",\"isPartOf\":{\"@id\":\"https:\\\/\\\/diarisanitat.cat\\\/recerca-en-salut\\\/#website\"},\"primaryImageOfPage\":{\"@id\":\"https:\\\/\\\/diarisanitat.cat\\\/recerca-en-salut\\\/blog\\\/2024\\\/01\\\/03\\\/un-assaig-clinic-investiga-un-farmac-oral-per-a-la-covid-19\\\/#primaryimage\"},\"image\":{\"@id\":\"https:\\\/\\\/diarisanitat.cat\\\/recerca-en-salut\\\/blog\\\/2024\\\/01\\\/03\\\/un-assaig-clinic-investiga-un-farmac-oral-per-a-la-covid-19\\\/#primaryimage\"},\"thumbnailUrl\":\"https:\\\/\\\/diarisanitat.cat\\\/recerca-en-salut\\\/wp-content\\\/uploads\\\/sites\\\/4\\\/2024\\\/01\\\/GettyImages-1312329184.jpg\",\"datePublished\":\"2024-01-03T09:00:57+00:00\",\"dateModified\":\"2024-07-08T15:15:11+00:00\",\"author\":{\"@id\":\"https:\\\/\\\/diarisanitat.cat\\\/recerca-en-salut\\\/#\\\/schema\\\/person\\\/9080795ef06d370257b1c8e7967c8de8\"},\"breadcrumb\":{\"@id\":\"https:\\\/\\\/diarisanitat.cat\\\/recerca-en-salut\\\/blog\\\/2024\\\/01\\\/03\\\/un-assaig-clinic-investiga-un-farmac-oral-per-a-la-covid-19\\\/#breadcrumb\"},\"inLanguage\":\"es\",\"potentialAction\":[{\"@type\":\"ReadAction\",\"target\":[\"https:\\\/\\\/diarisanitat.cat\\\/recerca-en-salut\\\/blog\\\/2024\\\/01\\\/03\\\/un-assaig-clinic-investiga-un-farmac-oral-per-a-la-covid-19\\\/\"]}]},{\"@type\":\"ImageObject\",\"inLanguage\":\"es\",\"@id\":\"https:\\\/\\\/diarisanitat.cat\\\/recerca-en-salut\\\/blog\\\/2024\\\/01\\\/03\\\/un-assaig-clinic-investiga-un-farmac-oral-per-a-la-covid-19\\\/#primaryimage\",\"url\":\"https:\\\/\\\/diarisanitat.cat\\\/recerca-en-salut\\\/wp-content\\\/uploads\\\/sites\\\/4\\\/2024\\\/01\\\/GettyImages-1312329184.jpg\",\"contentUrl\":\"https:\\\/\\\/diarisanitat.cat\\\/recerca-en-salut\\\/wp-content\\\/uploads\\\/sites\\\/4\\\/2024\\\/01\\\/GettyImages-1312329184.jpg\",\"width\":2121,\"height\":1414,\"caption\":\"Rapid test on COVID-19 in hands of woman with positive result\"},{\"@type\":\"BreadcrumbList\",\"@id\":\"https:\\\/\\\/diarisanitat.cat\\\/recerca-en-salut\\\/blog\\\/2024\\\/01\\\/03\\\/un-assaig-clinic-investiga-un-farmac-oral-per-a-la-covid-19\\\/#breadcrumb\",\"itemListElement\":[{\"@type\":\"ListItem\",\"position\":1,\"name\":\"Portada\",\"item\":\"https:\\\/\\\/diarisanitat.cat\\\/recerca-en-salut\\\/\"},{\"@type\":\"ListItem\",\"position\":2,\"name\":\"Un assaig cl\u00ednic investiga un f\u00e0rmac oral per a la Covid-19\"}]},{\"@type\":\"WebSite\",\"@id\":\"https:\\\/\\\/diarisanitat.cat\\\/recerca-en-salut\\\/#website\",\"url\":\"https:\\\/\\\/diarisanitat.cat\\\/recerca-en-salut\\\/\",\"name\":\"Recerca en salut\",\"description\":\"\",\"potentialAction\":[{\"@type\":\"SearchAction\",\"target\":{\"@type\":\"EntryPoint\",\"urlTemplate\":\"https:\\\/\\\/diarisanitat.cat\\\/recerca-en-salut\\\/?s={search_term_string}\"},\"query-input\":{\"@type\":\"PropertyValueSpecification\",\"valueRequired\":true,\"valueName\":\"search_term_string\"}}],\"inLanguage\":\"es\"},{\"@type\":\"Person\",\"@id\":\"https:\\\/\\\/diarisanitat.cat\\\/recerca-en-salut\\\/#\\\/schema\\\/person\\\/9080795ef06d370257b1c8e7967c8de8\",\"name\":\"Carme Escales\",\"image\":{\"@type\":\"ImageObject\",\"inLanguage\":\"es\",\"@id\":\"https:\\\/\\\/diarisanitat.cat\\\/wp-content\\\/uploads\\\/2024\\\/11\\\/carme-escales_avatar-96x96.png\",\"url\":\"https:\\\/\\\/diarisanitat.cat\\\/wp-content\\\/uploads\\\/2024\\\/11\\\/carme-escales_avatar-96x96.png\",\"contentUrl\":\"https:\\\/\\\/diarisanitat.cat\\\/wp-content\\\/uploads\\\/2024\\\/11\\\/carme-escales_avatar-96x96.png\",\"caption\":\"Carme Escales\"},\"description\":\"Periodista amb m\u00e9s de 20 anys d'experi\u00e8ncia. Especialitzada en posar a l'abast de tothom el llenguatge de la medicina, la ci\u00e8ncia i la salut.\",\"url\":\"https:\\\/\\\/diarisanitat.cat\\\/recerca-en-salut\\\/blog\\\/author\\\/carmeescales\\\/\"}]}<\/script>\n<!-- \/ Yoast SEO plugin. -->","yoast_head_json":{"title":"Un assaig cl\u00ednic investiga un f\u00e0rmac oral per a la Covid-19 - Recerca en salut","robots":{"index":"index","follow":"follow","max-snippet":"max-snippet:-1","max-image-preview":"max-image-preview:large","max-video-preview":"max-video-preview:-1"},"canonical":"https:\/\/diarisanitat.cat\/recerca-en-salut\/blog\/2024\/01\/03\/un-assaig-clinic-investiga-un-farmac-oral-per-a-la-covid-19\/","og_locale":"es_ES","og_type":"article","og_title":"Un assaig cl\u00ednic investiga un f\u00e0rmac oral per a la Covid-19 - Recerca en salut","og_description":"Els primers resultats, ja publicats, han mostrat que redueix el mal de cap i de coll, i la tos. El virus que va sacsejar el m\u00f3n sencer i que aquests dies repunta amb el fred hivernal i es camufla entre grips i refredats persistents, afortunadament, i gr\u00e0cies a la vacuna, ja no col\u00b7lapsa les UCI\u2019s","og_url":"https:\/\/diarisanitat.cat\/recerca-en-salut\/blog\/2024\/01\/03\/un-assaig-clinic-investiga-un-farmac-oral-per-a-la-covid-19\/","og_site_name":"Recerca en salut","article_published_time":"2024-01-03T09:00:57+00:00","article_modified_time":"2024-07-08T15:15:11+00:00","og_image":[{"width":2121,"height":1414,"url":"https:\/\/diarisanitat.cat\/recerca-en-salut\/wp-content\/uploads\/sites\/4\/2024\/01\/GettyImages-1312329184.jpg","type":"image\/jpeg"}],"author":"Carme Escales","twitter_card":"summary_large_image","twitter_misc":{"Escrito por":"Carme Escales","Tiempo de lectura":"6 minutos"},"schema":{"@context":"https:\/\/schema.org","@graph":[{"@type":"Article","@id":"https:\/\/diarisanitat.cat\/recerca-en-salut\/blog\/2024\/01\/03\/un-assaig-clinic-investiga-un-farmac-oral-per-a-la-covid-19\/#article","isPartOf":{"@id":"https:\/\/diarisanitat.cat\/recerca-en-salut\/blog\/2024\/01\/03\/un-assaig-clinic-investiga-un-farmac-oral-per-a-la-covid-19\/"},"author":{"name":"Carme Escales","@id":"https:\/\/diarisanitat.cat\/recerca-en-salut\/#\/schema\/person\/9080795ef06d370257b1c8e7967c8de8"},"headline":"Un assaig cl\u00ednic investiga un f\u00e0rmac oral per a la Covid-19","datePublished":"2024-01-03T09:00:57+00:00","dateModified":"2024-07-08T15:15:11+00:00","mainEntityOfPage":{"@id":"https:\/\/diarisanitat.cat\/recerca-en-salut\/blog\/2024\/01\/03\/un-assaig-clinic-investiga-un-farmac-oral-per-a-la-covid-19\/"},"wordCount":1214,"commentCount":0,"image":{"@id":"https:\/\/diarisanitat.cat\/recerca-en-salut\/blog\/2024\/01\/03\/un-assaig-clinic-investiga-un-farmac-oral-per-a-la-covid-19\/#primaryimage"},"thumbnailUrl":"https:\/\/diarisanitat.cat\/recerca-en-salut\/wp-content\/uploads\/sites\/4\/2024\/01\/GettyImages-1312329184.jpg","articleSection":["Recerca"],"inLanguage":"es","potentialAction":[{"@type":"CommentAction","name":"Comment","target":["https:\/\/diarisanitat.cat\/recerca-en-salut\/blog\/2024\/01\/03\/un-assaig-clinic-investiga-un-farmac-oral-per-a-la-covid-19\/#respond"]}]},{"@type":"WebPage","@id":"https:\/\/diarisanitat.cat\/recerca-en-salut\/blog\/2024\/01\/03\/un-assaig-clinic-investiga-un-farmac-oral-per-a-la-covid-19\/","url":"https:\/\/diarisanitat.cat\/recerca-en-salut\/blog\/2024\/01\/03\/un-assaig-clinic-investiga-un-farmac-oral-per-a-la-covid-19\/","name":"Un assaig cl\u00ednic investiga un f\u00e0rmac oral per a la Covid-19 - Recerca en salut","isPartOf":{"@id":"https:\/\/diarisanitat.cat\/recerca-en-salut\/#website"},"primaryImageOfPage":{"@id":"https:\/\/diarisanitat.cat\/recerca-en-salut\/blog\/2024\/01\/03\/un-assaig-clinic-investiga-un-farmac-oral-per-a-la-covid-19\/#primaryimage"},"image":{"@id":"https:\/\/diarisanitat.cat\/recerca-en-salut\/blog\/2024\/01\/03\/un-assaig-clinic-investiga-un-farmac-oral-per-a-la-covid-19\/#primaryimage"},"thumbnailUrl":"https:\/\/diarisanitat.cat\/recerca-en-salut\/wp-content\/uploads\/sites\/4\/2024\/01\/GettyImages-1312329184.jpg","datePublished":"2024-01-03T09:00:57+00:00","dateModified":"2024-07-08T15:15:11+00:00","author":{"@id":"https:\/\/diarisanitat.cat\/recerca-en-salut\/#\/schema\/person\/9080795ef06d370257b1c8e7967c8de8"},"breadcrumb":{"@id":"https:\/\/diarisanitat.cat\/recerca-en-salut\/blog\/2024\/01\/03\/un-assaig-clinic-investiga-un-farmac-oral-per-a-la-covid-19\/#breadcrumb"},"inLanguage":"es","potentialAction":[{"@type":"ReadAction","target":["https:\/\/diarisanitat.cat\/recerca-en-salut\/blog\/2024\/01\/03\/un-assaig-clinic-investiga-un-farmac-oral-per-a-la-covid-19\/"]}]},{"@type":"ImageObject","inLanguage":"es","@id":"https:\/\/diarisanitat.cat\/recerca-en-salut\/blog\/2024\/01\/03\/un-assaig-clinic-investiga-un-farmac-oral-per-a-la-covid-19\/#primaryimage","url":"https:\/\/diarisanitat.cat\/recerca-en-salut\/wp-content\/uploads\/sites\/4\/2024\/01\/GettyImages-1312329184.jpg","contentUrl":"https:\/\/diarisanitat.cat\/recerca-en-salut\/wp-content\/uploads\/sites\/4\/2024\/01\/GettyImages-1312329184.jpg","width":2121,"height":1414,"caption":"Rapid test on COVID-19 in hands of woman with positive result"},{"@type":"BreadcrumbList","@id":"https:\/\/diarisanitat.cat\/recerca-en-salut\/blog\/2024\/01\/03\/un-assaig-clinic-investiga-un-farmac-oral-per-a-la-covid-19\/#breadcrumb","itemListElement":[{"@type":"ListItem","position":1,"name":"Portada","item":"https:\/\/diarisanitat.cat\/recerca-en-salut\/"},{"@type":"ListItem","position":2,"name":"Un assaig cl\u00ednic investiga un f\u00e0rmac oral per a la Covid-19"}]},{"@type":"WebSite","@id":"https:\/\/diarisanitat.cat\/recerca-en-salut\/#website","url":"https:\/\/diarisanitat.cat\/recerca-en-salut\/","name":"Recerca en salut","description":"","potentialAction":[{"@type":"SearchAction","target":{"@type":"EntryPoint","urlTemplate":"https:\/\/diarisanitat.cat\/recerca-en-salut\/?s={search_term_string}"},"query-input":{"@type":"PropertyValueSpecification","valueRequired":true,"valueName":"search_term_string"}}],"inLanguage":"es"},{"@type":"Person","@id":"https:\/\/diarisanitat.cat\/recerca-en-salut\/#\/schema\/person\/9080795ef06d370257b1c8e7967c8de8","name":"Carme Escales","image":{"@type":"ImageObject","inLanguage":"es","@id":"https:\/\/diarisanitat.cat\/wp-content\/uploads\/2024\/11\/carme-escales_avatar-96x96.png","url":"https:\/\/diarisanitat.cat\/wp-content\/uploads\/2024\/11\/carme-escales_avatar-96x96.png","contentUrl":"https:\/\/diarisanitat.cat\/wp-content\/uploads\/2024\/11\/carme-escales_avatar-96x96.png","caption":"Carme Escales"},"description":"Periodista amb m\u00e9s de 20 anys d'experi\u00e8ncia. Especialitzada en posar a l'abast de tothom el llenguatge de la medicina, la ci\u00e8ncia i la salut.","url":"https:\/\/diarisanitat.cat\/recerca-en-salut\/blog\/author\/carmeescales\/"}]}},"_links":{"self":[{"href":"https:\/\/diarisanitat.cat\/recerca-en-salut\/wp-json\/wp\/v2\/posts\/1554","targetHints":{"allow":["GET"]}}],"collection":[{"href":"https:\/\/diarisanitat.cat\/recerca-en-salut\/wp-json\/wp\/v2\/posts"}],"about":[{"href":"https:\/\/diarisanitat.cat\/recerca-en-salut\/wp-json\/wp\/v2\/types\/post"}],"author":[{"embeddable":true,"href":"https:\/\/diarisanitat.cat\/recerca-en-salut\/wp-json\/wp\/v2\/users\/16"}],"replies":[{"embeddable":true,"href":"https:\/\/diarisanitat.cat\/recerca-en-salut\/wp-json\/wp\/v2\/comments?post=1554"}],"version-history":[{"count":1,"href":"https:\/\/diarisanitat.cat\/recerca-en-salut\/wp-json\/wp\/v2\/posts\/1554\/revisions"}],"predecessor-version":[{"id":38032,"href":"https:\/\/diarisanitat.cat\/recerca-en-salut\/wp-json\/wp\/v2\/posts\/1554\/revisions\/38032"}],"wp:featuredmedia":[{"embeddable":true,"href":"https:\/\/diarisanitat.cat\/recerca-en-salut\/wp-json\/wp\/v2\/media\/1555"}],"wp:attachment":[{"href":"https:\/\/diarisanitat.cat\/recerca-en-salut\/wp-json\/wp\/v2\/media?parent=1554"}],"wp:term":[{"taxonomy":"category","embeddable":true,"href":"https:\/\/diarisanitat.cat\/recerca-en-salut\/wp-json\/wp\/v2\/categories?post=1554"},{"taxonomy":"post_tag","embeddable":true,"href":"https:\/\/diarisanitat.cat\/recerca-en-salut\/wp-json\/wp\/v2\/tags?post=1554"},{"taxonomy":"tipo","embeddable":true,"href":"https:\/\/diarisanitat.cat\/recerca-en-salut\/wp-json\/wp\/v2\/tipo?post=1554"}],"curies":[{"name":"wp","href":"https:\/\/api.w.org\/{rel}","templated":true}]}}