{"id":1689,"date":"2024-03-21T06:15:13","date_gmt":"2024-03-21T06:15:13","guid":{"rendered":"https:\/\/diarisanitat.cat\/recerca-en-salut\/?p=1689"},"modified":"2024-07-08T15:15:20","modified_gmt":"2024-07-08T15:15:20","slug":"cada-llibre-llegit-deu-minuts-de-recerca-en-cancer","status":"publish","type":"post","link":"https:\/\/diarisanitat.cat\/recerca-en-salut\/blog\/2024\/03\/21\/cada-llibre-llegit-deu-minuts-de-recerca-en-cancer\/","title":{"rendered":"Cada llibre llegit, deu minuts de recerca en c\u00e0ncer"},"content":{"rendered":"<header>\n<div class=\"subtitle\">\n<p><strong>La campanya<em>\u00a0Girem Full<\/em>! recollir\u00e0 fins a la Diada de Sant Jordi ressenyes d\u2019obres llegides que equivaldran a temps de recerca en immunoter\u00e0pia.<\/strong><\/p>\n<\/div>\n<\/header>\n<div class=\"entry-content\">\n<div>\n<p>Quan les forces s\u2019ajunten, s\u2019arriba m\u00e9s lluny. Ho demostren accions com la iniciativa del\u00a0<a href=\"https:\/\/gremidellibreters.cat\/gremi_llibreters\/\">Gremi de Llibreters de Catalunya<\/a>, la\u00a0<a href=\"https:\/\/www.fundaciocollserola.cat\/\">Fundaci\u00f3 Collserola<\/a>\u00a0i l\u2019<a href=\"https:\/\/www.clinicbarcelona.org\/ca\">hospital Cl\u00ednic Barcelona-IDIBAPS<\/a>, que s\u2019han unit per a recaptar fons per a la recerca en immunoter\u00e0pia contra el c\u00e0ncer a trav\u00e9s del foment de la lectura. Incentivant una fita, en potencien una altra, amb un doble impacte de guany social.<\/p>\n<p>Junts han posat en marxa la campanya solid\u00e0ria\u00a0<em><a href=\"https:\/\/dona.clinicbarcelona.org\/giremfull\">Girem Full!<\/a><\/em>\u00a0que, des d\u2019aquest dijous 21 de mar\u00e7, Dia Mundial de la Poesia, i fins al 23 d\u2019abril, Diada de Sant Jordi, recollir\u00e0 ressenyes de llibres llegits per qualsevol persona \u2013infants i adults\u2013, i per cada obra llegida s\u2019estar\u00e0 aportant deu minuts de recerca, una hora per cada sis llibres llegits. La transformaci\u00f3 de temps de lectura en temps d\u2019investigaci\u00f3 ser\u00e0 possible gr\u00e0cies a donacions de persones an\u00f2nimes de vint euros per cada llibre llegit, que ampliaran aix\u00ed recursos obtinguts tamb\u00e9 per mecenes i accions solid\u00e0ries.<\/p>\n<p>Les ressenyes es poden dipositar directament a les b\u00fasties f\u00edsiques que hi haur\u00e0 ubicades a l\u2019entrada de l\u2019hospital Cl\u00ednic, a les llibreries adherides a la campanya \u2013que es preveu que siguin la majoria de les agremiades\u2013 i tamb\u00e9 es poden enviar a trav\u00e9s del web de\u00a0<em><a href=\"https:\/\/dona.clinicbarcelona.org\/giremfull\">Girem Full!<\/a>.<\/em>\u00a0S\u2019han proposat aconseguir sumar 1.000 hores de recerca contra el c\u00e0ncer, per tant, calen 6.000 ressenyes de llibres llegits.<\/p>\n<h3>Inici a l\u2019escola Frederic Mistral-T\u00e8cnic Eul\u00e0lia<\/h3>\n<p>L\u2019original idea ja va comen\u00e7ar a preparar-se l\u2019any 2019, engrescant els llibreters amb una campanya per apropar la ciutadania a la recerca passant per la lectura. Tot estava llest per dur-se a terme, quan la pand\u00e8mia de la Covid va irrompre i, com va passar amb tantes altres coses, ho va aturar.<\/p>\n<p>\u201cHem tingut aquests anys per a reflexionar i ens hem adonat que seria bo comen\u00e7ar en una escola, amb la idea que siguin els nens i nenes els qui passin el testimoni a la resta de la societat i que cada any siguin m\u00e9s escoles, per\u00f2 tamb\u00e9 empreses i particulars, els involucrats en la iniciativa\u201d, ha explicat la responsable de Mecenatge de l\u2019hospital Cl\u00ednic N\u00faria Vilamaj\u00f3.<\/p>\n<p>Aquesta primera edici\u00f3 arrenca a l\u2019escola Frederic Mistral-T\u00e8cnic Eul\u00e0lia de Barcelona, per\u00f2, tal com diu el president del Gremi de Llibreters de\u00a0 Catalunya, Eric del Arco \u201cens adrecem a un p\u00fablic ampli i divers, com els membres de la comunitat escolar, amants de la lectura, professionals del m\u00f3n de la salut, empreses, particulars i tota persona interessada en aportar el seu gra de sorra en la lluita contra el c\u00e0ncer\u201d.<\/p>\n<p>La idea dels impulsors \u00e9s consolidar un temps cada any en qu\u00e8 tothom pugui posar-se a llegir en favor de la investigaci\u00f3 en salut. D\u2019aquesta manera, la iniciativa aconsegueix un doble impacte: el foment de la lectura i l\u2019impuls de la recerca en salut, i el conseq\u00fcent guany social a totes bandes.<\/p>\n<h3>Immunoter\u00e0pia<\/h3>\n<p>La campanya\u00a0<em>Girem Full!<\/em>\u00a0impulsa el Projecte ARI i, amb aquest, la recerca de nous tractaments en immunoter\u00e0pia contra el c\u00e0ncer que es desenvolupen al campus Cl\u00ednic, amb l\u2019objectiu de fer-los accessibles a tothom a trav\u00e9s de la sanitat p\u00fablica.<\/p>\n<p>La immunoter\u00e0pia cel\u00b7lular \u00e9s una de les principals l\u00ednies de recerca del Cl\u00ednic Barcelona-IDIBAPS amb l\u2019objectiu de desenvolupar nous tractaments que estiguin disponibles per tractar pacients amb diferents tipus de tumors s\u00f2lids o malalties hematol\u00f2giques. D\u2019altra banda, la recerca tamb\u00e9 se centra en millorar la funcionalitat dels CAR-T un cop arriben al tumor.<\/p>\n<p>A m\u00e9s de l\u2019ARI-0001, per al tractament de leuc\u00e8mies limfobl\u00e0stiques agudes i limfomes, l\u2019ARI-0002h, per al mieloma m\u00faltiple i l\u2019ARI-0003, per al limfoma, en els propers mesos, tamb\u00e9 comen\u00e7ar\u00e0 un assaig amb el CAR-T HER2 per al tractament del c\u00e0ncer de mama. Tamb\u00e9 s\u2019han acabat els estudis precl\u00ednics amb el CAR-T ARI-0007 per tractar persones diagnosticades de leuc\u00e8mia aguda limfobl\u00e0stica T.\u00a0 Fins a la data, m\u00e9s de 350 pacients s\u2019han beneficiat del tractament amb l\u2019ARI-0001 o l\u2019ARI-0002h.<\/p>\n<p>Un altre tipus de ter\u00e0pia cel\u00b7lular s\u00f3n els TILs (de l\u2019angl\u00e8s Tumour-infiltrating Lymphocytes o Limf\u00f2cits infiltrants de tumor). El Cl\u00ednic-IDIBAPS t\u00e9 actualment aprovat l\u2019assaig TIL0001, essent un dels centres pioners en l\u2019\u00fas d\u2019aquest tipus de ter\u00e0pia en l\u2019\u00e0mbit espanyol i europeu, per al tractament de c\u00e0ncer de mama.<\/p>\n<p>\u201cA trav\u00e9s de la col\u00b7laboraci\u00f3 sin\u00e8rgica entre socis estrat\u00e8gics i l\u2019equip multidisciplinari del Campus Cl\u00ednic, aconseguirem un futur on les ter\u00e0pies cel\u00b7lulars personalitzades es converteixen en un eix central en el tractament del c\u00e0ncer\u201d, assenyala Aleix Prat, director de l\u2019Institut del C\u00e0ncer i Malalties de la Sang del Cl\u00ednic.<\/p>\n<\/div>\n<\/div>\n","protected":false},"excerpt":{"rendered":"<p>La campanya\u00a0Girem Full! recollir\u00e0 fins a la Diada de Sant Jordi ressenyes d\u2019obres llegides que equivaldran a temps de recerca en immunoter\u00e0pia. Quan les forces s\u2019ajunten, s\u2019arriba m\u00e9s lluny. Ho demostren accions com la iniciativa del\u00a0Gremi de Llibreters de Catalunya, la\u00a0Fundaci\u00f3 Collserola\u00a0i l\u2019hospital Cl\u00ednic Barcelona-IDIBAPS, que s\u2019han unit per a recaptar fons per a la<\/p>\n","protected":false},"author":16,"featured_media":1690,"comment_status":"open","ping_status":"open","sticky":false,"template":"","format":"standard","meta":{"_acf_changed":false,"footnotes":""},"categories":[126],"tags":[144,476],"tipo":[],"class_list":{"0":"post-1689","1":"post","2":"type-post","3":"status-publish","4":"format-standard","5":"has-post-thumbnail","7":"category-recerca","8":"tag-cancer","9":"tag-lectura"},"acf":[],"yoast_head":"<!-- This site is optimized with the Yoast SEO plugin v27.5 - https:\/\/yoast.com\/product\/yoast-seo-wordpress\/ -->\n<title>Cada llibre llegit, deu minuts de recerca en c\u00e0ncer - Recerca en salut<\/title>\n<meta name=\"robots\" content=\"index, follow, max-snippet:-1, max-image-preview:large, max-video-preview:-1\" \/>\n<link rel=\"canonical\" href=\"https:\/\/diarisanitat.cat\/recerca-en-salut\/blog\/2024\/03\/21\/cada-llibre-llegit-deu-minuts-de-recerca-en-cancer\/\" \/>\n<meta property=\"og:locale\" content=\"es_ES\" \/>\n<meta property=\"og:type\" content=\"article\" \/>\n<meta property=\"og:title\" content=\"Cada llibre llegit, deu minuts de recerca en c\u00e0ncer - Recerca en salut\" \/>\n<meta property=\"og:description\" content=\"La campanya\u00a0Girem Full! recollir\u00e0 fins a la Diada de Sant Jordi ressenyes d\u2019obres llegides que equivaldran a temps de recerca en immunoter\u00e0pia. Quan les forces s\u2019ajunten, s\u2019arriba m\u00e9s lluny. Ho demostren accions com la iniciativa del\u00a0Gremi de Llibreters de Catalunya, la\u00a0Fundaci\u00f3 Collserola\u00a0i l\u2019hospital Cl\u00ednic Barcelona-IDIBAPS, que s\u2019han unit per a recaptar fons per a la\" \/>\n<meta property=\"og:url\" content=\"https:\/\/diarisanitat.cat\/recerca-en-salut\/blog\/2024\/03\/21\/cada-llibre-llegit-deu-minuts-de-recerca-en-cancer\/\" \/>\n<meta property=\"og:site_name\" content=\"Recerca en salut\" \/>\n<meta property=\"article:published_time\" content=\"2024-03-21T06:15:13+00:00\" \/>\n<meta property=\"article:modified_time\" content=\"2024-07-08T15:15:20+00:00\" \/>\n<meta property=\"og:image\" content=\"https:\/\/diarisanitat.cat\/recerca-en-salut\/wp-content\/uploads\/sites\/4\/2024\/05\/@franciscoavia-Clienic-BarcelonaDSC_7738-1.jpeg\" \/>\n\t<meta property=\"og:image:width\" content=\"2048\" \/>\n\t<meta property=\"og:image:height\" content=\"1365\" \/>\n\t<meta property=\"og:image:type\" content=\"image\/jpeg\" \/>\n<meta name=\"author\" content=\"Carme Escales\" \/>\n<meta name=\"twitter:card\" content=\"summary_large_image\" \/>\n<meta name=\"twitter:label1\" content=\"Escrito por\" \/>\n\t<meta name=\"twitter:data1\" content=\"Carme Escales\" \/>\n\t<meta name=\"twitter:label2\" content=\"Tiempo de lectura\" \/>\n\t<meta name=\"twitter:data2\" content=\"4 minutos\" \/>\n<script type=\"application\/ld+json\" class=\"yoast-schema-graph\">{\"@context\":\"https:\\\/\\\/schema.org\",\"@graph\":[{\"@type\":\"Article\",\"@id\":\"https:\\\/\\\/diarisanitat.cat\\\/recerca-en-salut\\\/blog\\\/2024\\\/03\\\/21\\\/cada-llibre-llegit-deu-minuts-de-recerca-en-cancer\\\/#article\",\"isPartOf\":{\"@id\":\"https:\\\/\\\/diarisanitat.cat\\\/recerca-en-salut\\\/blog\\\/2024\\\/03\\\/21\\\/cada-llibre-llegit-deu-minuts-de-recerca-en-cancer\\\/\"},\"author\":{\"name\":\"Carme Escales\",\"@id\":\"https:\\\/\\\/diarisanitat.cat\\\/recerca-en-salut\\\/#\\\/schema\\\/person\\\/9080795ef06d370257b1c8e7967c8de8\"},\"headline\":\"Cada llibre llegit, deu minuts de recerca en c\u00e0ncer\",\"datePublished\":\"2024-03-21T06:15:13+00:00\",\"dateModified\":\"2024-07-08T15:15:20+00:00\",\"mainEntityOfPage\":{\"@id\":\"https:\\\/\\\/diarisanitat.cat\\\/recerca-en-salut\\\/blog\\\/2024\\\/03\\\/21\\\/cada-llibre-llegit-deu-minuts-de-recerca-en-cancer\\\/\"},\"wordCount\":873,\"commentCount\":0,\"image\":{\"@id\":\"https:\\\/\\\/diarisanitat.cat\\\/recerca-en-salut\\\/blog\\\/2024\\\/03\\\/21\\\/cada-llibre-llegit-deu-minuts-de-recerca-en-cancer\\\/#primaryimage\"},\"thumbnailUrl\":\"https:\\\/\\\/diarisanitat.cat\\\/recerca-en-salut\\\/wp-content\\\/uploads\\\/sites\\\/4\\\/2024\\\/05\\\/@franciscoavia-Clienic-BarcelonaDSC_7738-1.jpeg\",\"keywords\":[\"c\u00e0ncer\",\"lectura\"],\"articleSection\":[\"Recerca\"],\"inLanguage\":\"es\",\"potentialAction\":[{\"@type\":\"CommentAction\",\"name\":\"Comment\",\"target\":[\"https:\\\/\\\/diarisanitat.cat\\\/recerca-en-salut\\\/blog\\\/2024\\\/03\\\/21\\\/cada-llibre-llegit-deu-minuts-de-recerca-en-cancer\\\/#respond\"]}]},{\"@type\":\"WebPage\",\"@id\":\"https:\\\/\\\/diarisanitat.cat\\\/recerca-en-salut\\\/blog\\\/2024\\\/03\\\/21\\\/cada-llibre-llegit-deu-minuts-de-recerca-en-cancer\\\/\",\"url\":\"https:\\\/\\\/diarisanitat.cat\\\/recerca-en-salut\\\/blog\\\/2024\\\/03\\\/21\\\/cada-llibre-llegit-deu-minuts-de-recerca-en-cancer\\\/\",\"name\":\"Cada llibre llegit, deu minuts de recerca en c\u00e0ncer - Recerca en salut\",\"isPartOf\":{\"@id\":\"https:\\\/\\\/diarisanitat.cat\\\/recerca-en-salut\\\/#website\"},\"primaryImageOfPage\":{\"@id\":\"https:\\\/\\\/diarisanitat.cat\\\/recerca-en-salut\\\/blog\\\/2024\\\/03\\\/21\\\/cada-llibre-llegit-deu-minuts-de-recerca-en-cancer\\\/#primaryimage\"},\"image\":{\"@id\":\"https:\\\/\\\/diarisanitat.cat\\\/recerca-en-salut\\\/blog\\\/2024\\\/03\\\/21\\\/cada-llibre-llegit-deu-minuts-de-recerca-en-cancer\\\/#primaryimage\"},\"thumbnailUrl\":\"https:\\\/\\\/diarisanitat.cat\\\/recerca-en-salut\\\/wp-content\\\/uploads\\\/sites\\\/4\\\/2024\\\/05\\\/@franciscoavia-Clienic-BarcelonaDSC_7738-1.jpeg\",\"datePublished\":\"2024-03-21T06:15:13+00:00\",\"dateModified\":\"2024-07-08T15:15:20+00:00\",\"author\":{\"@id\":\"https:\\\/\\\/diarisanitat.cat\\\/recerca-en-salut\\\/#\\\/schema\\\/person\\\/9080795ef06d370257b1c8e7967c8de8\"},\"breadcrumb\":{\"@id\":\"https:\\\/\\\/diarisanitat.cat\\\/recerca-en-salut\\\/blog\\\/2024\\\/03\\\/21\\\/cada-llibre-llegit-deu-minuts-de-recerca-en-cancer\\\/#breadcrumb\"},\"inLanguage\":\"es\",\"potentialAction\":[{\"@type\":\"ReadAction\",\"target\":[\"https:\\\/\\\/diarisanitat.cat\\\/recerca-en-salut\\\/blog\\\/2024\\\/03\\\/21\\\/cada-llibre-llegit-deu-minuts-de-recerca-en-cancer\\\/\"]}]},{\"@type\":\"ImageObject\",\"inLanguage\":\"es\",\"@id\":\"https:\\\/\\\/diarisanitat.cat\\\/recerca-en-salut\\\/blog\\\/2024\\\/03\\\/21\\\/cada-llibre-llegit-deu-minuts-de-recerca-en-cancer\\\/#primaryimage\",\"url\":\"https:\\\/\\\/diarisanitat.cat\\\/recerca-en-salut\\\/wp-content\\\/uploads\\\/sites\\\/4\\\/2024\\\/05\\\/@franciscoavia-Clienic-BarcelonaDSC_7738-1.jpeg\",\"contentUrl\":\"https:\\\/\\\/diarisanitat.cat\\\/recerca-en-salut\\\/wp-content\\\/uploads\\\/sites\\\/4\\\/2024\\\/05\\\/@franciscoavia-Clienic-BarcelonaDSC_7738-1.jpeg\",\"width\":2048,\"height\":1365},{\"@type\":\"BreadcrumbList\",\"@id\":\"https:\\\/\\\/diarisanitat.cat\\\/recerca-en-salut\\\/blog\\\/2024\\\/03\\\/21\\\/cada-llibre-llegit-deu-minuts-de-recerca-en-cancer\\\/#breadcrumb\",\"itemListElement\":[{\"@type\":\"ListItem\",\"position\":1,\"name\":\"Portada\",\"item\":\"https:\\\/\\\/diarisanitat.cat\\\/recerca-en-salut\\\/\"},{\"@type\":\"ListItem\",\"position\":2,\"name\":\"Cada llibre llegit, deu minuts de recerca en c\u00e0ncer\"}]},{\"@type\":\"WebSite\",\"@id\":\"https:\\\/\\\/diarisanitat.cat\\\/recerca-en-salut\\\/#website\",\"url\":\"https:\\\/\\\/diarisanitat.cat\\\/recerca-en-salut\\\/\",\"name\":\"Recerca en salut\",\"description\":\"\",\"potentialAction\":[{\"@type\":\"SearchAction\",\"target\":{\"@type\":\"EntryPoint\",\"urlTemplate\":\"https:\\\/\\\/diarisanitat.cat\\\/recerca-en-salut\\\/?s={search_term_string}\"},\"query-input\":{\"@type\":\"PropertyValueSpecification\",\"valueRequired\":true,\"valueName\":\"search_term_string\"}}],\"inLanguage\":\"es\"},{\"@type\":\"Person\",\"@id\":\"https:\\\/\\\/diarisanitat.cat\\\/recerca-en-salut\\\/#\\\/schema\\\/person\\\/9080795ef06d370257b1c8e7967c8de8\",\"name\":\"Carme Escales\",\"image\":{\"@type\":\"ImageObject\",\"inLanguage\":\"es\",\"@id\":\"https:\\\/\\\/diarisanitat.cat\\\/wp-content\\\/uploads\\\/2024\\\/11\\\/carme-escales_avatar-96x96.png\",\"url\":\"https:\\\/\\\/diarisanitat.cat\\\/wp-content\\\/uploads\\\/2024\\\/11\\\/carme-escales_avatar-96x96.png\",\"contentUrl\":\"https:\\\/\\\/diarisanitat.cat\\\/wp-content\\\/uploads\\\/2024\\\/11\\\/carme-escales_avatar-96x96.png\",\"caption\":\"Carme Escales\"},\"description\":\"Periodista amb m\u00e9s de 20 anys d'experi\u00e8ncia. Especialitzada en posar a l'abast de tothom el llenguatge de la medicina, la ci\u00e8ncia i la salut.\",\"url\":\"https:\\\/\\\/diarisanitat.cat\\\/recerca-en-salut\\\/blog\\\/author\\\/carmeescales\\\/\"}]}<\/script>\n<!-- \/ Yoast SEO plugin. -->","yoast_head_json":{"title":"Cada llibre llegit, deu minuts de recerca en c\u00e0ncer - Recerca en salut","robots":{"index":"index","follow":"follow","max-snippet":"max-snippet:-1","max-image-preview":"max-image-preview:large","max-video-preview":"max-video-preview:-1"},"canonical":"https:\/\/diarisanitat.cat\/recerca-en-salut\/blog\/2024\/03\/21\/cada-llibre-llegit-deu-minuts-de-recerca-en-cancer\/","og_locale":"es_ES","og_type":"article","og_title":"Cada llibre llegit, deu minuts de recerca en c\u00e0ncer - Recerca en salut","og_description":"La campanya\u00a0Girem Full! recollir\u00e0 fins a la Diada de Sant Jordi ressenyes d\u2019obres llegides que equivaldran a temps de recerca en immunoter\u00e0pia. Quan les forces s\u2019ajunten, s\u2019arriba m\u00e9s lluny. Ho demostren accions com la iniciativa del\u00a0Gremi de Llibreters de Catalunya, la\u00a0Fundaci\u00f3 Collserola\u00a0i l\u2019hospital Cl\u00ednic Barcelona-IDIBAPS, que s\u2019han unit per a recaptar fons per a la","og_url":"https:\/\/diarisanitat.cat\/recerca-en-salut\/blog\/2024\/03\/21\/cada-llibre-llegit-deu-minuts-de-recerca-en-cancer\/","og_site_name":"Recerca en salut","article_published_time":"2024-03-21T06:15:13+00:00","article_modified_time":"2024-07-08T15:15:20+00:00","og_image":[{"width":2048,"height":1365,"url":"https:\/\/diarisanitat.cat\/recerca-en-salut\/wp-content\/uploads\/sites\/4\/2024\/05\/@franciscoavia-Clienic-BarcelonaDSC_7738-1.jpeg","type":"image\/jpeg"}],"author":"Carme Escales","twitter_card":"summary_large_image","twitter_misc":{"Escrito por":"Carme Escales","Tiempo de lectura":"4 minutos"},"schema":{"@context":"https:\/\/schema.org","@graph":[{"@type":"Article","@id":"https:\/\/diarisanitat.cat\/recerca-en-salut\/blog\/2024\/03\/21\/cada-llibre-llegit-deu-minuts-de-recerca-en-cancer\/#article","isPartOf":{"@id":"https:\/\/diarisanitat.cat\/recerca-en-salut\/blog\/2024\/03\/21\/cada-llibre-llegit-deu-minuts-de-recerca-en-cancer\/"},"author":{"name":"Carme Escales","@id":"https:\/\/diarisanitat.cat\/recerca-en-salut\/#\/schema\/person\/9080795ef06d370257b1c8e7967c8de8"},"headline":"Cada llibre llegit, deu minuts de recerca en c\u00e0ncer","datePublished":"2024-03-21T06:15:13+00:00","dateModified":"2024-07-08T15:15:20+00:00","mainEntityOfPage":{"@id":"https:\/\/diarisanitat.cat\/recerca-en-salut\/blog\/2024\/03\/21\/cada-llibre-llegit-deu-minuts-de-recerca-en-cancer\/"},"wordCount":873,"commentCount":0,"image":{"@id":"https:\/\/diarisanitat.cat\/recerca-en-salut\/blog\/2024\/03\/21\/cada-llibre-llegit-deu-minuts-de-recerca-en-cancer\/#primaryimage"},"thumbnailUrl":"https:\/\/diarisanitat.cat\/recerca-en-salut\/wp-content\/uploads\/sites\/4\/2024\/05\/@franciscoavia-Clienic-BarcelonaDSC_7738-1.jpeg","keywords":["c\u00e0ncer","lectura"],"articleSection":["Recerca"],"inLanguage":"es","potentialAction":[{"@type":"CommentAction","name":"Comment","target":["https:\/\/diarisanitat.cat\/recerca-en-salut\/blog\/2024\/03\/21\/cada-llibre-llegit-deu-minuts-de-recerca-en-cancer\/#respond"]}]},{"@type":"WebPage","@id":"https:\/\/diarisanitat.cat\/recerca-en-salut\/blog\/2024\/03\/21\/cada-llibre-llegit-deu-minuts-de-recerca-en-cancer\/","url":"https:\/\/diarisanitat.cat\/recerca-en-salut\/blog\/2024\/03\/21\/cada-llibre-llegit-deu-minuts-de-recerca-en-cancer\/","name":"Cada llibre llegit, deu minuts de recerca en c\u00e0ncer - Recerca en salut","isPartOf":{"@id":"https:\/\/diarisanitat.cat\/recerca-en-salut\/#website"},"primaryImageOfPage":{"@id":"https:\/\/diarisanitat.cat\/recerca-en-salut\/blog\/2024\/03\/21\/cada-llibre-llegit-deu-minuts-de-recerca-en-cancer\/#primaryimage"},"image":{"@id":"https:\/\/diarisanitat.cat\/recerca-en-salut\/blog\/2024\/03\/21\/cada-llibre-llegit-deu-minuts-de-recerca-en-cancer\/#primaryimage"},"thumbnailUrl":"https:\/\/diarisanitat.cat\/recerca-en-salut\/wp-content\/uploads\/sites\/4\/2024\/05\/@franciscoavia-Clienic-BarcelonaDSC_7738-1.jpeg","datePublished":"2024-03-21T06:15:13+00:00","dateModified":"2024-07-08T15:15:20+00:00","author":{"@id":"https:\/\/diarisanitat.cat\/recerca-en-salut\/#\/schema\/person\/9080795ef06d370257b1c8e7967c8de8"},"breadcrumb":{"@id":"https:\/\/diarisanitat.cat\/recerca-en-salut\/blog\/2024\/03\/21\/cada-llibre-llegit-deu-minuts-de-recerca-en-cancer\/#breadcrumb"},"inLanguage":"es","potentialAction":[{"@type":"ReadAction","target":["https:\/\/diarisanitat.cat\/recerca-en-salut\/blog\/2024\/03\/21\/cada-llibre-llegit-deu-minuts-de-recerca-en-cancer\/"]}]},{"@type":"ImageObject","inLanguage":"es","@id":"https:\/\/diarisanitat.cat\/recerca-en-salut\/blog\/2024\/03\/21\/cada-llibre-llegit-deu-minuts-de-recerca-en-cancer\/#primaryimage","url":"https:\/\/diarisanitat.cat\/recerca-en-salut\/wp-content\/uploads\/sites\/4\/2024\/05\/@franciscoavia-Clienic-BarcelonaDSC_7738-1.jpeg","contentUrl":"https:\/\/diarisanitat.cat\/recerca-en-salut\/wp-content\/uploads\/sites\/4\/2024\/05\/@franciscoavia-Clienic-BarcelonaDSC_7738-1.jpeg","width":2048,"height":1365},{"@type":"BreadcrumbList","@id":"https:\/\/diarisanitat.cat\/recerca-en-salut\/blog\/2024\/03\/21\/cada-llibre-llegit-deu-minuts-de-recerca-en-cancer\/#breadcrumb","itemListElement":[{"@type":"ListItem","position":1,"name":"Portada","item":"https:\/\/diarisanitat.cat\/recerca-en-salut\/"},{"@type":"ListItem","position":2,"name":"Cada llibre llegit, deu minuts de recerca en c\u00e0ncer"}]},{"@type":"WebSite","@id":"https:\/\/diarisanitat.cat\/recerca-en-salut\/#website","url":"https:\/\/diarisanitat.cat\/recerca-en-salut\/","name":"Recerca en salut","description":"","potentialAction":[{"@type":"SearchAction","target":{"@type":"EntryPoint","urlTemplate":"https:\/\/diarisanitat.cat\/recerca-en-salut\/?s={search_term_string}"},"query-input":{"@type":"PropertyValueSpecification","valueRequired":true,"valueName":"search_term_string"}}],"inLanguage":"es"},{"@type":"Person","@id":"https:\/\/diarisanitat.cat\/recerca-en-salut\/#\/schema\/person\/9080795ef06d370257b1c8e7967c8de8","name":"Carme Escales","image":{"@type":"ImageObject","inLanguage":"es","@id":"https:\/\/diarisanitat.cat\/wp-content\/uploads\/2024\/11\/carme-escales_avatar-96x96.png","url":"https:\/\/diarisanitat.cat\/wp-content\/uploads\/2024\/11\/carme-escales_avatar-96x96.png","contentUrl":"https:\/\/diarisanitat.cat\/wp-content\/uploads\/2024\/11\/carme-escales_avatar-96x96.png","caption":"Carme Escales"},"description":"Periodista amb m\u00e9s de 20 anys d'experi\u00e8ncia. Especialitzada en posar a l'abast de tothom el llenguatge de la medicina, la ci\u00e8ncia i la salut.","url":"https:\/\/diarisanitat.cat\/recerca-en-salut\/blog\/author\/carmeescales\/"}]}},"_links":{"self":[{"href":"https:\/\/diarisanitat.cat\/recerca-en-salut\/wp-json\/wp\/v2\/posts\/1689","targetHints":{"allow":["GET"]}}],"collection":[{"href":"https:\/\/diarisanitat.cat\/recerca-en-salut\/wp-json\/wp\/v2\/posts"}],"about":[{"href":"https:\/\/diarisanitat.cat\/recerca-en-salut\/wp-json\/wp\/v2\/types\/post"}],"author":[{"embeddable":true,"href":"https:\/\/diarisanitat.cat\/recerca-en-salut\/wp-json\/wp\/v2\/users\/16"}],"replies":[{"embeddable":true,"href":"https:\/\/diarisanitat.cat\/recerca-en-salut\/wp-json\/wp\/v2\/comments?post=1689"}],"version-history":[{"count":1,"href":"https:\/\/diarisanitat.cat\/recerca-en-salut\/wp-json\/wp\/v2\/posts\/1689\/revisions"}],"predecessor-version":[{"id":38136,"href":"https:\/\/diarisanitat.cat\/recerca-en-salut\/wp-json\/wp\/v2\/posts\/1689\/revisions\/38136"}],"wp:featuredmedia":[{"embeddable":true,"href":"https:\/\/diarisanitat.cat\/recerca-en-salut\/wp-json\/wp\/v2\/media\/1690"}],"wp:attachment":[{"href":"https:\/\/diarisanitat.cat\/recerca-en-salut\/wp-json\/wp\/v2\/media?parent=1689"}],"wp:term":[{"taxonomy":"category","embeddable":true,"href":"https:\/\/diarisanitat.cat\/recerca-en-salut\/wp-json\/wp\/v2\/categories?post=1689"},{"taxonomy":"post_tag","embeddable":true,"href":"https:\/\/diarisanitat.cat\/recerca-en-salut\/wp-json\/wp\/v2\/tags?post=1689"},{"taxonomy":"tipo","embeddable":true,"href":"https:\/\/diarisanitat.cat\/recerca-en-salut\/wp-json\/wp\/v2\/tipo?post=1689"}],"curies":[{"name":"wp","href":"https:\/\/api.w.org\/{rel}","templated":true}]}}