{"id":1698,"date":"2024-04-03T06:15:30","date_gmt":"2024-04-03T06:15:30","guid":{"rendered":"https:\/\/diarisanitat.cat\/recerca-en-salut\/?p=1698"},"modified":"2024-07-08T15:15:20","modified_gmt":"2024-07-08T15:15:20","slug":"9-de-cada-10-persones-sobreviurien-a-un-cancer-de-colon-amb-deteccio-precoc","status":"publish","type":"post","link":"https:\/\/diarisanitat.cat\/recerca-en-salut\/blog\/2024\/04\/03\/9-de-cada-10-persones-sobreviurien-a-un-cancer-de-colon-amb-deteccio-precoc\/","title":{"rendered":"9 de cada 10 persones sobreviurien a un c\u00e0ncer de colon amb detecci\u00f3 preco\u00e7"},"content":{"rendered":"<header>\n<div class=\"subtitle\">\n<p><strong>L\u2019Associaci\u00f3 Contra el C\u00e0ncer a Barcelona impulsa una campanya per augmentar la participaci\u00f3 en els tests de cribratge amb les farm\u00e0cies<\/strong><\/p>\n<\/div>\n<\/header>\n<div class=\"entry-content\">\n<div class=\"code-block code-block-14\">\n<div>\n<p>El c\u00e0ncer colorectal \u00e9s el segon en incid\u00e8ncia, tant en homes com en dones, i el primer si es consideren els casos de tots dos sexes. Segons les estimacions de l\u2019<a href=\"https:\/\/observatorio.contraelcancer.es\/\">Observatori del C\u00e0ncer<\/a>, al llarg de l\u2019any 2023, 40.203 persones a Espanya van ser diagnosticades de c\u00e0ncer colorectal. A Catalunya en van ser 6.323 i a la prov\u00edncia de Barcelona, se\u2019n van detectar 4.622 nous casos.<\/p>\n<p>Els Tests de Sang Oculta en Femtes (TSOH) facilita molt la detecci\u00f3 en estadis inicials d\u2019aquest tipus de c\u00e0ncer, perqu\u00e8 es pot trobar encara que no s\u2019hagi manifestat cap s\u00edmptoma en la persona. Per\u00f2 \u00e9s precisament aix\u00f2 el que fa que gran part de la poblaci\u00f3 clau a qui es possibilita lliure i gratu\u00eftament el test, persones de 50 a 69 anys, no se la facin perqu\u00e8 no la considerin necess\u00e0ria.<\/p>\n<p>El test \u00e9s una prova indolora no invasiva \u2013nom\u00e9s es recull una m\u00ednima mostra de femtes\u2013 que es pot realitzar a casa i determina la pres\u00e8ncia de sang no visible en les femtes. L\u2019objectiu \u00e9s detectar lesions sagnants que podrien correspondre a p\u00f2lips o lesions pre-malignes i fins i tot malignes que no serien detectades fins que la malaltia es trob\u00e9s m\u00e9s avan\u00e7ada, quan les possibilitats de tractament i curaci\u00f3 serien menors.<\/p>\n<p>Per conscienciar dels avantatges d\u2019un diagn\u00f2stic a temps, que permet que sobrevisquin 9 de cada 10 persones, l\u2019Associaci\u00f3 Contra el C\u00e0ncer a Barcelona impulsa la campanya\u00a0<em>Juga el teu paper en la detecci\u00f3 de c\u00e0ncer de c\u00f2lon<\/em>. Amb missatges informatius enganxats al terra de les farm\u00e0cies, busca augmentar la participaci\u00f3 en els tests per a multiplicar diagn\u00f2stics en estadis primerencs, i per tant molt m\u00e9s favorables.<\/p>\n<figure id=\"attachment_35013\" class=\"wp-caption alignnone\" aria-describedby=\"caption-attachment-35013\"><a href=\"https:\/\/diarisanitat.cat\/wp-content\/uploads\/sites\/29\/2024\/04\/CAT_A3_ViniloSuelo_Pagina_3-scaled.jpg\"><img fetchpriority=\"high\" decoding=\"async\" class=\"wp-image-35013 size-large\" src=\"https:\/\/diarisanitat.cat\/wp-content\/uploads\/sites\/29\/2024\/04\/CAT_A3_ViniloSuelo_Pagina_3-1024x724.jpg\" alt=\"\" width=\"1024\" height=\"724\" \/><\/a><figcaption id=\"caption-attachment-35013\" class=\"wp-caption-text\">Vinil amb missatge informatiu que forma part de la campanya \u201cJuga el teu paper en la detecci\u00f3 de c\u00e0ncer de c\u00f2lon\u201d.<\/figcaption><\/figure>\n<p>Aquesta prova va ser incorporada l\u2019any 2014 a la cartera de serveis del Sistema Nacional de Salut, \u00e9s un dels grans \u00e8xits de l\u2019Associaci\u00f3 Contra el C\u00e0ncer, per\u00f2 encara hi ha molta gent que en desconeix l\u2019exist\u00e8ncia.<\/p>\n<p>Un estudi sobre els programes de cribratge de c\u00e0ncer colorectal, elaborat l\u2019any passat per l\u2019Observatori del C\u00e0ncer, conclou que un 28,6% de la poblaci\u00f3 diana reconeix que una de les principals barreres per no participar en el cribratge \u00e9s l\u2019oblit o la neglig\u00e8ncia.<\/p>\n<p>S\u2019utilitzar\u00e0 el terra de les farm\u00e0cies per enganxar vinils per aprofitar el temps d\u2019espera a l\u2019establiment per llan\u00e7ar missatges importants com ara: \u201c<em>Per\u00f2 si a mi no em tocar\u00e0\u201d. El fet de tenir m\u00e9s de 50 anys \u00e9s un factor de risc per desenvolupar c\u00e0ncer de c\u00f2lon.<\/em>\u00a0Un altre ser\u00e0:\u00a0<em>\u201cJa m\u2019ho far\u00e9, si de cas\u201d Que la deixadesa no te la jugui, perqu\u00e8 9 de cada 10 persones es poden salvar si aquest c\u00e0ncer es detecta preco\u00e7ment.\u00a0<\/em>O b\u00e9:\u00a0<em>\u201cTant de bo tingu\u00e9s temps\u201d Fer-te el test s\u00f3n nom\u00e9s uns quants minuts i pot salvar-te la vida.<\/em><\/p>\n<figure id=\"attachment_35014\" class=\"wp-caption alignnone\" aria-describedby=\"caption-attachment-35014\"><a href=\"https:\/\/diarisanitat.cat\/wp-content\/uploads\/sites\/29\/2024\/04\/CAT_A3_ViniloSuelo_Pagina_2-scaled.jpg\"><img decoding=\"async\" class=\"wp-image-35014 size-large\" src=\"https:\/\/diarisanitat.cat\/wp-content\/uploads\/sites\/29\/2024\/04\/CAT_A3_ViniloSuelo_Pagina_2-1024x724.jpg\" alt=\"\" width=\"1024\" height=\"724\" \/><\/a><figcaption id=\"caption-attachment-35014\" class=\"wp-caption-text\">Missatges importants com aquest es podran veure en forma de vinil al terra de les farm\u00e0cies.<\/figcaption><\/figure>\n<p>Segons expliquen els seus impulsors, \u201cels missatges de la campanya estan pensats per donar resposta als motius pels quals la poblaci\u00f3 diana no participa en les proves de cribratge i s\u2019espera amb ells poder aixecar el percentatge de la participaci\u00f3 fins al 65%\u201d.<\/p>\n<h3>Despreocupaci\u00f3 i desinformaci\u00f3<\/h3>\n<p>L\u2019estudi fet per l\u2019Observatori del C\u00e0ncer assenyala que les principals barreres entre les persones que no s\u2019han realitzat la prova s\u00f3n la falta de s\u00edmptomes (39,6%), no haver rebut la invitaci\u00f3 oficial per participar-hi (39,9%), oblit o neglig\u00e8ncia (28,6%) o barreres relatives al desig de mantenir-se allunyat dels centres m\u00e8dics en el context de pand\u00e8mia (24,9%) o a la saturaci\u00f3 percebuda en la sanitat (22,1%).<\/p>\n<p>Amb la incorporaci\u00f3 del cribratge del c\u00e0ncer colorectal a la cartera del Sistema Nacional de Salut, les Comunitats Aut\u00f2nomes comptaven amb un per\u00edode de 5 anys per iniciar la seva implantaci\u00f3 i 10 anys per assolir una cobertura propera al 100%. Deu anys que es compleixen aquest 2024. Durant tots aquests anys, l\u2019Associaci\u00f3 ha estat treballant amb totes les comunitats per accelerar el proc\u00e9s d\u2019implantaci\u00f3 i conscienciar la societat de la necessitat de participar en un programa de cribratge que salva vides.<\/p>\n<p>Des de l\u2019Associaci\u00f3 Contra el C\u00e0ncer de Barcelona exposen que \u201cla falta de dades p\u00fabliques actualitzades, contrastades i unificades no permet comptar amb una fotografia precisa de l\u2019estat del programa de cribratge de c\u00f2lon a Espanya que garanteixi, entre d\u2019altres coses, l\u2019equitat en l\u2019acc\u00e9s de la poblaci\u00f3 a aquests cribratges\u201d. La cobertura mitjana de les proves, a nivell estatal, segons les \u00faltimes dades fetes p\u00fabliques sobre l\u2019estat d\u2019implantaci\u00f3 del programa de cribratge de c\u00f2lon a Espanya, rebel\u00b7lava que era del 50% amb molta desigualtat entre comunitats.<\/p>\n<p>En aquest sentit, l\u2019Associaci\u00f3 Contra el C\u00e0ncer assenyala la necessitat de fomentar la transpar\u00e8ncia i comptar amb informaci\u00f3 p\u00fablica actualitzada, contrastada i unificada sobre els nivells de cobertura i participaci\u00f3 que permetin garantir l\u2019equitat dels programes de cribratge de c\u00e0ncer colorectal, per\u00f2 tamb\u00e9 de la resta de cribratges poblacionals existents (mama, c\u00e8rvix).<\/p>\n<h3>Foment de la investigaci\u00f3<\/h3>\n<p>L\u2019Associaci\u00f3 Contra el C\u00e0ncer \u00e9s l\u2019entitat de refer\u00e8ncia en la lluita contra el c\u00e0ncer des de fa 70 anys. Tractaments, prevenci\u00f3 i investigaci\u00f3 formen part de la seva missi\u00f3, i per aix\u00f2 impulsa la recerca oncol\u00f2gica, finan\u00e7ant per concurs p\u00fablic programes d\u2019investigaci\u00f3 cient\u00edfica de primer nivell. Actualment, \u00e9s l\u2019entitat social i privada que m\u00e9s fons destina a investigar el c\u00e0ncer, destinant-hi 104 milions d\u2019euros per a desenvolupar 565 projectes de recerca, en els quals hi participen m\u00e9s de 1.500 investigadors. Compta amb 388.000 socis, quasi 1.000 professionals i 23.000 persones volunt\u00e0ries.<\/p>\n<p>Una de les m\u00e9s recents beques atorgades per a l\u2019estudi del c\u00e0ncer de colon \u2013dotada amb 300.000 euros\u2013 l\u2019ha rebuda el Dr. Alexandre Calon, que estudiar\u00e0 el benefici de la immunoter\u00e0pia en el c\u00e0ncer colorectal (CCR).<\/p>\n<p>Fins ara s\u2019ha vist que els aven\u00e7os en els tractaments que estimulen el sistema immunol\u00f2gic per a combatre les c\u00e8l\u00b7lules canceroses han millorat les perspectives dels pacients amb aquest tipus de c\u00e0ncer. En l\u2019actualitat, la capacitat de les c\u00e8l\u00b7lules canceroses per a reparar el seu ADN exerceix un paper crucial en la determinaci\u00f3 de l\u2019efic\u00e0cia de la immunoter\u00e0pia. No obstant aix\u00f2, aquesta classificaci\u00f3 no ofereix una predicci\u00f3 precisa de la resposta al tractament en els pacients tractats, i aproximadament el 90% dels pacients amb CCR no s\u00f3n candidats per a la immunoter\u00e0pia per manca de marcadors cl\u00ednics que permetin anticipar la resposta al tractament.<\/p>\n<p>Ara, el projecte liderat pel Dr. Calon vol aprofundir en la comprensi\u00f3 dels mecanismes que les c\u00e8l\u00b7lules canceroses utilitzen per a oposar-se a la immunoter\u00e0pia i anticipar la resposta personalitzada del pacient. La detecci\u00f3 de biomarcadors innovadors podria agilitzar la identificaci\u00f3 de pacients idonis per a la immunoter\u00e0pia i fomentar la creaci\u00f3 d\u2019enfocaments terap\u00e8utics innovadors.<\/p>\n<\/div>\n<\/div>\n<\/div>\n","protected":false},"excerpt":{"rendered":"<p>L\u2019Associaci\u00f3 Contra el C\u00e0ncer a Barcelona impulsa una campanya per augmentar la participaci\u00f3 en els tests de cribratge amb les farm\u00e0cies El c\u00e0ncer colorectal \u00e9s el segon en incid\u00e8ncia, tant en homes com en dones, i el primer si es consideren els casos de tots dos sexes. Segons les estimacions de l\u2019Observatori del C\u00e0ncer, al<\/p>\n","protected":false},"author":16,"featured_media":1699,"comment_status":"open","ping_status":"open","sticky":false,"template":"","format":"standard","meta":{"_acf_changed":false,"footnotes":""},"categories":[126],"tags":[144,215],"tipo":[],"class_list":{"0":"post-1698","1":"post","2":"type-post","3":"status-publish","4":"format-standard","5":"has-post-thumbnail","7":"category-recerca","8":"tag-cancer","9":"tag-recerca-oncologica"},"acf":[],"yoast_head":"<!-- This site is optimized with the Yoast SEO plugin v27.5 - https:\/\/yoast.com\/product\/yoast-seo-wordpress\/ -->\n<title>9 de cada 10 persones sobreviurien a un c\u00e0ncer de colon amb detecci\u00f3 preco\u00e7 - Recerca en salut<\/title>\n<meta name=\"robots\" content=\"index, follow, max-snippet:-1, max-image-preview:large, max-video-preview:-1\" \/>\n<link rel=\"canonical\" href=\"https:\/\/diarisanitat.cat\/recerca-en-salut\/blog\/2024\/04\/03\/9-de-cada-10-persones-sobreviurien-a-un-cancer-de-colon-amb-deteccio-precoc\/\" \/>\n<meta property=\"og:locale\" content=\"es_ES\" \/>\n<meta property=\"og:type\" content=\"article\" \/>\n<meta property=\"og:title\" content=\"9 de cada 10 persones sobreviurien a un c\u00e0ncer de colon amb detecci\u00f3 preco\u00e7 - Recerca en salut\" \/>\n<meta property=\"og:description\" content=\"L\u2019Associaci\u00f3 Contra el C\u00e0ncer a Barcelona impulsa una campanya per augmentar la participaci\u00f3 en els tests de cribratge amb les farm\u00e0cies El c\u00e0ncer colorectal \u00e9s el segon en incid\u00e8ncia, tant en homes com en dones, i el primer si es consideren els casos de tots dos sexes. Segons les estimacions de l\u2019Observatori del C\u00e0ncer, al\" \/>\n<meta property=\"og:url\" content=\"https:\/\/diarisanitat.cat\/recerca-en-salut\/blog\/2024\/04\/03\/9-de-cada-10-persones-sobreviurien-a-un-cancer-de-colon-amb-deteccio-precoc\/\" \/>\n<meta property=\"og:site_name\" content=\"Recerca en salut\" \/>\n<meta property=\"article:published_time\" content=\"2024-04-03T06:15:30+00:00\" \/>\n<meta property=\"article:modified_time\" content=\"2024-07-08T15:15:20+00:00\" \/>\n<meta property=\"og:image\" content=\"https:\/\/diarisanitat.cat\/recerca-en-salut\/wp-content\/uploads\/sites\/4\/2024\/05\/GettyImages-1054856972.jpeg\" \/>\n\t<meta property=\"og:image:width\" content=\"2121\" \/>\n\t<meta property=\"og:image:height\" content=\"1414\" \/>\n\t<meta property=\"og:image:type\" content=\"image\/jpeg\" \/>\n<meta name=\"author\" content=\"Carme Escales\" \/>\n<meta name=\"twitter:card\" content=\"summary_large_image\" \/>\n<meta name=\"twitter:label1\" content=\"Escrito por\" \/>\n\t<meta name=\"twitter:data1\" content=\"Carme Escales\" \/>\n\t<meta name=\"twitter:label2\" content=\"Tiempo de lectura\" \/>\n\t<meta name=\"twitter:data2\" content=\"6 minutos\" \/>\n<script type=\"application\/ld+json\" class=\"yoast-schema-graph\">{\"@context\":\"https:\\\/\\\/schema.org\",\"@graph\":[{\"@type\":\"Article\",\"@id\":\"https:\\\/\\\/diarisanitat.cat\\\/recerca-en-salut\\\/blog\\\/2024\\\/04\\\/03\\\/9-de-cada-10-persones-sobreviurien-a-un-cancer-de-colon-amb-deteccio-precoc\\\/#article\",\"isPartOf\":{\"@id\":\"https:\\\/\\\/diarisanitat.cat\\\/recerca-en-salut\\\/blog\\\/2024\\\/04\\\/03\\\/9-de-cada-10-persones-sobreviurien-a-un-cancer-de-colon-amb-deteccio-precoc\\\/\"},\"author\":{\"name\":\"Carme Escales\",\"@id\":\"https:\\\/\\\/diarisanitat.cat\\\/recerca-en-salut\\\/#\\\/schema\\\/person\\\/9080795ef06d370257b1c8e7967c8de8\"},\"headline\":\"9 de cada 10 persones sobreviurien a un c\u00e0ncer de colon amb detecci\u00f3 preco\u00e7\",\"datePublished\":\"2024-04-03T06:15:30+00:00\",\"dateModified\":\"2024-07-08T15:15:20+00:00\",\"mainEntityOfPage\":{\"@id\":\"https:\\\/\\\/diarisanitat.cat\\\/recerca-en-salut\\\/blog\\\/2024\\\/04\\\/03\\\/9-de-cada-10-persones-sobreviurien-a-un-cancer-de-colon-amb-deteccio-precoc\\\/\"},\"wordCount\":1254,\"commentCount\":0,\"image\":{\"@id\":\"https:\\\/\\\/diarisanitat.cat\\\/recerca-en-salut\\\/blog\\\/2024\\\/04\\\/03\\\/9-de-cada-10-persones-sobreviurien-a-un-cancer-de-colon-amb-deteccio-precoc\\\/#primaryimage\"},\"thumbnailUrl\":\"https:\\\/\\\/diarisanitat.cat\\\/recerca-en-salut\\\/wp-content\\\/uploads\\\/sites\\\/4\\\/2024\\\/05\\\/GettyImages-1054856972.jpeg\",\"keywords\":[\"c\u00e0ncer\",\"recerca oncol\u00f2gica\"],\"articleSection\":[\"Recerca\"],\"inLanguage\":\"es\",\"potentialAction\":[{\"@type\":\"CommentAction\",\"name\":\"Comment\",\"target\":[\"https:\\\/\\\/diarisanitat.cat\\\/recerca-en-salut\\\/blog\\\/2024\\\/04\\\/03\\\/9-de-cada-10-persones-sobreviurien-a-un-cancer-de-colon-amb-deteccio-precoc\\\/#respond\"]}]},{\"@type\":\"WebPage\",\"@id\":\"https:\\\/\\\/diarisanitat.cat\\\/recerca-en-salut\\\/blog\\\/2024\\\/04\\\/03\\\/9-de-cada-10-persones-sobreviurien-a-un-cancer-de-colon-amb-deteccio-precoc\\\/\",\"url\":\"https:\\\/\\\/diarisanitat.cat\\\/recerca-en-salut\\\/blog\\\/2024\\\/04\\\/03\\\/9-de-cada-10-persones-sobreviurien-a-un-cancer-de-colon-amb-deteccio-precoc\\\/\",\"name\":\"9 de cada 10 persones sobreviurien a un c\u00e0ncer de colon amb detecci\u00f3 preco\u00e7 - Recerca en salut\",\"isPartOf\":{\"@id\":\"https:\\\/\\\/diarisanitat.cat\\\/recerca-en-salut\\\/#website\"},\"primaryImageOfPage\":{\"@id\":\"https:\\\/\\\/diarisanitat.cat\\\/recerca-en-salut\\\/blog\\\/2024\\\/04\\\/03\\\/9-de-cada-10-persones-sobreviurien-a-un-cancer-de-colon-amb-deteccio-precoc\\\/#primaryimage\"},\"image\":{\"@id\":\"https:\\\/\\\/diarisanitat.cat\\\/recerca-en-salut\\\/blog\\\/2024\\\/04\\\/03\\\/9-de-cada-10-persones-sobreviurien-a-un-cancer-de-colon-amb-deteccio-precoc\\\/#primaryimage\"},\"thumbnailUrl\":\"https:\\\/\\\/diarisanitat.cat\\\/recerca-en-salut\\\/wp-content\\\/uploads\\\/sites\\\/4\\\/2024\\\/05\\\/GettyImages-1054856972.jpeg\",\"datePublished\":\"2024-04-03T06:15:30+00:00\",\"dateModified\":\"2024-07-08T15:15:20+00:00\",\"author\":{\"@id\":\"https:\\\/\\\/diarisanitat.cat\\\/recerca-en-salut\\\/#\\\/schema\\\/person\\\/9080795ef06d370257b1c8e7967c8de8\"},\"breadcrumb\":{\"@id\":\"https:\\\/\\\/diarisanitat.cat\\\/recerca-en-salut\\\/blog\\\/2024\\\/04\\\/03\\\/9-de-cada-10-persones-sobreviurien-a-un-cancer-de-colon-amb-deteccio-precoc\\\/#breadcrumb\"},\"inLanguage\":\"es\",\"potentialAction\":[{\"@type\":\"ReadAction\",\"target\":[\"https:\\\/\\\/diarisanitat.cat\\\/recerca-en-salut\\\/blog\\\/2024\\\/04\\\/03\\\/9-de-cada-10-persones-sobreviurien-a-un-cancer-de-colon-amb-deteccio-precoc\\\/\"]}]},{\"@type\":\"ImageObject\",\"inLanguage\":\"es\",\"@id\":\"https:\\\/\\\/diarisanitat.cat\\\/recerca-en-salut\\\/blog\\\/2024\\\/04\\\/03\\\/9-de-cada-10-persones-sobreviurien-a-un-cancer-de-colon-amb-deteccio-precoc\\\/#primaryimage\",\"url\":\"https:\\\/\\\/diarisanitat.cat\\\/recerca-en-salut\\\/wp-content\\\/uploads\\\/sites\\\/4\\\/2024\\\/05\\\/GettyImages-1054856972.jpeg\",\"contentUrl\":\"https:\\\/\\\/diarisanitat.cat\\\/recerca-en-salut\\\/wp-content\\\/uploads\\\/sites\\\/4\\\/2024\\\/05\\\/GettyImages-1054856972.jpeg\",\"width\":2121,\"height\":1414},{\"@type\":\"BreadcrumbList\",\"@id\":\"https:\\\/\\\/diarisanitat.cat\\\/recerca-en-salut\\\/blog\\\/2024\\\/04\\\/03\\\/9-de-cada-10-persones-sobreviurien-a-un-cancer-de-colon-amb-deteccio-precoc\\\/#breadcrumb\",\"itemListElement\":[{\"@type\":\"ListItem\",\"position\":1,\"name\":\"Portada\",\"item\":\"https:\\\/\\\/diarisanitat.cat\\\/recerca-en-salut\\\/\"},{\"@type\":\"ListItem\",\"position\":2,\"name\":\"9 de cada 10 persones sobreviurien a un c\u00e0ncer de colon amb detecci\u00f3 preco\u00e7\"}]},{\"@type\":\"WebSite\",\"@id\":\"https:\\\/\\\/diarisanitat.cat\\\/recerca-en-salut\\\/#website\",\"url\":\"https:\\\/\\\/diarisanitat.cat\\\/recerca-en-salut\\\/\",\"name\":\"Recerca en salut\",\"description\":\"\",\"potentialAction\":[{\"@type\":\"SearchAction\",\"target\":{\"@type\":\"EntryPoint\",\"urlTemplate\":\"https:\\\/\\\/diarisanitat.cat\\\/recerca-en-salut\\\/?s={search_term_string}\"},\"query-input\":{\"@type\":\"PropertyValueSpecification\",\"valueRequired\":true,\"valueName\":\"search_term_string\"}}],\"inLanguage\":\"es\"},{\"@type\":\"Person\",\"@id\":\"https:\\\/\\\/diarisanitat.cat\\\/recerca-en-salut\\\/#\\\/schema\\\/person\\\/9080795ef06d370257b1c8e7967c8de8\",\"name\":\"Carme Escales\",\"image\":{\"@type\":\"ImageObject\",\"inLanguage\":\"es\",\"@id\":\"https:\\\/\\\/diarisanitat.cat\\\/wp-content\\\/uploads\\\/2024\\\/11\\\/carme-escales_avatar-96x96.png\",\"url\":\"https:\\\/\\\/diarisanitat.cat\\\/wp-content\\\/uploads\\\/2024\\\/11\\\/carme-escales_avatar-96x96.png\",\"contentUrl\":\"https:\\\/\\\/diarisanitat.cat\\\/wp-content\\\/uploads\\\/2024\\\/11\\\/carme-escales_avatar-96x96.png\",\"caption\":\"Carme Escales\"},\"description\":\"Periodista amb m\u00e9s de 20 anys d'experi\u00e8ncia. Especialitzada en posar a l'abast de tothom el llenguatge de la medicina, la ci\u00e8ncia i la salut.\",\"url\":\"https:\\\/\\\/diarisanitat.cat\\\/recerca-en-salut\\\/blog\\\/author\\\/carmeescales\\\/\"}]}<\/script>\n<!-- \/ Yoast SEO plugin. -->","yoast_head_json":{"title":"9 de cada 10 persones sobreviurien a un c\u00e0ncer de colon amb detecci\u00f3 preco\u00e7 - Recerca en salut","robots":{"index":"index","follow":"follow","max-snippet":"max-snippet:-1","max-image-preview":"max-image-preview:large","max-video-preview":"max-video-preview:-1"},"canonical":"https:\/\/diarisanitat.cat\/recerca-en-salut\/blog\/2024\/04\/03\/9-de-cada-10-persones-sobreviurien-a-un-cancer-de-colon-amb-deteccio-precoc\/","og_locale":"es_ES","og_type":"article","og_title":"9 de cada 10 persones sobreviurien a un c\u00e0ncer de colon amb detecci\u00f3 preco\u00e7 - Recerca en salut","og_description":"L\u2019Associaci\u00f3 Contra el C\u00e0ncer a Barcelona impulsa una campanya per augmentar la participaci\u00f3 en els tests de cribratge amb les farm\u00e0cies El c\u00e0ncer colorectal \u00e9s el segon en incid\u00e8ncia, tant en homes com en dones, i el primer si es consideren els casos de tots dos sexes. Segons les estimacions de l\u2019Observatori del C\u00e0ncer, al","og_url":"https:\/\/diarisanitat.cat\/recerca-en-salut\/blog\/2024\/04\/03\/9-de-cada-10-persones-sobreviurien-a-un-cancer-de-colon-amb-deteccio-precoc\/","og_site_name":"Recerca en salut","article_published_time":"2024-04-03T06:15:30+00:00","article_modified_time":"2024-07-08T15:15:20+00:00","og_image":[{"width":2121,"height":1414,"url":"https:\/\/diarisanitat.cat\/recerca-en-salut\/wp-content\/uploads\/sites\/4\/2024\/05\/GettyImages-1054856972.jpeg","type":"image\/jpeg"}],"author":"Carme Escales","twitter_card":"summary_large_image","twitter_misc":{"Escrito por":"Carme Escales","Tiempo de lectura":"6 minutos"},"schema":{"@context":"https:\/\/schema.org","@graph":[{"@type":"Article","@id":"https:\/\/diarisanitat.cat\/recerca-en-salut\/blog\/2024\/04\/03\/9-de-cada-10-persones-sobreviurien-a-un-cancer-de-colon-amb-deteccio-precoc\/#article","isPartOf":{"@id":"https:\/\/diarisanitat.cat\/recerca-en-salut\/blog\/2024\/04\/03\/9-de-cada-10-persones-sobreviurien-a-un-cancer-de-colon-amb-deteccio-precoc\/"},"author":{"name":"Carme Escales","@id":"https:\/\/diarisanitat.cat\/recerca-en-salut\/#\/schema\/person\/9080795ef06d370257b1c8e7967c8de8"},"headline":"9 de cada 10 persones sobreviurien a un c\u00e0ncer de colon amb detecci\u00f3 preco\u00e7","datePublished":"2024-04-03T06:15:30+00:00","dateModified":"2024-07-08T15:15:20+00:00","mainEntityOfPage":{"@id":"https:\/\/diarisanitat.cat\/recerca-en-salut\/blog\/2024\/04\/03\/9-de-cada-10-persones-sobreviurien-a-un-cancer-de-colon-amb-deteccio-precoc\/"},"wordCount":1254,"commentCount":0,"image":{"@id":"https:\/\/diarisanitat.cat\/recerca-en-salut\/blog\/2024\/04\/03\/9-de-cada-10-persones-sobreviurien-a-un-cancer-de-colon-amb-deteccio-precoc\/#primaryimage"},"thumbnailUrl":"https:\/\/diarisanitat.cat\/recerca-en-salut\/wp-content\/uploads\/sites\/4\/2024\/05\/GettyImages-1054856972.jpeg","keywords":["c\u00e0ncer","recerca oncol\u00f2gica"],"articleSection":["Recerca"],"inLanguage":"es","potentialAction":[{"@type":"CommentAction","name":"Comment","target":["https:\/\/diarisanitat.cat\/recerca-en-salut\/blog\/2024\/04\/03\/9-de-cada-10-persones-sobreviurien-a-un-cancer-de-colon-amb-deteccio-precoc\/#respond"]}]},{"@type":"WebPage","@id":"https:\/\/diarisanitat.cat\/recerca-en-salut\/blog\/2024\/04\/03\/9-de-cada-10-persones-sobreviurien-a-un-cancer-de-colon-amb-deteccio-precoc\/","url":"https:\/\/diarisanitat.cat\/recerca-en-salut\/blog\/2024\/04\/03\/9-de-cada-10-persones-sobreviurien-a-un-cancer-de-colon-amb-deteccio-precoc\/","name":"9 de cada 10 persones sobreviurien a un c\u00e0ncer de colon amb detecci\u00f3 preco\u00e7 - Recerca en salut","isPartOf":{"@id":"https:\/\/diarisanitat.cat\/recerca-en-salut\/#website"},"primaryImageOfPage":{"@id":"https:\/\/diarisanitat.cat\/recerca-en-salut\/blog\/2024\/04\/03\/9-de-cada-10-persones-sobreviurien-a-un-cancer-de-colon-amb-deteccio-precoc\/#primaryimage"},"image":{"@id":"https:\/\/diarisanitat.cat\/recerca-en-salut\/blog\/2024\/04\/03\/9-de-cada-10-persones-sobreviurien-a-un-cancer-de-colon-amb-deteccio-precoc\/#primaryimage"},"thumbnailUrl":"https:\/\/diarisanitat.cat\/recerca-en-salut\/wp-content\/uploads\/sites\/4\/2024\/05\/GettyImages-1054856972.jpeg","datePublished":"2024-04-03T06:15:30+00:00","dateModified":"2024-07-08T15:15:20+00:00","author":{"@id":"https:\/\/diarisanitat.cat\/recerca-en-salut\/#\/schema\/person\/9080795ef06d370257b1c8e7967c8de8"},"breadcrumb":{"@id":"https:\/\/diarisanitat.cat\/recerca-en-salut\/blog\/2024\/04\/03\/9-de-cada-10-persones-sobreviurien-a-un-cancer-de-colon-amb-deteccio-precoc\/#breadcrumb"},"inLanguage":"es","potentialAction":[{"@type":"ReadAction","target":["https:\/\/diarisanitat.cat\/recerca-en-salut\/blog\/2024\/04\/03\/9-de-cada-10-persones-sobreviurien-a-un-cancer-de-colon-amb-deteccio-precoc\/"]}]},{"@type":"ImageObject","inLanguage":"es","@id":"https:\/\/diarisanitat.cat\/recerca-en-salut\/blog\/2024\/04\/03\/9-de-cada-10-persones-sobreviurien-a-un-cancer-de-colon-amb-deteccio-precoc\/#primaryimage","url":"https:\/\/diarisanitat.cat\/recerca-en-salut\/wp-content\/uploads\/sites\/4\/2024\/05\/GettyImages-1054856972.jpeg","contentUrl":"https:\/\/diarisanitat.cat\/recerca-en-salut\/wp-content\/uploads\/sites\/4\/2024\/05\/GettyImages-1054856972.jpeg","width":2121,"height":1414},{"@type":"BreadcrumbList","@id":"https:\/\/diarisanitat.cat\/recerca-en-salut\/blog\/2024\/04\/03\/9-de-cada-10-persones-sobreviurien-a-un-cancer-de-colon-amb-deteccio-precoc\/#breadcrumb","itemListElement":[{"@type":"ListItem","position":1,"name":"Portada","item":"https:\/\/diarisanitat.cat\/recerca-en-salut\/"},{"@type":"ListItem","position":2,"name":"9 de cada 10 persones sobreviurien a un c\u00e0ncer de colon amb detecci\u00f3 preco\u00e7"}]},{"@type":"WebSite","@id":"https:\/\/diarisanitat.cat\/recerca-en-salut\/#website","url":"https:\/\/diarisanitat.cat\/recerca-en-salut\/","name":"Recerca en salut","description":"","potentialAction":[{"@type":"SearchAction","target":{"@type":"EntryPoint","urlTemplate":"https:\/\/diarisanitat.cat\/recerca-en-salut\/?s={search_term_string}"},"query-input":{"@type":"PropertyValueSpecification","valueRequired":true,"valueName":"search_term_string"}}],"inLanguage":"es"},{"@type":"Person","@id":"https:\/\/diarisanitat.cat\/recerca-en-salut\/#\/schema\/person\/9080795ef06d370257b1c8e7967c8de8","name":"Carme Escales","image":{"@type":"ImageObject","inLanguage":"es","@id":"https:\/\/diarisanitat.cat\/wp-content\/uploads\/2024\/11\/carme-escales_avatar-96x96.png","url":"https:\/\/diarisanitat.cat\/wp-content\/uploads\/2024\/11\/carme-escales_avatar-96x96.png","contentUrl":"https:\/\/diarisanitat.cat\/wp-content\/uploads\/2024\/11\/carme-escales_avatar-96x96.png","caption":"Carme Escales"},"description":"Periodista amb m\u00e9s de 20 anys d'experi\u00e8ncia. Especialitzada en posar a l'abast de tothom el llenguatge de la medicina, la ci\u00e8ncia i la salut.","url":"https:\/\/diarisanitat.cat\/recerca-en-salut\/blog\/author\/carmeescales\/"}]}},"_links":{"self":[{"href":"https:\/\/diarisanitat.cat\/recerca-en-salut\/wp-json\/wp\/v2\/posts\/1698","targetHints":{"allow":["GET"]}}],"collection":[{"href":"https:\/\/diarisanitat.cat\/recerca-en-salut\/wp-json\/wp\/v2\/posts"}],"about":[{"href":"https:\/\/diarisanitat.cat\/recerca-en-salut\/wp-json\/wp\/v2\/types\/post"}],"author":[{"embeddable":true,"href":"https:\/\/diarisanitat.cat\/recerca-en-salut\/wp-json\/wp\/v2\/users\/16"}],"replies":[{"embeddable":true,"href":"https:\/\/diarisanitat.cat\/recerca-en-salut\/wp-json\/wp\/v2\/comments?post=1698"}],"version-history":[{"count":1,"href":"https:\/\/diarisanitat.cat\/recerca-en-salut\/wp-json\/wp\/v2\/posts\/1698\/revisions"}],"predecessor-version":[{"id":38138,"href":"https:\/\/diarisanitat.cat\/recerca-en-salut\/wp-json\/wp\/v2\/posts\/1698\/revisions\/38138"}],"wp:featuredmedia":[{"embeddable":true,"href":"https:\/\/diarisanitat.cat\/recerca-en-salut\/wp-json\/wp\/v2\/media\/1699"}],"wp:attachment":[{"href":"https:\/\/diarisanitat.cat\/recerca-en-salut\/wp-json\/wp\/v2\/media?parent=1698"}],"wp:term":[{"taxonomy":"category","embeddable":true,"href":"https:\/\/diarisanitat.cat\/recerca-en-salut\/wp-json\/wp\/v2\/categories?post=1698"},{"taxonomy":"post_tag","embeddable":true,"href":"https:\/\/diarisanitat.cat\/recerca-en-salut\/wp-json\/wp\/v2\/tags?post=1698"},{"taxonomy":"tipo","embeddable":true,"href":"https:\/\/diarisanitat.cat\/recerca-en-salut\/wp-json\/wp\/v2\/tipo?post=1698"}],"curies":[{"name":"wp","href":"https:\/\/api.w.org\/{rel}","templated":true}]}}