{"id":1702,"date":"2024-04-12T06:15:47","date_gmt":"2024-04-12T06:15:47","guid":{"rendered":"https:\/\/diarisanitat.cat\/recerca-en-salut\/?p=1702"},"modified":"2024-07-08T15:15:20","modified_gmt":"2024-07-08T15:15:20","slug":"mes-a-prop-de-controlar-mes-i-millor-les-tremolors-del-parkinson","status":"publish","type":"post","link":"https:\/\/diarisanitat.cat\/recerca-en-salut\/blog\/2024\/04\/12\/mes-a-prop-de-controlar-mes-i-millor-les-tremolors-del-parkinson\/","title":{"rendered":"M\u00e9s a prop de controlar m\u00e9s i millor les tremolors del Parkinson"},"content":{"rendered":"<header>\n<div class=\"subtitle\">\n<p><strong>Un assaig cl\u00ednic internacional amb participaci\u00f3 del Vall d\u2019Hebron confirma l\u2019efic\u00e0cia i la seguretat d\u2019una nova estrat\u00e8gia terap\u00e8utica.<\/strong><\/p>\n<\/div>\n<\/header>\n<div class=\"entry-content\">\n<div class=\"code-block code-block-14\">\n<div>\n<p>En la malaltia de Parkinson, els pacients pateixen, en moltes ocasions, moviments involuntaris i incontrolats, i fluctuacions en el seu estat motor. Per alguns d\u2019ells existeixen opcions terap\u00e8utiques, com l\u2019estimulaci\u00f3 cerebral profunda, que els permet controlar aquest desajust motor. Per\u00f2 s\u00f3n tractaments molt invasius i no es poden aplicar a tots els pacients.<\/p>\n<p>Actualment, el tractament amb levodopa \u2013compost qu\u00edmic\u2013, administrada de forma oral, \u00e9s la ter\u00e0pia m\u00e9s efectiva per controlar els s\u00edmptomes del Parkinson. Per\u00f2 molts pacients, ni amb aquest f\u00e0rmac no aconsegueixen mantenir un control estable i continu. Alguns dels seus s\u00edmptomes motors continuen apareixent i desapareixent en diferents moments del seu dia. Per aix\u00f2 es continua investigant possibles noves ter\u00e0pies.<\/p>\n<p>I els resultats publicats a la revista\u00a0<em><a href=\"https:\/\/www.thelancet.com\/journals\/laneur\/home\">The Lancet Neurology<\/a><\/em>\u00a0d\u2019un assaig en el qual participa l\u2019<a href=\"https:\/\/hospital.vallhebron.com\/\">Hospital del Vall d\u2019Hebron<\/a>, s\u00f3n molt optimistes en aquest sentit. \u00c9s un estudi cl\u00ednic de fase III multic\u00e8ntric internacional que mostra que una nova ter\u00e0pia basada en levodopa, per\u00f2 administrada per via subcut\u00e0nia disminueix aquestes fluctuacions motores.<\/p>\n<p>El Vall d\u2019Hebron ha estat un dels centres que ha participat amb un major nombre de pacients en aquest assaig realitzat amb un total de 243 pacients amb Parkinson de m\u00e9s de 100 centres arreu del m\u00f3n. L\u2019estudi ha provat la seguretat i efic\u00e0cia de l\u2019administraci\u00f3 de levodopa per via subcut\u00e0nia, \u00e9s a dir, mitjan\u00e7ant una petita bomba implantada sota la pell.<\/p>\n<p>La ter\u00e0pia provada en aquest estudi, anomenada ND0612, ha estat desenvolupada per la farmac\u00e8utica NeuroDerm i ofereix una alternativa als f\u00e0rmacs orals, que presenten limitacions. Segons ha explicat el Dr. Jorge Hern\u00e1ndez-Vara, neur\u00f2leg adjunt de la Unitat de Trastorns del Moviment del Servei de Neurologia de l\u2019Hospital Universitari Vall d\u2019Hebron i investigador del grup de Malalties Neurodegeneratives del Vall d\u2019Hebron Institut de Recerca (VHIR), \u201cen prendre levodopa per via oral, els nivells de f\u00e0rmac que hi ha a la sang varien, i aix\u00f2 provoca que els s\u00edmptomes no estiguin sempre controlats. La infusi\u00f3 subcut\u00e0nia ofereix uns nivells m\u00e9s constants del medicament. D\u2019aquesta forma, esperem observar beneficis significatius per als pacients\u201d.<\/p>\n<p>En l\u2019estudi es va comparar l\u2019efic\u00e0cia del f\u00e0rmac per via subcut\u00e0nia (ND0612) durant tot el dia en comparaci\u00f3 amb l\u2019oral. En una primera fase, per trobar la dosi \u00f2ptima per a cada participant, tothom va rebre, per separat, el f\u00e0rmac oral durant 4-6 setmanes i la ter\u00e0pia subcut\u00e0nia durant unes altres 4-6 setmanes. Posteriorment, un grup va mantenir exclusivament la ter\u00e0pia oral mentre que l\u2019altre va rebre la ter\u00e0pia amb ND0612.<\/p>\n<p>Els resultats van mostrar que la infusi\u00f3 subcut\u00e0nia disminu\u00efa les fluctuacions motores en els pacients: amb ND0612 \u00e9s possible tenir gaireb\u00e9 dues hores m\u00e9s seguides sense moviments involuntaris, i es redueixen els espais de temps en qu\u00e8 el tractament no \u00e9s efectiu. A m\u00e9s, els pacients que rebien ND0612 podien fer millor les activitats de la vida quotidiana, com ara menjar, vestir-se, fer la higiene personal, escriure, etc.<\/p>\n<h3>Efecte m\u00e9s r\u00e0pid<\/h3>\n<p>Els investigadors tamb\u00e9 destaquen la rapidesa en l\u2019observaci\u00f3 dels beneficis per als pacients. Mentre que altres ter\u00e0pies d\u2019infusi\u00f3 subcut\u00e0nia requereixen mesos de tractament per observar un canvi, amb ND0612 els pacients milloraven el control dels s\u00edmptomes en poques setmanes. \u201cAmb aquest assaig demostrem que la ter\u00e0pia amb ND0612 permet una aproximaci\u00f3 individualitzada i flexible per optimitzar el tractament, amb un impacte clar en la millora de la qualitat de vida dels pacients amb Parkinson. \u00c9s, per tant, una bona alternativa abans de considerar altres opcions amb cirurgia molt m\u00e9s invasives\u201d, assegura el Dr. Hern\u00e1ndez-Vara.<\/p>\n<p>Quant a la seguretat, l\u2019assaig va confirmar que els efectes adversos que es van observar eren lleus.<\/p>\n<p>L\u2019estudi ha estat fruit d\u2019un treball multidisciplinari, clau per obtenir resultats exitosos. En les ter\u00e0pies d\u2019infusi\u00f3 de medicaments assistides per dispositius, com ara la utilitzada en aquest estudi, \u00e9s fonamental el paper d\u2019infermeres especialitzades en la malaltia. En aquest sentit, Vall d\u2019Hebron ha apostat pel rol de la Infermera de Pr\u00e0ctica Avan\u00e7ada. A m\u00e9s, cal destacar la feina de professionals de coordinaci\u00f3 d\u2019estudis que treballen per assegurar la qualitat de les dades i gestionen tots els processos associats al desenvolupament d\u2019un assaig cl\u00ednic.<\/p>\n<div class=\"code-block code-block-15\">\n<div><\/div>\n<\/div>\n<\/div>\n<\/div>\n<\/div>\n","protected":false},"excerpt":{"rendered":"<p>Un assaig cl\u00ednic internacional amb participaci\u00f3 del Vall d\u2019Hebron confirma l\u2019efic\u00e0cia i la seguretat d\u2019una nova estrat\u00e8gia terap\u00e8utica. En la malaltia de Parkinson, els pacients pateixen, en moltes ocasions, moviments involuntaris i incontrolats, i fluctuacions en el seu estat motor. Per alguns d\u2019ells existeixen opcions terap\u00e8utiques, com l\u2019estimulaci\u00f3 cerebral profunda, que els permet controlar aquest<\/p>\n","protected":false},"author":16,"featured_media":1703,"comment_status":"open","ping_status":"open","sticky":false,"template":"","format":"standard","meta":{"_acf_changed":false,"footnotes":""},"categories":[126],"tags":[209],"tipo":[],"class_list":{"0":"post-1702","1":"post","2":"type-post","3":"status-publish","4":"format-standard","5":"has-post-thumbnail","7":"category-recerca","8":"tag-parkinson"},"acf":[],"yoast_head":"<!-- This site is optimized with the Yoast SEO plugin v27.5 - https:\/\/yoast.com\/product\/yoast-seo-wordpress\/ -->\n<title>M\u00e9s a prop de controlar m\u00e9s i millor les tremolors del Parkinson - Recerca en salut<\/title>\n<meta name=\"robots\" content=\"index, follow, max-snippet:-1, max-image-preview:large, max-video-preview:-1\" \/>\n<link rel=\"canonical\" href=\"https:\/\/diarisanitat.cat\/recerca-en-salut\/blog\/2024\/04\/12\/mes-a-prop-de-controlar-mes-i-millor-les-tremolors-del-parkinson\/\" \/>\n<meta property=\"og:locale\" content=\"es_ES\" \/>\n<meta property=\"og:type\" content=\"article\" \/>\n<meta property=\"og:title\" content=\"M\u00e9s a prop de controlar m\u00e9s i millor les tremolors del Parkinson - Recerca en salut\" \/>\n<meta property=\"og:description\" content=\"Un assaig cl\u00ednic internacional amb participaci\u00f3 del Vall d\u2019Hebron confirma l\u2019efic\u00e0cia i la seguretat d\u2019una nova estrat\u00e8gia terap\u00e8utica. En la malaltia de Parkinson, els pacients pateixen, en moltes ocasions, moviments involuntaris i incontrolats, i fluctuacions en el seu estat motor. Per alguns d\u2019ells existeixen opcions terap\u00e8utiques, com l\u2019estimulaci\u00f3 cerebral profunda, que els permet controlar aquest\" \/>\n<meta property=\"og:url\" content=\"https:\/\/diarisanitat.cat\/recerca-en-salut\/blog\/2024\/04\/12\/mes-a-prop-de-controlar-mes-i-millor-les-tremolors-del-parkinson\/\" \/>\n<meta property=\"og:site_name\" content=\"Recerca en salut\" \/>\n<meta property=\"article:published_time\" content=\"2024-04-12T06:15:47+00:00\" \/>\n<meta property=\"article:modified_time\" content=\"2024-07-08T15:15:20+00:00\" \/>\n<meta property=\"og:image\" content=\"https:\/\/diarisanitat.cat\/recerca-en-salut\/wp-content\/uploads\/sites\/4\/2024\/05\/GettyImages-1171416262-1.jpeg\" \/>\n\t<meta property=\"og:image:width\" content=\"2448\" \/>\n\t<meta property=\"og:image:height\" content=\"1225\" \/>\n\t<meta property=\"og:image:type\" content=\"image\/jpeg\" \/>\n<meta name=\"author\" content=\"Carme Escales\" \/>\n<meta name=\"twitter:card\" content=\"summary_large_image\" \/>\n<meta name=\"twitter:label1\" content=\"Escrito por\" \/>\n\t<meta name=\"twitter:data1\" content=\"Carme Escales\" \/>\n\t<meta name=\"twitter:label2\" content=\"Tiempo de lectura\" \/>\n\t<meta name=\"twitter:data2\" content=\"4 minutos\" \/>\n<script type=\"application\/ld+json\" class=\"yoast-schema-graph\">{\"@context\":\"https:\\\/\\\/schema.org\",\"@graph\":[{\"@type\":\"Article\",\"@id\":\"https:\\\/\\\/diarisanitat.cat\\\/recerca-en-salut\\\/blog\\\/2024\\\/04\\\/12\\\/mes-a-prop-de-controlar-mes-i-millor-les-tremolors-del-parkinson\\\/#article\",\"isPartOf\":{\"@id\":\"https:\\\/\\\/diarisanitat.cat\\\/recerca-en-salut\\\/blog\\\/2024\\\/04\\\/12\\\/mes-a-prop-de-controlar-mes-i-millor-les-tremolors-del-parkinson\\\/\"},\"author\":{\"name\":\"Carme Escales\",\"@id\":\"https:\\\/\\\/diarisanitat.cat\\\/recerca-en-salut\\\/#\\\/schema\\\/person\\\/9080795ef06d370257b1c8e7967c8de8\"},\"headline\":\"M\u00e9s a prop de controlar m\u00e9s i millor les tremolors del Parkinson\",\"datePublished\":\"2024-04-12T06:15:47+00:00\",\"dateModified\":\"2024-07-08T15:15:20+00:00\",\"mainEntityOfPage\":{\"@id\":\"https:\\\/\\\/diarisanitat.cat\\\/recerca-en-salut\\\/blog\\\/2024\\\/04\\\/12\\\/mes-a-prop-de-controlar-mes-i-millor-les-tremolors-del-parkinson\\\/\"},\"wordCount\":790,\"commentCount\":0,\"image\":{\"@id\":\"https:\\\/\\\/diarisanitat.cat\\\/recerca-en-salut\\\/blog\\\/2024\\\/04\\\/12\\\/mes-a-prop-de-controlar-mes-i-millor-les-tremolors-del-parkinson\\\/#primaryimage\"},\"thumbnailUrl\":\"https:\\\/\\\/diarisanitat.cat\\\/recerca-en-salut\\\/wp-content\\\/uploads\\\/sites\\\/4\\\/2024\\\/05\\\/GettyImages-1171416262-1.jpeg\",\"keywords\":[\"Parkinson\"],\"articleSection\":[\"Recerca\"],\"inLanguage\":\"es\",\"potentialAction\":[{\"@type\":\"CommentAction\",\"name\":\"Comment\",\"target\":[\"https:\\\/\\\/diarisanitat.cat\\\/recerca-en-salut\\\/blog\\\/2024\\\/04\\\/12\\\/mes-a-prop-de-controlar-mes-i-millor-les-tremolors-del-parkinson\\\/#respond\"]}]},{\"@type\":\"WebPage\",\"@id\":\"https:\\\/\\\/diarisanitat.cat\\\/recerca-en-salut\\\/blog\\\/2024\\\/04\\\/12\\\/mes-a-prop-de-controlar-mes-i-millor-les-tremolors-del-parkinson\\\/\",\"url\":\"https:\\\/\\\/diarisanitat.cat\\\/recerca-en-salut\\\/blog\\\/2024\\\/04\\\/12\\\/mes-a-prop-de-controlar-mes-i-millor-les-tremolors-del-parkinson\\\/\",\"name\":\"M\u00e9s a prop de controlar m\u00e9s i millor les tremolors del Parkinson - Recerca en salut\",\"isPartOf\":{\"@id\":\"https:\\\/\\\/diarisanitat.cat\\\/recerca-en-salut\\\/#website\"},\"primaryImageOfPage\":{\"@id\":\"https:\\\/\\\/diarisanitat.cat\\\/recerca-en-salut\\\/blog\\\/2024\\\/04\\\/12\\\/mes-a-prop-de-controlar-mes-i-millor-les-tremolors-del-parkinson\\\/#primaryimage\"},\"image\":{\"@id\":\"https:\\\/\\\/diarisanitat.cat\\\/recerca-en-salut\\\/blog\\\/2024\\\/04\\\/12\\\/mes-a-prop-de-controlar-mes-i-millor-les-tremolors-del-parkinson\\\/#primaryimage\"},\"thumbnailUrl\":\"https:\\\/\\\/diarisanitat.cat\\\/recerca-en-salut\\\/wp-content\\\/uploads\\\/sites\\\/4\\\/2024\\\/05\\\/GettyImages-1171416262-1.jpeg\",\"datePublished\":\"2024-04-12T06:15:47+00:00\",\"dateModified\":\"2024-07-08T15:15:20+00:00\",\"author\":{\"@id\":\"https:\\\/\\\/diarisanitat.cat\\\/recerca-en-salut\\\/#\\\/schema\\\/person\\\/9080795ef06d370257b1c8e7967c8de8\"},\"breadcrumb\":{\"@id\":\"https:\\\/\\\/diarisanitat.cat\\\/recerca-en-salut\\\/blog\\\/2024\\\/04\\\/12\\\/mes-a-prop-de-controlar-mes-i-millor-les-tremolors-del-parkinson\\\/#breadcrumb\"},\"inLanguage\":\"es\",\"potentialAction\":[{\"@type\":\"ReadAction\",\"target\":[\"https:\\\/\\\/diarisanitat.cat\\\/recerca-en-salut\\\/blog\\\/2024\\\/04\\\/12\\\/mes-a-prop-de-controlar-mes-i-millor-les-tremolors-del-parkinson\\\/\"]}]},{\"@type\":\"ImageObject\",\"inLanguage\":\"es\",\"@id\":\"https:\\\/\\\/diarisanitat.cat\\\/recerca-en-salut\\\/blog\\\/2024\\\/04\\\/12\\\/mes-a-prop-de-controlar-mes-i-millor-les-tremolors-del-parkinson\\\/#primaryimage\",\"url\":\"https:\\\/\\\/diarisanitat.cat\\\/recerca-en-salut\\\/wp-content\\\/uploads\\\/sites\\\/4\\\/2024\\\/05\\\/GettyImages-1171416262-1.jpeg\",\"contentUrl\":\"https:\\\/\\\/diarisanitat.cat\\\/recerca-en-salut\\\/wp-content\\\/uploads\\\/sites\\\/4\\\/2024\\\/05\\\/GettyImages-1171416262-1.jpeg\",\"width\":2448,\"height\":1225},{\"@type\":\"BreadcrumbList\",\"@id\":\"https:\\\/\\\/diarisanitat.cat\\\/recerca-en-salut\\\/blog\\\/2024\\\/04\\\/12\\\/mes-a-prop-de-controlar-mes-i-millor-les-tremolors-del-parkinson\\\/#breadcrumb\",\"itemListElement\":[{\"@type\":\"ListItem\",\"position\":1,\"name\":\"Portada\",\"item\":\"https:\\\/\\\/diarisanitat.cat\\\/recerca-en-salut\\\/\"},{\"@type\":\"ListItem\",\"position\":2,\"name\":\"M\u00e9s a prop de controlar m\u00e9s i millor les tremolors del Parkinson\"}]},{\"@type\":\"WebSite\",\"@id\":\"https:\\\/\\\/diarisanitat.cat\\\/recerca-en-salut\\\/#website\",\"url\":\"https:\\\/\\\/diarisanitat.cat\\\/recerca-en-salut\\\/\",\"name\":\"Recerca en salut\",\"description\":\"\",\"potentialAction\":[{\"@type\":\"SearchAction\",\"target\":{\"@type\":\"EntryPoint\",\"urlTemplate\":\"https:\\\/\\\/diarisanitat.cat\\\/recerca-en-salut\\\/?s={search_term_string}\"},\"query-input\":{\"@type\":\"PropertyValueSpecification\",\"valueRequired\":true,\"valueName\":\"search_term_string\"}}],\"inLanguage\":\"es\"},{\"@type\":\"Person\",\"@id\":\"https:\\\/\\\/diarisanitat.cat\\\/recerca-en-salut\\\/#\\\/schema\\\/person\\\/9080795ef06d370257b1c8e7967c8de8\",\"name\":\"Carme Escales\",\"image\":{\"@type\":\"ImageObject\",\"inLanguage\":\"es\",\"@id\":\"https:\\\/\\\/diarisanitat.cat\\\/wp-content\\\/uploads\\\/2024\\\/11\\\/carme-escales_avatar-96x96.png\",\"url\":\"https:\\\/\\\/diarisanitat.cat\\\/wp-content\\\/uploads\\\/2024\\\/11\\\/carme-escales_avatar-96x96.png\",\"contentUrl\":\"https:\\\/\\\/diarisanitat.cat\\\/wp-content\\\/uploads\\\/2024\\\/11\\\/carme-escales_avatar-96x96.png\",\"caption\":\"Carme Escales\"},\"description\":\"Periodista amb m\u00e9s de 20 anys d'experi\u00e8ncia. Especialitzada en posar a l'abast de tothom el llenguatge de la medicina, la ci\u00e8ncia i la salut.\",\"url\":\"https:\\\/\\\/diarisanitat.cat\\\/recerca-en-salut\\\/blog\\\/author\\\/carmeescales\\\/\"}]}<\/script>\n<!-- \/ Yoast SEO plugin. -->","yoast_head_json":{"title":"M\u00e9s a prop de controlar m\u00e9s i millor les tremolors del Parkinson - Recerca en salut","robots":{"index":"index","follow":"follow","max-snippet":"max-snippet:-1","max-image-preview":"max-image-preview:large","max-video-preview":"max-video-preview:-1"},"canonical":"https:\/\/diarisanitat.cat\/recerca-en-salut\/blog\/2024\/04\/12\/mes-a-prop-de-controlar-mes-i-millor-les-tremolors-del-parkinson\/","og_locale":"es_ES","og_type":"article","og_title":"M\u00e9s a prop de controlar m\u00e9s i millor les tremolors del Parkinson - Recerca en salut","og_description":"Un assaig cl\u00ednic internacional amb participaci\u00f3 del Vall d\u2019Hebron confirma l\u2019efic\u00e0cia i la seguretat d\u2019una nova estrat\u00e8gia terap\u00e8utica. En la malaltia de Parkinson, els pacients pateixen, en moltes ocasions, moviments involuntaris i incontrolats, i fluctuacions en el seu estat motor. Per alguns d\u2019ells existeixen opcions terap\u00e8utiques, com l\u2019estimulaci\u00f3 cerebral profunda, que els permet controlar aquest","og_url":"https:\/\/diarisanitat.cat\/recerca-en-salut\/blog\/2024\/04\/12\/mes-a-prop-de-controlar-mes-i-millor-les-tremolors-del-parkinson\/","og_site_name":"Recerca en salut","article_published_time":"2024-04-12T06:15:47+00:00","article_modified_time":"2024-07-08T15:15:20+00:00","og_image":[{"width":2448,"height":1225,"url":"https:\/\/diarisanitat.cat\/recerca-en-salut\/wp-content\/uploads\/sites\/4\/2024\/05\/GettyImages-1171416262-1.jpeg","type":"image\/jpeg"}],"author":"Carme Escales","twitter_card":"summary_large_image","twitter_misc":{"Escrito por":"Carme Escales","Tiempo de lectura":"4 minutos"},"schema":{"@context":"https:\/\/schema.org","@graph":[{"@type":"Article","@id":"https:\/\/diarisanitat.cat\/recerca-en-salut\/blog\/2024\/04\/12\/mes-a-prop-de-controlar-mes-i-millor-les-tremolors-del-parkinson\/#article","isPartOf":{"@id":"https:\/\/diarisanitat.cat\/recerca-en-salut\/blog\/2024\/04\/12\/mes-a-prop-de-controlar-mes-i-millor-les-tremolors-del-parkinson\/"},"author":{"name":"Carme Escales","@id":"https:\/\/diarisanitat.cat\/recerca-en-salut\/#\/schema\/person\/9080795ef06d370257b1c8e7967c8de8"},"headline":"M\u00e9s a prop de controlar m\u00e9s i millor les tremolors del Parkinson","datePublished":"2024-04-12T06:15:47+00:00","dateModified":"2024-07-08T15:15:20+00:00","mainEntityOfPage":{"@id":"https:\/\/diarisanitat.cat\/recerca-en-salut\/blog\/2024\/04\/12\/mes-a-prop-de-controlar-mes-i-millor-les-tremolors-del-parkinson\/"},"wordCount":790,"commentCount":0,"image":{"@id":"https:\/\/diarisanitat.cat\/recerca-en-salut\/blog\/2024\/04\/12\/mes-a-prop-de-controlar-mes-i-millor-les-tremolors-del-parkinson\/#primaryimage"},"thumbnailUrl":"https:\/\/diarisanitat.cat\/recerca-en-salut\/wp-content\/uploads\/sites\/4\/2024\/05\/GettyImages-1171416262-1.jpeg","keywords":["Parkinson"],"articleSection":["Recerca"],"inLanguage":"es","potentialAction":[{"@type":"CommentAction","name":"Comment","target":["https:\/\/diarisanitat.cat\/recerca-en-salut\/blog\/2024\/04\/12\/mes-a-prop-de-controlar-mes-i-millor-les-tremolors-del-parkinson\/#respond"]}]},{"@type":"WebPage","@id":"https:\/\/diarisanitat.cat\/recerca-en-salut\/blog\/2024\/04\/12\/mes-a-prop-de-controlar-mes-i-millor-les-tremolors-del-parkinson\/","url":"https:\/\/diarisanitat.cat\/recerca-en-salut\/blog\/2024\/04\/12\/mes-a-prop-de-controlar-mes-i-millor-les-tremolors-del-parkinson\/","name":"M\u00e9s a prop de controlar m\u00e9s i millor les tremolors del Parkinson - Recerca en salut","isPartOf":{"@id":"https:\/\/diarisanitat.cat\/recerca-en-salut\/#website"},"primaryImageOfPage":{"@id":"https:\/\/diarisanitat.cat\/recerca-en-salut\/blog\/2024\/04\/12\/mes-a-prop-de-controlar-mes-i-millor-les-tremolors-del-parkinson\/#primaryimage"},"image":{"@id":"https:\/\/diarisanitat.cat\/recerca-en-salut\/blog\/2024\/04\/12\/mes-a-prop-de-controlar-mes-i-millor-les-tremolors-del-parkinson\/#primaryimage"},"thumbnailUrl":"https:\/\/diarisanitat.cat\/recerca-en-salut\/wp-content\/uploads\/sites\/4\/2024\/05\/GettyImages-1171416262-1.jpeg","datePublished":"2024-04-12T06:15:47+00:00","dateModified":"2024-07-08T15:15:20+00:00","author":{"@id":"https:\/\/diarisanitat.cat\/recerca-en-salut\/#\/schema\/person\/9080795ef06d370257b1c8e7967c8de8"},"breadcrumb":{"@id":"https:\/\/diarisanitat.cat\/recerca-en-salut\/blog\/2024\/04\/12\/mes-a-prop-de-controlar-mes-i-millor-les-tremolors-del-parkinson\/#breadcrumb"},"inLanguage":"es","potentialAction":[{"@type":"ReadAction","target":["https:\/\/diarisanitat.cat\/recerca-en-salut\/blog\/2024\/04\/12\/mes-a-prop-de-controlar-mes-i-millor-les-tremolors-del-parkinson\/"]}]},{"@type":"ImageObject","inLanguage":"es","@id":"https:\/\/diarisanitat.cat\/recerca-en-salut\/blog\/2024\/04\/12\/mes-a-prop-de-controlar-mes-i-millor-les-tremolors-del-parkinson\/#primaryimage","url":"https:\/\/diarisanitat.cat\/recerca-en-salut\/wp-content\/uploads\/sites\/4\/2024\/05\/GettyImages-1171416262-1.jpeg","contentUrl":"https:\/\/diarisanitat.cat\/recerca-en-salut\/wp-content\/uploads\/sites\/4\/2024\/05\/GettyImages-1171416262-1.jpeg","width":2448,"height":1225},{"@type":"BreadcrumbList","@id":"https:\/\/diarisanitat.cat\/recerca-en-salut\/blog\/2024\/04\/12\/mes-a-prop-de-controlar-mes-i-millor-les-tremolors-del-parkinson\/#breadcrumb","itemListElement":[{"@type":"ListItem","position":1,"name":"Portada","item":"https:\/\/diarisanitat.cat\/recerca-en-salut\/"},{"@type":"ListItem","position":2,"name":"M\u00e9s a prop de controlar m\u00e9s i millor les tremolors del Parkinson"}]},{"@type":"WebSite","@id":"https:\/\/diarisanitat.cat\/recerca-en-salut\/#website","url":"https:\/\/diarisanitat.cat\/recerca-en-salut\/","name":"Recerca en salut","description":"","potentialAction":[{"@type":"SearchAction","target":{"@type":"EntryPoint","urlTemplate":"https:\/\/diarisanitat.cat\/recerca-en-salut\/?s={search_term_string}"},"query-input":{"@type":"PropertyValueSpecification","valueRequired":true,"valueName":"search_term_string"}}],"inLanguage":"es"},{"@type":"Person","@id":"https:\/\/diarisanitat.cat\/recerca-en-salut\/#\/schema\/person\/9080795ef06d370257b1c8e7967c8de8","name":"Carme Escales","image":{"@type":"ImageObject","inLanguage":"es","@id":"https:\/\/diarisanitat.cat\/wp-content\/uploads\/2024\/11\/carme-escales_avatar-96x96.png","url":"https:\/\/diarisanitat.cat\/wp-content\/uploads\/2024\/11\/carme-escales_avatar-96x96.png","contentUrl":"https:\/\/diarisanitat.cat\/wp-content\/uploads\/2024\/11\/carme-escales_avatar-96x96.png","caption":"Carme Escales"},"description":"Periodista amb m\u00e9s de 20 anys d'experi\u00e8ncia. Especialitzada en posar a l'abast de tothom el llenguatge de la medicina, la ci\u00e8ncia i la salut.","url":"https:\/\/diarisanitat.cat\/recerca-en-salut\/blog\/author\/carmeescales\/"}]}},"_links":{"self":[{"href":"https:\/\/diarisanitat.cat\/recerca-en-salut\/wp-json\/wp\/v2\/posts\/1702","targetHints":{"allow":["GET"]}}],"collection":[{"href":"https:\/\/diarisanitat.cat\/recerca-en-salut\/wp-json\/wp\/v2\/posts"}],"about":[{"href":"https:\/\/diarisanitat.cat\/recerca-en-salut\/wp-json\/wp\/v2\/types\/post"}],"author":[{"embeddable":true,"href":"https:\/\/diarisanitat.cat\/recerca-en-salut\/wp-json\/wp\/v2\/users\/16"}],"replies":[{"embeddable":true,"href":"https:\/\/diarisanitat.cat\/recerca-en-salut\/wp-json\/wp\/v2\/comments?post=1702"}],"version-history":[{"count":1,"href":"https:\/\/diarisanitat.cat\/recerca-en-salut\/wp-json\/wp\/v2\/posts\/1702\/revisions"}],"predecessor-version":[{"id":38139,"href":"https:\/\/diarisanitat.cat\/recerca-en-salut\/wp-json\/wp\/v2\/posts\/1702\/revisions\/38139"}],"wp:featuredmedia":[{"embeddable":true,"href":"https:\/\/diarisanitat.cat\/recerca-en-salut\/wp-json\/wp\/v2\/media\/1703"}],"wp:attachment":[{"href":"https:\/\/diarisanitat.cat\/recerca-en-salut\/wp-json\/wp\/v2\/media?parent=1702"}],"wp:term":[{"taxonomy":"category","embeddable":true,"href":"https:\/\/diarisanitat.cat\/recerca-en-salut\/wp-json\/wp\/v2\/categories?post=1702"},{"taxonomy":"post_tag","embeddable":true,"href":"https:\/\/diarisanitat.cat\/recerca-en-salut\/wp-json\/wp\/v2\/tags?post=1702"},{"taxonomy":"tipo","embeddable":true,"href":"https:\/\/diarisanitat.cat\/recerca-en-salut\/wp-json\/wp\/v2\/tipo?post=1702"}],"curies":[{"name":"wp","href":"https:\/\/api.w.org\/{rel}","templated":true}]}}