{"id":37592,"date":"2024-06-23T14:17:18","date_gmt":"2024-06-23T14:17:18","guid":{"rendered":"https:\/\/silly-shirley.82-223-1-47.plesk.page\/recerca-en-salut\/blog\/2024\/06\/23\/mireia-hereu-que-ve-el-llop-no-ara-no-ve-el-llop-pero-si-no-vigilem-acabara-venint\/"},"modified":"2024-07-08T15:15:24","modified_gmt":"2024-07-08T15:15:24","slug":"mireia-hereu-que-ve-el-llop-no-ara-no-ve-el-llop-pero-si-no-vigilem-acabara-venint","status":"publish","type":"post","link":"https:\/\/diarisanitat.cat\/recerca-en-salut\/blog\/2024\/06\/23\/mireia-hereu-que-ve-el-llop-no-ara-no-ve-el-llop-pero-si-no-vigilem-acabara-venint\/","title":{"rendered":"Mireia Hereu: \u201cQue ve el llop! No, ara no ve el llop, per\u00f2 si no vigilem acabar\u00e0 venint\u201d"},"content":{"rendered":"<p>La Mireia Hereu examina amb detall m\u00e9s de 10.000 ulls l\u2019any .. sumeu els ulls que ha vist durant els 25 anys que fa que \u00e9s optometrista! Actualment \u00e9s la coordinadora d\u2019Optometria de consultes externes d\u2019 Oftalmologia de l\u2019Institut Cl\u00ednic d&#8217;Oftalmologia, on va arribar al 2006.&amp;nbsp; Amb ella parlem de com afecten les pantalles que ens envolten (m\u00f2bils, tablets, ordinadors, etc.) a la nostra salut visual&#8230; especialment als joves. Afirma que els ulls s\u00f3n la finestra al m\u00f3n. Una bona reflexi\u00f3 per comen\u00e7ar&#8230;&amp;nbsp;<\/p>","protected":false},"excerpt":{"rendered":"<p>La Mireia Hereu examina amb detall m\u00e9s de 10.000 ulls l\u2019any .. sumeu els ulls que ha vist durant els 25 anys que fa que \u00e9s optometrista! Actualment \u00e9s la coordinadora d\u2019Optometria de consultes externes d\u2019 Oftalmologia de l\u2019Institut Cl\u00ednic d&#8217;Oftalmologia, on va arribar al 2006.&amp;nbsp; Amb ella parlem de com afecten les pantalles que<\/p>\n","protected":false},"author":1,"featured_media":0,"comment_status":"open","ping_status":"open","sticky":false,"template":"","format":"standard","meta":{"_acf_changed":false,"footnotes":""},"categories":[1],"tags":[],"tipo":[],"class_list":{"0":"post-37592","1":"post","2":"type-post","3":"status-publish","4":"format-standard","6":"category-uncategorized"},"acf":[],"yoast_head":"<!-- This site is optimized with the Yoast SEO plugin v27.5 - https:\/\/yoast.com\/product\/yoast-seo-wordpress\/ -->\n<title>Mireia Hereu: \u201cQue ve el llop! No, ara no ve el llop, per\u00f2 si no vigilem acabar\u00e0 venint\u201d - Recerca en salut<\/title>\n<meta name=\"robots\" content=\"index, follow, max-snippet:-1, max-image-preview:large, max-video-preview:-1\" \/>\n<link rel=\"canonical\" href=\"https:\/\/diarisanitat.cat\/recerca-en-salut\/blog\/2024\/06\/23\/mireia-hereu-que-ve-el-llop-no-ara-no-ve-el-llop-pero-si-no-vigilem-acabara-venint\/\" \/>\n<meta property=\"og:locale\" content=\"es_ES\" \/>\n<meta property=\"og:type\" content=\"article\" \/>\n<meta property=\"og:title\" content=\"Mireia Hereu: \u201cQue ve el llop! No, ara no ve el llop, per\u00f2 si no vigilem acabar\u00e0 venint\u201d - Recerca en salut\" \/>\n<meta property=\"og:description\" content=\"La Mireia Hereu examina amb detall m\u00e9s de 10.000 ulls l\u2019any .. sumeu els ulls que ha vist durant els 25 anys que fa que \u00e9s optometrista! Actualment \u00e9s la coordinadora d\u2019Optometria de consultes externes d\u2019 Oftalmologia de l\u2019Institut Cl\u00ednic d&#8217;Oftalmologia, on va arribar al 2006.&amp;nbsp; Amb ella parlem de com afecten les pantalles que\" \/>\n<meta property=\"og:url\" content=\"https:\/\/diarisanitat.cat\/recerca-en-salut\/blog\/2024\/06\/23\/mireia-hereu-que-ve-el-llop-no-ara-no-ve-el-llop-pero-si-no-vigilem-acabara-venint\/\" \/>\n<meta property=\"og:site_name\" content=\"Recerca en salut\" \/>\n<meta property=\"article:published_time\" content=\"2024-06-23T14:17:18+00:00\" \/>\n<meta property=\"article:modified_time\" content=\"2024-07-08T15:15:24+00:00\" \/>\n<meta name=\"author\" content=\"Redacci\u00f3\" \/>\n<meta name=\"twitter:card\" content=\"summary_large_image\" \/>\n<meta name=\"twitter:label1\" content=\"Escrito por\" \/>\n\t<meta name=\"twitter:data1\" content=\"Redacci\u00f3\" \/>\n<script type=\"application\/ld+json\" class=\"yoast-schema-graph\">{\"@context\":\"https:\\\/\\\/schema.org\",\"@graph\":[{\"@type\":\"Article\",\"@id\":\"https:\\\/\\\/diarisanitat.cat\\\/recerca-en-salut\\\/blog\\\/2024\\\/06\\\/23\\\/mireia-hereu-que-ve-el-llop-no-ara-no-ve-el-llop-pero-si-no-vigilem-acabara-venint\\\/#article\",\"isPartOf\":{\"@id\":\"https:\\\/\\\/diarisanitat.cat\\\/recerca-en-salut\\\/blog\\\/2024\\\/06\\\/23\\\/mireia-hereu-que-ve-el-llop-no-ara-no-ve-el-llop-pero-si-no-vigilem-acabara-venint\\\/\"},\"author\":{\"name\":\"Redacci\u00f3\",\"@id\":\"https:\\\/\\\/diarisanitat.cat\\\/recerca-en-salut\\\/#\\\/schema\\\/person\\\/9de78768f9e1608c4e3acede8e5f91c4\"},\"headline\":\"Mireia Hereu: \u201cQue ve el llop! No, ara no ve el llop, per\u00f2 si no vigilem acabar\u00e0 venint\u201d\",\"datePublished\":\"2024-06-23T14:17:18+00:00\",\"dateModified\":\"2024-07-08T15:15:24+00:00\",\"mainEntityOfPage\":{\"@id\":\"https:\\\/\\\/diarisanitat.cat\\\/recerca-en-salut\\\/blog\\\/2024\\\/06\\\/23\\\/mireia-hereu-que-ve-el-llop-no-ara-no-ve-el-llop-pero-si-no-vigilem-acabara-venint\\\/\"},\"wordCount\":111,\"commentCount\":0,\"articleSection\":[\"Uncategorized\"],\"inLanguage\":\"es\",\"potentialAction\":[{\"@type\":\"CommentAction\",\"name\":\"Comment\",\"target\":[\"https:\\\/\\\/diarisanitat.cat\\\/recerca-en-salut\\\/blog\\\/2024\\\/06\\\/23\\\/mireia-hereu-que-ve-el-llop-no-ara-no-ve-el-llop-pero-si-no-vigilem-acabara-venint\\\/#respond\"]}]},{\"@type\":\"WebPage\",\"@id\":\"https:\\\/\\\/diarisanitat.cat\\\/recerca-en-salut\\\/blog\\\/2024\\\/06\\\/23\\\/mireia-hereu-que-ve-el-llop-no-ara-no-ve-el-llop-pero-si-no-vigilem-acabara-venint\\\/\",\"url\":\"https:\\\/\\\/diarisanitat.cat\\\/recerca-en-salut\\\/blog\\\/2024\\\/06\\\/23\\\/mireia-hereu-que-ve-el-llop-no-ara-no-ve-el-llop-pero-si-no-vigilem-acabara-venint\\\/\",\"name\":\"Mireia Hereu: \u201cQue ve el llop! No, ara no ve el llop, per\u00f2 si no vigilem acabar\u00e0 venint\u201d - Recerca en salut\",\"isPartOf\":{\"@id\":\"https:\\\/\\\/diarisanitat.cat\\\/recerca-en-salut\\\/#website\"},\"datePublished\":\"2024-06-23T14:17:18+00:00\",\"dateModified\":\"2024-07-08T15:15:24+00:00\",\"author\":{\"@id\":\"https:\\\/\\\/diarisanitat.cat\\\/recerca-en-salut\\\/#\\\/schema\\\/person\\\/9de78768f9e1608c4e3acede8e5f91c4\"},\"breadcrumb\":{\"@id\":\"https:\\\/\\\/diarisanitat.cat\\\/recerca-en-salut\\\/blog\\\/2024\\\/06\\\/23\\\/mireia-hereu-que-ve-el-llop-no-ara-no-ve-el-llop-pero-si-no-vigilem-acabara-venint\\\/#breadcrumb\"},\"inLanguage\":\"es\",\"potentialAction\":[{\"@type\":\"ReadAction\",\"target\":[\"https:\\\/\\\/diarisanitat.cat\\\/recerca-en-salut\\\/blog\\\/2024\\\/06\\\/23\\\/mireia-hereu-que-ve-el-llop-no-ara-no-ve-el-llop-pero-si-no-vigilem-acabara-venint\\\/\"]}]},{\"@type\":\"BreadcrumbList\",\"@id\":\"https:\\\/\\\/diarisanitat.cat\\\/recerca-en-salut\\\/blog\\\/2024\\\/06\\\/23\\\/mireia-hereu-que-ve-el-llop-no-ara-no-ve-el-llop-pero-si-no-vigilem-acabara-venint\\\/#breadcrumb\",\"itemListElement\":[{\"@type\":\"ListItem\",\"position\":1,\"name\":\"Portada\",\"item\":\"https:\\\/\\\/diarisanitat.cat\\\/recerca-en-salut\\\/\"},{\"@type\":\"ListItem\",\"position\":2,\"name\":\"Mireia Hereu: \u201cQue ve el llop! No, ara no ve el llop, per\u00f2 si no vigilem acabar\u00e0 venint\u201d\"}]},{\"@type\":\"WebSite\",\"@id\":\"https:\\\/\\\/diarisanitat.cat\\\/recerca-en-salut\\\/#website\",\"url\":\"https:\\\/\\\/diarisanitat.cat\\\/recerca-en-salut\\\/\",\"name\":\"Recerca en salut\",\"description\":\"\",\"potentialAction\":[{\"@type\":\"SearchAction\",\"target\":{\"@type\":\"EntryPoint\",\"urlTemplate\":\"https:\\\/\\\/diarisanitat.cat\\\/recerca-en-salut\\\/?s={search_term_string}\"},\"query-input\":{\"@type\":\"PropertyValueSpecification\",\"valueRequired\":true,\"valueName\":\"search_term_string\"}}],\"inLanguage\":\"es\"},{\"@type\":\"Person\",\"@id\":\"https:\\\/\\\/diarisanitat.cat\\\/recerca-en-salut\\\/#\\\/schema\\\/person\\\/9de78768f9e1608c4e3acede8e5f91c4\",\"name\":\"Redacci\u00f3\",\"image\":{\"@type\":\"ImageObject\",\"inLanguage\":\"es\",\"@id\":\"https:\\\/\\\/secure.gravatar.com\\\/avatar\\\/e952ad62e08be1daabaefebd12d26c1e5fbfd687693aaa066db2433a21638ad8?s=96&d=mm&r=g\",\"url\":\"https:\\\/\\\/secure.gravatar.com\\\/avatar\\\/e952ad62e08be1daabaefebd12d26c1e5fbfd687693aaa066db2433a21638ad8?s=96&d=mm&r=g\",\"contentUrl\":\"https:\\\/\\\/secure.gravatar.com\\\/avatar\\\/e952ad62e08be1daabaefebd12d26c1e5fbfd687693aaa066db2433a21638ad8?s=96&d=mm&r=g\",\"caption\":\"Redacci\u00f3\"},\"url\":\"https:\\\/\\\/diarisanitat.cat\\\/recerca-en-salut\\\/blog\\\/author\\\/npenin\\\/\"}]}<\/script>\n<!-- \/ Yoast SEO plugin. -->","yoast_head_json":{"title":"Mireia Hereu: \u201cQue ve el llop! No, ara no ve el llop, per\u00f2 si no vigilem acabar\u00e0 venint\u201d - Recerca en salut","robots":{"index":"index","follow":"follow","max-snippet":"max-snippet:-1","max-image-preview":"max-image-preview:large","max-video-preview":"max-video-preview:-1"},"canonical":"https:\/\/diarisanitat.cat\/recerca-en-salut\/blog\/2024\/06\/23\/mireia-hereu-que-ve-el-llop-no-ara-no-ve-el-llop-pero-si-no-vigilem-acabara-venint\/","og_locale":"es_ES","og_type":"article","og_title":"Mireia Hereu: \u201cQue ve el llop! No, ara no ve el llop, per\u00f2 si no vigilem acabar\u00e0 venint\u201d - Recerca en salut","og_description":"La Mireia Hereu examina amb detall m\u00e9s de 10.000 ulls l\u2019any .. sumeu els ulls que ha vist durant els 25 anys que fa que \u00e9s optometrista! Actualment \u00e9s la coordinadora d\u2019Optometria de consultes externes d\u2019 Oftalmologia de l\u2019Institut Cl\u00ednic d&#8217;Oftalmologia, on va arribar al 2006.&amp;nbsp; Amb ella parlem de com afecten les pantalles que","og_url":"https:\/\/diarisanitat.cat\/recerca-en-salut\/blog\/2024\/06\/23\/mireia-hereu-que-ve-el-llop-no-ara-no-ve-el-llop-pero-si-no-vigilem-acabara-venint\/","og_site_name":"Recerca en salut","article_published_time":"2024-06-23T14:17:18+00:00","article_modified_time":"2024-07-08T15:15:24+00:00","author":"Redacci\u00f3","twitter_card":"summary_large_image","twitter_misc":{"Escrito por":"Redacci\u00f3"},"schema":{"@context":"https:\/\/schema.org","@graph":[{"@type":"Article","@id":"https:\/\/diarisanitat.cat\/recerca-en-salut\/blog\/2024\/06\/23\/mireia-hereu-que-ve-el-llop-no-ara-no-ve-el-llop-pero-si-no-vigilem-acabara-venint\/#article","isPartOf":{"@id":"https:\/\/diarisanitat.cat\/recerca-en-salut\/blog\/2024\/06\/23\/mireia-hereu-que-ve-el-llop-no-ara-no-ve-el-llop-pero-si-no-vigilem-acabara-venint\/"},"author":{"name":"Redacci\u00f3","@id":"https:\/\/diarisanitat.cat\/recerca-en-salut\/#\/schema\/person\/9de78768f9e1608c4e3acede8e5f91c4"},"headline":"Mireia Hereu: \u201cQue ve el llop! No, ara no ve el llop, per\u00f2 si no vigilem acabar\u00e0 venint\u201d","datePublished":"2024-06-23T14:17:18+00:00","dateModified":"2024-07-08T15:15:24+00:00","mainEntityOfPage":{"@id":"https:\/\/diarisanitat.cat\/recerca-en-salut\/blog\/2024\/06\/23\/mireia-hereu-que-ve-el-llop-no-ara-no-ve-el-llop-pero-si-no-vigilem-acabara-venint\/"},"wordCount":111,"commentCount":0,"articleSection":["Uncategorized"],"inLanguage":"es","potentialAction":[{"@type":"CommentAction","name":"Comment","target":["https:\/\/diarisanitat.cat\/recerca-en-salut\/blog\/2024\/06\/23\/mireia-hereu-que-ve-el-llop-no-ara-no-ve-el-llop-pero-si-no-vigilem-acabara-venint\/#respond"]}]},{"@type":"WebPage","@id":"https:\/\/diarisanitat.cat\/recerca-en-salut\/blog\/2024\/06\/23\/mireia-hereu-que-ve-el-llop-no-ara-no-ve-el-llop-pero-si-no-vigilem-acabara-venint\/","url":"https:\/\/diarisanitat.cat\/recerca-en-salut\/blog\/2024\/06\/23\/mireia-hereu-que-ve-el-llop-no-ara-no-ve-el-llop-pero-si-no-vigilem-acabara-venint\/","name":"Mireia Hereu: \u201cQue ve el llop! No, ara no ve el llop, per\u00f2 si no vigilem acabar\u00e0 venint\u201d - Recerca en salut","isPartOf":{"@id":"https:\/\/diarisanitat.cat\/recerca-en-salut\/#website"},"datePublished":"2024-06-23T14:17:18+00:00","dateModified":"2024-07-08T15:15:24+00:00","author":{"@id":"https:\/\/diarisanitat.cat\/recerca-en-salut\/#\/schema\/person\/9de78768f9e1608c4e3acede8e5f91c4"},"breadcrumb":{"@id":"https:\/\/diarisanitat.cat\/recerca-en-salut\/blog\/2024\/06\/23\/mireia-hereu-que-ve-el-llop-no-ara-no-ve-el-llop-pero-si-no-vigilem-acabara-venint\/#breadcrumb"},"inLanguage":"es","potentialAction":[{"@type":"ReadAction","target":["https:\/\/diarisanitat.cat\/recerca-en-salut\/blog\/2024\/06\/23\/mireia-hereu-que-ve-el-llop-no-ara-no-ve-el-llop-pero-si-no-vigilem-acabara-venint\/"]}]},{"@type":"BreadcrumbList","@id":"https:\/\/diarisanitat.cat\/recerca-en-salut\/blog\/2024\/06\/23\/mireia-hereu-que-ve-el-llop-no-ara-no-ve-el-llop-pero-si-no-vigilem-acabara-venint\/#breadcrumb","itemListElement":[{"@type":"ListItem","position":1,"name":"Portada","item":"https:\/\/diarisanitat.cat\/recerca-en-salut\/"},{"@type":"ListItem","position":2,"name":"Mireia Hereu: \u201cQue ve el llop! No, ara no ve el llop, per\u00f2 si no vigilem acabar\u00e0 venint\u201d"}]},{"@type":"WebSite","@id":"https:\/\/diarisanitat.cat\/recerca-en-salut\/#website","url":"https:\/\/diarisanitat.cat\/recerca-en-salut\/","name":"Recerca en salut","description":"","potentialAction":[{"@type":"SearchAction","target":{"@type":"EntryPoint","urlTemplate":"https:\/\/diarisanitat.cat\/recerca-en-salut\/?s={search_term_string}"},"query-input":{"@type":"PropertyValueSpecification","valueRequired":true,"valueName":"search_term_string"}}],"inLanguage":"es"},{"@type":"Person","@id":"https:\/\/diarisanitat.cat\/recerca-en-salut\/#\/schema\/person\/9de78768f9e1608c4e3acede8e5f91c4","name":"Redacci\u00f3","image":{"@type":"ImageObject","inLanguage":"es","@id":"https:\/\/secure.gravatar.com\/avatar\/e952ad62e08be1daabaefebd12d26c1e5fbfd687693aaa066db2433a21638ad8?s=96&d=mm&r=g","url":"https:\/\/secure.gravatar.com\/avatar\/e952ad62e08be1daabaefebd12d26c1e5fbfd687693aaa066db2433a21638ad8?s=96&d=mm&r=g","contentUrl":"https:\/\/secure.gravatar.com\/avatar\/e952ad62e08be1daabaefebd12d26c1e5fbfd687693aaa066db2433a21638ad8?s=96&d=mm&r=g","caption":"Redacci\u00f3"},"url":"https:\/\/diarisanitat.cat\/recerca-en-salut\/blog\/author\/npenin\/"}]}},"_links":{"self":[{"href":"https:\/\/diarisanitat.cat\/recerca-en-salut\/wp-json\/wp\/v2\/posts\/37592","targetHints":{"allow":["GET"]}}],"collection":[{"href":"https:\/\/diarisanitat.cat\/recerca-en-salut\/wp-json\/wp\/v2\/posts"}],"about":[{"href":"https:\/\/diarisanitat.cat\/recerca-en-salut\/wp-json\/wp\/v2\/types\/post"}],"author":[{"embeddable":true,"href":"https:\/\/diarisanitat.cat\/recerca-en-salut\/wp-json\/wp\/v2\/users\/1"}],"replies":[{"embeddable":true,"href":"https:\/\/diarisanitat.cat\/recerca-en-salut\/wp-json\/wp\/v2\/comments?post=37592"}],"version-history":[{"count":1,"href":"https:\/\/diarisanitat.cat\/recerca-en-salut\/wp-json\/wp\/v2\/posts\/37592\/revisions"}],"predecessor-version":[{"id":38182,"href":"https:\/\/diarisanitat.cat\/recerca-en-salut\/wp-json\/wp\/v2\/posts\/37592\/revisions\/38182"}],"wp:attachment":[{"href":"https:\/\/diarisanitat.cat\/recerca-en-salut\/wp-json\/wp\/v2\/media?parent=37592"}],"wp:term":[{"taxonomy":"category","embeddable":true,"href":"https:\/\/diarisanitat.cat\/recerca-en-salut\/wp-json\/wp\/v2\/categories?post=37592"},{"taxonomy":"post_tag","embeddable":true,"href":"https:\/\/diarisanitat.cat\/recerca-en-salut\/wp-json\/wp\/v2\/tags?post=37592"},{"taxonomy":"tipo","embeddable":true,"href":"https:\/\/diarisanitat.cat\/recerca-en-salut\/wp-json\/wp\/v2\/tipo?post=37592"}],"curies":[{"name":"wp","href":"https:\/\/api.w.org\/{rel}","templated":true}]}}