{"id":38293,"date":"2024-07-25T08:36:34","date_gmt":"2024-07-25T08:36:34","guid":{"rendered":"https:\/\/diarisanitat.cat\/recerca-en-salut\/blog\/2024\/07\/25\/dra-berta-diaz-feijoo-volem-ajudar-a-empoderar-les-dones-en-el-tractament-de-les-malalties-ginecologiques\/"},"modified":"2024-07-25T08:36:34","modified_gmt":"2024-07-25T08:36:34","slug":"dra-berta-diaz-feijoo-volem-ajudar-a-empoderar-les-dones-en-el-tractament-de-les-malalties-ginecologiques","status":"publish","type":"post","link":"https:\/\/diarisanitat.cat\/recerca-en-salut\/blog\/2024\/07\/25\/dra-berta-diaz-feijoo-volem-ajudar-a-empoderar-les-dones-en-el-tractament-de-les-malalties-ginecologiques\/","title":{"rendered":"Dra. Berta D\u00edaz Feijoo: \u201dVolem ajudar a empoderar les dones en el tractament de les malalties ginecol\u00f2giques\u201d"},"content":{"rendered":"<p>Fa cinc anys que va comen\u00e7ar a treballar a l\u2019Hospital Cl\u00ednic Barcelona i fa 3 mesos que \u00e9s la nova cap de Servei de Ginecologia. En els \u00faltims anys, la salut ginecol\u00f2gica de la dona ha experimentat avan\u00e7os significatius gr\u00e0cies a noves tecnologies de diagn\u00f2stic i tractament, aix\u00ed com a una major conscienciaci\u00f3 sobre la import\u00e0ncia de la salut reproductiva. S&#8217;ha avan\u00e7at en t\u00e8cniques com la cirurgia rob\u00f2tica, i s\u2019ha millorat en la millora de la la detecci\u00f3 preco\u00e7 de malalties. A m\u00e9s, hi ha hagut un augment en l&#8217;acc\u00e9s a informaci\u00f3 i recursos de salut sexual, promovent una millor educaci\u00f3 i prevenci\u00f3 de malalties ginecol\u00f2giques. Amb la Dra. D\u00edaz Feijoo parlem dels nous reptes del Servei per als propers anys.&amp;nbsp;<\/p>","protected":false},"excerpt":{"rendered":"<p>Fa cinc anys que va comen\u00e7ar a treballar a l\u2019Hospital Cl\u00ednic Barcelona i fa 3 mesos que \u00e9s la nova cap de Servei de Ginecologia. En els \u00faltims anys, la salut ginecol\u00f2gica de la dona ha experimentat avan\u00e7os significatius gr\u00e0cies a noves tecnologies de diagn\u00f2stic i tractament, aix\u00ed com a una major conscienciaci\u00f3 sobre la<\/p>\n","protected":false},"author":0,"featured_media":0,"comment_status":"open","ping_status":"open","sticky":false,"template":"","format":"standard","meta":{"_acf_changed":false,"footnotes":""},"categories":[1],"tags":[],"tipo":[],"class_list":{"0":"post-38293","1":"post","2":"type-post","3":"status-publish","4":"format-standard","6":"category-uncategorized"},"acf":[],"yoast_head":"<!-- This site is optimized with the Yoast SEO plugin v27.5 - https:\/\/yoast.com\/product\/yoast-seo-wordpress\/ -->\n<title>Dra. Berta D\u00edaz Feijoo: \u201dVolem ajudar a empoderar les dones en el tractament de les malalties ginecol\u00f2giques\u201d - Recerca en salut<\/title>\n<meta name=\"robots\" content=\"index, follow, max-snippet:-1, max-image-preview:large, max-video-preview:-1\" \/>\n<link rel=\"canonical\" href=\"https:\/\/diarisanitat.cat\/recerca-en-salut\/blog\/2024\/07\/25\/dra-berta-diaz-feijoo-volem-ajudar-a-empoderar-les-dones-en-el-tractament-de-les-malalties-ginecologiques\/\" \/>\n<meta property=\"og:locale\" content=\"es_ES\" \/>\n<meta property=\"og:type\" content=\"article\" \/>\n<meta property=\"og:title\" content=\"Dra. Berta D\u00edaz Feijoo: \u201dVolem ajudar a empoderar les dones en el tractament de les malalties ginecol\u00f2giques\u201d - Recerca en salut\" \/>\n<meta property=\"og:description\" content=\"Fa cinc anys que va comen\u00e7ar a treballar a l\u2019Hospital Cl\u00ednic Barcelona i fa 3 mesos que \u00e9s la nova cap de Servei de Ginecologia. En els \u00faltims anys, la salut ginecol\u00f2gica de la dona ha experimentat avan\u00e7os significatius gr\u00e0cies a noves tecnologies de diagn\u00f2stic i tractament, aix\u00ed com a una major conscienciaci\u00f3 sobre la\" \/>\n<meta property=\"og:url\" content=\"https:\/\/diarisanitat.cat\/recerca-en-salut\/blog\/2024\/07\/25\/dra-berta-diaz-feijoo-volem-ajudar-a-empoderar-les-dones-en-el-tractament-de-les-malalties-ginecologiques\/\" \/>\n<meta property=\"og:site_name\" content=\"Recerca en salut\" \/>\n<meta property=\"article:published_time\" content=\"2024-07-25T08:36:34+00:00\" \/>\n<meta name=\"twitter:card\" content=\"summary_large_image\" \/>\n<meta name=\"twitter:label1\" content=\"Tiempo de lectura\" \/>\n\t<meta name=\"twitter:data1\" content=\"1 minuto\" \/>\n<script type=\"application\/ld+json\" class=\"yoast-schema-graph\">{\"@context\":\"https:\\\/\\\/schema.org\",\"@graph\":[{\"@type\":\"Article\",\"@id\":\"https:\\\/\\\/diarisanitat.cat\\\/recerca-en-salut\\\/blog\\\/2024\\\/07\\\/25\\\/dra-berta-diaz-feijoo-volem-ajudar-a-empoderar-les-dones-en-el-tractament-de-les-malalties-ginecologiques\\\/#article\",\"isPartOf\":{\"@id\":\"https:\\\/\\\/diarisanitat.cat\\\/recerca-en-salut\\\/blog\\\/2024\\\/07\\\/25\\\/dra-berta-diaz-feijoo-volem-ajudar-a-empoderar-les-dones-en-el-tractament-de-les-malalties-ginecologiques\\\/\"},\"author\":{\"name\":\"\",\"@id\":\"\"},\"headline\":\"Dra. Berta D\u00edaz Feijoo: \u201dVolem ajudar a empoderar les dones en el tractament de les malalties ginecol\u00f2giques\u201d\",\"datePublished\":\"2024-07-25T08:36:34+00:00\",\"mainEntityOfPage\":{\"@id\":\"https:\\\/\\\/diarisanitat.cat\\\/recerca-en-salut\\\/blog\\\/2024\\\/07\\\/25\\\/dra-berta-diaz-feijoo-volem-ajudar-a-empoderar-les-dones-en-el-tractament-de-les-malalties-ginecologiques\\\/\"},\"wordCount\":159,\"commentCount\":0,\"articleSection\":[\"Uncategorized\"],\"inLanguage\":\"es\",\"potentialAction\":[{\"@type\":\"CommentAction\",\"name\":\"Comment\",\"target\":[\"https:\\\/\\\/diarisanitat.cat\\\/recerca-en-salut\\\/blog\\\/2024\\\/07\\\/25\\\/dra-berta-diaz-feijoo-volem-ajudar-a-empoderar-les-dones-en-el-tractament-de-les-malalties-ginecologiques\\\/#respond\"]}]},{\"@type\":\"WebPage\",\"@id\":\"https:\\\/\\\/diarisanitat.cat\\\/recerca-en-salut\\\/blog\\\/2024\\\/07\\\/25\\\/dra-berta-diaz-feijoo-volem-ajudar-a-empoderar-les-dones-en-el-tractament-de-les-malalties-ginecologiques\\\/\",\"url\":\"https:\\\/\\\/diarisanitat.cat\\\/recerca-en-salut\\\/blog\\\/2024\\\/07\\\/25\\\/dra-berta-diaz-feijoo-volem-ajudar-a-empoderar-les-dones-en-el-tractament-de-les-malalties-ginecologiques\\\/\",\"name\":\"Dra. Berta D\u00edaz Feijoo: \u201dVolem ajudar a empoderar les dones en el tractament de les malalties ginecol\u00f2giques\u201d - Recerca en salut\",\"isPartOf\":{\"@id\":\"https:\\\/\\\/diarisanitat.cat\\\/recerca-en-salut\\\/#website\"},\"datePublished\":\"2024-07-25T08:36:34+00:00\",\"author\":{\"@id\":\"\"},\"breadcrumb\":{\"@id\":\"https:\\\/\\\/diarisanitat.cat\\\/recerca-en-salut\\\/blog\\\/2024\\\/07\\\/25\\\/dra-berta-diaz-feijoo-volem-ajudar-a-empoderar-les-dones-en-el-tractament-de-les-malalties-ginecologiques\\\/#breadcrumb\"},\"inLanguage\":\"es\",\"potentialAction\":[{\"@type\":\"ReadAction\",\"target\":[\"https:\\\/\\\/diarisanitat.cat\\\/recerca-en-salut\\\/blog\\\/2024\\\/07\\\/25\\\/dra-berta-diaz-feijoo-volem-ajudar-a-empoderar-les-dones-en-el-tractament-de-les-malalties-ginecologiques\\\/\"]}]},{\"@type\":\"BreadcrumbList\",\"@id\":\"https:\\\/\\\/diarisanitat.cat\\\/recerca-en-salut\\\/blog\\\/2024\\\/07\\\/25\\\/dra-berta-diaz-feijoo-volem-ajudar-a-empoderar-les-dones-en-el-tractament-de-les-malalties-ginecologiques\\\/#breadcrumb\",\"itemListElement\":[{\"@type\":\"ListItem\",\"position\":1,\"name\":\"Portada\",\"item\":\"https:\\\/\\\/diarisanitat.cat\\\/recerca-en-salut\\\/\"},{\"@type\":\"ListItem\",\"position\":2,\"name\":\"Dra. Berta D\u00edaz Feijoo: \u201dVolem ajudar a empoderar les dones en el tractament de les malalties ginecol\u00f2giques\u201d\"}]},{\"@type\":\"WebSite\",\"@id\":\"https:\\\/\\\/diarisanitat.cat\\\/recerca-en-salut\\\/#website\",\"url\":\"https:\\\/\\\/diarisanitat.cat\\\/recerca-en-salut\\\/\",\"name\":\"Recerca en salut\",\"description\":\"\",\"potentialAction\":[{\"@type\":\"SearchAction\",\"target\":{\"@type\":\"EntryPoint\",\"urlTemplate\":\"https:\\\/\\\/diarisanitat.cat\\\/recerca-en-salut\\\/?s={search_term_string}\"},\"query-input\":{\"@type\":\"PropertyValueSpecification\",\"valueRequired\":true,\"valueName\":\"search_term_string\"}}],\"inLanguage\":\"es\"}]}<\/script>\n<!-- \/ Yoast SEO plugin. -->","yoast_head_json":{"title":"Dra. Berta D\u00edaz Feijoo: \u201dVolem ajudar a empoderar les dones en el tractament de les malalties ginecol\u00f2giques\u201d - Recerca en salut","robots":{"index":"index","follow":"follow","max-snippet":"max-snippet:-1","max-image-preview":"max-image-preview:large","max-video-preview":"max-video-preview:-1"},"canonical":"https:\/\/diarisanitat.cat\/recerca-en-salut\/blog\/2024\/07\/25\/dra-berta-diaz-feijoo-volem-ajudar-a-empoderar-les-dones-en-el-tractament-de-les-malalties-ginecologiques\/","og_locale":"es_ES","og_type":"article","og_title":"Dra. Berta D\u00edaz Feijoo: \u201dVolem ajudar a empoderar les dones en el tractament de les malalties ginecol\u00f2giques\u201d - Recerca en salut","og_description":"Fa cinc anys que va comen\u00e7ar a treballar a l\u2019Hospital Cl\u00ednic Barcelona i fa 3 mesos que \u00e9s la nova cap de Servei de Ginecologia. En els \u00faltims anys, la salut ginecol\u00f2gica de la dona ha experimentat avan\u00e7os significatius gr\u00e0cies a noves tecnologies de diagn\u00f2stic i tractament, aix\u00ed com a una major conscienciaci\u00f3 sobre la","og_url":"https:\/\/diarisanitat.cat\/recerca-en-salut\/blog\/2024\/07\/25\/dra-berta-diaz-feijoo-volem-ajudar-a-empoderar-les-dones-en-el-tractament-de-les-malalties-ginecologiques\/","og_site_name":"Recerca en salut","article_published_time":"2024-07-25T08:36:34+00:00","twitter_card":"summary_large_image","twitter_misc":{"Tiempo de lectura":"1 minuto"},"schema":{"@context":"https:\/\/schema.org","@graph":[{"@type":"Article","@id":"https:\/\/diarisanitat.cat\/recerca-en-salut\/blog\/2024\/07\/25\/dra-berta-diaz-feijoo-volem-ajudar-a-empoderar-les-dones-en-el-tractament-de-les-malalties-ginecologiques\/#article","isPartOf":{"@id":"https:\/\/diarisanitat.cat\/recerca-en-salut\/blog\/2024\/07\/25\/dra-berta-diaz-feijoo-volem-ajudar-a-empoderar-les-dones-en-el-tractament-de-les-malalties-ginecologiques\/"},"author":{"name":"","@id":""},"headline":"Dra. Berta D\u00edaz Feijoo: \u201dVolem ajudar a empoderar les dones en el tractament de les malalties ginecol\u00f2giques\u201d","datePublished":"2024-07-25T08:36:34+00:00","mainEntityOfPage":{"@id":"https:\/\/diarisanitat.cat\/recerca-en-salut\/blog\/2024\/07\/25\/dra-berta-diaz-feijoo-volem-ajudar-a-empoderar-les-dones-en-el-tractament-de-les-malalties-ginecologiques\/"},"wordCount":159,"commentCount":0,"articleSection":["Uncategorized"],"inLanguage":"es","potentialAction":[{"@type":"CommentAction","name":"Comment","target":["https:\/\/diarisanitat.cat\/recerca-en-salut\/blog\/2024\/07\/25\/dra-berta-diaz-feijoo-volem-ajudar-a-empoderar-les-dones-en-el-tractament-de-les-malalties-ginecologiques\/#respond"]}]},{"@type":"WebPage","@id":"https:\/\/diarisanitat.cat\/recerca-en-salut\/blog\/2024\/07\/25\/dra-berta-diaz-feijoo-volem-ajudar-a-empoderar-les-dones-en-el-tractament-de-les-malalties-ginecologiques\/","url":"https:\/\/diarisanitat.cat\/recerca-en-salut\/blog\/2024\/07\/25\/dra-berta-diaz-feijoo-volem-ajudar-a-empoderar-les-dones-en-el-tractament-de-les-malalties-ginecologiques\/","name":"Dra. Berta D\u00edaz Feijoo: \u201dVolem ajudar a empoderar les dones en el tractament de les malalties ginecol\u00f2giques\u201d - Recerca en salut","isPartOf":{"@id":"https:\/\/diarisanitat.cat\/recerca-en-salut\/#website"},"datePublished":"2024-07-25T08:36:34+00:00","author":{"@id":""},"breadcrumb":{"@id":"https:\/\/diarisanitat.cat\/recerca-en-salut\/blog\/2024\/07\/25\/dra-berta-diaz-feijoo-volem-ajudar-a-empoderar-les-dones-en-el-tractament-de-les-malalties-ginecologiques\/#breadcrumb"},"inLanguage":"es","potentialAction":[{"@type":"ReadAction","target":["https:\/\/diarisanitat.cat\/recerca-en-salut\/blog\/2024\/07\/25\/dra-berta-diaz-feijoo-volem-ajudar-a-empoderar-les-dones-en-el-tractament-de-les-malalties-ginecologiques\/"]}]},{"@type":"BreadcrumbList","@id":"https:\/\/diarisanitat.cat\/recerca-en-salut\/blog\/2024\/07\/25\/dra-berta-diaz-feijoo-volem-ajudar-a-empoderar-les-dones-en-el-tractament-de-les-malalties-ginecologiques\/#breadcrumb","itemListElement":[{"@type":"ListItem","position":1,"name":"Portada","item":"https:\/\/diarisanitat.cat\/recerca-en-salut\/"},{"@type":"ListItem","position":2,"name":"Dra. Berta D\u00edaz Feijoo: \u201dVolem ajudar a empoderar les dones en el tractament de les malalties ginecol\u00f2giques\u201d"}]},{"@type":"WebSite","@id":"https:\/\/diarisanitat.cat\/recerca-en-salut\/#website","url":"https:\/\/diarisanitat.cat\/recerca-en-salut\/","name":"Recerca en salut","description":"","potentialAction":[{"@type":"SearchAction","target":{"@type":"EntryPoint","urlTemplate":"https:\/\/diarisanitat.cat\/recerca-en-salut\/?s={search_term_string}"},"query-input":{"@type":"PropertyValueSpecification","valueRequired":true,"valueName":"search_term_string"}}],"inLanguage":"es"}]}},"_links":{"self":[{"href":"https:\/\/diarisanitat.cat\/recerca-en-salut\/wp-json\/wp\/v2\/posts\/38293","targetHints":{"allow":["GET"]}}],"collection":[{"href":"https:\/\/diarisanitat.cat\/recerca-en-salut\/wp-json\/wp\/v2\/posts"}],"about":[{"href":"https:\/\/diarisanitat.cat\/recerca-en-salut\/wp-json\/wp\/v2\/types\/post"}],"replies":[{"embeddable":true,"href":"https:\/\/diarisanitat.cat\/recerca-en-salut\/wp-json\/wp\/v2\/comments?post=38293"}],"version-history":[{"count":0,"href":"https:\/\/diarisanitat.cat\/recerca-en-salut\/wp-json\/wp\/v2\/posts\/38293\/revisions"}],"wp:attachment":[{"href":"https:\/\/diarisanitat.cat\/recerca-en-salut\/wp-json\/wp\/v2\/media?parent=38293"}],"wp:term":[{"taxonomy":"category","embeddable":true,"href":"https:\/\/diarisanitat.cat\/recerca-en-salut\/wp-json\/wp\/v2\/categories?post=38293"},{"taxonomy":"post_tag","embeddable":true,"href":"https:\/\/diarisanitat.cat\/recerca-en-salut\/wp-json\/wp\/v2\/tags?post=38293"},{"taxonomy":"tipo","embeddable":true,"href":"https:\/\/diarisanitat.cat\/recerca-en-salut\/wp-json\/wp\/v2\/tipo?post=38293"}],"curies":[{"name":"wp","href":"https:\/\/api.w.org\/{rel}","templated":true}]}}