{"id":38325,"date":"2024-09-12T11:36:54","date_gmt":"2024-09-12T11:36:54","guid":{"rendered":"https:\/\/diarisanitat.cat\/recerca-en-salut\/blog\/2024\/09\/12\/es-presenta-el-llibre-ets-una-exagerada-biaix-de-genere-i-sexe-en-salut\/"},"modified":"2024-09-12T11:36:54","modified_gmt":"2024-09-12T11:36:54","slug":"es-presenta-el-llibre-ets-una-exagerada-biaix-de-genere-i-sexe-en-salut","status":"publish","type":"post","link":"https:\/\/diarisanitat.cat\/recerca-en-salut\/blog\/2024\/09\/12\/es-presenta-el-llibre-ets-una-exagerada-biaix-de-genere-i-sexe-en-salut\/","title":{"rendered":"Es presenta el llibre &#8216;Ets una exagerada. Biaix de g\u00e8nere i sexe en salut&#8217;"},"content":{"rendered":"<p>Aquest dijous, 12 de setembre, ha tingut lloc a l\u2019Espai L\u00ednia la roda de premsa de presentaci\u00f3 d\u2019Ets una exagerada. Biaix de g\u00e8nere i sexe en salut, publicat per Raig Verd i que arriba a llibreries dilluns vinent.&amp;nbsp; La roda de premsa ha comen\u00e7at amb la presentaci\u00f3 de l\u2019editora Laura Huerga, que ha explicat que es tracta d\u2019un projecte col\u00b7laboratiu entre quatre dels principals hospitals catalans: Hospital Cl\u00ednic Barcelona, Hospital Universitari Vall d\u2019Hebron, Hospital de la Santa Creu i Sant Pau i Hospital Universitari Germans Trias i Pujol. Aquesta col\u00b7laboraci\u00f3 hist\u00f2rica en la lluita contra el biaix de g\u00e8nere marca un punt d&#8217;inflexi\u00f3 en la qualitat en l&#8217;assist\u00e8ncia, diagnosi i tractament de les dones. Avui els volem fer protagonistes d&#8217;un canvi que millorar\u00e0 la vida de les persones\u201d.<\/p>","protected":false},"excerpt":{"rendered":"<p>Aquest dijous, 12 de setembre, ha tingut lloc a l\u2019Espai L\u00ednia la roda de premsa de presentaci\u00f3 d\u2019Ets una exagerada. Biaix de g\u00e8nere i sexe en salut, publicat per Raig Verd i que arriba a llibreries dilluns vinent.&amp;nbsp; La roda de premsa ha comen\u00e7at amb la presentaci\u00f3 de l\u2019editora Laura Huerga, que ha explicat que<\/p>\n","protected":false},"author":0,"featured_media":0,"comment_status":"open","ping_status":"open","sticky":false,"template":"","format":"standard","meta":{"_acf_changed":false,"footnotes":""},"categories":[1],"tags":[],"tipo":[],"class_list":{"0":"post-38325","1":"post","2":"type-post","3":"status-publish","4":"format-standard","6":"category-uncategorized"},"acf":[],"yoast_head":"<!-- This site is optimized with the Yoast SEO plugin v27.5 - https:\/\/yoast.com\/product\/yoast-seo-wordpress\/ -->\n<title>Es presenta el llibre &#039;Ets una exagerada. Biaix de g\u00e8nere i sexe en salut&#039; - Recerca en salut<\/title>\n<meta name=\"robots\" content=\"index, follow, max-snippet:-1, max-image-preview:large, max-video-preview:-1\" \/>\n<link rel=\"canonical\" href=\"https:\/\/diarisanitat.cat\/recerca-en-salut\/blog\/2024\/09\/12\/es-presenta-el-llibre-ets-una-exagerada-biaix-de-genere-i-sexe-en-salut\/\" \/>\n<meta property=\"og:locale\" content=\"es_ES\" \/>\n<meta property=\"og:type\" content=\"article\" \/>\n<meta property=\"og:title\" content=\"Es presenta el llibre &#039;Ets una exagerada. Biaix de g\u00e8nere i sexe en salut&#039; - Recerca en salut\" \/>\n<meta property=\"og:description\" content=\"Aquest dijous, 12 de setembre, ha tingut lloc a l\u2019Espai L\u00ednia la roda de premsa de presentaci\u00f3 d\u2019Ets una exagerada. Biaix de g\u00e8nere i sexe en salut, publicat per Raig Verd i que arriba a llibreries dilluns vinent.&amp;nbsp; La roda de premsa ha comen\u00e7at amb la presentaci\u00f3 de l\u2019editora Laura Huerga, que ha explicat que\" \/>\n<meta property=\"og:url\" content=\"https:\/\/diarisanitat.cat\/recerca-en-salut\/blog\/2024\/09\/12\/es-presenta-el-llibre-ets-una-exagerada-biaix-de-genere-i-sexe-en-salut\/\" \/>\n<meta property=\"og:site_name\" content=\"Recerca en salut\" \/>\n<meta property=\"article:published_time\" content=\"2024-09-12T11:36:54+00:00\" \/>\n<meta name=\"twitter:card\" content=\"summary_large_image\" \/>\n<meta name=\"twitter:label1\" content=\"Tiempo de lectura\" \/>\n\t<meta name=\"twitter:data1\" content=\"1 minuto\" \/>\n<script type=\"application\/ld+json\" class=\"yoast-schema-graph\">{\"@context\":\"https:\\\/\\\/schema.org\",\"@graph\":[{\"@type\":\"Article\",\"@id\":\"https:\\\/\\\/diarisanitat.cat\\\/recerca-en-salut\\\/blog\\\/2024\\\/09\\\/12\\\/es-presenta-el-llibre-ets-una-exagerada-biaix-de-genere-i-sexe-en-salut\\\/#article\",\"isPartOf\":{\"@id\":\"https:\\\/\\\/diarisanitat.cat\\\/recerca-en-salut\\\/blog\\\/2024\\\/09\\\/12\\\/es-presenta-el-llibre-ets-una-exagerada-biaix-de-genere-i-sexe-en-salut\\\/\"},\"author\":{\"name\":\"\",\"@id\":\"\"},\"headline\":\"Es presenta el llibre &#8216;Ets una exagerada. Biaix de g\u00e8nere i sexe en salut&#8217;\",\"datePublished\":\"2024-09-12T11:36:54+00:00\",\"mainEntityOfPage\":{\"@id\":\"https:\\\/\\\/diarisanitat.cat\\\/recerca-en-salut\\\/blog\\\/2024\\\/09\\\/12\\\/es-presenta-el-llibre-ets-una-exagerada-biaix-de-genere-i-sexe-en-salut\\\/\"},\"wordCount\":161,\"commentCount\":0,\"articleSection\":[\"Uncategorized\"],\"inLanguage\":\"es\",\"potentialAction\":[{\"@type\":\"CommentAction\",\"name\":\"Comment\",\"target\":[\"https:\\\/\\\/diarisanitat.cat\\\/recerca-en-salut\\\/blog\\\/2024\\\/09\\\/12\\\/es-presenta-el-llibre-ets-una-exagerada-biaix-de-genere-i-sexe-en-salut\\\/#respond\"]}]},{\"@type\":\"WebPage\",\"@id\":\"https:\\\/\\\/diarisanitat.cat\\\/recerca-en-salut\\\/blog\\\/2024\\\/09\\\/12\\\/es-presenta-el-llibre-ets-una-exagerada-biaix-de-genere-i-sexe-en-salut\\\/\",\"url\":\"https:\\\/\\\/diarisanitat.cat\\\/recerca-en-salut\\\/blog\\\/2024\\\/09\\\/12\\\/es-presenta-el-llibre-ets-una-exagerada-biaix-de-genere-i-sexe-en-salut\\\/\",\"name\":\"Es presenta el llibre 'Ets una exagerada. Biaix de g\u00e8nere i sexe en salut' - Recerca en salut\",\"isPartOf\":{\"@id\":\"https:\\\/\\\/diarisanitat.cat\\\/recerca-en-salut\\\/#website\"},\"datePublished\":\"2024-09-12T11:36:54+00:00\",\"author\":{\"@id\":\"\"},\"breadcrumb\":{\"@id\":\"https:\\\/\\\/diarisanitat.cat\\\/recerca-en-salut\\\/blog\\\/2024\\\/09\\\/12\\\/es-presenta-el-llibre-ets-una-exagerada-biaix-de-genere-i-sexe-en-salut\\\/#breadcrumb\"},\"inLanguage\":\"es\",\"potentialAction\":[{\"@type\":\"ReadAction\",\"target\":[\"https:\\\/\\\/diarisanitat.cat\\\/recerca-en-salut\\\/blog\\\/2024\\\/09\\\/12\\\/es-presenta-el-llibre-ets-una-exagerada-biaix-de-genere-i-sexe-en-salut\\\/\"]}]},{\"@type\":\"BreadcrumbList\",\"@id\":\"https:\\\/\\\/diarisanitat.cat\\\/recerca-en-salut\\\/blog\\\/2024\\\/09\\\/12\\\/es-presenta-el-llibre-ets-una-exagerada-biaix-de-genere-i-sexe-en-salut\\\/#breadcrumb\",\"itemListElement\":[{\"@type\":\"ListItem\",\"position\":1,\"name\":\"Portada\",\"item\":\"https:\\\/\\\/diarisanitat.cat\\\/recerca-en-salut\\\/\"},{\"@type\":\"ListItem\",\"position\":2,\"name\":\"Es presenta el llibre &#8216;Ets una exagerada. Biaix de g\u00e8nere i sexe en salut&#8217;\"}]},{\"@type\":\"WebSite\",\"@id\":\"https:\\\/\\\/diarisanitat.cat\\\/recerca-en-salut\\\/#website\",\"url\":\"https:\\\/\\\/diarisanitat.cat\\\/recerca-en-salut\\\/\",\"name\":\"Recerca en salut\",\"description\":\"\",\"potentialAction\":[{\"@type\":\"SearchAction\",\"target\":{\"@type\":\"EntryPoint\",\"urlTemplate\":\"https:\\\/\\\/diarisanitat.cat\\\/recerca-en-salut\\\/?s={search_term_string}\"},\"query-input\":{\"@type\":\"PropertyValueSpecification\",\"valueRequired\":true,\"valueName\":\"search_term_string\"}}],\"inLanguage\":\"es\"}]}<\/script>\n<!-- \/ Yoast SEO plugin. -->","yoast_head_json":{"title":"Es presenta el llibre 'Ets una exagerada. Biaix de g\u00e8nere i sexe en salut' - Recerca en salut","robots":{"index":"index","follow":"follow","max-snippet":"max-snippet:-1","max-image-preview":"max-image-preview:large","max-video-preview":"max-video-preview:-1"},"canonical":"https:\/\/diarisanitat.cat\/recerca-en-salut\/blog\/2024\/09\/12\/es-presenta-el-llibre-ets-una-exagerada-biaix-de-genere-i-sexe-en-salut\/","og_locale":"es_ES","og_type":"article","og_title":"Es presenta el llibre 'Ets una exagerada. Biaix de g\u00e8nere i sexe en salut' - Recerca en salut","og_description":"Aquest dijous, 12 de setembre, ha tingut lloc a l\u2019Espai L\u00ednia la roda de premsa de presentaci\u00f3 d\u2019Ets una exagerada. Biaix de g\u00e8nere i sexe en salut, publicat per Raig Verd i que arriba a llibreries dilluns vinent.&amp;nbsp; La roda de premsa ha comen\u00e7at amb la presentaci\u00f3 de l\u2019editora Laura Huerga, que ha explicat que","og_url":"https:\/\/diarisanitat.cat\/recerca-en-salut\/blog\/2024\/09\/12\/es-presenta-el-llibre-ets-una-exagerada-biaix-de-genere-i-sexe-en-salut\/","og_site_name":"Recerca en salut","article_published_time":"2024-09-12T11:36:54+00:00","twitter_card":"summary_large_image","twitter_misc":{"Tiempo de lectura":"1 minuto"},"schema":{"@context":"https:\/\/schema.org","@graph":[{"@type":"Article","@id":"https:\/\/diarisanitat.cat\/recerca-en-salut\/blog\/2024\/09\/12\/es-presenta-el-llibre-ets-una-exagerada-biaix-de-genere-i-sexe-en-salut\/#article","isPartOf":{"@id":"https:\/\/diarisanitat.cat\/recerca-en-salut\/blog\/2024\/09\/12\/es-presenta-el-llibre-ets-una-exagerada-biaix-de-genere-i-sexe-en-salut\/"},"author":{"name":"","@id":""},"headline":"Es presenta el llibre &#8216;Ets una exagerada. Biaix de g\u00e8nere i sexe en salut&#8217;","datePublished":"2024-09-12T11:36:54+00:00","mainEntityOfPage":{"@id":"https:\/\/diarisanitat.cat\/recerca-en-salut\/blog\/2024\/09\/12\/es-presenta-el-llibre-ets-una-exagerada-biaix-de-genere-i-sexe-en-salut\/"},"wordCount":161,"commentCount":0,"articleSection":["Uncategorized"],"inLanguage":"es","potentialAction":[{"@type":"CommentAction","name":"Comment","target":["https:\/\/diarisanitat.cat\/recerca-en-salut\/blog\/2024\/09\/12\/es-presenta-el-llibre-ets-una-exagerada-biaix-de-genere-i-sexe-en-salut\/#respond"]}]},{"@type":"WebPage","@id":"https:\/\/diarisanitat.cat\/recerca-en-salut\/blog\/2024\/09\/12\/es-presenta-el-llibre-ets-una-exagerada-biaix-de-genere-i-sexe-en-salut\/","url":"https:\/\/diarisanitat.cat\/recerca-en-salut\/blog\/2024\/09\/12\/es-presenta-el-llibre-ets-una-exagerada-biaix-de-genere-i-sexe-en-salut\/","name":"Es presenta el llibre 'Ets una exagerada. Biaix de g\u00e8nere i sexe en salut' - Recerca en salut","isPartOf":{"@id":"https:\/\/diarisanitat.cat\/recerca-en-salut\/#website"},"datePublished":"2024-09-12T11:36:54+00:00","author":{"@id":""},"breadcrumb":{"@id":"https:\/\/diarisanitat.cat\/recerca-en-salut\/blog\/2024\/09\/12\/es-presenta-el-llibre-ets-una-exagerada-biaix-de-genere-i-sexe-en-salut\/#breadcrumb"},"inLanguage":"es","potentialAction":[{"@type":"ReadAction","target":["https:\/\/diarisanitat.cat\/recerca-en-salut\/blog\/2024\/09\/12\/es-presenta-el-llibre-ets-una-exagerada-biaix-de-genere-i-sexe-en-salut\/"]}]},{"@type":"BreadcrumbList","@id":"https:\/\/diarisanitat.cat\/recerca-en-salut\/blog\/2024\/09\/12\/es-presenta-el-llibre-ets-una-exagerada-biaix-de-genere-i-sexe-en-salut\/#breadcrumb","itemListElement":[{"@type":"ListItem","position":1,"name":"Portada","item":"https:\/\/diarisanitat.cat\/recerca-en-salut\/"},{"@type":"ListItem","position":2,"name":"Es presenta el llibre &#8216;Ets una exagerada. Biaix de g\u00e8nere i sexe en salut&#8217;"}]},{"@type":"WebSite","@id":"https:\/\/diarisanitat.cat\/recerca-en-salut\/#website","url":"https:\/\/diarisanitat.cat\/recerca-en-salut\/","name":"Recerca en salut","description":"","potentialAction":[{"@type":"SearchAction","target":{"@type":"EntryPoint","urlTemplate":"https:\/\/diarisanitat.cat\/recerca-en-salut\/?s={search_term_string}"},"query-input":{"@type":"PropertyValueSpecification","valueRequired":true,"valueName":"search_term_string"}}],"inLanguage":"es"}]}},"_links":{"self":[{"href":"https:\/\/diarisanitat.cat\/recerca-en-salut\/wp-json\/wp\/v2\/posts\/38325","targetHints":{"allow":["GET"]}}],"collection":[{"href":"https:\/\/diarisanitat.cat\/recerca-en-salut\/wp-json\/wp\/v2\/posts"}],"about":[{"href":"https:\/\/diarisanitat.cat\/recerca-en-salut\/wp-json\/wp\/v2\/types\/post"}],"replies":[{"embeddable":true,"href":"https:\/\/diarisanitat.cat\/recerca-en-salut\/wp-json\/wp\/v2\/comments?post=38325"}],"version-history":[{"count":0,"href":"https:\/\/diarisanitat.cat\/recerca-en-salut\/wp-json\/wp\/v2\/posts\/38325\/revisions"}],"wp:attachment":[{"href":"https:\/\/diarisanitat.cat\/recerca-en-salut\/wp-json\/wp\/v2\/media?parent=38325"}],"wp:term":[{"taxonomy":"category","embeddable":true,"href":"https:\/\/diarisanitat.cat\/recerca-en-salut\/wp-json\/wp\/v2\/categories?post=38325"},{"taxonomy":"post_tag","embeddable":true,"href":"https:\/\/diarisanitat.cat\/recerca-en-salut\/wp-json\/wp\/v2\/tags?post=38325"},{"taxonomy":"tipo","embeddable":true,"href":"https:\/\/diarisanitat.cat\/recerca-en-salut\/wp-json\/wp\/v2\/tipo?post=38325"}],"curies":[{"name":"wp","href":"https:\/\/api.w.org\/{rel}","templated":true}]}}