{"id":38355,"date":"2024-10-01T14:31:27","date_gmt":"2024-10-01T14:31:27","guid":{"rendered":"https:\/\/diarisanitat.cat\/recerca-en-salut\/blog\/2024\/10\/01\/el-clinic-barcelona-i-astrazeneca-signen-un-conveni-per-impulsar-la-investigacio-i-els-assajos-clinics\/"},"modified":"2024-10-01T14:31:27","modified_gmt":"2024-10-01T14:31:27","slug":"el-clinic-barcelona-i-astrazeneca-signen-un-conveni-per-impulsar-la-investigacio-i-els-assajos-clinics","status":"publish","type":"post","link":"https:\/\/diarisanitat.cat\/recerca-en-salut\/blog\/2024\/10\/01\/el-clinic-barcelona-i-astrazeneca-signen-un-conveni-per-impulsar-la-investigacio-i-els-assajos-clinics\/","title":{"rendered":"El Cl\u00ednic Barcelona i AstraZeneca signen un conveni per impulsar la investigaci\u00f3 i els assajos cl\u00ednics"},"content":{"rendered":"<p>L&#8217;objectiu del conveni de col\u00b7laboraci\u00f3 \u00e9s promoure la investigaci\u00f3 b\u00e0sica i precl\u00ednica, aix\u00ed com la participaci\u00f3 en assaigs cl\u00ednics nacionals i internacionals.<\/p>","protected":false},"excerpt":{"rendered":"<p>L&#8217;objectiu del conveni de col\u00b7laboraci\u00f3 \u00e9s promoure la investigaci\u00f3 b\u00e0sica i precl\u00ednica, aix\u00ed com la participaci\u00f3 en assaigs cl\u00ednics nacionals i internacionals.<\/p>\n","protected":false},"author":0,"featured_media":0,"comment_status":"open","ping_status":"open","sticky":false,"template":"","format":"standard","meta":{"_acf_changed":false,"footnotes":""},"categories":[1],"tags":[],"tipo":[],"class_list":{"0":"post-38355","1":"post","2":"type-post","3":"status-publish","4":"format-standard","6":"category-uncategorized"},"acf":[],"yoast_head":"<!-- This site is optimized with the Yoast SEO plugin v27.5 - https:\/\/yoast.com\/product\/yoast-seo-wordpress\/ -->\n<title>El Cl\u00ednic Barcelona i AstraZeneca signen un conveni per impulsar la investigaci\u00f3 i els assajos cl\u00ednics - Recerca en salut<\/title>\n<meta name=\"robots\" content=\"index, follow, max-snippet:-1, max-image-preview:large, max-video-preview:-1\" \/>\n<link rel=\"canonical\" href=\"https:\/\/diarisanitat.cat\/recerca-en-salut\/blog\/2024\/10\/01\/el-clinic-barcelona-i-astrazeneca-signen-un-conveni-per-impulsar-la-investigacio-i-els-assajos-clinics\/\" \/>\n<meta property=\"og:locale\" content=\"es_ES\" \/>\n<meta property=\"og:type\" content=\"article\" \/>\n<meta property=\"og:title\" content=\"El Cl\u00ednic Barcelona i AstraZeneca signen un conveni per impulsar la investigaci\u00f3 i els assajos cl\u00ednics - Recerca en salut\" \/>\n<meta property=\"og:description\" content=\"L&#8217;objectiu del conveni de col\u00b7laboraci\u00f3 \u00e9s promoure la investigaci\u00f3 b\u00e0sica i precl\u00ednica, aix\u00ed com la participaci\u00f3 en assaigs cl\u00ednics nacionals i internacionals.\" \/>\n<meta property=\"og:url\" content=\"https:\/\/diarisanitat.cat\/recerca-en-salut\/blog\/2024\/10\/01\/el-clinic-barcelona-i-astrazeneca-signen-un-conveni-per-impulsar-la-investigacio-i-els-assajos-clinics\/\" \/>\n<meta property=\"og:site_name\" content=\"Recerca en salut\" \/>\n<meta property=\"article:published_time\" content=\"2024-10-01T14:31:27+00:00\" \/>\n<meta name=\"twitter:card\" content=\"summary_large_image\" \/>\n<script type=\"application\/ld+json\" class=\"yoast-schema-graph\">{\"@context\":\"https:\\\/\\\/schema.org\",\"@graph\":[{\"@type\":\"Article\",\"@id\":\"https:\\\/\\\/diarisanitat.cat\\\/recerca-en-salut\\\/blog\\\/2024\\\/10\\\/01\\\/el-clinic-barcelona-i-astrazeneca-signen-un-conveni-per-impulsar-la-investigacio-i-els-assajos-clinics\\\/#article\",\"isPartOf\":{\"@id\":\"https:\\\/\\\/diarisanitat.cat\\\/recerca-en-salut\\\/blog\\\/2024\\\/10\\\/01\\\/el-clinic-barcelona-i-astrazeneca-signen-un-conveni-per-impulsar-la-investigacio-i-els-assajos-clinics\\\/\"},\"author\":{\"name\":\"\",\"@id\":\"\"},\"headline\":\"El Cl\u00ednic Barcelona i AstraZeneca signen un conveni per impulsar la investigaci\u00f3 i els assajos cl\u00ednics\",\"datePublished\":\"2024-10-01T14:31:27+00:00\",\"mainEntityOfPage\":{\"@id\":\"https:\\\/\\\/diarisanitat.cat\\\/recerca-en-salut\\\/blog\\\/2024\\\/10\\\/01\\\/el-clinic-barcelona-i-astrazeneca-signen-un-conveni-per-impulsar-la-investigacio-i-els-assajos-clinics\\\/\"},\"wordCount\":45,\"commentCount\":0,\"articleSection\":[\"Uncategorized\"],\"inLanguage\":\"es\",\"potentialAction\":[{\"@type\":\"CommentAction\",\"name\":\"Comment\",\"target\":[\"https:\\\/\\\/diarisanitat.cat\\\/recerca-en-salut\\\/blog\\\/2024\\\/10\\\/01\\\/el-clinic-barcelona-i-astrazeneca-signen-un-conveni-per-impulsar-la-investigacio-i-els-assajos-clinics\\\/#respond\"]}]},{\"@type\":\"WebPage\",\"@id\":\"https:\\\/\\\/diarisanitat.cat\\\/recerca-en-salut\\\/blog\\\/2024\\\/10\\\/01\\\/el-clinic-barcelona-i-astrazeneca-signen-un-conveni-per-impulsar-la-investigacio-i-els-assajos-clinics\\\/\",\"url\":\"https:\\\/\\\/diarisanitat.cat\\\/recerca-en-salut\\\/blog\\\/2024\\\/10\\\/01\\\/el-clinic-barcelona-i-astrazeneca-signen-un-conveni-per-impulsar-la-investigacio-i-els-assajos-clinics\\\/\",\"name\":\"El Cl\u00ednic Barcelona i AstraZeneca signen un conveni per impulsar la investigaci\u00f3 i els assajos cl\u00ednics - Recerca en salut\",\"isPartOf\":{\"@id\":\"https:\\\/\\\/diarisanitat.cat\\\/recerca-en-salut\\\/#website\"},\"datePublished\":\"2024-10-01T14:31:27+00:00\",\"author\":{\"@id\":\"\"},\"breadcrumb\":{\"@id\":\"https:\\\/\\\/diarisanitat.cat\\\/recerca-en-salut\\\/blog\\\/2024\\\/10\\\/01\\\/el-clinic-barcelona-i-astrazeneca-signen-un-conveni-per-impulsar-la-investigacio-i-els-assajos-clinics\\\/#breadcrumb\"},\"inLanguage\":\"es\",\"potentialAction\":[{\"@type\":\"ReadAction\",\"target\":[\"https:\\\/\\\/diarisanitat.cat\\\/recerca-en-salut\\\/blog\\\/2024\\\/10\\\/01\\\/el-clinic-barcelona-i-astrazeneca-signen-un-conveni-per-impulsar-la-investigacio-i-els-assajos-clinics\\\/\"]}]},{\"@type\":\"BreadcrumbList\",\"@id\":\"https:\\\/\\\/diarisanitat.cat\\\/recerca-en-salut\\\/blog\\\/2024\\\/10\\\/01\\\/el-clinic-barcelona-i-astrazeneca-signen-un-conveni-per-impulsar-la-investigacio-i-els-assajos-clinics\\\/#breadcrumb\",\"itemListElement\":[{\"@type\":\"ListItem\",\"position\":1,\"name\":\"Portada\",\"item\":\"https:\\\/\\\/diarisanitat.cat\\\/recerca-en-salut\\\/\"},{\"@type\":\"ListItem\",\"position\":2,\"name\":\"El Cl\u00ednic Barcelona i AstraZeneca signen un conveni per impulsar la investigaci\u00f3 i els assajos cl\u00ednics\"}]},{\"@type\":\"WebSite\",\"@id\":\"https:\\\/\\\/diarisanitat.cat\\\/recerca-en-salut\\\/#website\",\"url\":\"https:\\\/\\\/diarisanitat.cat\\\/recerca-en-salut\\\/\",\"name\":\"Recerca en salut\",\"description\":\"\",\"potentialAction\":[{\"@type\":\"SearchAction\",\"target\":{\"@type\":\"EntryPoint\",\"urlTemplate\":\"https:\\\/\\\/diarisanitat.cat\\\/recerca-en-salut\\\/?s={search_term_string}\"},\"query-input\":{\"@type\":\"PropertyValueSpecification\",\"valueRequired\":true,\"valueName\":\"search_term_string\"}}],\"inLanguage\":\"es\"}]}<\/script>\n<!-- \/ Yoast SEO plugin. -->","yoast_head_json":{"title":"El Cl\u00ednic Barcelona i AstraZeneca signen un conveni per impulsar la investigaci\u00f3 i els assajos cl\u00ednics - Recerca en salut","robots":{"index":"index","follow":"follow","max-snippet":"max-snippet:-1","max-image-preview":"max-image-preview:large","max-video-preview":"max-video-preview:-1"},"canonical":"https:\/\/diarisanitat.cat\/recerca-en-salut\/blog\/2024\/10\/01\/el-clinic-barcelona-i-astrazeneca-signen-un-conveni-per-impulsar-la-investigacio-i-els-assajos-clinics\/","og_locale":"es_ES","og_type":"article","og_title":"El Cl\u00ednic Barcelona i AstraZeneca signen un conveni per impulsar la investigaci\u00f3 i els assajos cl\u00ednics - Recerca en salut","og_description":"L&#8217;objectiu del conveni de col\u00b7laboraci\u00f3 \u00e9s promoure la investigaci\u00f3 b\u00e0sica i precl\u00ednica, aix\u00ed com la participaci\u00f3 en assaigs cl\u00ednics nacionals i internacionals.","og_url":"https:\/\/diarisanitat.cat\/recerca-en-salut\/blog\/2024\/10\/01\/el-clinic-barcelona-i-astrazeneca-signen-un-conveni-per-impulsar-la-investigacio-i-els-assajos-clinics\/","og_site_name":"Recerca en salut","article_published_time":"2024-10-01T14:31:27+00:00","twitter_card":"summary_large_image","schema":{"@context":"https:\/\/schema.org","@graph":[{"@type":"Article","@id":"https:\/\/diarisanitat.cat\/recerca-en-salut\/blog\/2024\/10\/01\/el-clinic-barcelona-i-astrazeneca-signen-un-conveni-per-impulsar-la-investigacio-i-els-assajos-clinics\/#article","isPartOf":{"@id":"https:\/\/diarisanitat.cat\/recerca-en-salut\/blog\/2024\/10\/01\/el-clinic-barcelona-i-astrazeneca-signen-un-conveni-per-impulsar-la-investigacio-i-els-assajos-clinics\/"},"author":{"name":"","@id":""},"headline":"El Cl\u00ednic Barcelona i AstraZeneca signen un conveni per impulsar la investigaci\u00f3 i els assajos cl\u00ednics","datePublished":"2024-10-01T14:31:27+00:00","mainEntityOfPage":{"@id":"https:\/\/diarisanitat.cat\/recerca-en-salut\/blog\/2024\/10\/01\/el-clinic-barcelona-i-astrazeneca-signen-un-conveni-per-impulsar-la-investigacio-i-els-assajos-clinics\/"},"wordCount":45,"commentCount":0,"articleSection":["Uncategorized"],"inLanguage":"es","potentialAction":[{"@type":"CommentAction","name":"Comment","target":["https:\/\/diarisanitat.cat\/recerca-en-salut\/blog\/2024\/10\/01\/el-clinic-barcelona-i-astrazeneca-signen-un-conveni-per-impulsar-la-investigacio-i-els-assajos-clinics\/#respond"]}]},{"@type":"WebPage","@id":"https:\/\/diarisanitat.cat\/recerca-en-salut\/blog\/2024\/10\/01\/el-clinic-barcelona-i-astrazeneca-signen-un-conveni-per-impulsar-la-investigacio-i-els-assajos-clinics\/","url":"https:\/\/diarisanitat.cat\/recerca-en-salut\/blog\/2024\/10\/01\/el-clinic-barcelona-i-astrazeneca-signen-un-conveni-per-impulsar-la-investigacio-i-els-assajos-clinics\/","name":"El Cl\u00ednic Barcelona i AstraZeneca signen un conveni per impulsar la investigaci\u00f3 i els assajos cl\u00ednics - Recerca en salut","isPartOf":{"@id":"https:\/\/diarisanitat.cat\/recerca-en-salut\/#website"},"datePublished":"2024-10-01T14:31:27+00:00","author":{"@id":""},"breadcrumb":{"@id":"https:\/\/diarisanitat.cat\/recerca-en-salut\/blog\/2024\/10\/01\/el-clinic-barcelona-i-astrazeneca-signen-un-conveni-per-impulsar-la-investigacio-i-els-assajos-clinics\/#breadcrumb"},"inLanguage":"es","potentialAction":[{"@type":"ReadAction","target":["https:\/\/diarisanitat.cat\/recerca-en-salut\/blog\/2024\/10\/01\/el-clinic-barcelona-i-astrazeneca-signen-un-conveni-per-impulsar-la-investigacio-i-els-assajos-clinics\/"]}]},{"@type":"BreadcrumbList","@id":"https:\/\/diarisanitat.cat\/recerca-en-salut\/blog\/2024\/10\/01\/el-clinic-barcelona-i-astrazeneca-signen-un-conveni-per-impulsar-la-investigacio-i-els-assajos-clinics\/#breadcrumb","itemListElement":[{"@type":"ListItem","position":1,"name":"Portada","item":"https:\/\/diarisanitat.cat\/recerca-en-salut\/"},{"@type":"ListItem","position":2,"name":"El Cl\u00ednic Barcelona i AstraZeneca signen un conveni per impulsar la investigaci\u00f3 i els assajos cl\u00ednics"}]},{"@type":"WebSite","@id":"https:\/\/diarisanitat.cat\/recerca-en-salut\/#website","url":"https:\/\/diarisanitat.cat\/recerca-en-salut\/","name":"Recerca en salut","description":"","potentialAction":[{"@type":"SearchAction","target":{"@type":"EntryPoint","urlTemplate":"https:\/\/diarisanitat.cat\/recerca-en-salut\/?s={search_term_string}"},"query-input":{"@type":"PropertyValueSpecification","valueRequired":true,"valueName":"search_term_string"}}],"inLanguage":"es"}]}},"_links":{"self":[{"href":"https:\/\/diarisanitat.cat\/recerca-en-salut\/wp-json\/wp\/v2\/posts\/38355","targetHints":{"allow":["GET"]}}],"collection":[{"href":"https:\/\/diarisanitat.cat\/recerca-en-salut\/wp-json\/wp\/v2\/posts"}],"about":[{"href":"https:\/\/diarisanitat.cat\/recerca-en-salut\/wp-json\/wp\/v2\/types\/post"}],"replies":[{"embeddable":true,"href":"https:\/\/diarisanitat.cat\/recerca-en-salut\/wp-json\/wp\/v2\/comments?post=38355"}],"version-history":[{"count":0,"href":"https:\/\/diarisanitat.cat\/recerca-en-salut\/wp-json\/wp\/v2\/posts\/38355\/revisions"}],"wp:attachment":[{"href":"https:\/\/diarisanitat.cat\/recerca-en-salut\/wp-json\/wp\/v2\/media?parent=38355"}],"wp:term":[{"taxonomy":"category","embeddable":true,"href":"https:\/\/diarisanitat.cat\/recerca-en-salut\/wp-json\/wp\/v2\/categories?post=38355"},{"taxonomy":"post_tag","embeddable":true,"href":"https:\/\/diarisanitat.cat\/recerca-en-salut\/wp-json\/wp\/v2\/tags?post=38355"},{"taxonomy":"tipo","embeddable":true,"href":"https:\/\/diarisanitat.cat\/recerca-en-salut\/wp-json\/wp\/v2\/tipo?post=38355"}],"curies":[{"name":"wp","href":"https:\/\/api.w.org\/{rel}","templated":true}]}}