{"id":38361,"date":"2024-10-07T08:32:39","date_gmt":"2024-10-07T08:32:39","guid":{"rendered":"https:\/\/diarisanitat.cat\/recerca-en-salut\/blog\/2024\/10\/07\/definira-la-ia-el-futur-de-lexperiencia-de-pacient-principal-tema-de-debat-de-la-9a-edicio-del-congres-dexperiencia-de-pacient\/"},"modified":"2024-10-07T08:32:39","modified_gmt":"2024-10-07T08:32:39","slug":"definira-la-ia-el-futur-de-lexperiencia-de-pacient-principal-tema-de-debat-de-la-9a-edicio-del-congres-dexperiencia-de-pacient","status":"publish","type":"post","link":"https:\/\/diarisanitat.cat\/recerca-en-salut\/blog\/2024\/10\/07\/definira-la-ia-el-futur-de-lexperiencia-de-pacient-principal-tema-de-debat-de-la-9a-edicio-del-congres-dexperiencia-de-pacient\/","title":{"rendered":"Definir\u00e0 la IA el futur de l&#8217;experi\u00e8ncia de pacient? Principal tema de debat de la 9a edici\u00f3 del Congr\u00e9s d&#8217;Experi\u00e8ncia de Pacient."},"content":{"rendered":"<p>El passat dimecres 18 de setembre es va celebrar al paranimf de la Facultat de Medicina de la Universitat de Barcelona (UB) la 9a edici\u00f3 del Congr\u00e9s d&#8217;Experi\u00e8ncia de Pacient&amp;nbsp;XPAtient&amp;nbsp;Barcelona&amp;nbsp;Congress.<\/p>","protected":false},"excerpt":{"rendered":"<p>El passat dimecres 18 de setembre es va celebrar al paranimf de la Facultat de Medicina de la Universitat de Barcelona (UB) la 9a edici\u00f3 del Congr\u00e9s d&#8217;Experi\u00e8ncia de Pacient&amp;nbsp;XPAtient&amp;nbsp;Barcelona&amp;nbsp;Congress.<\/p>\n","protected":false},"author":0,"featured_media":0,"comment_status":"open","ping_status":"open","sticky":false,"template":"","format":"standard","meta":{"_acf_changed":false,"footnotes":""},"categories":[1],"tags":[],"tipo":[],"class_list":{"0":"post-38361","1":"post","2":"type-post","3":"status-publish","4":"format-standard","6":"category-uncategorized"},"acf":[],"yoast_head":"<!-- This site is optimized with the Yoast SEO plugin v27.5 - https:\/\/yoast.com\/product\/yoast-seo-wordpress\/ -->\n<title>Definir\u00e0 la IA el futur de l&#039;experi\u00e8ncia de pacient? Principal tema de debat de la 9a edici\u00f3 del Congr\u00e9s d&#039;Experi\u00e8ncia de Pacient. - Recerca en salut<\/title>\n<meta name=\"robots\" content=\"index, follow, max-snippet:-1, max-image-preview:large, max-video-preview:-1\" \/>\n<link rel=\"canonical\" href=\"https:\/\/diarisanitat.cat\/recerca-en-salut\/blog\/2024\/10\/07\/definira-la-ia-el-futur-de-lexperiencia-de-pacient-principal-tema-de-debat-de-la-9a-edicio-del-congres-dexperiencia-de-pacient\/\" \/>\n<meta property=\"og:locale\" content=\"es_ES\" \/>\n<meta property=\"og:type\" content=\"article\" \/>\n<meta property=\"og:title\" content=\"Definir\u00e0 la IA el futur de l&#039;experi\u00e8ncia de pacient? Principal tema de debat de la 9a edici\u00f3 del Congr\u00e9s d&#039;Experi\u00e8ncia de Pacient. - Recerca en salut\" \/>\n<meta property=\"og:description\" content=\"El passat dimecres 18 de setembre es va celebrar al paranimf de la Facultat de Medicina de la Universitat de Barcelona (UB) la 9a edici\u00f3 del Congr\u00e9s d&#8217;Experi\u00e8ncia de Pacient&amp;nbsp;XPAtient&amp;nbsp;Barcelona&amp;nbsp;Congress.\" \/>\n<meta property=\"og:url\" content=\"https:\/\/diarisanitat.cat\/recerca-en-salut\/blog\/2024\/10\/07\/definira-la-ia-el-futur-de-lexperiencia-de-pacient-principal-tema-de-debat-de-la-9a-edicio-del-congres-dexperiencia-de-pacient\/\" \/>\n<meta property=\"og:site_name\" content=\"Recerca en salut\" \/>\n<meta property=\"article:published_time\" content=\"2024-10-07T08:32:39+00:00\" \/>\n<meta name=\"twitter:card\" content=\"summary_large_image\" \/>\n<script type=\"application\/ld+json\" class=\"yoast-schema-graph\">{\"@context\":\"https:\\\/\\\/schema.org\",\"@graph\":[{\"@type\":\"Article\",\"@id\":\"https:\\\/\\\/diarisanitat.cat\\\/recerca-en-salut\\\/blog\\\/2024\\\/10\\\/07\\\/definira-la-ia-el-futur-de-lexperiencia-de-pacient-principal-tema-de-debat-de-la-9a-edicio-del-congres-dexperiencia-de-pacient\\\/#article\",\"isPartOf\":{\"@id\":\"https:\\\/\\\/diarisanitat.cat\\\/recerca-en-salut\\\/blog\\\/2024\\\/10\\\/07\\\/definira-la-ia-el-futur-de-lexperiencia-de-pacient-principal-tema-de-debat-de-la-9a-edicio-del-congres-dexperiencia-de-pacient\\\/\"},\"author\":{\"name\":\"\",\"@id\":\"\"},\"headline\":\"Definir\u00e0 la IA el futur de l&#8217;experi\u00e8ncia de pacient? Principal tema de debat de la 9a edici\u00f3 del Congr\u00e9s d&#8217;Experi\u00e8ncia de Pacient.\",\"datePublished\":\"2024-10-07T08:32:39+00:00\",\"mainEntityOfPage\":{\"@id\":\"https:\\\/\\\/diarisanitat.cat\\\/recerca-en-salut\\\/blog\\\/2024\\\/10\\\/07\\\/definira-la-ia-el-futur-de-lexperiencia-de-pacient-principal-tema-de-debat-de-la-9a-edicio-del-congres-dexperiencia-de-pacient\\\/\"},\"wordCount\":68,\"commentCount\":0,\"articleSection\":[\"Uncategorized\"],\"inLanguage\":\"es\",\"potentialAction\":[{\"@type\":\"CommentAction\",\"name\":\"Comment\",\"target\":[\"https:\\\/\\\/diarisanitat.cat\\\/recerca-en-salut\\\/blog\\\/2024\\\/10\\\/07\\\/definira-la-ia-el-futur-de-lexperiencia-de-pacient-principal-tema-de-debat-de-la-9a-edicio-del-congres-dexperiencia-de-pacient\\\/#respond\"]}]},{\"@type\":\"WebPage\",\"@id\":\"https:\\\/\\\/diarisanitat.cat\\\/recerca-en-salut\\\/blog\\\/2024\\\/10\\\/07\\\/definira-la-ia-el-futur-de-lexperiencia-de-pacient-principal-tema-de-debat-de-la-9a-edicio-del-congres-dexperiencia-de-pacient\\\/\",\"url\":\"https:\\\/\\\/diarisanitat.cat\\\/recerca-en-salut\\\/blog\\\/2024\\\/10\\\/07\\\/definira-la-ia-el-futur-de-lexperiencia-de-pacient-principal-tema-de-debat-de-la-9a-edicio-del-congres-dexperiencia-de-pacient\\\/\",\"name\":\"Definir\u00e0 la IA el futur de l'experi\u00e8ncia de pacient? Principal tema de debat de la 9a edici\u00f3 del Congr\u00e9s d'Experi\u00e8ncia de Pacient. - Recerca en salut\",\"isPartOf\":{\"@id\":\"https:\\\/\\\/diarisanitat.cat\\\/recerca-en-salut\\\/#website\"},\"datePublished\":\"2024-10-07T08:32:39+00:00\",\"author\":{\"@id\":\"\"},\"breadcrumb\":{\"@id\":\"https:\\\/\\\/diarisanitat.cat\\\/recerca-en-salut\\\/blog\\\/2024\\\/10\\\/07\\\/definira-la-ia-el-futur-de-lexperiencia-de-pacient-principal-tema-de-debat-de-la-9a-edicio-del-congres-dexperiencia-de-pacient\\\/#breadcrumb\"},\"inLanguage\":\"es\",\"potentialAction\":[{\"@type\":\"ReadAction\",\"target\":[\"https:\\\/\\\/diarisanitat.cat\\\/recerca-en-salut\\\/blog\\\/2024\\\/10\\\/07\\\/definira-la-ia-el-futur-de-lexperiencia-de-pacient-principal-tema-de-debat-de-la-9a-edicio-del-congres-dexperiencia-de-pacient\\\/\"]}]},{\"@type\":\"BreadcrumbList\",\"@id\":\"https:\\\/\\\/diarisanitat.cat\\\/recerca-en-salut\\\/blog\\\/2024\\\/10\\\/07\\\/definira-la-ia-el-futur-de-lexperiencia-de-pacient-principal-tema-de-debat-de-la-9a-edicio-del-congres-dexperiencia-de-pacient\\\/#breadcrumb\",\"itemListElement\":[{\"@type\":\"ListItem\",\"position\":1,\"name\":\"Portada\",\"item\":\"https:\\\/\\\/diarisanitat.cat\\\/recerca-en-salut\\\/\"},{\"@type\":\"ListItem\",\"position\":2,\"name\":\"Definir\u00e0 la IA el futur de l&#8217;experi\u00e8ncia de pacient? Principal tema de debat de la 9a edici\u00f3 del Congr\u00e9s d&#8217;Experi\u00e8ncia de Pacient.\"}]},{\"@type\":\"WebSite\",\"@id\":\"https:\\\/\\\/diarisanitat.cat\\\/recerca-en-salut\\\/#website\",\"url\":\"https:\\\/\\\/diarisanitat.cat\\\/recerca-en-salut\\\/\",\"name\":\"Recerca en salut\",\"description\":\"\",\"potentialAction\":[{\"@type\":\"SearchAction\",\"target\":{\"@type\":\"EntryPoint\",\"urlTemplate\":\"https:\\\/\\\/diarisanitat.cat\\\/recerca-en-salut\\\/?s={search_term_string}\"},\"query-input\":{\"@type\":\"PropertyValueSpecification\",\"valueRequired\":true,\"valueName\":\"search_term_string\"}}],\"inLanguage\":\"es\"}]}<\/script>\n<!-- \/ Yoast SEO plugin. -->","yoast_head_json":{"title":"Definir\u00e0 la IA el futur de l'experi\u00e8ncia de pacient? Principal tema de debat de la 9a edici\u00f3 del Congr\u00e9s d'Experi\u00e8ncia de Pacient. - Recerca en salut","robots":{"index":"index","follow":"follow","max-snippet":"max-snippet:-1","max-image-preview":"max-image-preview:large","max-video-preview":"max-video-preview:-1"},"canonical":"https:\/\/diarisanitat.cat\/recerca-en-salut\/blog\/2024\/10\/07\/definira-la-ia-el-futur-de-lexperiencia-de-pacient-principal-tema-de-debat-de-la-9a-edicio-del-congres-dexperiencia-de-pacient\/","og_locale":"es_ES","og_type":"article","og_title":"Definir\u00e0 la IA el futur de l'experi\u00e8ncia de pacient? Principal tema de debat de la 9a edici\u00f3 del Congr\u00e9s d'Experi\u00e8ncia de Pacient. - Recerca en salut","og_description":"El passat dimecres 18 de setembre es va celebrar al paranimf de la Facultat de Medicina de la Universitat de Barcelona (UB) la 9a edici\u00f3 del Congr\u00e9s d&#8217;Experi\u00e8ncia de Pacient&amp;nbsp;XPAtient&amp;nbsp;Barcelona&amp;nbsp;Congress.","og_url":"https:\/\/diarisanitat.cat\/recerca-en-salut\/blog\/2024\/10\/07\/definira-la-ia-el-futur-de-lexperiencia-de-pacient-principal-tema-de-debat-de-la-9a-edicio-del-congres-dexperiencia-de-pacient\/","og_site_name":"Recerca en salut","article_published_time":"2024-10-07T08:32:39+00:00","twitter_card":"summary_large_image","schema":{"@context":"https:\/\/schema.org","@graph":[{"@type":"Article","@id":"https:\/\/diarisanitat.cat\/recerca-en-salut\/blog\/2024\/10\/07\/definira-la-ia-el-futur-de-lexperiencia-de-pacient-principal-tema-de-debat-de-la-9a-edicio-del-congres-dexperiencia-de-pacient\/#article","isPartOf":{"@id":"https:\/\/diarisanitat.cat\/recerca-en-salut\/blog\/2024\/10\/07\/definira-la-ia-el-futur-de-lexperiencia-de-pacient-principal-tema-de-debat-de-la-9a-edicio-del-congres-dexperiencia-de-pacient\/"},"author":{"name":"","@id":""},"headline":"Definir\u00e0 la IA el futur de l&#8217;experi\u00e8ncia de pacient? Principal tema de debat de la 9a edici\u00f3 del Congr\u00e9s d&#8217;Experi\u00e8ncia de Pacient.","datePublished":"2024-10-07T08:32:39+00:00","mainEntityOfPage":{"@id":"https:\/\/diarisanitat.cat\/recerca-en-salut\/blog\/2024\/10\/07\/definira-la-ia-el-futur-de-lexperiencia-de-pacient-principal-tema-de-debat-de-la-9a-edicio-del-congres-dexperiencia-de-pacient\/"},"wordCount":68,"commentCount":0,"articleSection":["Uncategorized"],"inLanguage":"es","potentialAction":[{"@type":"CommentAction","name":"Comment","target":["https:\/\/diarisanitat.cat\/recerca-en-salut\/blog\/2024\/10\/07\/definira-la-ia-el-futur-de-lexperiencia-de-pacient-principal-tema-de-debat-de-la-9a-edicio-del-congres-dexperiencia-de-pacient\/#respond"]}]},{"@type":"WebPage","@id":"https:\/\/diarisanitat.cat\/recerca-en-salut\/blog\/2024\/10\/07\/definira-la-ia-el-futur-de-lexperiencia-de-pacient-principal-tema-de-debat-de-la-9a-edicio-del-congres-dexperiencia-de-pacient\/","url":"https:\/\/diarisanitat.cat\/recerca-en-salut\/blog\/2024\/10\/07\/definira-la-ia-el-futur-de-lexperiencia-de-pacient-principal-tema-de-debat-de-la-9a-edicio-del-congres-dexperiencia-de-pacient\/","name":"Definir\u00e0 la IA el futur de l'experi\u00e8ncia de pacient? Principal tema de debat de la 9a edici\u00f3 del Congr\u00e9s d'Experi\u00e8ncia de Pacient. - Recerca en salut","isPartOf":{"@id":"https:\/\/diarisanitat.cat\/recerca-en-salut\/#website"},"datePublished":"2024-10-07T08:32:39+00:00","author":{"@id":""},"breadcrumb":{"@id":"https:\/\/diarisanitat.cat\/recerca-en-salut\/blog\/2024\/10\/07\/definira-la-ia-el-futur-de-lexperiencia-de-pacient-principal-tema-de-debat-de-la-9a-edicio-del-congres-dexperiencia-de-pacient\/#breadcrumb"},"inLanguage":"es","potentialAction":[{"@type":"ReadAction","target":["https:\/\/diarisanitat.cat\/recerca-en-salut\/blog\/2024\/10\/07\/definira-la-ia-el-futur-de-lexperiencia-de-pacient-principal-tema-de-debat-de-la-9a-edicio-del-congres-dexperiencia-de-pacient\/"]}]},{"@type":"BreadcrumbList","@id":"https:\/\/diarisanitat.cat\/recerca-en-salut\/blog\/2024\/10\/07\/definira-la-ia-el-futur-de-lexperiencia-de-pacient-principal-tema-de-debat-de-la-9a-edicio-del-congres-dexperiencia-de-pacient\/#breadcrumb","itemListElement":[{"@type":"ListItem","position":1,"name":"Portada","item":"https:\/\/diarisanitat.cat\/recerca-en-salut\/"},{"@type":"ListItem","position":2,"name":"Definir\u00e0 la IA el futur de l&#8217;experi\u00e8ncia de pacient? Principal tema de debat de la 9a edici\u00f3 del Congr\u00e9s d&#8217;Experi\u00e8ncia de Pacient."}]},{"@type":"WebSite","@id":"https:\/\/diarisanitat.cat\/recerca-en-salut\/#website","url":"https:\/\/diarisanitat.cat\/recerca-en-salut\/","name":"Recerca en salut","description":"","potentialAction":[{"@type":"SearchAction","target":{"@type":"EntryPoint","urlTemplate":"https:\/\/diarisanitat.cat\/recerca-en-salut\/?s={search_term_string}"},"query-input":{"@type":"PropertyValueSpecification","valueRequired":true,"valueName":"search_term_string"}}],"inLanguage":"es"}]}},"_links":{"self":[{"href":"https:\/\/diarisanitat.cat\/recerca-en-salut\/wp-json\/wp\/v2\/posts\/38361","targetHints":{"allow":["GET"]}}],"collection":[{"href":"https:\/\/diarisanitat.cat\/recerca-en-salut\/wp-json\/wp\/v2\/posts"}],"about":[{"href":"https:\/\/diarisanitat.cat\/recerca-en-salut\/wp-json\/wp\/v2\/types\/post"}],"replies":[{"embeddable":true,"href":"https:\/\/diarisanitat.cat\/recerca-en-salut\/wp-json\/wp\/v2\/comments?post=38361"}],"version-history":[{"count":0,"href":"https:\/\/diarisanitat.cat\/recerca-en-salut\/wp-json\/wp\/v2\/posts\/38361\/revisions"}],"wp:attachment":[{"href":"https:\/\/diarisanitat.cat\/recerca-en-salut\/wp-json\/wp\/v2\/media?parent=38361"}],"wp:term":[{"taxonomy":"category","embeddable":true,"href":"https:\/\/diarisanitat.cat\/recerca-en-salut\/wp-json\/wp\/v2\/categories?post=38361"},{"taxonomy":"post_tag","embeddable":true,"href":"https:\/\/diarisanitat.cat\/recerca-en-salut\/wp-json\/wp\/v2\/tags?post=38361"},{"taxonomy":"tipo","embeddable":true,"href":"https:\/\/diarisanitat.cat\/recerca-en-salut\/wp-json\/wp\/v2\/tipo?post=38361"}],"curies":[{"name":"wp","href":"https:\/\/api.w.org\/{rel}","templated":true}]}}