{"id":38374,"date":"2024-10-18T11:30:37","date_gmt":"2024-10-18T11:30:37","guid":{"rendered":"https:\/\/diarisanitat.cat\/recerca-en-salut\/blog\/2024\/10\/18\/un-centenar-de-professionals-de-lidibaps-es-reuneixen-dos-dies-per-treballar-en-el-nou-pla-estrategic-de-la-institucio\/"},"modified":"2024-10-18T11:30:37","modified_gmt":"2024-10-18T11:30:37","slug":"un-centenar-de-professionals-de-lidibaps-es-reuneixen-dos-dies-per-treballar-en-el-nou-pla-estrategic-de-la-institucio","status":"publish","type":"post","link":"https:\/\/diarisanitat.cat\/recerca-en-salut\/blog\/2024\/10\/18\/un-centenar-de-professionals-de-lidibaps-es-reuneixen-dos-dies-per-treballar-en-el-nou-pla-estrategic-de-la-institucio\/","title":{"rendered":"Un centenar de professionals de l&#8217;IDIBAPS es reuneixen dos dies per treballar en el nou Pla Estrat\u00e8gic de la instituci\u00f3"},"content":{"rendered":"<p>El &#8216;retreat&#8217; va servir per reflexionar sobre els reptes i oportunitats que t\u00e9 la instituci\u00f3 i plantejar propostes per al Pla Estrat\u00e8gic 2025-2028.<\/p>","protected":false},"excerpt":{"rendered":"<p>El &#8216;retreat&#8217; va servir per reflexionar sobre els reptes i oportunitats que t\u00e9 la instituci\u00f3 i plantejar propostes per al Pla Estrat\u00e8gic 2025-2028.<\/p>\n","protected":false},"author":0,"featured_media":0,"comment_status":"open","ping_status":"open","sticky":false,"template":"","format":"standard","meta":{"_acf_changed":false,"footnotes":""},"categories":[1],"tags":[],"tipo":[],"class_list":{"0":"post-38374","1":"post","2":"type-post","3":"status-publish","4":"format-standard","6":"category-uncategorized"},"acf":[],"yoast_head":"<!-- This site is optimized with the Yoast SEO plugin v27.5 - https:\/\/yoast.com\/product\/yoast-seo-wordpress\/ -->\n<title>Un centenar de professionals de l&#039;IDIBAPS es reuneixen dos dies per treballar en el nou Pla Estrat\u00e8gic de la instituci\u00f3 - Recerca en salut<\/title>\n<meta name=\"robots\" content=\"index, follow, max-snippet:-1, max-image-preview:large, max-video-preview:-1\" \/>\n<link rel=\"canonical\" href=\"https:\/\/diarisanitat.cat\/recerca-en-salut\/blog\/2024\/10\/18\/un-centenar-de-professionals-de-lidibaps-es-reuneixen-dos-dies-per-treballar-en-el-nou-pla-estrategic-de-la-institucio\/\" \/>\n<meta property=\"og:locale\" content=\"es_ES\" \/>\n<meta property=\"og:type\" content=\"article\" \/>\n<meta property=\"og:title\" content=\"Un centenar de professionals de l&#039;IDIBAPS es reuneixen dos dies per treballar en el nou Pla Estrat\u00e8gic de la instituci\u00f3 - Recerca en salut\" \/>\n<meta property=\"og:description\" content=\"El &#8216;retreat&#8217; va servir per reflexionar sobre els reptes i oportunitats que t\u00e9 la instituci\u00f3 i plantejar propostes per al Pla Estrat\u00e8gic 2025-2028.\" \/>\n<meta property=\"og:url\" content=\"https:\/\/diarisanitat.cat\/recerca-en-salut\/blog\/2024\/10\/18\/un-centenar-de-professionals-de-lidibaps-es-reuneixen-dos-dies-per-treballar-en-el-nou-pla-estrategic-de-la-institucio\/\" \/>\n<meta property=\"og:site_name\" content=\"Recerca en salut\" \/>\n<meta property=\"article:published_time\" content=\"2024-10-18T11:30:37+00:00\" \/>\n<meta name=\"twitter:card\" content=\"summary_large_image\" \/>\n<script type=\"application\/ld+json\" class=\"yoast-schema-graph\">{\"@context\":\"https:\\\/\\\/schema.org\",\"@graph\":[{\"@type\":\"Article\",\"@id\":\"https:\\\/\\\/diarisanitat.cat\\\/recerca-en-salut\\\/blog\\\/2024\\\/10\\\/18\\\/un-centenar-de-professionals-de-lidibaps-es-reuneixen-dos-dies-per-treballar-en-el-nou-pla-estrategic-de-la-institucio\\\/#article\",\"isPartOf\":{\"@id\":\"https:\\\/\\\/diarisanitat.cat\\\/recerca-en-salut\\\/blog\\\/2024\\\/10\\\/18\\\/un-centenar-de-professionals-de-lidibaps-es-reuneixen-dos-dies-per-treballar-en-el-nou-pla-estrategic-de-la-institucio\\\/\"},\"author\":{\"name\":\"\",\"@id\":\"\"},\"headline\":\"Un centenar de professionals de l&#8217;IDIBAPS es reuneixen dos dies per treballar en el nou Pla Estrat\u00e8gic de la instituci\u00f3\",\"datePublished\":\"2024-10-18T11:30:37+00:00\",\"mainEntityOfPage\":{\"@id\":\"https:\\\/\\\/diarisanitat.cat\\\/recerca-en-salut\\\/blog\\\/2024\\\/10\\\/18\\\/un-centenar-de-professionals-de-lidibaps-es-reuneixen-dos-dies-per-treballar-en-el-nou-pla-estrategic-de-la-institucio\\\/\"},\"wordCount\":46,\"commentCount\":0,\"articleSection\":[\"Uncategorized\"],\"inLanguage\":\"es\",\"potentialAction\":[{\"@type\":\"CommentAction\",\"name\":\"Comment\",\"target\":[\"https:\\\/\\\/diarisanitat.cat\\\/recerca-en-salut\\\/blog\\\/2024\\\/10\\\/18\\\/un-centenar-de-professionals-de-lidibaps-es-reuneixen-dos-dies-per-treballar-en-el-nou-pla-estrategic-de-la-institucio\\\/#respond\"]}]},{\"@type\":\"WebPage\",\"@id\":\"https:\\\/\\\/diarisanitat.cat\\\/recerca-en-salut\\\/blog\\\/2024\\\/10\\\/18\\\/un-centenar-de-professionals-de-lidibaps-es-reuneixen-dos-dies-per-treballar-en-el-nou-pla-estrategic-de-la-institucio\\\/\",\"url\":\"https:\\\/\\\/diarisanitat.cat\\\/recerca-en-salut\\\/blog\\\/2024\\\/10\\\/18\\\/un-centenar-de-professionals-de-lidibaps-es-reuneixen-dos-dies-per-treballar-en-el-nou-pla-estrategic-de-la-institucio\\\/\",\"name\":\"Un centenar de professionals de l'IDIBAPS es reuneixen dos dies per treballar en el nou Pla Estrat\u00e8gic de la instituci\u00f3 - Recerca en salut\",\"isPartOf\":{\"@id\":\"https:\\\/\\\/diarisanitat.cat\\\/recerca-en-salut\\\/#website\"},\"datePublished\":\"2024-10-18T11:30:37+00:00\",\"author\":{\"@id\":\"\"},\"breadcrumb\":{\"@id\":\"https:\\\/\\\/diarisanitat.cat\\\/recerca-en-salut\\\/blog\\\/2024\\\/10\\\/18\\\/un-centenar-de-professionals-de-lidibaps-es-reuneixen-dos-dies-per-treballar-en-el-nou-pla-estrategic-de-la-institucio\\\/#breadcrumb\"},\"inLanguage\":\"es\",\"potentialAction\":[{\"@type\":\"ReadAction\",\"target\":[\"https:\\\/\\\/diarisanitat.cat\\\/recerca-en-salut\\\/blog\\\/2024\\\/10\\\/18\\\/un-centenar-de-professionals-de-lidibaps-es-reuneixen-dos-dies-per-treballar-en-el-nou-pla-estrategic-de-la-institucio\\\/\"]}]},{\"@type\":\"BreadcrumbList\",\"@id\":\"https:\\\/\\\/diarisanitat.cat\\\/recerca-en-salut\\\/blog\\\/2024\\\/10\\\/18\\\/un-centenar-de-professionals-de-lidibaps-es-reuneixen-dos-dies-per-treballar-en-el-nou-pla-estrategic-de-la-institucio\\\/#breadcrumb\",\"itemListElement\":[{\"@type\":\"ListItem\",\"position\":1,\"name\":\"Portada\",\"item\":\"https:\\\/\\\/diarisanitat.cat\\\/recerca-en-salut\\\/\"},{\"@type\":\"ListItem\",\"position\":2,\"name\":\"Un centenar de professionals de l&#8217;IDIBAPS es reuneixen dos dies per treballar en el nou Pla Estrat\u00e8gic de la instituci\u00f3\"}]},{\"@type\":\"WebSite\",\"@id\":\"https:\\\/\\\/diarisanitat.cat\\\/recerca-en-salut\\\/#website\",\"url\":\"https:\\\/\\\/diarisanitat.cat\\\/recerca-en-salut\\\/\",\"name\":\"Recerca en salut\",\"description\":\"\",\"potentialAction\":[{\"@type\":\"SearchAction\",\"target\":{\"@type\":\"EntryPoint\",\"urlTemplate\":\"https:\\\/\\\/diarisanitat.cat\\\/recerca-en-salut\\\/?s={search_term_string}\"},\"query-input\":{\"@type\":\"PropertyValueSpecification\",\"valueRequired\":true,\"valueName\":\"search_term_string\"}}],\"inLanguage\":\"es\"}]}<\/script>\n<!-- \/ Yoast SEO plugin. -->","yoast_head_json":{"title":"Un centenar de professionals de l'IDIBAPS es reuneixen dos dies per treballar en el nou Pla Estrat\u00e8gic de la instituci\u00f3 - Recerca en salut","robots":{"index":"index","follow":"follow","max-snippet":"max-snippet:-1","max-image-preview":"max-image-preview:large","max-video-preview":"max-video-preview:-1"},"canonical":"https:\/\/diarisanitat.cat\/recerca-en-salut\/blog\/2024\/10\/18\/un-centenar-de-professionals-de-lidibaps-es-reuneixen-dos-dies-per-treballar-en-el-nou-pla-estrategic-de-la-institucio\/","og_locale":"es_ES","og_type":"article","og_title":"Un centenar de professionals de l'IDIBAPS es reuneixen dos dies per treballar en el nou Pla Estrat\u00e8gic de la instituci\u00f3 - Recerca en salut","og_description":"El &#8216;retreat&#8217; va servir per reflexionar sobre els reptes i oportunitats que t\u00e9 la instituci\u00f3 i plantejar propostes per al Pla Estrat\u00e8gic 2025-2028.","og_url":"https:\/\/diarisanitat.cat\/recerca-en-salut\/blog\/2024\/10\/18\/un-centenar-de-professionals-de-lidibaps-es-reuneixen-dos-dies-per-treballar-en-el-nou-pla-estrategic-de-la-institucio\/","og_site_name":"Recerca en salut","article_published_time":"2024-10-18T11:30:37+00:00","twitter_card":"summary_large_image","schema":{"@context":"https:\/\/schema.org","@graph":[{"@type":"Article","@id":"https:\/\/diarisanitat.cat\/recerca-en-salut\/blog\/2024\/10\/18\/un-centenar-de-professionals-de-lidibaps-es-reuneixen-dos-dies-per-treballar-en-el-nou-pla-estrategic-de-la-institucio\/#article","isPartOf":{"@id":"https:\/\/diarisanitat.cat\/recerca-en-salut\/blog\/2024\/10\/18\/un-centenar-de-professionals-de-lidibaps-es-reuneixen-dos-dies-per-treballar-en-el-nou-pla-estrategic-de-la-institucio\/"},"author":{"name":"","@id":""},"headline":"Un centenar de professionals de l&#8217;IDIBAPS es reuneixen dos dies per treballar en el nou Pla Estrat\u00e8gic de la instituci\u00f3","datePublished":"2024-10-18T11:30:37+00:00","mainEntityOfPage":{"@id":"https:\/\/diarisanitat.cat\/recerca-en-salut\/blog\/2024\/10\/18\/un-centenar-de-professionals-de-lidibaps-es-reuneixen-dos-dies-per-treballar-en-el-nou-pla-estrategic-de-la-institucio\/"},"wordCount":46,"commentCount":0,"articleSection":["Uncategorized"],"inLanguage":"es","potentialAction":[{"@type":"CommentAction","name":"Comment","target":["https:\/\/diarisanitat.cat\/recerca-en-salut\/blog\/2024\/10\/18\/un-centenar-de-professionals-de-lidibaps-es-reuneixen-dos-dies-per-treballar-en-el-nou-pla-estrategic-de-la-institucio\/#respond"]}]},{"@type":"WebPage","@id":"https:\/\/diarisanitat.cat\/recerca-en-salut\/blog\/2024\/10\/18\/un-centenar-de-professionals-de-lidibaps-es-reuneixen-dos-dies-per-treballar-en-el-nou-pla-estrategic-de-la-institucio\/","url":"https:\/\/diarisanitat.cat\/recerca-en-salut\/blog\/2024\/10\/18\/un-centenar-de-professionals-de-lidibaps-es-reuneixen-dos-dies-per-treballar-en-el-nou-pla-estrategic-de-la-institucio\/","name":"Un centenar de professionals de l'IDIBAPS es reuneixen dos dies per treballar en el nou Pla Estrat\u00e8gic de la instituci\u00f3 - Recerca en salut","isPartOf":{"@id":"https:\/\/diarisanitat.cat\/recerca-en-salut\/#website"},"datePublished":"2024-10-18T11:30:37+00:00","author":{"@id":""},"breadcrumb":{"@id":"https:\/\/diarisanitat.cat\/recerca-en-salut\/blog\/2024\/10\/18\/un-centenar-de-professionals-de-lidibaps-es-reuneixen-dos-dies-per-treballar-en-el-nou-pla-estrategic-de-la-institucio\/#breadcrumb"},"inLanguage":"es","potentialAction":[{"@type":"ReadAction","target":["https:\/\/diarisanitat.cat\/recerca-en-salut\/blog\/2024\/10\/18\/un-centenar-de-professionals-de-lidibaps-es-reuneixen-dos-dies-per-treballar-en-el-nou-pla-estrategic-de-la-institucio\/"]}]},{"@type":"BreadcrumbList","@id":"https:\/\/diarisanitat.cat\/recerca-en-salut\/blog\/2024\/10\/18\/un-centenar-de-professionals-de-lidibaps-es-reuneixen-dos-dies-per-treballar-en-el-nou-pla-estrategic-de-la-institucio\/#breadcrumb","itemListElement":[{"@type":"ListItem","position":1,"name":"Portada","item":"https:\/\/diarisanitat.cat\/recerca-en-salut\/"},{"@type":"ListItem","position":2,"name":"Un centenar de professionals de l&#8217;IDIBAPS es reuneixen dos dies per treballar en el nou Pla Estrat\u00e8gic de la instituci\u00f3"}]},{"@type":"WebSite","@id":"https:\/\/diarisanitat.cat\/recerca-en-salut\/#website","url":"https:\/\/diarisanitat.cat\/recerca-en-salut\/","name":"Recerca en salut","description":"","potentialAction":[{"@type":"SearchAction","target":{"@type":"EntryPoint","urlTemplate":"https:\/\/diarisanitat.cat\/recerca-en-salut\/?s={search_term_string}"},"query-input":{"@type":"PropertyValueSpecification","valueRequired":true,"valueName":"search_term_string"}}],"inLanguage":"es"}]}},"_links":{"self":[{"href":"https:\/\/diarisanitat.cat\/recerca-en-salut\/wp-json\/wp\/v2\/posts\/38374","targetHints":{"allow":["GET"]}}],"collection":[{"href":"https:\/\/diarisanitat.cat\/recerca-en-salut\/wp-json\/wp\/v2\/posts"}],"about":[{"href":"https:\/\/diarisanitat.cat\/recerca-en-salut\/wp-json\/wp\/v2\/types\/post"}],"replies":[{"embeddable":true,"href":"https:\/\/diarisanitat.cat\/recerca-en-salut\/wp-json\/wp\/v2\/comments?post=38374"}],"version-history":[{"count":0,"href":"https:\/\/diarisanitat.cat\/recerca-en-salut\/wp-json\/wp\/v2\/posts\/38374\/revisions"}],"wp:attachment":[{"href":"https:\/\/diarisanitat.cat\/recerca-en-salut\/wp-json\/wp\/v2\/media?parent=38374"}],"wp:term":[{"taxonomy":"category","embeddable":true,"href":"https:\/\/diarisanitat.cat\/recerca-en-salut\/wp-json\/wp\/v2\/categories?post=38374"},{"taxonomy":"post_tag","embeddable":true,"href":"https:\/\/diarisanitat.cat\/recerca-en-salut\/wp-json\/wp\/v2\/tags?post=38374"},{"taxonomy":"tipo","embeddable":true,"href":"https:\/\/diarisanitat.cat\/recerca-en-salut\/wp-json\/wp\/v2\/tipo?post=38374"}],"curies":[{"name":"wp","href":"https:\/\/api.w.org\/{rel}","templated":true}]}}