{"id":38404,"date":"2024-11-12T15:36:48","date_gmt":"2024-11-12T15:36:48","guid":{"rendered":"https:\/\/diarisanitat.cat\/recerca-en-salut\/blog\/2024\/11\/12\/lus-deproves-moleculars-a-partir-de-mostres-de-femta-millora-el-diagnostic-de-la-tuberculosi-en-la-poblacio-infantil\/"},"modified":"2024-11-12T15:36:48","modified_gmt":"2024-11-12T15:36:48","slug":"lus-deproves-moleculars-a-partir-de-mostres-de-femta-millora-el-diagnostic-de-la-tuberculosi-en-la-poblacio-infantil","status":"publish","type":"post","link":"https:\/\/diarisanitat.cat\/recerca-en-salut\/blog\/2024\/11\/12\/lus-deproves-moleculars-a-partir-de-mostres-de-femta-millora-el-diagnostic-de-la-tuberculosi-en-la-poblacio-infantil\/","title":{"rendered":"L&#8217;\u00fas deproves moleculars a partir de mostres de femta millora el diagn\u00f2stic de la tuberculosi en la poblaci\u00f3 infantil"},"content":{"rendered":"<p>Una revisi\u00f3 sistem\u00e0tica i una metan\u00e0lisi demostren que les proves moleculars a partir de mostres de femtes podrien millorar significativament el diagn\u00f2stic i el tractament de la tuberculosi en infants.<\/p>","protected":false},"excerpt":{"rendered":"<p>Una revisi\u00f3 sistem\u00e0tica i una metan\u00e0lisi demostren que les proves moleculars a partir de mostres de femtes podrien millorar significativament el diagn\u00f2stic i el tractament de la tuberculosi en infants.<\/p>\n","protected":false},"author":0,"featured_media":0,"comment_status":"open","ping_status":"open","sticky":false,"template":"","format":"standard","meta":{"_acf_changed":false,"footnotes":""},"categories":[1],"tags":[],"tipo":[],"class_list":{"0":"post-38404","1":"post","2":"type-post","3":"status-publish","4":"format-standard","6":"category-uncategorized"},"acf":[],"yoast_head":"<!-- This site is optimized with the Yoast SEO plugin v27.5 - https:\/\/yoast.com\/product\/yoast-seo-wordpress\/ -->\n<title>L&#039;\u00fas deproves moleculars a partir de mostres de femta millora el diagn\u00f2stic de la tuberculosi en la poblaci\u00f3 infantil - Recerca en salut<\/title>\n<meta name=\"robots\" content=\"index, follow, max-snippet:-1, max-image-preview:large, max-video-preview:-1\" \/>\n<link rel=\"canonical\" href=\"https:\/\/diarisanitat.cat\/recerca-en-salut\/blog\/2024\/11\/12\/lus-deproves-moleculars-a-partir-de-mostres-de-femta-millora-el-diagnostic-de-la-tuberculosi-en-la-poblacio-infantil\/\" \/>\n<meta property=\"og:locale\" content=\"es_ES\" \/>\n<meta property=\"og:type\" content=\"article\" \/>\n<meta property=\"og:title\" content=\"L&#039;\u00fas deproves moleculars a partir de mostres de femta millora el diagn\u00f2stic de la tuberculosi en la poblaci\u00f3 infantil - Recerca en salut\" \/>\n<meta property=\"og:description\" content=\"Una revisi\u00f3 sistem\u00e0tica i una metan\u00e0lisi demostren que les proves moleculars a partir de mostres de femtes podrien millorar significativament el diagn\u00f2stic i el tractament de la tuberculosi en infants.\" \/>\n<meta property=\"og:url\" content=\"https:\/\/diarisanitat.cat\/recerca-en-salut\/blog\/2024\/11\/12\/lus-deproves-moleculars-a-partir-de-mostres-de-femta-millora-el-diagnostic-de-la-tuberculosi-en-la-poblacio-infantil\/\" \/>\n<meta property=\"og:site_name\" content=\"Recerca en salut\" \/>\n<meta property=\"article:published_time\" content=\"2024-11-12T15:36:48+00:00\" \/>\n<meta name=\"twitter:card\" content=\"summary_large_image\" \/>\n<script type=\"application\/ld+json\" class=\"yoast-schema-graph\">{\"@context\":\"https:\\\/\\\/schema.org\",\"@graph\":[{\"@type\":\"Article\",\"@id\":\"https:\\\/\\\/diarisanitat.cat\\\/recerca-en-salut\\\/blog\\\/2024\\\/11\\\/12\\\/lus-deproves-moleculars-a-partir-de-mostres-de-femta-millora-el-diagnostic-de-la-tuberculosi-en-la-poblacio-infantil\\\/#article\",\"isPartOf\":{\"@id\":\"https:\\\/\\\/diarisanitat.cat\\\/recerca-en-salut\\\/blog\\\/2024\\\/11\\\/12\\\/lus-deproves-moleculars-a-partir-de-mostres-de-femta-millora-el-diagnostic-de-la-tuberculosi-en-la-poblacio-infantil\\\/\"},\"author\":{\"name\":\"\",\"@id\":\"\"},\"headline\":\"L&#8217;\u00fas deproves moleculars a partir de mostres de femta millora el diagn\u00f2stic de la tuberculosi en la poblaci\u00f3 infantil\",\"datePublished\":\"2024-11-12T15:36:48+00:00\",\"mainEntityOfPage\":{\"@id\":\"https:\\\/\\\/diarisanitat.cat\\\/recerca-en-salut\\\/blog\\\/2024\\\/11\\\/12\\\/lus-deproves-moleculars-a-partir-de-mostres-de-femta-millora-el-diagnostic-de-la-tuberculosi-en-la-poblacio-infantil\\\/\"},\"wordCount\":54,\"commentCount\":0,\"articleSection\":[\"Uncategorized\"],\"inLanguage\":\"es\",\"potentialAction\":[{\"@type\":\"CommentAction\",\"name\":\"Comment\",\"target\":[\"https:\\\/\\\/diarisanitat.cat\\\/recerca-en-salut\\\/blog\\\/2024\\\/11\\\/12\\\/lus-deproves-moleculars-a-partir-de-mostres-de-femta-millora-el-diagnostic-de-la-tuberculosi-en-la-poblacio-infantil\\\/#respond\"]}]},{\"@type\":\"WebPage\",\"@id\":\"https:\\\/\\\/diarisanitat.cat\\\/recerca-en-salut\\\/blog\\\/2024\\\/11\\\/12\\\/lus-deproves-moleculars-a-partir-de-mostres-de-femta-millora-el-diagnostic-de-la-tuberculosi-en-la-poblacio-infantil\\\/\",\"url\":\"https:\\\/\\\/diarisanitat.cat\\\/recerca-en-salut\\\/blog\\\/2024\\\/11\\\/12\\\/lus-deproves-moleculars-a-partir-de-mostres-de-femta-millora-el-diagnostic-de-la-tuberculosi-en-la-poblacio-infantil\\\/\",\"name\":\"L'\u00fas deproves moleculars a partir de mostres de femta millora el diagn\u00f2stic de la tuberculosi en la poblaci\u00f3 infantil - Recerca en salut\",\"isPartOf\":{\"@id\":\"https:\\\/\\\/diarisanitat.cat\\\/recerca-en-salut\\\/#website\"},\"datePublished\":\"2024-11-12T15:36:48+00:00\",\"author\":{\"@id\":\"\"},\"breadcrumb\":{\"@id\":\"https:\\\/\\\/diarisanitat.cat\\\/recerca-en-salut\\\/blog\\\/2024\\\/11\\\/12\\\/lus-deproves-moleculars-a-partir-de-mostres-de-femta-millora-el-diagnostic-de-la-tuberculosi-en-la-poblacio-infantil\\\/#breadcrumb\"},\"inLanguage\":\"es\",\"potentialAction\":[{\"@type\":\"ReadAction\",\"target\":[\"https:\\\/\\\/diarisanitat.cat\\\/recerca-en-salut\\\/blog\\\/2024\\\/11\\\/12\\\/lus-deproves-moleculars-a-partir-de-mostres-de-femta-millora-el-diagnostic-de-la-tuberculosi-en-la-poblacio-infantil\\\/\"]}]},{\"@type\":\"BreadcrumbList\",\"@id\":\"https:\\\/\\\/diarisanitat.cat\\\/recerca-en-salut\\\/blog\\\/2024\\\/11\\\/12\\\/lus-deproves-moleculars-a-partir-de-mostres-de-femta-millora-el-diagnostic-de-la-tuberculosi-en-la-poblacio-infantil\\\/#breadcrumb\",\"itemListElement\":[{\"@type\":\"ListItem\",\"position\":1,\"name\":\"Portada\",\"item\":\"https:\\\/\\\/diarisanitat.cat\\\/recerca-en-salut\\\/\"},{\"@type\":\"ListItem\",\"position\":2,\"name\":\"L&#8217;\u00fas deproves moleculars a partir de mostres de femta millora el diagn\u00f2stic de la tuberculosi en la poblaci\u00f3 infantil\"}]},{\"@type\":\"WebSite\",\"@id\":\"https:\\\/\\\/diarisanitat.cat\\\/recerca-en-salut\\\/#website\",\"url\":\"https:\\\/\\\/diarisanitat.cat\\\/recerca-en-salut\\\/\",\"name\":\"Recerca en salut\",\"description\":\"\",\"potentialAction\":[{\"@type\":\"SearchAction\",\"target\":{\"@type\":\"EntryPoint\",\"urlTemplate\":\"https:\\\/\\\/diarisanitat.cat\\\/recerca-en-salut\\\/?s={search_term_string}\"},\"query-input\":{\"@type\":\"PropertyValueSpecification\",\"valueRequired\":true,\"valueName\":\"search_term_string\"}}],\"inLanguage\":\"es\"}]}<\/script>\n<!-- \/ Yoast SEO plugin. -->","yoast_head_json":{"title":"L'\u00fas deproves moleculars a partir de mostres de femta millora el diagn\u00f2stic de la tuberculosi en la poblaci\u00f3 infantil - Recerca en salut","robots":{"index":"index","follow":"follow","max-snippet":"max-snippet:-1","max-image-preview":"max-image-preview:large","max-video-preview":"max-video-preview:-1"},"canonical":"https:\/\/diarisanitat.cat\/recerca-en-salut\/blog\/2024\/11\/12\/lus-deproves-moleculars-a-partir-de-mostres-de-femta-millora-el-diagnostic-de-la-tuberculosi-en-la-poblacio-infantil\/","og_locale":"es_ES","og_type":"article","og_title":"L'\u00fas deproves moleculars a partir de mostres de femta millora el diagn\u00f2stic de la tuberculosi en la poblaci\u00f3 infantil - Recerca en salut","og_description":"Una revisi\u00f3 sistem\u00e0tica i una metan\u00e0lisi demostren que les proves moleculars a partir de mostres de femtes podrien millorar significativament el diagn\u00f2stic i el tractament de la tuberculosi en infants.","og_url":"https:\/\/diarisanitat.cat\/recerca-en-salut\/blog\/2024\/11\/12\/lus-deproves-moleculars-a-partir-de-mostres-de-femta-millora-el-diagnostic-de-la-tuberculosi-en-la-poblacio-infantil\/","og_site_name":"Recerca en salut","article_published_time":"2024-11-12T15:36:48+00:00","twitter_card":"summary_large_image","schema":{"@context":"https:\/\/schema.org","@graph":[{"@type":"Article","@id":"https:\/\/diarisanitat.cat\/recerca-en-salut\/blog\/2024\/11\/12\/lus-deproves-moleculars-a-partir-de-mostres-de-femta-millora-el-diagnostic-de-la-tuberculosi-en-la-poblacio-infantil\/#article","isPartOf":{"@id":"https:\/\/diarisanitat.cat\/recerca-en-salut\/blog\/2024\/11\/12\/lus-deproves-moleculars-a-partir-de-mostres-de-femta-millora-el-diagnostic-de-la-tuberculosi-en-la-poblacio-infantil\/"},"author":{"name":"","@id":""},"headline":"L&#8217;\u00fas deproves moleculars a partir de mostres de femta millora el diagn\u00f2stic de la tuberculosi en la poblaci\u00f3 infantil","datePublished":"2024-11-12T15:36:48+00:00","mainEntityOfPage":{"@id":"https:\/\/diarisanitat.cat\/recerca-en-salut\/blog\/2024\/11\/12\/lus-deproves-moleculars-a-partir-de-mostres-de-femta-millora-el-diagnostic-de-la-tuberculosi-en-la-poblacio-infantil\/"},"wordCount":54,"commentCount":0,"articleSection":["Uncategorized"],"inLanguage":"es","potentialAction":[{"@type":"CommentAction","name":"Comment","target":["https:\/\/diarisanitat.cat\/recerca-en-salut\/blog\/2024\/11\/12\/lus-deproves-moleculars-a-partir-de-mostres-de-femta-millora-el-diagnostic-de-la-tuberculosi-en-la-poblacio-infantil\/#respond"]}]},{"@type":"WebPage","@id":"https:\/\/diarisanitat.cat\/recerca-en-salut\/blog\/2024\/11\/12\/lus-deproves-moleculars-a-partir-de-mostres-de-femta-millora-el-diagnostic-de-la-tuberculosi-en-la-poblacio-infantil\/","url":"https:\/\/diarisanitat.cat\/recerca-en-salut\/blog\/2024\/11\/12\/lus-deproves-moleculars-a-partir-de-mostres-de-femta-millora-el-diagnostic-de-la-tuberculosi-en-la-poblacio-infantil\/","name":"L'\u00fas deproves moleculars a partir de mostres de femta millora el diagn\u00f2stic de la tuberculosi en la poblaci\u00f3 infantil - Recerca en salut","isPartOf":{"@id":"https:\/\/diarisanitat.cat\/recerca-en-salut\/#website"},"datePublished":"2024-11-12T15:36:48+00:00","author":{"@id":""},"breadcrumb":{"@id":"https:\/\/diarisanitat.cat\/recerca-en-salut\/blog\/2024\/11\/12\/lus-deproves-moleculars-a-partir-de-mostres-de-femta-millora-el-diagnostic-de-la-tuberculosi-en-la-poblacio-infantil\/#breadcrumb"},"inLanguage":"es","potentialAction":[{"@type":"ReadAction","target":["https:\/\/diarisanitat.cat\/recerca-en-salut\/blog\/2024\/11\/12\/lus-deproves-moleculars-a-partir-de-mostres-de-femta-millora-el-diagnostic-de-la-tuberculosi-en-la-poblacio-infantil\/"]}]},{"@type":"BreadcrumbList","@id":"https:\/\/diarisanitat.cat\/recerca-en-salut\/blog\/2024\/11\/12\/lus-deproves-moleculars-a-partir-de-mostres-de-femta-millora-el-diagnostic-de-la-tuberculosi-en-la-poblacio-infantil\/#breadcrumb","itemListElement":[{"@type":"ListItem","position":1,"name":"Portada","item":"https:\/\/diarisanitat.cat\/recerca-en-salut\/"},{"@type":"ListItem","position":2,"name":"L&#8217;\u00fas deproves moleculars a partir de mostres de femta millora el diagn\u00f2stic de la tuberculosi en la poblaci\u00f3 infantil"}]},{"@type":"WebSite","@id":"https:\/\/diarisanitat.cat\/recerca-en-salut\/#website","url":"https:\/\/diarisanitat.cat\/recerca-en-salut\/","name":"Recerca en salut","description":"","potentialAction":[{"@type":"SearchAction","target":{"@type":"EntryPoint","urlTemplate":"https:\/\/diarisanitat.cat\/recerca-en-salut\/?s={search_term_string}"},"query-input":{"@type":"PropertyValueSpecification","valueRequired":true,"valueName":"search_term_string"}}],"inLanguage":"es"}]}},"_links":{"self":[{"href":"https:\/\/diarisanitat.cat\/recerca-en-salut\/wp-json\/wp\/v2\/posts\/38404","targetHints":{"allow":["GET"]}}],"collection":[{"href":"https:\/\/diarisanitat.cat\/recerca-en-salut\/wp-json\/wp\/v2\/posts"}],"about":[{"href":"https:\/\/diarisanitat.cat\/recerca-en-salut\/wp-json\/wp\/v2\/types\/post"}],"replies":[{"embeddable":true,"href":"https:\/\/diarisanitat.cat\/recerca-en-salut\/wp-json\/wp\/v2\/comments?post=38404"}],"version-history":[{"count":0,"href":"https:\/\/diarisanitat.cat\/recerca-en-salut\/wp-json\/wp\/v2\/posts\/38404\/revisions"}],"wp:attachment":[{"href":"https:\/\/diarisanitat.cat\/recerca-en-salut\/wp-json\/wp\/v2\/media?parent=38404"}],"wp:term":[{"taxonomy":"category","embeddable":true,"href":"https:\/\/diarisanitat.cat\/recerca-en-salut\/wp-json\/wp\/v2\/categories?post=38404"},{"taxonomy":"post_tag","embeddable":true,"href":"https:\/\/diarisanitat.cat\/recerca-en-salut\/wp-json\/wp\/v2\/tags?post=38404"},{"taxonomy":"tipo","embeddable":true,"href":"https:\/\/diarisanitat.cat\/recerca-en-salut\/wp-json\/wp\/v2\/tipo?post=38404"}],"curies":[{"name":"wp","href":"https:\/\/api.w.org\/{rel}","templated":true}]}}