{"id":38426,"date":"2024-11-27T11:34:34","date_gmt":"2024-11-27T11:34:34","guid":{"rendered":"https:\/\/diarisanitat.cat\/recerca-en-salut\/blog\/2024\/11\/27\/avaluen-lus-de-la-intel%c2%b7ligencia-artificial-en-el-diagnostic-de-la-sindrome-de-lynch\/"},"modified":"2024-11-27T11:34:34","modified_gmt":"2024-11-27T11:34:34","slug":"avaluen-lus-de-la-intel%c2%b7ligencia-artificial-en-el-diagnostic-de-la-sindrome-de-lynch","status":"publish","type":"post","link":"https:\/\/diarisanitat.cat\/recerca-en-salut\/blog\/2024\/11\/27\/avaluen-lus-de-la-intel%c2%b7ligencia-artificial-en-el-diagnostic-de-la-sindrome-de-lynch\/","title":{"rendered":"Avaluen l\u2019\u00fas de la intel\u00b7lig\u00e8ncia artificial en el diagn\u00f2stic de la s\u00edndrome de Lynch"},"content":{"rendered":"<p>Investigadors del Cl\u00ednic-IDIBAPS han coordinat un estudi que ha comparat l\u2019efic\u00e0cia de la colonosc\u00f2pia assistida per intel\u00b7lig\u00e8ncia artificial amb la colonosc\u00f2pia d\u2019alta definici\u00f3 amb llum blanca per detectar adenomes en pacients amb s\u00edndrome de Lynch.<\/p>","protected":false},"excerpt":{"rendered":"<p>Investigadors del Cl\u00ednic-IDIBAPS han coordinat un estudi que ha comparat l\u2019efic\u00e0cia de la colonosc\u00f2pia assistida per intel\u00b7lig\u00e8ncia artificial amb la colonosc\u00f2pia d\u2019alta definici\u00f3 amb llum blanca per detectar adenomes en pacients amb s\u00edndrome de Lynch.<\/p>\n","protected":false},"author":0,"featured_media":0,"comment_status":"open","ping_status":"open","sticky":false,"template":"","format":"standard","meta":{"_acf_changed":false,"footnotes":""},"categories":[1],"tags":[],"tipo":[],"class_list":{"0":"post-38426","1":"post","2":"type-post","3":"status-publish","4":"format-standard","6":"category-uncategorized"},"acf":[],"yoast_head":"<!-- This site is optimized with the Yoast SEO plugin v27.5 - https:\/\/yoast.com\/product\/yoast-seo-wordpress\/ -->\n<title>Avaluen l\u2019\u00fas de la intel\u00b7lig\u00e8ncia artificial en el diagn\u00f2stic de la s\u00edndrome de Lynch - Recerca en salut<\/title>\n<meta name=\"robots\" content=\"index, follow, max-snippet:-1, max-image-preview:large, max-video-preview:-1\" \/>\n<link rel=\"canonical\" href=\"https:\/\/diarisanitat.cat\/recerca-en-salut\/blog\/2024\/11\/27\/avaluen-lus-de-la-intel\u00b7ligencia-artificial-en-el-diagnostic-de-la-sindrome-de-lynch\/\" \/>\n<meta property=\"og:locale\" content=\"es_ES\" \/>\n<meta property=\"og:type\" content=\"article\" \/>\n<meta property=\"og:title\" content=\"Avaluen l\u2019\u00fas de la intel\u00b7lig\u00e8ncia artificial en el diagn\u00f2stic de la s\u00edndrome de Lynch - Recerca en salut\" \/>\n<meta property=\"og:description\" content=\"Investigadors del Cl\u00ednic-IDIBAPS han coordinat un estudi que ha comparat l\u2019efic\u00e0cia de la colonosc\u00f2pia assistida per intel\u00b7lig\u00e8ncia artificial amb la colonosc\u00f2pia d\u2019alta definici\u00f3 amb llum blanca per detectar adenomes en pacients amb s\u00edndrome de Lynch.\" \/>\n<meta property=\"og:url\" content=\"https:\/\/diarisanitat.cat\/recerca-en-salut\/blog\/2024\/11\/27\/avaluen-lus-de-la-intel\u00b7ligencia-artificial-en-el-diagnostic-de-la-sindrome-de-lynch\/\" \/>\n<meta property=\"og:site_name\" content=\"Recerca en salut\" \/>\n<meta property=\"article:published_time\" content=\"2024-11-27T11:34:34+00:00\" \/>\n<meta name=\"twitter:card\" content=\"summary_large_image\" \/>\n<script type=\"application\/ld+json\" class=\"yoast-schema-graph\">{\"@context\":\"https:\\\/\\\/schema.org\",\"@graph\":[{\"@type\":\"Article\",\"@id\":\"https:\\\/\\\/diarisanitat.cat\\\/recerca-en-salut\\\/blog\\\/2024\\\/11\\\/27\\\/avaluen-lus-de-la-intel%c2%b7ligencia-artificial-en-el-diagnostic-de-la-sindrome-de-lynch\\\/#article\",\"isPartOf\":{\"@id\":\"https:\\\/\\\/diarisanitat.cat\\\/recerca-en-salut\\\/blog\\\/2024\\\/11\\\/27\\\/avaluen-lus-de-la-intel%c2%b7ligencia-artificial-en-el-diagnostic-de-la-sindrome-de-lynch\\\/\"},\"author\":{\"name\":\"\",\"@id\":\"\"},\"headline\":\"Avaluen l\u2019\u00fas de la intel\u00b7lig\u00e8ncia artificial en el diagn\u00f2stic de la s\u00edndrome de Lynch\",\"datePublished\":\"2024-11-27T11:34:34+00:00\",\"mainEntityOfPage\":{\"@id\":\"https:\\\/\\\/diarisanitat.cat\\\/recerca-en-salut\\\/blog\\\/2024\\\/11\\\/27\\\/avaluen-lus-de-la-intel%c2%b7ligencia-artificial-en-el-diagnostic-de-la-sindrome-de-lynch\\\/\"},\"wordCount\":63,\"commentCount\":0,\"articleSection\":[\"Uncategorized\"],\"inLanguage\":\"es\",\"potentialAction\":[{\"@type\":\"CommentAction\",\"name\":\"Comment\",\"target\":[\"https:\\\/\\\/diarisanitat.cat\\\/recerca-en-salut\\\/blog\\\/2024\\\/11\\\/27\\\/avaluen-lus-de-la-intel%c2%b7ligencia-artificial-en-el-diagnostic-de-la-sindrome-de-lynch\\\/#respond\"]}]},{\"@type\":\"WebPage\",\"@id\":\"https:\\\/\\\/diarisanitat.cat\\\/recerca-en-salut\\\/blog\\\/2024\\\/11\\\/27\\\/avaluen-lus-de-la-intel%c2%b7ligencia-artificial-en-el-diagnostic-de-la-sindrome-de-lynch\\\/\",\"url\":\"https:\\\/\\\/diarisanitat.cat\\\/recerca-en-salut\\\/blog\\\/2024\\\/11\\\/27\\\/avaluen-lus-de-la-intel%c2%b7ligencia-artificial-en-el-diagnostic-de-la-sindrome-de-lynch\\\/\",\"name\":\"Avaluen l\u2019\u00fas de la intel\u00b7lig\u00e8ncia artificial en el diagn\u00f2stic de la s\u00edndrome de Lynch - Recerca en salut\",\"isPartOf\":{\"@id\":\"https:\\\/\\\/diarisanitat.cat\\\/recerca-en-salut\\\/#website\"},\"datePublished\":\"2024-11-27T11:34:34+00:00\",\"author\":{\"@id\":\"\"},\"breadcrumb\":{\"@id\":\"https:\\\/\\\/diarisanitat.cat\\\/recerca-en-salut\\\/blog\\\/2024\\\/11\\\/27\\\/avaluen-lus-de-la-intel%c2%b7ligencia-artificial-en-el-diagnostic-de-la-sindrome-de-lynch\\\/#breadcrumb\"},\"inLanguage\":\"es\",\"potentialAction\":[{\"@type\":\"ReadAction\",\"target\":[\"https:\\\/\\\/diarisanitat.cat\\\/recerca-en-salut\\\/blog\\\/2024\\\/11\\\/27\\\/avaluen-lus-de-la-intel%c2%b7ligencia-artificial-en-el-diagnostic-de-la-sindrome-de-lynch\\\/\"]}]},{\"@type\":\"BreadcrumbList\",\"@id\":\"https:\\\/\\\/diarisanitat.cat\\\/recerca-en-salut\\\/blog\\\/2024\\\/11\\\/27\\\/avaluen-lus-de-la-intel%c2%b7ligencia-artificial-en-el-diagnostic-de-la-sindrome-de-lynch\\\/#breadcrumb\",\"itemListElement\":[{\"@type\":\"ListItem\",\"position\":1,\"name\":\"Portada\",\"item\":\"https:\\\/\\\/diarisanitat.cat\\\/recerca-en-salut\\\/\"},{\"@type\":\"ListItem\",\"position\":2,\"name\":\"Avaluen l\u2019\u00fas de la intel\u00b7lig\u00e8ncia artificial en el diagn\u00f2stic de la s\u00edndrome de Lynch\"}]},{\"@type\":\"WebSite\",\"@id\":\"https:\\\/\\\/diarisanitat.cat\\\/recerca-en-salut\\\/#website\",\"url\":\"https:\\\/\\\/diarisanitat.cat\\\/recerca-en-salut\\\/\",\"name\":\"Recerca en salut\",\"description\":\"\",\"potentialAction\":[{\"@type\":\"SearchAction\",\"target\":{\"@type\":\"EntryPoint\",\"urlTemplate\":\"https:\\\/\\\/diarisanitat.cat\\\/recerca-en-salut\\\/?s={search_term_string}\"},\"query-input\":{\"@type\":\"PropertyValueSpecification\",\"valueRequired\":true,\"valueName\":\"search_term_string\"}}],\"inLanguage\":\"es\"}]}<\/script>\n<!-- \/ Yoast SEO plugin. -->","yoast_head_json":{"title":"Avaluen l\u2019\u00fas de la intel\u00b7lig\u00e8ncia artificial en el diagn\u00f2stic de la s\u00edndrome de Lynch - Recerca en salut","robots":{"index":"index","follow":"follow","max-snippet":"max-snippet:-1","max-image-preview":"max-image-preview:large","max-video-preview":"max-video-preview:-1"},"canonical":"https:\/\/diarisanitat.cat\/recerca-en-salut\/blog\/2024\/11\/27\/avaluen-lus-de-la-intel\u00b7ligencia-artificial-en-el-diagnostic-de-la-sindrome-de-lynch\/","og_locale":"es_ES","og_type":"article","og_title":"Avaluen l\u2019\u00fas de la intel\u00b7lig\u00e8ncia artificial en el diagn\u00f2stic de la s\u00edndrome de Lynch - Recerca en salut","og_description":"Investigadors del Cl\u00ednic-IDIBAPS han coordinat un estudi que ha comparat l\u2019efic\u00e0cia de la colonosc\u00f2pia assistida per intel\u00b7lig\u00e8ncia artificial amb la colonosc\u00f2pia d\u2019alta definici\u00f3 amb llum blanca per detectar adenomes en pacients amb s\u00edndrome de Lynch.","og_url":"https:\/\/diarisanitat.cat\/recerca-en-salut\/blog\/2024\/11\/27\/avaluen-lus-de-la-intel\u00b7ligencia-artificial-en-el-diagnostic-de-la-sindrome-de-lynch\/","og_site_name":"Recerca en salut","article_published_time":"2024-11-27T11:34:34+00:00","twitter_card":"summary_large_image","schema":{"@context":"https:\/\/schema.org","@graph":[{"@type":"Article","@id":"https:\/\/diarisanitat.cat\/recerca-en-salut\/blog\/2024\/11\/27\/avaluen-lus-de-la-intel%c2%b7ligencia-artificial-en-el-diagnostic-de-la-sindrome-de-lynch\/#article","isPartOf":{"@id":"https:\/\/diarisanitat.cat\/recerca-en-salut\/blog\/2024\/11\/27\/avaluen-lus-de-la-intel%c2%b7ligencia-artificial-en-el-diagnostic-de-la-sindrome-de-lynch\/"},"author":{"name":"","@id":""},"headline":"Avaluen l\u2019\u00fas de la intel\u00b7lig\u00e8ncia artificial en el diagn\u00f2stic de la s\u00edndrome de Lynch","datePublished":"2024-11-27T11:34:34+00:00","mainEntityOfPage":{"@id":"https:\/\/diarisanitat.cat\/recerca-en-salut\/blog\/2024\/11\/27\/avaluen-lus-de-la-intel%c2%b7ligencia-artificial-en-el-diagnostic-de-la-sindrome-de-lynch\/"},"wordCount":63,"commentCount":0,"articleSection":["Uncategorized"],"inLanguage":"es","potentialAction":[{"@type":"CommentAction","name":"Comment","target":["https:\/\/diarisanitat.cat\/recerca-en-salut\/blog\/2024\/11\/27\/avaluen-lus-de-la-intel%c2%b7ligencia-artificial-en-el-diagnostic-de-la-sindrome-de-lynch\/#respond"]}]},{"@type":"WebPage","@id":"https:\/\/diarisanitat.cat\/recerca-en-salut\/blog\/2024\/11\/27\/avaluen-lus-de-la-intel%c2%b7ligencia-artificial-en-el-diagnostic-de-la-sindrome-de-lynch\/","url":"https:\/\/diarisanitat.cat\/recerca-en-salut\/blog\/2024\/11\/27\/avaluen-lus-de-la-intel%c2%b7ligencia-artificial-en-el-diagnostic-de-la-sindrome-de-lynch\/","name":"Avaluen l\u2019\u00fas de la intel\u00b7lig\u00e8ncia artificial en el diagn\u00f2stic de la s\u00edndrome de Lynch - Recerca en salut","isPartOf":{"@id":"https:\/\/diarisanitat.cat\/recerca-en-salut\/#website"},"datePublished":"2024-11-27T11:34:34+00:00","author":{"@id":""},"breadcrumb":{"@id":"https:\/\/diarisanitat.cat\/recerca-en-salut\/blog\/2024\/11\/27\/avaluen-lus-de-la-intel%c2%b7ligencia-artificial-en-el-diagnostic-de-la-sindrome-de-lynch\/#breadcrumb"},"inLanguage":"es","potentialAction":[{"@type":"ReadAction","target":["https:\/\/diarisanitat.cat\/recerca-en-salut\/blog\/2024\/11\/27\/avaluen-lus-de-la-intel%c2%b7ligencia-artificial-en-el-diagnostic-de-la-sindrome-de-lynch\/"]}]},{"@type":"BreadcrumbList","@id":"https:\/\/diarisanitat.cat\/recerca-en-salut\/blog\/2024\/11\/27\/avaluen-lus-de-la-intel%c2%b7ligencia-artificial-en-el-diagnostic-de-la-sindrome-de-lynch\/#breadcrumb","itemListElement":[{"@type":"ListItem","position":1,"name":"Portada","item":"https:\/\/diarisanitat.cat\/recerca-en-salut\/"},{"@type":"ListItem","position":2,"name":"Avaluen l\u2019\u00fas de la intel\u00b7lig\u00e8ncia artificial en el diagn\u00f2stic de la s\u00edndrome de Lynch"}]},{"@type":"WebSite","@id":"https:\/\/diarisanitat.cat\/recerca-en-salut\/#website","url":"https:\/\/diarisanitat.cat\/recerca-en-salut\/","name":"Recerca en salut","description":"","potentialAction":[{"@type":"SearchAction","target":{"@type":"EntryPoint","urlTemplate":"https:\/\/diarisanitat.cat\/recerca-en-salut\/?s={search_term_string}"},"query-input":{"@type":"PropertyValueSpecification","valueRequired":true,"valueName":"search_term_string"}}],"inLanguage":"es"}]}},"_links":{"self":[{"href":"https:\/\/diarisanitat.cat\/recerca-en-salut\/wp-json\/wp\/v2\/posts\/38426","targetHints":{"allow":["GET"]}}],"collection":[{"href":"https:\/\/diarisanitat.cat\/recerca-en-salut\/wp-json\/wp\/v2\/posts"}],"about":[{"href":"https:\/\/diarisanitat.cat\/recerca-en-salut\/wp-json\/wp\/v2\/types\/post"}],"replies":[{"embeddable":true,"href":"https:\/\/diarisanitat.cat\/recerca-en-salut\/wp-json\/wp\/v2\/comments?post=38426"}],"version-history":[{"count":0,"href":"https:\/\/diarisanitat.cat\/recerca-en-salut\/wp-json\/wp\/v2\/posts\/38426\/revisions"}],"wp:attachment":[{"href":"https:\/\/diarisanitat.cat\/recerca-en-salut\/wp-json\/wp\/v2\/media?parent=38426"}],"wp:term":[{"taxonomy":"category","embeddable":true,"href":"https:\/\/diarisanitat.cat\/recerca-en-salut\/wp-json\/wp\/v2\/categories?post=38426"},{"taxonomy":"post_tag","embeddable":true,"href":"https:\/\/diarisanitat.cat\/recerca-en-salut\/wp-json\/wp\/v2\/tags?post=38426"},{"taxonomy":"tipo","embeddable":true,"href":"https:\/\/diarisanitat.cat\/recerca-en-salut\/wp-json\/wp\/v2\/tipo?post=38426"}],"curies":[{"name":"wp","href":"https:\/\/api.w.org\/{rel}","templated":true}]}}