{"id":38636,"date":"2025-05-09T08:31:21","date_gmt":"2025-05-09T08:31:21","guid":{"rendered":"https:\/\/diarisanitat.cat\/recerca-en-salut\/blog\/2025\/05\/09\/un-estudi-pioner-revela-la-seguretat-de-farmacs-anestesics-en-pacients-amb-sindrome-de-brugada\/"},"modified":"2025-05-09T08:31:21","modified_gmt":"2025-05-09T08:31:21","slug":"un-estudi-pioner-revela-la-seguretat-de-farmacs-anestesics-en-pacients-amb-sindrome-de-brugada","status":"publish","type":"post","link":"https:\/\/diarisanitat.cat\/recerca-en-salut\/blog\/2025\/05\/09\/un-estudi-pioner-revela-la-seguretat-de-farmacs-anestesics-en-pacients-amb-sindrome-de-brugada\/","title":{"rendered":"Un estudi pioner revela la seguretat de f\u00e0rmacs anest\u00e8sics en pacients amb s\u00edndrome de Brugada"},"content":{"rendered":"<p>Una an\u00e0lisi retrospectiva duta a terme al Cl\u00ednic-IDIBAPS apunta que molts dels f\u00e0rmacs anest\u00e8sics considerats de risc podrien ser segurs en pacients amb s\u00edndrome de Brugada si s\u2019utilitzen amb precauci\u00f3 i en les dosis habituals. Els resultats de l\u2019estudi, publicats a la revista European Journal of Anaesthesiology, aporten noves evid\u00e8ncies per afrontar amb m\u00e9s seguretat l\u2019abordatge anest\u00e8sic en aquests pacients, en la cohort m\u00e9s gran publicada fins al moment en pacients amb aquesta patologia.<\/p>","protected":false},"excerpt":{"rendered":"<p>Una an\u00e0lisi retrospectiva duta a terme al Cl\u00ednic-IDIBAPS apunta que molts dels f\u00e0rmacs anest\u00e8sics considerats de risc podrien ser segurs en pacients amb s\u00edndrome de Brugada si s\u2019utilitzen amb precauci\u00f3 i en les dosis habituals. Els resultats de l\u2019estudi, publicats a la revista European Journal of Anaesthesiology, aporten noves evid\u00e8ncies per afrontar amb m\u00e9s seguretat<\/p>\n","protected":false},"author":1,"featured_media":0,"comment_status":"open","ping_status":"open","sticky":false,"template":"","format":"standard","meta":{"_acf_changed":false,"footnotes":""},"categories":[1],"tags":[],"tipo":[],"class_list":{"0":"post-38636","1":"post","2":"type-post","3":"status-publish","4":"format-standard","6":"category-uncategorized"},"acf":[],"yoast_head":"<!-- This site is optimized with the Yoast SEO plugin v27.5 - https:\/\/yoast.com\/product\/yoast-seo-wordpress\/ -->\n<title>Un estudi pioner revela la seguretat de f\u00e0rmacs anest\u00e8sics en pacients amb s\u00edndrome de Brugada - Recerca en salut<\/title>\n<meta name=\"robots\" content=\"index, follow, max-snippet:-1, max-image-preview:large, max-video-preview:-1\" \/>\n<link rel=\"canonical\" href=\"https:\/\/diarisanitat.cat\/recerca-en-salut\/blog\/2025\/05\/09\/un-estudi-pioner-revela-la-seguretat-de-farmacs-anestesics-en-pacients-amb-sindrome-de-brugada\/\" \/>\n<meta property=\"og:locale\" content=\"es_ES\" \/>\n<meta property=\"og:type\" content=\"article\" \/>\n<meta property=\"og:title\" content=\"Un estudi pioner revela la seguretat de f\u00e0rmacs anest\u00e8sics en pacients amb s\u00edndrome de Brugada - Recerca en salut\" \/>\n<meta property=\"og:description\" content=\"Una an\u00e0lisi retrospectiva duta a terme al Cl\u00ednic-IDIBAPS apunta que molts dels f\u00e0rmacs anest\u00e8sics considerats de risc podrien ser segurs en pacients amb s\u00edndrome de Brugada si s\u2019utilitzen amb precauci\u00f3 i en les dosis habituals. Els resultats de l\u2019estudi, publicats a la revista European Journal of Anaesthesiology, aporten noves evid\u00e8ncies per afrontar amb m\u00e9s seguretat\" \/>\n<meta property=\"og:url\" content=\"https:\/\/diarisanitat.cat\/recerca-en-salut\/blog\/2025\/05\/09\/un-estudi-pioner-revela-la-seguretat-de-farmacs-anestesics-en-pacients-amb-sindrome-de-brugada\/\" \/>\n<meta property=\"og:site_name\" content=\"Recerca en salut\" \/>\n<meta property=\"article:published_time\" content=\"2025-05-09T08:31:21+00:00\" \/>\n<meta name=\"author\" content=\"Redacci\u00f3\" \/>\n<meta name=\"twitter:card\" content=\"summary_large_image\" \/>\n<meta name=\"twitter:label1\" content=\"Escrito por\" \/>\n\t<meta name=\"twitter:data1\" content=\"Redacci\u00f3\" \/>\n<script type=\"application\/ld+json\" class=\"yoast-schema-graph\">{\"@context\":\"https:\\\/\\\/schema.org\",\"@graph\":[{\"@type\":\"Article\",\"@id\":\"https:\\\/\\\/diarisanitat.cat\\\/recerca-en-salut\\\/blog\\\/2025\\\/05\\\/09\\\/un-estudi-pioner-revela-la-seguretat-de-farmacs-anestesics-en-pacients-amb-sindrome-de-brugada\\\/#article\",\"isPartOf\":{\"@id\":\"https:\\\/\\\/diarisanitat.cat\\\/recerca-en-salut\\\/blog\\\/2025\\\/05\\\/09\\\/un-estudi-pioner-revela-la-seguretat-de-farmacs-anestesics-en-pacients-amb-sindrome-de-brugada\\\/\"},\"author\":{\"name\":\"Redacci\u00f3\",\"@id\":\"https:\\\/\\\/diarisanitat.cat\\\/recerca-en-salut\\\/#\\\/schema\\\/person\\\/9de78768f9e1608c4e3acede8e5f91c4\"},\"headline\":\"Un estudi pioner revela la seguretat de f\u00e0rmacs anest\u00e8sics en pacients amb s\u00edndrome de Brugada\",\"datePublished\":\"2025-05-09T08:31:21+00:00\",\"mainEntityOfPage\":{\"@id\":\"https:\\\/\\\/diarisanitat.cat\\\/recerca-en-salut\\\/blog\\\/2025\\\/05\\\/09\\\/un-estudi-pioner-revela-la-seguretat-de-farmacs-anestesics-en-pacients-amb-sindrome-de-brugada\\\/\"},\"wordCount\":104,\"commentCount\":0,\"articleSection\":[\"Uncategorized\"],\"inLanguage\":\"es\",\"potentialAction\":[{\"@type\":\"CommentAction\",\"name\":\"Comment\",\"target\":[\"https:\\\/\\\/diarisanitat.cat\\\/recerca-en-salut\\\/blog\\\/2025\\\/05\\\/09\\\/un-estudi-pioner-revela-la-seguretat-de-farmacs-anestesics-en-pacients-amb-sindrome-de-brugada\\\/#respond\"]}]},{\"@type\":\"WebPage\",\"@id\":\"https:\\\/\\\/diarisanitat.cat\\\/recerca-en-salut\\\/blog\\\/2025\\\/05\\\/09\\\/un-estudi-pioner-revela-la-seguretat-de-farmacs-anestesics-en-pacients-amb-sindrome-de-brugada\\\/\",\"url\":\"https:\\\/\\\/diarisanitat.cat\\\/recerca-en-salut\\\/blog\\\/2025\\\/05\\\/09\\\/un-estudi-pioner-revela-la-seguretat-de-farmacs-anestesics-en-pacients-amb-sindrome-de-brugada\\\/\",\"name\":\"Un estudi pioner revela la seguretat de f\u00e0rmacs anest\u00e8sics en pacients amb s\u00edndrome de Brugada - Recerca en salut\",\"isPartOf\":{\"@id\":\"https:\\\/\\\/diarisanitat.cat\\\/recerca-en-salut\\\/#website\"},\"datePublished\":\"2025-05-09T08:31:21+00:00\",\"author\":{\"@id\":\"https:\\\/\\\/diarisanitat.cat\\\/recerca-en-salut\\\/#\\\/schema\\\/person\\\/9de78768f9e1608c4e3acede8e5f91c4\"},\"breadcrumb\":{\"@id\":\"https:\\\/\\\/diarisanitat.cat\\\/recerca-en-salut\\\/blog\\\/2025\\\/05\\\/09\\\/un-estudi-pioner-revela-la-seguretat-de-farmacs-anestesics-en-pacients-amb-sindrome-de-brugada\\\/#breadcrumb\"},\"inLanguage\":\"es\",\"potentialAction\":[{\"@type\":\"ReadAction\",\"target\":[\"https:\\\/\\\/diarisanitat.cat\\\/recerca-en-salut\\\/blog\\\/2025\\\/05\\\/09\\\/un-estudi-pioner-revela-la-seguretat-de-farmacs-anestesics-en-pacients-amb-sindrome-de-brugada\\\/\"]}]},{\"@type\":\"BreadcrumbList\",\"@id\":\"https:\\\/\\\/diarisanitat.cat\\\/recerca-en-salut\\\/blog\\\/2025\\\/05\\\/09\\\/un-estudi-pioner-revela-la-seguretat-de-farmacs-anestesics-en-pacients-amb-sindrome-de-brugada\\\/#breadcrumb\",\"itemListElement\":[{\"@type\":\"ListItem\",\"position\":1,\"name\":\"Portada\",\"item\":\"https:\\\/\\\/diarisanitat.cat\\\/recerca-en-salut\\\/\"},{\"@type\":\"ListItem\",\"position\":2,\"name\":\"Un estudi pioner revela la seguretat de f\u00e0rmacs anest\u00e8sics en pacients amb s\u00edndrome de Brugada\"}]},{\"@type\":\"WebSite\",\"@id\":\"https:\\\/\\\/diarisanitat.cat\\\/recerca-en-salut\\\/#website\",\"url\":\"https:\\\/\\\/diarisanitat.cat\\\/recerca-en-salut\\\/\",\"name\":\"Recerca en salut\",\"description\":\"\",\"potentialAction\":[{\"@type\":\"SearchAction\",\"target\":{\"@type\":\"EntryPoint\",\"urlTemplate\":\"https:\\\/\\\/diarisanitat.cat\\\/recerca-en-salut\\\/?s={search_term_string}\"},\"query-input\":{\"@type\":\"PropertyValueSpecification\",\"valueRequired\":true,\"valueName\":\"search_term_string\"}}],\"inLanguage\":\"es\"},{\"@type\":\"Person\",\"@id\":\"https:\\\/\\\/diarisanitat.cat\\\/recerca-en-salut\\\/#\\\/schema\\\/person\\\/9de78768f9e1608c4e3acede8e5f91c4\",\"name\":\"Redacci\u00f3\",\"image\":{\"@type\":\"ImageObject\",\"inLanguage\":\"es\",\"@id\":\"https:\\\/\\\/secure.gravatar.com\\\/avatar\\\/e952ad62e08be1daabaefebd12d26c1e5fbfd687693aaa066db2433a21638ad8?s=96&d=mm&r=g\",\"url\":\"https:\\\/\\\/secure.gravatar.com\\\/avatar\\\/e952ad62e08be1daabaefebd12d26c1e5fbfd687693aaa066db2433a21638ad8?s=96&d=mm&r=g\",\"contentUrl\":\"https:\\\/\\\/secure.gravatar.com\\\/avatar\\\/e952ad62e08be1daabaefebd12d26c1e5fbfd687693aaa066db2433a21638ad8?s=96&d=mm&r=g\",\"caption\":\"Redacci\u00f3\"},\"url\":\"https:\\\/\\\/diarisanitat.cat\\\/recerca-en-salut\\\/blog\\\/author\\\/npenin\\\/\"}]}<\/script>\n<!-- \/ Yoast SEO plugin. -->","yoast_head_json":{"title":"Un estudi pioner revela la seguretat de f\u00e0rmacs anest\u00e8sics en pacients amb s\u00edndrome de Brugada - Recerca en salut","robots":{"index":"index","follow":"follow","max-snippet":"max-snippet:-1","max-image-preview":"max-image-preview:large","max-video-preview":"max-video-preview:-1"},"canonical":"https:\/\/diarisanitat.cat\/recerca-en-salut\/blog\/2025\/05\/09\/un-estudi-pioner-revela-la-seguretat-de-farmacs-anestesics-en-pacients-amb-sindrome-de-brugada\/","og_locale":"es_ES","og_type":"article","og_title":"Un estudi pioner revela la seguretat de f\u00e0rmacs anest\u00e8sics en pacients amb s\u00edndrome de Brugada - Recerca en salut","og_description":"Una an\u00e0lisi retrospectiva duta a terme al Cl\u00ednic-IDIBAPS apunta que molts dels f\u00e0rmacs anest\u00e8sics considerats de risc podrien ser segurs en pacients amb s\u00edndrome de Brugada si s\u2019utilitzen amb precauci\u00f3 i en les dosis habituals. Els resultats de l\u2019estudi, publicats a la revista European Journal of Anaesthesiology, aporten noves evid\u00e8ncies per afrontar amb m\u00e9s seguretat","og_url":"https:\/\/diarisanitat.cat\/recerca-en-salut\/blog\/2025\/05\/09\/un-estudi-pioner-revela-la-seguretat-de-farmacs-anestesics-en-pacients-amb-sindrome-de-brugada\/","og_site_name":"Recerca en salut","article_published_time":"2025-05-09T08:31:21+00:00","author":"Redacci\u00f3","twitter_card":"summary_large_image","twitter_misc":{"Escrito por":"Redacci\u00f3"},"schema":{"@context":"https:\/\/schema.org","@graph":[{"@type":"Article","@id":"https:\/\/diarisanitat.cat\/recerca-en-salut\/blog\/2025\/05\/09\/un-estudi-pioner-revela-la-seguretat-de-farmacs-anestesics-en-pacients-amb-sindrome-de-brugada\/#article","isPartOf":{"@id":"https:\/\/diarisanitat.cat\/recerca-en-salut\/blog\/2025\/05\/09\/un-estudi-pioner-revela-la-seguretat-de-farmacs-anestesics-en-pacients-amb-sindrome-de-brugada\/"},"author":{"name":"Redacci\u00f3","@id":"https:\/\/diarisanitat.cat\/recerca-en-salut\/#\/schema\/person\/9de78768f9e1608c4e3acede8e5f91c4"},"headline":"Un estudi pioner revela la seguretat de f\u00e0rmacs anest\u00e8sics en pacients amb s\u00edndrome de Brugada","datePublished":"2025-05-09T08:31:21+00:00","mainEntityOfPage":{"@id":"https:\/\/diarisanitat.cat\/recerca-en-salut\/blog\/2025\/05\/09\/un-estudi-pioner-revela-la-seguretat-de-farmacs-anestesics-en-pacients-amb-sindrome-de-brugada\/"},"wordCount":104,"commentCount":0,"articleSection":["Uncategorized"],"inLanguage":"es","potentialAction":[{"@type":"CommentAction","name":"Comment","target":["https:\/\/diarisanitat.cat\/recerca-en-salut\/blog\/2025\/05\/09\/un-estudi-pioner-revela-la-seguretat-de-farmacs-anestesics-en-pacients-amb-sindrome-de-brugada\/#respond"]}]},{"@type":"WebPage","@id":"https:\/\/diarisanitat.cat\/recerca-en-salut\/blog\/2025\/05\/09\/un-estudi-pioner-revela-la-seguretat-de-farmacs-anestesics-en-pacients-amb-sindrome-de-brugada\/","url":"https:\/\/diarisanitat.cat\/recerca-en-salut\/blog\/2025\/05\/09\/un-estudi-pioner-revela-la-seguretat-de-farmacs-anestesics-en-pacients-amb-sindrome-de-brugada\/","name":"Un estudi pioner revela la seguretat de f\u00e0rmacs anest\u00e8sics en pacients amb s\u00edndrome de Brugada - Recerca en salut","isPartOf":{"@id":"https:\/\/diarisanitat.cat\/recerca-en-salut\/#website"},"datePublished":"2025-05-09T08:31:21+00:00","author":{"@id":"https:\/\/diarisanitat.cat\/recerca-en-salut\/#\/schema\/person\/9de78768f9e1608c4e3acede8e5f91c4"},"breadcrumb":{"@id":"https:\/\/diarisanitat.cat\/recerca-en-salut\/blog\/2025\/05\/09\/un-estudi-pioner-revela-la-seguretat-de-farmacs-anestesics-en-pacients-amb-sindrome-de-brugada\/#breadcrumb"},"inLanguage":"es","potentialAction":[{"@type":"ReadAction","target":["https:\/\/diarisanitat.cat\/recerca-en-salut\/blog\/2025\/05\/09\/un-estudi-pioner-revela-la-seguretat-de-farmacs-anestesics-en-pacients-amb-sindrome-de-brugada\/"]}]},{"@type":"BreadcrumbList","@id":"https:\/\/diarisanitat.cat\/recerca-en-salut\/blog\/2025\/05\/09\/un-estudi-pioner-revela-la-seguretat-de-farmacs-anestesics-en-pacients-amb-sindrome-de-brugada\/#breadcrumb","itemListElement":[{"@type":"ListItem","position":1,"name":"Portada","item":"https:\/\/diarisanitat.cat\/recerca-en-salut\/"},{"@type":"ListItem","position":2,"name":"Un estudi pioner revela la seguretat de f\u00e0rmacs anest\u00e8sics en pacients amb s\u00edndrome de Brugada"}]},{"@type":"WebSite","@id":"https:\/\/diarisanitat.cat\/recerca-en-salut\/#website","url":"https:\/\/diarisanitat.cat\/recerca-en-salut\/","name":"Recerca en salut","description":"","potentialAction":[{"@type":"SearchAction","target":{"@type":"EntryPoint","urlTemplate":"https:\/\/diarisanitat.cat\/recerca-en-salut\/?s={search_term_string}"},"query-input":{"@type":"PropertyValueSpecification","valueRequired":true,"valueName":"search_term_string"}}],"inLanguage":"es"},{"@type":"Person","@id":"https:\/\/diarisanitat.cat\/recerca-en-salut\/#\/schema\/person\/9de78768f9e1608c4e3acede8e5f91c4","name":"Redacci\u00f3","image":{"@type":"ImageObject","inLanguage":"es","@id":"https:\/\/secure.gravatar.com\/avatar\/e952ad62e08be1daabaefebd12d26c1e5fbfd687693aaa066db2433a21638ad8?s=96&d=mm&r=g","url":"https:\/\/secure.gravatar.com\/avatar\/e952ad62e08be1daabaefebd12d26c1e5fbfd687693aaa066db2433a21638ad8?s=96&d=mm&r=g","contentUrl":"https:\/\/secure.gravatar.com\/avatar\/e952ad62e08be1daabaefebd12d26c1e5fbfd687693aaa066db2433a21638ad8?s=96&d=mm&r=g","caption":"Redacci\u00f3"},"url":"https:\/\/diarisanitat.cat\/recerca-en-salut\/blog\/author\/npenin\/"}]}},"_links":{"self":[{"href":"https:\/\/diarisanitat.cat\/recerca-en-salut\/wp-json\/wp\/v2\/posts\/38636","targetHints":{"allow":["GET"]}}],"collection":[{"href":"https:\/\/diarisanitat.cat\/recerca-en-salut\/wp-json\/wp\/v2\/posts"}],"about":[{"href":"https:\/\/diarisanitat.cat\/recerca-en-salut\/wp-json\/wp\/v2\/types\/post"}],"author":[{"embeddable":true,"href":"https:\/\/diarisanitat.cat\/recerca-en-salut\/wp-json\/wp\/v2\/users\/1"}],"replies":[{"embeddable":true,"href":"https:\/\/diarisanitat.cat\/recerca-en-salut\/wp-json\/wp\/v2\/comments?post=38636"}],"version-history":[{"count":0,"href":"https:\/\/diarisanitat.cat\/recerca-en-salut\/wp-json\/wp\/v2\/posts\/38636\/revisions"}],"wp:attachment":[{"href":"https:\/\/diarisanitat.cat\/recerca-en-salut\/wp-json\/wp\/v2\/media?parent=38636"}],"wp:term":[{"taxonomy":"category","embeddable":true,"href":"https:\/\/diarisanitat.cat\/recerca-en-salut\/wp-json\/wp\/v2\/categories?post=38636"},{"taxonomy":"post_tag","embeddable":true,"href":"https:\/\/diarisanitat.cat\/recerca-en-salut\/wp-json\/wp\/v2\/tags?post=38636"},{"taxonomy":"tipo","embeddable":true,"href":"https:\/\/diarisanitat.cat\/recerca-en-salut\/wp-json\/wp\/v2\/tipo?post=38636"}],"curies":[{"name":"wp","href":"https:\/\/api.w.org\/{rel}","templated":true}]}}