{"id":38790,"date":"2025-10-01T07:30:54","date_gmt":"2025-10-01T07:30:54","guid":{"rendered":"https:\/\/diarisanitat.cat\/recerca-en-salut\/blog\/2025\/10\/01\/el-tabaquisme-laddiccio-invisibilitzada\/"},"modified":"2025-10-01T07:30:54","modified_gmt":"2025-10-01T07:30:54","slug":"el-tabaquisme-laddiccio-invisibilitzada","status":"publish","type":"post","link":"https:\/\/diarisanitat.cat\/recerca-en-salut\/blog\/2025\/10\/01\/el-tabaquisme-laddiccio-invisibilitzada\/","title":{"rendered":"El tabaquisme: l\u2019addicci\u00f3 invisibilitzada"},"content":{"rendered":"<p>El consum de tabac al llarg de les darreres d\u00e8cades ha anant disminuint. Actualment a l\u2019Estat Espanyol i tamb\u00e9 a Catalunya la prevalen\u00e7a \u00e9s del 23%. S\u00ed, el tabaquisme \u00e9s una addicci\u00f3 m\u00e9s enll\u00e0 d\u2018un h\u00e0bit, un vici o un costum! \u201cenganxa\u201d i fa mal, com una parella o una amistat t\u00f2xica!&amp;nbsp;<\/p>","protected":false},"excerpt":{"rendered":"<p>El consum de tabac al llarg de les darreres d\u00e8cades ha anant disminuint. Actualment a l\u2019Estat Espanyol i tamb\u00e9 a Catalunya la prevalen\u00e7a \u00e9s del 23%. S\u00ed, el tabaquisme \u00e9s una addicci\u00f3 m\u00e9s enll\u00e0 d\u2018un h\u00e0bit, un vici o un costum! \u201cenganxa\u201d i fa mal, com una parella o una amistat t\u00f2xica!&amp;nbsp;<\/p>\n","protected":false},"author":1,"featured_media":0,"comment_status":"open","ping_status":"open","sticky":false,"template":"","format":"standard","meta":{"_acf_changed":false,"footnotes":""},"categories":[1],"tags":[],"tipo":[],"class_list":{"0":"post-38790","1":"post","2":"type-post","3":"status-publish","4":"format-standard","6":"category-uncategorized"},"acf":[],"yoast_head":"<!-- This site is optimized with the Yoast SEO plugin v27.5 - https:\/\/yoast.com\/product\/yoast-seo-wordpress\/ -->\n<title>El tabaquisme: l\u2019addicci\u00f3 invisibilitzada - Recerca en salut<\/title>\n<meta name=\"robots\" content=\"index, follow, max-snippet:-1, max-image-preview:large, max-video-preview:-1\" \/>\n<link rel=\"canonical\" href=\"https:\/\/diarisanitat.cat\/recerca-en-salut\/blog\/2025\/10\/01\/el-tabaquisme-laddiccio-invisibilitzada\/\" \/>\n<meta property=\"og:locale\" content=\"es_ES\" \/>\n<meta property=\"og:type\" content=\"article\" \/>\n<meta property=\"og:title\" content=\"El tabaquisme: l\u2019addicci\u00f3 invisibilitzada - Recerca en salut\" \/>\n<meta property=\"og:description\" content=\"El consum de tabac al llarg de les darreres d\u00e8cades ha anant disminuint. Actualment a l\u2019Estat Espanyol i tamb\u00e9 a Catalunya la prevalen\u00e7a \u00e9s del 23%. S\u00ed, el tabaquisme \u00e9s una addicci\u00f3 m\u00e9s enll\u00e0 d\u2018un h\u00e0bit, un vici o un costum! \u201cenganxa\u201d i fa mal, com una parella o una amistat t\u00f2xica!&amp;nbsp;\" \/>\n<meta property=\"og:url\" content=\"https:\/\/diarisanitat.cat\/recerca-en-salut\/blog\/2025\/10\/01\/el-tabaquisme-laddiccio-invisibilitzada\/\" \/>\n<meta property=\"og:site_name\" content=\"Recerca en salut\" \/>\n<meta property=\"article:published_time\" content=\"2025-10-01T07:30:54+00:00\" \/>\n<meta name=\"author\" content=\"Redacci\u00f3\" \/>\n<meta name=\"twitter:card\" content=\"summary_large_image\" \/>\n<meta name=\"twitter:label1\" content=\"Escrito por\" \/>\n\t<meta name=\"twitter:data1\" content=\"Redacci\u00f3\" \/>\n<script type=\"application\/ld+json\" class=\"yoast-schema-graph\">{\"@context\":\"https:\\\/\\\/schema.org\",\"@graph\":[{\"@type\":\"Article\",\"@id\":\"https:\\\/\\\/diarisanitat.cat\\\/recerca-en-salut\\\/blog\\\/2025\\\/10\\\/01\\\/el-tabaquisme-laddiccio-invisibilitzada\\\/#article\",\"isPartOf\":{\"@id\":\"https:\\\/\\\/diarisanitat.cat\\\/recerca-en-salut\\\/blog\\\/2025\\\/10\\\/01\\\/el-tabaquisme-laddiccio-invisibilitzada\\\/\"},\"author\":{\"name\":\"Redacci\u00f3\",\"@id\":\"https:\\\/\\\/diarisanitat.cat\\\/recerca-en-salut\\\/#\\\/schema\\\/person\\\/9de78768f9e1608c4e3acede8e5f91c4\"},\"headline\":\"El tabaquisme: l\u2019addicci\u00f3 invisibilitzada\",\"datePublished\":\"2025-10-01T07:30:54+00:00\",\"mainEntityOfPage\":{\"@id\":\"https:\\\/\\\/diarisanitat.cat\\\/recerca-en-salut\\\/blog\\\/2025\\\/10\\\/01\\\/el-tabaquisme-laddiccio-invisibilitzada\\\/\"},\"wordCount\":65,\"commentCount\":0,\"articleSection\":[\"Uncategorized\"],\"inLanguage\":\"es\",\"potentialAction\":[{\"@type\":\"CommentAction\",\"name\":\"Comment\",\"target\":[\"https:\\\/\\\/diarisanitat.cat\\\/recerca-en-salut\\\/blog\\\/2025\\\/10\\\/01\\\/el-tabaquisme-laddiccio-invisibilitzada\\\/#respond\"]}]},{\"@type\":\"WebPage\",\"@id\":\"https:\\\/\\\/diarisanitat.cat\\\/recerca-en-salut\\\/blog\\\/2025\\\/10\\\/01\\\/el-tabaquisme-laddiccio-invisibilitzada\\\/\",\"url\":\"https:\\\/\\\/diarisanitat.cat\\\/recerca-en-salut\\\/blog\\\/2025\\\/10\\\/01\\\/el-tabaquisme-laddiccio-invisibilitzada\\\/\",\"name\":\"El tabaquisme: l\u2019addicci\u00f3 invisibilitzada - Recerca en salut\",\"isPartOf\":{\"@id\":\"https:\\\/\\\/diarisanitat.cat\\\/recerca-en-salut\\\/#website\"},\"datePublished\":\"2025-10-01T07:30:54+00:00\",\"author\":{\"@id\":\"https:\\\/\\\/diarisanitat.cat\\\/recerca-en-salut\\\/#\\\/schema\\\/person\\\/9de78768f9e1608c4e3acede8e5f91c4\"},\"breadcrumb\":{\"@id\":\"https:\\\/\\\/diarisanitat.cat\\\/recerca-en-salut\\\/blog\\\/2025\\\/10\\\/01\\\/el-tabaquisme-laddiccio-invisibilitzada\\\/#breadcrumb\"},\"inLanguage\":\"es\",\"potentialAction\":[{\"@type\":\"ReadAction\",\"target\":[\"https:\\\/\\\/diarisanitat.cat\\\/recerca-en-salut\\\/blog\\\/2025\\\/10\\\/01\\\/el-tabaquisme-laddiccio-invisibilitzada\\\/\"]}]},{\"@type\":\"BreadcrumbList\",\"@id\":\"https:\\\/\\\/diarisanitat.cat\\\/recerca-en-salut\\\/blog\\\/2025\\\/10\\\/01\\\/el-tabaquisme-laddiccio-invisibilitzada\\\/#breadcrumb\",\"itemListElement\":[{\"@type\":\"ListItem\",\"position\":1,\"name\":\"Portada\",\"item\":\"https:\\\/\\\/diarisanitat.cat\\\/recerca-en-salut\\\/\"},{\"@type\":\"ListItem\",\"position\":2,\"name\":\"El tabaquisme: l\u2019addicci\u00f3 invisibilitzada\"}]},{\"@type\":\"WebSite\",\"@id\":\"https:\\\/\\\/diarisanitat.cat\\\/recerca-en-salut\\\/#website\",\"url\":\"https:\\\/\\\/diarisanitat.cat\\\/recerca-en-salut\\\/\",\"name\":\"Recerca en salut\",\"description\":\"\",\"potentialAction\":[{\"@type\":\"SearchAction\",\"target\":{\"@type\":\"EntryPoint\",\"urlTemplate\":\"https:\\\/\\\/diarisanitat.cat\\\/recerca-en-salut\\\/?s={search_term_string}\"},\"query-input\":{\"@type\":\"PropertyValueSpecification\",\"valueRequired\":true,\"valueName\":\"search_term_string\"}}],\"inLanguage\":\"es\"},{\"@type\":\"Person\",\"@id\":\"https:\\\/\\\/diarisanitat.cat\\\/recerca-en-salut\\\/#\\\/schema\\\/person\\\/9de78768f9e1608c4e3acede8e5f91c4\",\"name\":\"Redacci\u00f3\",\"image\":{\"@type\":\"ImageObject\",\"inLanguage\":\"es\",\"@id\":\"https:\\\/\\\/secure.gravatar.com\\\/avatar\\\/e952ad62e08be1daabaefebd12d26c1e5fbfd687693aaa066db2433a21638ad8?s=96&d=mm&r=g\",\"url\":\"https:\\\/\\\/secure.gravatar.com\\\/avatar\\\/e952ad62e08be1daabaefebd12d26c1e5fbfd687693aaa066db2433a21638ad8?s=96&d=mm&r=g\",\"contentUrl\":\"https:\\\/\\\/secure.gravatar.com\\\/avatar\\\/e952ad62e08be1daabaefebd12d26c1e5fbfd687693aaa066db2433a21638ad8?s=96&d=mm&r=g\",\"caption\":\"Redacci\u00f3\"},\"url\":\"https:\\\/\\\/diarisanitat.cat\\\/recerca-en-salut\\\/blog\\\/author\\\/npenin\\\/\"}]}<\/script>\n<!-- \/ Yoast SEO plugin. -->","yoast_head_json":{"title":"El tabaquisme: l\u2019addicci\u00f3 invisibilitzada - Recerca en salut","robots":{"index":"index","follow":"follow","max-snippet":"max-snippet:-1","max-image-preview":"max-image-preview:large","max-video-preview":"max-video-preview:-1"},"canonical":"https:\/\/diarisanitat.cat\/recerca-en-salut\/blog\/2025\/10\/01\/el-tabaquisme-laddiccio-invisibilitzada\/","og_locale":"es_ES","og_type":"article","og_title":"El tabaquisme: l\u2019addicci\u00f3 invisibilitzada - Recerca en salut","og_description":"El consum de tabac al llarg de les darreres d\u00e8cades ha anant disminuint. Actualment a l\u2019Estat Espanyol i tamb\u00e9 a Catalunya la prevalen\u00e7a \u00e9s del 23%. S\u00ed, el tabaquisme \u00e9s una addicci\u00f3 m\u00e9s enll\u00e0 d\u2018un h\u00e0bit, un vici o un costum! \u201cenganxa\u201d i fa mal, com una parella o una amistat t\u00f2xica!&amp;nbsp;","og_url":"https:\/\/diarisanitat.cat\/recerca-en-salut\/blog\/2025\/10\/01\/el-tabaquisme-laddiccio-invisibilitzada\/","og_site_name":"Recerca en salut","article_published_time":"2025-10-01T07:30:54+00:00","author":"Redacci\u00f3","twitter_card":"summary_large_image","twitter_misc":{"Escrito por":"Redacci\u00f3"},"schema":{"@context":"https:\/\/schema.org","@graph":[{"@type":"Article","@id":"https:\/\/diarisanitat.cat\/recerca-en-salut\/blog\/2025\/10\/01\/el-tabaquisme-laddiccio-invisibilitzada\/#article","isPartOf":{"@id":"https:\/\/diarisanitat.cat\/recerca-en-salut\/blog\/2025\/10\/01\/el-tabaquisme-laddiccio-invisibilitzada\/"},"author":{"name":"Redacci\u00f3","@id":"https:\/\/diarisanitat.cat\/recerca-en-salut\/#\/schema\/person\/9de78768f9e1608c4e3acede8e5f91c4"},"headline":"El tabaquisme: l\u2019addicci\u00f3 invisibilitzada","datePublished":"2025-10-01T07:30:54+00:00","mainEntityOfPage":{"@id":"https:\/\/diarisanitat.cat\/recerca-en-salut\/blog\/2025\/10\/01\/el-tabaquisme-laddiccio-invisibilitzada\/"},"wordCount":65,"commentCount":0,"articleSection":["Uncategorized"],"inLanguage":"es","potentialAction":[{"@type":"CommentAction","name":"Comment","target":["https:\/\/diarisanitat.cat\/recerca-en-salut\/blog\/2025\/10\/01\/el-tabaquisme-laddiccio-invisibilitzada\/#respond"]}]},{"@type":"WebPage","@id":"https:\/\/diarisanitat.cat\/recerca-en-salut\/blog\/2025\/10\/01\/el-tabaquisme-laddiccio-invisibilitzada\/","url":"https:\/\/diarisanitat.cat\/recerca-en-salut\/blog\/2025\/10\/01\/el-tabaquisme-laddiccio-invisibilitzada\/","name":"El tabaquisme: l\u2019addicci\u00f3 invisibilitzada - Recerca en salut","isPartOf":{"@id":"https:\/\/diarisanitat.cat\/recerca-en-salut\/#website"},"datePublished":"2025-10-01T07:30:54+00:00","author":{"@id":"https:\/\/diarisanitat.cat\/recerca-en-salut\/#\/schema\/person\/9de78768f9e1608c4e3acede8e5f91c4"},"breadcrumb":{"@id":"https:\/\/diarisanitat.cat\/recerca-en-salut\/blog\/2025\/10\/01\/el-tabaquisme-laddiccio-invisibilitzada\/#breadcrumb"},"inLanguage":"es","potentialAction":[{"@type":"ReadAction","target":["https:\/\/diarisanitat.cat\/recerca-en-salut\/blog\/2025\/10\/01\/el-tabaquisme-laddiccio-invisibilitzada\/"]}]},{"@type":"BreadcrumbList","@id":"https:\/\/diarisanitat.cat\/recerca-en-salut\/blog\/2025\/10\/01\/el-tabaquisme-laddiccio-invisibilitzada\/#breadcrumb","itemListElement":[{"@type":"ListItem","position":1,"name":"Portada","item":"https:\/\/diarisanitat.cat\/recerca-en-salut\/"},{"@type":"ListItem","position":2,"name":"El tabaquisme: l\u2019addicci\u00f3 invisibilitzada"}]},{"@type":"WebSite","@id":"https:\/\/diarisanitat.cat\/recerca-en-salut\/#website","url":"https:\/\/diarisanitat.cat\/recerca-en-salut\/","name":"Recerca en salut","description":"","potentialAction":[{"@type":"SearchAction","target":{"@type":"EntryPoint","urlTemplate":"https:\/\/diarisanitat.cat\/recerca-en-salut\/?s={search_term_string}"},"query-input":{"@type":"PropertyValueSpecification","valueRequired":true,"valueName":"search_term_string"}}],"inLanguage":"es"},{"@type":"Person","@id":"https:\/\/diarisanitat.cat\/recerca-en-salut\/#\/schema\/person\/9de78768f9e1608c4e3acede8e5f91c4","name":"Redacci\u00f3","image":{"@type":"ImageObject","inLanguage":"es","@id":"https:\/\/secure.gravatar.com\/avatar\/e952ad62e08be1daabaefebd12d26c1e5fbfd687693aaa066db2433a21638ad8?s=96&d=mm&r=g","url":"https:\/\/secure.gravatar.com\/avatar\/e952ad62e08be1daabaefebd12d26c1e5fbfd687693aaa066db2433a21638ad8?s=96&d=mm&r=g","contentUrl":"https:\/\/secure.gravatar.com\/avatar\/e952ad62e08be1daabaefebd12d26c1e5fbfd687693aaa066db2433a21638ad8?s=96&d=mm&r=g","caption":"Redacci\u00f3"},"url":"https:\/\/diarisanitat.cat\/recerca-en-salut\/blog\/author\/npenin\/"}]}},"_links":{"self":[{"href":"https:\/\/diarisanitat.cat\/recerca-en-salut\/wp-json\/wp\/v2\/posts\/38790","targetHints":{"allow":["GET"]}}],"collection":[{"href":"https:\/\/diarisanitat.cat\/recerca-en-salut\/wp-json\/wp\/v2\/posts"}],"about":[{"href":"https:\/\/diarisanitat.cat\/recerca-en-salut\/wp-json\/wp\/v2\/types\/post"}],"author":[{"embeddable":true,"href":"https:\/\/diarisanitat.cat\/recerca-en-salut\/wp-json\/wp\/v2\/users\/1"}],"replies":[{"embeddable":true,"href":"https:\/\/diarisanitat.cat\/recerca-en-salut\/wp-json\/wp\/v2\/comments?post=38790"}],"version-history":[{"count":0,"href":"https:\/\/diarisanitat.cat\/recerca-en-salut\/wp-json\/wp\/v2\/posts\/38790\/revisions"}],"wp:attachment":[{"href":"https:\/\/diarisanitat.cat\/recerca-en-salut\/wp-json\/wp\/v2\/media?parent=38790"}],"wp:term":[{"taxonomy":"category","embeddable":true,"href":"https:\/\/diarisanitat.cat\/recerca-en-salut\/wp-json\/wp\/v2\/categories?post=38790"},{"taxonomy":"post_tag","embeddable":true,"href":"https:\/\/diarisanitat.cat\/recerca-en-salut\/wp-json\/wp\/v2\/tags?post=38790"},{"taxonomy":"tipo","embeddable":true,"href":"https:\/\/diarisanitat.cat\/recerca-en-salut\/wp-json\/wp\/v2\/tipo?post=38790"}],"curies":[{"name":"wp","href":"https:\/\/api.w.org\/{rel}","templated":true}]}}