{"id":38794,"date":"2025-10-03T08:31:03","date_gmt":"2025-10-03T08:31:03","guid":{"rendered":"https:\/\/diarisanitat.cat\/recerca-en-salut\/blog\/2025\/10\/03\/el-projecte-thervacb-inicia-lassaig-amb-pacients-per-avancar-en-una-estrategia-curativa-per-a-lhepatitis-b-cronica\/"},"modified":"2025-10-03T08:31:03","modified_gmt":"2025-10-03T08:31:03","slug":"el-projecte-thervacb-inicia-lassaig-amb-pacients-per-avancar-en-una-estrategia-curativa-per-a-lhepatitis-b-cronica","status":"publish","type":"post","link":"https:\/\/diarisanitat.cat\/recerca-en-salut\/blog\/2025\/10\/03\/el-projecte-thervacb-inicia-lassaig-amb-pacients-per-avancar-en-una-estrategia-curativa-per-a-lhepatitis-b-cronica\/","title":{"rendered":"El Projecte TherVacB inicia l&#8217;assaig amb pacients per avan\u00e7ar en una estrat\u00e8gia curativa per a l&#8217;hepatitis B cr\u00f2nica"},"content":{"rendered":"<p>La infecci\u00f3 cr\u00f2nica pel virus de l\u2019hepatitis B (VHB) continua sent una preocupaci\u00f3 important per a la salut mundial, afectant a uns 254 milions de persones arreu del m\u00f3n i contribuint a m\u00e9s d\u2019un mili\u00f3 de morts cada any per fallada hep\u00e0tica i c\u00e0ncer de fetge. Tot i que les ter\u00e0pies antivirals actuals poden suprimir la replicaci\u00f3 viral, no eliminen el virus i sovint requereixen tractament de per vida. Hi ha una necessitat urgent d\u2019estrat\u00e8gies curatives accessibles que puguin alleujar la c\u00e0rrega m\u00e8dica i econ\u00f2mica a llarg termini.<\/p>","protected":false},"excerpt":{"rendered":"<p>La infecci\u00f3 cr\u00f2nica pel virus de l\u2019hepatitis B (VHB) continua sent una preocupaci\u00f3 important per a la salut mundial, afectant a uns 254 milions de persones arreu del m\u00f3n i contribuint a m\u00e9s d\u2019un mili\u00f3 de morts cada any per fallada hep\u00e0tica i c\u00e0ncer de fetge. Tot i que les ter\u00e0pies antivirals actuals poden suprimir<\/p>\n","protected":false},"author":1,"featured_media":0,"comment_status":"open","ping_status":"open","sticky":false,"template":"","format":"standard","meta":{"_acf_changed":false,"footnotes":""},"categories":[1],"tags":[],"tipo":[],"class_list":{"0":"post-38794","1":"post","2":"type-post","3":"status-publish","4":"format-standard","6":"category-uncategorized"},"acf":[],"yoast_head":"<!-- This site is optimized with the Yoast SEO plugin v27.5 - https:\/\/yoast.com\/product\/yoast-seo-wordpress\/ -->\n<title>El Projecte TherVacB inicia l&#039;assaig amb pacients per avan\u00e7ar en una estrat\u00e8gia curativa per a l&#039;hepatitis B cr\u00f2nica - Recerca en salut<\/title>\n<meta name=\"robots\" content=\"index, follow, max-snippet:-1, max-image-preview:large, max-video-preview:-1\" \/>\n<link rel=\"canonical\" href=\"https:\/\/diarisanitat.cat\/recerca-en-salut\/blog\/2025\/10\/03\/el-projecte-thervacb-inicia-lassaig-amb-pacients-per-avancar-en-una-estrategia-curativa-per-a-lhepatitis-b-cronica\/\" \/>\n<meta property=\"og:locale\" content=\"es_ES\" \/>\n<meta property=\"og:type\" content=\"article\" \/>\n<meta property=\"og:title\" content=\"El Projecte TherVacB inicia l&#039;assaig amb pacients per avan\u00e7ar en una estrat\u00e8gia curativa per a l&#039;hepatitis B cr\u00f2nica - Recerca en salut\" \/>\n<meta property=\"og:description\" content=\"La infecci\u00f3 cr\u00f2nica pel virus de l\u2019hepatitis B (VHB) continua sent una preocupaci\u00f3 important per a la salut mundial, afectant a uns 254 milions de persones arreu del m\u00f3n i contribuint a m\u00e9s d\u2019un mili\u00f3 de morts cada any per fallada hep\u00e0tica i c\u00e0ncer de fetge. Tot i que les ter\u00e0pies antivirals actuals poden suprimir\" \/>\n<meta property=\"og:url\" content=\"https:\/\/diarisanitat.cat\/recerca-en-salut\/blog\/2025\/10\/03\/el-projecte-thervacb-inicia-lassaig-amb-pacients-per-avancar-en-una-estrategia-curativa-per-a-lhepatitis-b-cronica\/\" \/>\n<meta property=\"og:site_name\" content=\"Recerca en salut\" \/>\n<meta property=\"article:published_time\" content=\"2025-10-03T08:31:03+00:00\" \/>\n<meta name=\"author\" content=\"Redacci\u00f3\" \/>\n<meta name=\"twitter:card\" content=\"summary_large_image\" \/>\n<meta name=\"twitter:label1\" content=\"Escrito por\" \/>\n\t<meta name=\"twitter:data1\" content=\"Redacci\u00f3\" \/>\n\t<meta name=\"twitter:label2\" content=\"Tiempo de lectura\" \/>\n\t<meta name=\"twitter:data2\" content=\"1 minuto\" \/>\n<script type=\"application\/ld+json\" class=\"yoast-schema-graph\">{\"@context\":\"https:\\\/\\\/schema.org\",\"@graph\":[{\"@type\":\"Article\",\"@id\":\"https:\\\/\\\/diarisanitat.cat\\\/recerca-en-salut\\\/blog\\\/2025\\\/10\\\/03\\\/el-projecte-thervacb-inicia-lassaig-amb-pacients-per-avancar-en-una-estrategia-curativa-per-a-lhepatitis-b-cronica\\\/#article\",\"isPartOf\":{\"@id\":\"https:\\\/\\\/diarisanitat.cat\\\/recerca-en-salut\\\/blog\\\/2025\\\/10\\\/03\\\/el-projecte-thervacb-inicia-lassaig-amb-pacients-per-avancar-en-una-estrategia-curativa-per-a-lhepatitis-b-cronica\\\/\"},\"author\":{\"name\":\"Redacci\u00f3\",\"@id\":\"https:\\\/\\\/diarisanitat.cat\\\/recerca-en-salut\\\/#\\\/schema\\\/person\\\/9de78768f9e1608c4e3acede8e5f91c4\"},\"headline\":\"El Projecte TherVacB inicia l&#8217;assaig amb pacients per avan\u00e7ar en una estrat\u00e8gia curativa per a l&#8217;hepatitis B cr\u00f2nica\",\"datePublished\":\"2025-10-03T08:31:03+00:00\",\"mainEntityOfPage\":{\"@id\":\"https:\\\/\\\/diarisanitat.cat\\\/recerca-en-salut\\\/blog\\\/2025\\\/10\\\/03\\\/el-projecte-thervacb-inicia-lassaig-amb-pacients-per-avancar-en-una-estrategia-curativa-per-a-lhepatitis-b-cronica\\\/\"},\"wordCount\":123,\"commentCount\":0,\"articleSection\":[\"Uncategorized\"],\"inLanguage\":\"es\",\"potentialAction\":[{\"@type\":\"CommentAction\",\"name\":\"Comment\",\"target\":[\"https:\\\/\\\/diarisanitat.cat\\\/recerca-en-salut\\\/blog\\\/2025\\\/10\\\/03\\\/el-projecte-thervacb-inicia-lassaig-amb-pacients-per-avancar-en-una-estrategia-curativa-per-a-lhepatitis-b-cronica\\\/#respond\"]}]},{\"@type\":\"WebPage\",\"@id\":\"https:\\\/\\\/diarisanitat.cat\\\/recerca-en-salut\\\/blog\\\/2025\\\/10\\\/03\\\/el-projecte-thervacb-inicia-lassaig-amb-pacients-per-avancar-en-una-estrategia-curativa-per-a-lhepatitis-b-cronica\\\/\",\"url\":\"https:\\\/\\\/diarisanitat.cat\\\/recerca-en-salut\\\/blog\\\/2025\\\/10\\\/03\\\/el-projecte-thervacb-inicia-lassaig-amb-pacients-per-avancar-en-una-estrategia-curativa-per-a-lhepatitis-b-cronica\\\/\",\"name\":\"El Projecte TherVacB inicia l'assaig amb pacients per avan\u00e7ar en una estrat\u00e8gia curativa per a l'hepatitis B cr\u00f2nica - Recerca en salut\",\"isPartOf\":{\"@id\":\"https:\\\/\\\/diarisanitat.cat\\\/recerca-en-salut\\\/#website\"},\"datePublished\":\"2025-10-03T08:31:03+00:00\",\"author\":{\"@id\":\"https:\\\/\\\/diarisanitat.cat\\\/recerca-en-salut\\\/#\\\/schema\\\/person\\\/9de78768f9e1608c4e3acede8e5f91c4\"},\"breadcrumb\":{\"@id\":\"https:\\\/\\\/diarisanitat.cat\\\/recerca-en-salut\\\/blog\\\/2025\\\/10\\\/03\\\/el-projecte-thervacb-inicia-lassaig-amb-pacients-per-avancar-en-una-estrategia-curativa-per-a-lhepatitis-b-cronica\\\/#breadcrumb\"},\"inLanguage\":\"es\",\"potentialAction\":[{\"@type\":\"ReadAction\",\"target\":[\"https:\\\/\\\/diarisanitat.cat\\\/recerca-en-salut\\\/blog\\\/2025\\\/10\\\/03\\\/el-projecte-thervacb-inicia-lassaig-amb-pacients-per-avancar-en-una-estrategia-curativa-per-a-lhepatitis-b-cronica\\\/\"]}]},{\"@type\":\"BreadcrumbList\",\"@id\":\"https:\\\/\\\/diarisanitat.cat\\\/recerca-en-salut\\\/blog\\\/2025\\\/10\\\/03\\\/el-projecte-thervacb-inicia-lassaig-amb-pacients-per-avancar-en-una-estrategia-curativa-per-a-lhepatitis-b-cronica\\\/#breadcrumb\",\"itemListElement\":[{\"@type\":\"ListItem\",\"position\":1,\"name\":\"Portada\",\"item\":\"https:\\\/\\\/diarisanitat.cat\\\/recerca-en-salut\\\/\"},{\"@type\":\"ListItem\",\"position\":2,\"name\":\"El Projecte TherVacB inicia l&#8217;assaig amb pacients per avan\u00e7ar en una estrat\u00e8gia curativa per a l&#8217;hepatitis B cr\u00f2nica\"}]},{\"@type\":\"WebSite\",\"@id\":\"https:\\\/\\\/diarisanitat.cat\\\/recerca-en-salut\\\/#website\",\"url\":\"https:\\\/\\\/diarisanitat.cat\\\/recerca-en-salut\\\/\",\"name\":\"Recerca en salut\",\"description\":\"\",\"potentialAction\":[{\"@type\":\"SearchAction\",\"target\":{\"@type\":\"EntryPoint\",\"urlTemplate\":\"https:\\\/\\\/diarisanitat.cat\\\/recerca-en-salut\\\/?s={search_term_string}\"},\"query-input\":{\"@type\":\"PropertyValueSpecification\",\"valueRequired\":true,\"valueName\":\"search_term_string\"}}],\"inLanguage\":\"es\"},{\"@type\":\"Person\",\"@id\":\"https:\\\/\\\/diarisanitat.cat\\\/recerca-en-salut\\\/#\\\/schema\\\/person\\\/9de78768f9e1608c4e3acede8e5f91c4\",\"name\":\"Redacci\u00f3\",\"image\":{\"@type\":\"ImageObject\",\"inLanguage\":\"es\",\"@id\":\"https:\\\/\\\/secure.gravatar.com\\\/avatar\\\/e952ad62e08be1daabaefebd12d26c1e5fbfd687693aaa066db2433a21638ad8?s=96&d=mm&r=g\",\"url\":\"https:\\\/\\\/secure.gravatar.com\\\/avatar\\\/e952ad62e08be1daabaefebd12d26c1e5fbfd687693aaa066db2433a21638ad8?s=96&d=mm&r=g\",\"contentUrl\":\"https:\\\/\\\/secure.gravatar.com\\\/avatar\\\/e952ad62e08be1daabaefebd12d26c1e5fbfd687693aaa066db2433a21638ad8?s=96&d=mm&r=g\",\"caption\":\"Redacci\u00f3\"},\"url\":\"https:\\\/\\\/diarisanitat.cat\\\/recerca-en-salut\\\/blog\\\/author\\\/npenin\\\/\"}]}<\/script>\n<!-- \/ Yoast SEO plugin. -->","yoast_head_json":{"title":"El Projecte TherVacB inicia l'assaig amb pacients per avan\u00e7ar en una estrat\u00e8gia curativa per a l'hepatitis B cr\u00f2nica - Recerca en salut","robots":{"index":"index","follow":"follow","max-snippet":"max-snippet:-1","max-image-preview":"max-image-preview:large","max-video-preview":"max-video-preview:-1"},"canonical":"https:\/\/diarisanitat.cat\/recerca-en-salut\/blog\/2025\/10\/03\/el-projecte-thervacb-inicia-lassaig-amb-pacients-per-avancar-en-una-estrategia-curativa-per-a-lhepatitis-b-cronica\/","og_locale":"es_ES","og_type":"article","og_title":"El Projecte TherVacB inicia l'assaig amb pacients per avan\u00e7ar en una estrat\u00e8gia curativa per a l'hepatitis B cr\u00f2nica - Recerca en salut","og_description":"La infecci\u00f3 cr\u00f2nica pel virus de l\u2019hepatitis B (VHB) continua sent una preocupaci\u00f3 important per a la salut mundial, afectant a uns 254 milions de persones arreu del m\u00f3n i contribuint a m\u00e9s d\u2019un mili\u00f3 de morts cada any per fallada hep\u00e0tica i c\u00e0ncer de fetge. Tot i que les ter\u00e0pies antivirals actuals poden suprimir","og_url":"https:\/\/diarisanitat.cat\/recerca-en-salut\/blog\/2025\/10\/03\/el-projecte-thervacb-inicia-lassaig-amb-pacients-per-avancar-en-una-estrategia-curativa-per-a-lhepatitis-b-cronica\/","og_site_name":"Recerca en salut","article_published_time":"2025-10-03T08:31:03+00:00","author":"Redacci\u00f3","twitter_card":"summary_large_image","twitter_misc":{"Escrito por":"Redacci\u00f3","Tiempo de lectura":"1 minuto"},"schema":{"@context":"https:\/\/schema.org","@graph":[{"@type":"Article","@id":"https:\/\/diarisanitat.cat\/recerca-en-salut\/blog\/2025\/10\/03\/el-projecte-thervacb-inicia-lassaig-amb-pacients-per-avancar-en-una-estrategia-curativa-per-a-lhepatitis-b-cronica\/#article","isPartOf":{"@id":"https:\/\/diarisanitat.cat\/recerca-en-salut\/blog\/2025\/10\/03\/el-projecte-thervacb-inicia-lassaig-amb-pacients-per-avancar-en-una-estrategia-curativa-per-a-lhepatitis-b-cronica\/"},"author":{"name":"Redacci\u00f3","@id":"https:\/\/diarisanitat.cat\/recerca-en-salut\/#\/schema\/person\/9de78768f9e1608c4e3acede8e5f91c4"},"headline":"El Projecte TherVacB inicia l&#8217;assaig amb pacients per avan\u00e7ar en una estrat\u00e8gia curativa per a l&#8217;hepatitis B cr\u00f2nica","datePublished":"2025-10-03T08:31:03+00:00","mainEntityOfPage":{"@id":"https:\/\/diarisanitat.cat\/recerca-en-salut\/blog\/2025\/10\/03\/el-projecte-thervacb-inicia-lassaig-amb-pacients-per-avancar-en-una-estrategia-curativa-per-a-lhepatitis-b-cronica\/"},"wordCount":123,"commentCount":0,"articleSection":["Uncategorized"],"inLanguage":"es","potentialAction":[{"@type":"CommentAction","name":"Comment","target":["https:\/\/diarisanitat.cat\/recerca-en-salut\/blog\/2025\/10\/03\/el-projecte-thervacb-inicia-lassaig-amb-pacients-per-avancar-en-una-estrategia-curativa-per-a-lhepatitis-b-cronica\/#respond"]}]},{"@type":"WebPage","@id":"https:\/\/diarisanitat.cat\/recerca-en-salut\/blog\/2025\/10\/03\/el-projecte-thervacb-inicia-lassaig-amb-pacients-per-avancar-en-una-estrategia-curativa-per-a-lhepatitis-b-cronica\/","url":"https:\/\/diarisanitat.cat\/recerca-en-salut\/blog\/2025\/10\/03\/el-projecte-thervacb-inicia-lassaig-amb-pacients-per-avancar-en-una-estrategia-curativa-per-a-lhepatitis-b-cronica\/","name":"El Projecte TherVacB inicia l'assaig amb pacients per avan\u00e7ar en una estrat\u00e8gia curativa per a l'hepatitis B cr\u00f2nica - Recerca en salut","isPartOf":{"@id":"https:\/\/diarisanitat.cat\/recerca-en-salut\/#website"},"datePublished":"2025-10-03T08:31:03+00:00","author":{"@id":"https:\/\/diarisanitat.cat\/recerca-en-salut\/#\/schema\/person\/9de78768f9e1608c4e3acede8e5f91c4"},"breadcrumb":{"@id":"https:\/\/diarisanitat.cat\/recerca-en-salut\/blog\/2025\/10\/03\/el-projecte-thervacb-inicia-lassaig-amb-pacients-per-avancar-en-una-estrategia-curativa-per-a-lhepatitis-b-cronica\/#breadcrumb"},"inLanguage":"es","potentialAction":[{"@type":"ReadAction","target":["https:\/\/diarisanitat.cat\/recerca-en-salut\/blog\/2025\/10\/03\/el-projecte-thervacb-inicia-lassaig-amb-pacients-per-avancar-en-una-estrategia-curativa-per-a-lhepatitis-b-cronica\/"]}]},{"@type":"BreadcrumbList","@id":"https:\/\/diarisanitat.cat\/recerca-en-salut\/blog\/2025\/10\/03\/el-projecte-thervacb-inicia-lassaig-amb-pacients-per-avancar-en-una-estrategia-curativa-per-a-lhepatitis-b-cronica\/#breadcrumb","itemListElement":[{"@type":"ListItem","position":1,"name":"Portada","item":"https:\/\/diarisanitat.cat\/recerca-en-salut\/"},{"@type":"ListItem","position":2,"name":"El Projecte TherVacB inicia l&#8217;assaig amb pacients per avan\u00e7ar en una estrat\u00e8gia curativa per a l&#8217;hepatitis B cr\u00f2nica"}]},{"@type":"WebSite","@id":"https:\/\/diarisanitat.cat\/recerca-en-salut\/#website","url":"https:\/\/diarisanitat.cat\/recerca-en-salut\/","name":"Recerca en salut","description":"","potentialAction":[{"@type":"SearchAction","target":{"@type":"EntryPoint","urlTemplate":"https:\/\/diarisanitat.cat\/recerca-en-salut\/?s={search_term_string}"},"query-input":{"@type":"PropertyValueSpecification","valueRequired":true,"valueName":"search_term_string"}}],"inLanguage":"es"},{"@type":"Person","@id":"https:\/\/diarisanitat.cat\/recerca-en-salut\/#\/schema\/person\/9de78768f9e1608c4e3acede8e5f91c4","name":"Redacci\u00f3","image":{"@type":"ImageObject","inLanguage":"es","@id":"https:\/\/secure.gravatar.com\/avatar\/e952ad62e08be1daabaefebd12d26c1e5fbfd687693aaa066db2433a21638ad8?s=96&d=mm&r=g","url":"https:\/\/secure.gravatar.com\/avatar\/e952ad62e08be1daabaefebd12d26c1e5fbfd687693aaa066db2433a21638ad8?s=96&d=mm&r=g","contentUrl":"https:\/\/secure.gravatar.com\/avatar\/e952ad62e08be1daabaefebd12d26c1e5fbfd687693aaa066db2433a21638ad8?s=96&d=mm&r=g","caption":"Redacci\u00f3"},"url":"https:\/\/diarisanitat.cat\/recerca-en-salut\/blog\/author\/npenin\/"}]}},"_links":{"self":[{"href":"https:\/\/diarisanitat.cat\/recerca-en-salut\/wp-json\/wp\/v2\/posts\/38794","targetHints":{"allow":["GET"]}}],"collection":[{"href":"https:\/\/diarisanitat.cat\/recerca-en-salut\/wp-json\/wp\/v2\/posts"}],"about":[{"href":"https:\/\/diarisanitat.cat\/recerca-en-salut\/wp-json\/wp\/v2\/types\/post"}],"author":[{"embeddable":true,"href":"https:\/\/diarisanitat.cat\/recerca-en-salut\/wp-json\/wp\/v2\/users\/1"}],"replies":[{"embeddable":true,"href":"https:\/\/diarisanitat.cat\/recerca-en-salut\/wp-json\/wp\/v2\/comments?post=38794"}],"version-history":[{"count":0,"href":"https:\/\/diarisanitat.cat\/recerca-en-salut\/wp-json\/wp\/v2\/posts\/38794\/revisions"}],"wp:attachment":[{"href":"https:\/\/diarisanitat.cat\/recerca-en-salut\/wp-json\/wp\/v2\/media?parent=38794"}],"wp:term":[{"taxonomy":"category","embeddable":true,"href":"https:\/\/diarisanitat.cat\/recerca-en-salut\/wp-json\/wp\/v2\/categories?post=38794"},{"taxonomy":"post_tag","embeddable":true,"href":"https:\/\/diarisanitat.cat\/recerca-en-salut\/wp-json\/wp\/v2\/tags?post=38794"},{"taxonomy":"tipo","embeddable":true,"href":"https:\/\/diarisanitat.cat\/recerca-en-salut\/wp-json\/wp\/v2\/tipo?post=38794"}],"curies":[{"name":"wp","href":"https:\/\/api.w.org\/{rel}","templated":true}]}}