{"id":38796,"date":"2025-10-07T10:30:50","date_gmt":"2025-10-07T10:30:50","guid":{"rendered":"https:\/\/diarisanitat.cat\/recerca-en-salut\/blog\/2025\/10\/07\/mes-de-100-glotoplasties-realitzades-consoliden-el-clinic-com-a-referent-en-la-feminitzacio-de-la-veu-per-a-dones-trans\/"},"modified":"2025-10-07T10:30:50","modified_gmt":"2025-10-07T10:30:50","slug":"mes-de-100-glotoplasties-realitzades-consoliden-el-clinic-com-a-referent-en-la-feminitzacio-de-la-veu-per-a-dones-trans","status":"publish","type":"post","link":"https:\/\/diarisanitat.cat\/recerca-en-salut\/blog\/2025\/10\/07\/mes-de-100-glotoplasties-realitzades-consoliden-el-clinic-com-a-referent-en-la-feminitzacio-de-la-veu-per-a-dones-trans\/","title":{"rendered":"M\u00e9s de 100 glotopl\u00e0sties realitzades consoliden el Cl\u00ednic com a referent en la feminitzaci\u00f3 de la veu per a dones trans"},"content":{"rendered":"<p>L\u2019Hospital Cl\u00ednic Barcelona \u00e9s l\u2019\u00fanic centre p\u00fablic de Catalunya que realitza la glotopl\u00e0stia, un procediment quir\u00fargic per a dones transsexuals que, combinat amb rehabilitaci\u00f3 logop\u00e8dica, els hi permet aconseguir una veu associada al g\u00e8nere femen\u00ed. Des de la implementaci\u00f3 del protocol, ara fa cinc anys, m\u00e9s de 100 pacients han optat per aquesta operaci\u00f3 a trav\u00e9s de la sanitat p\u00fablica. Una d\u2019elles, la S\u00edlvia P\u00e9rez, ens comparteix la seva hist\u00f2ria.&amp;nbsp;<\/p>","protected":false},"excerpt":{"rendered":"<p>L\u2019Hospital Cl\u00ednic Barcelona \u00e9s l\u2019\u00fanic centre p\u00fablic de Catalunya que realitza la glotopl\u00e0stia, un procediment quir\u00fargic per a dones transsexuals que, combinat amb rehabilitaci\u00f3 logop\u00e8dica, els hi permet aconseguir una veu associada al g\u00e8nere femen\u00ed. Des de la implementaci\u00f3 del protocol, ara fa cinc anys, m\u00e9s de 100 pacients han optat per aquesta operaci\u00f3 a<\/p>\n","protected":false},"author":1,"featured_media":0,"comment_status":"open","ping_status":"open","sticky":false,"template":"","format":"standard","meta":{"_acf_changed":false,"footnotes":""},"categories":[1],"tags":[],"tipo":[],"class_list":{"0":"post-38796","1":"post","2":"type-post","3":"status-publish","4":"format-standard","6":"category-uncategorized"},"acf":[],"yoast_head":"<!-- This site is optimized with the Yoast SEO plugin v27.5 - https:\/\/yoast.com\/product\/yoast-seo-wordpress\/ -->\n<title>M\u00e9s de 100 glotopl\u00e0sties realitzades consoliden el Cl\u00ednic com a referent en la feminitzaci\u00f3 de la veu per a dones trans - Recerca en salut<\/title>\n<meta name=\"robots\" content=\"index, follow, max-snippet:-1, max-image-preview:large, max-video-preview:-1\" \/>\n<link rel=\"canonical\" href=\"https:\/\/diarisanitat.cat\/recerca-en-salut\/blog\/2025\/10\/07\/mes-de-100-glotoplasties-realitzades-consoliden-el-clinic-com-a-referent-en-la-feminitzacio-de-la-veu-per-a-dones-trans\/\" \/>\n<meta property=\"og:locale\" content=\"es_ES\" \/>\n<meta property=\"og:type\" content=\"article\" \/>\n<meta property=\"og:title\" content=\"M\u00e9s de 100 glotopl\u00e0sties realitzades consoliden el Cl\u00ednic com a referent en la feminitzaci\u00f3 de la veu per a dones trans - Recerca en salut\" \/>\n<meta property=\"og:description\" content=\"L\u2019Hospital Cl\u00ednic Barcelona \u00e9s l\u2019\u00fanic centre p\u00fablic de Catalunya que realitza la glotopl\u00e0stia, un procediment quir\u00fargic per a dones transsexuals que, combinat amb rehabilitaci\u00f3 logop\u00e8dica, els hi permet aconseguir una veu associada al g\u00e8nere femen\u00ed. Des de la implementaci\u00f3 del protocol, ara fa cinc anys, m\u00e9s de 100 pacients han optat per aquesta operaci\u00f3 a\" \/>\n<meta property=\"og:url\" content=\"https:\/\/diarisanitat.cat\/recerca-en-salut\/blog\/2025\/10\/07\/mes-de-100-glotoplasties-realitzades-consoliden-el-clinic-com-a-referent-en-la-feminitzacio-de-la-veu-per-a-dones-trans\/\" \/>\n<meta property=\"og:site_name\" content=\"Recerca en salut\" \/>\n<meta property=\"article:published_time\" content=\"2025-10-07T10:30:50+00:00\" \/>\n<meta name=\"author\" content=\"Redacci\u00f3\" \/>\n<meta name=\"twitter:card\" content=\"summary_large_image\" \/>\n<meta name=\"twitter:label1\" content=\"Escrito por\" \/>\n\t<meta name=\"twitter:data1\" content=\"Redacci\u00f3\" \/>\n<script type=\"application\/ld+json\" class=\"yoast-schema-graph\">{\"@context\":\"https:\\\/\\\/schema.org\",\"@graph\":[{\"@type\":\"Article\",\"@id\":\"https:\\\/\\\/diarisanitat.cat\\\/recerca-en-salut\\\/blog\\\/2025\\\/10\\\/07\\\/mes-de-100-glotoplasties-realitzades-consoliden-el-clinic-com-a-referent-en-la-feminitzacio-de-la-veu-per-a-dones-trans\\\/#article\",\"isPartOf\":{\"@id\":\"https:\\\/\\\/diarisanitat.cat\\\/recerca-en-salut\\\/blog\\\/2025\\\/10\\\/07\\\/mes-de-100-glotoplasties-realitzades-consoliden-el-clinic-com-a-referent-en-la-feminitzacio-de-la-veu-per-a-dones-trans\\\/\"},\"author\":{\"name\":\"Redacci\u00f3\",\"@id\":\"https:\\\/\\\/diarisanitat.cat\\\/recerca-en-salut\\\/#\\\/schema\\\/person\\\/9de78768f9e1608c4e3acede8e5f91c4\"},\"headline\":\"M\u00e9s de 100 glotopl\u00e0sties realitzades consoliden el Cl\u00ednic com a referent en la feminitzaci\u00f3 de la veu per a dones trans\",\"datePublished\":\"2025-10-07T10:30:50+00:00\",\"mainEntityOfPage\":{\"@id\":\"https:\\\/\\\/diarisanitat.cat\\\/recerca-en-salut\\\/blog\\\/2025\\\/10\\\/07\\\/mes-de-100-glotoplasties-realitzades-consoliden-el-clinic-com-a-referent-en-la-feminitzacio-de-la-veu-per-a-dones-trans\\\/\"},\"wordCount\":109,\"commentCount\":0,\"articleSection\":[\"Uncategorized\"],\"inLanguage\":\"es\",\"potentialAction\":[{\"@type\":\"CommentAction\",\"name\":\"Comment\",\"target\":[\"https:\\\/\\\/diarisanitat.cat\\\/recerca-en-salut\\\/blog\\\/2025\\\/10\\\/07\\\/mes-de-100-glotoplasties-realitzades-consoliden-el-clinic-com-a-referent-en-la-feminitzacio-de-la-veu-per-a-dones-trans\\\/#respond\"]}]},{\"@type\":\"WebPage\",\"@id\":\"https:\\\/\\\/diarisanitat.cat\\\/recerca-en-salut\\\/blog\\\/2025\\\/10\\\/07\\\/mes-de-100-glotoplasties-realitzades-consoliden-el-clinic-com-a-referent-en-la-feminitzacio-de-la-veu-per-a-dones-trans\\\/\",\"url\":\"https:\\\/\\\/diarisanitat.cat\\\/recerca-en-salut\\\/blog\\\/2025\\\/10\\\/07\\\/mes-de-100-glotoplasties-realitzades-consoliden-el-clinic-com-a-referent-en-la-feminitzacio-de-la-veu-per-a-dones-trans\\\/\",\"name\":\"M\u00e9s de 100 glotopl\u00e0sties realitzades consoliden el Cl\u00ednic com a referent en la feminitzaci\u00f3 de la veu per a dones trans - Recerca en salut\",\"isPartOf\":{\"@id\":\"https:\\\/\\\/diarisanitat.cat\\\/recerca-en-salut\\\/#website\"},\"datePublished\":\"2025-10-07T10:30:50+00:00\",\"author\":{\"@id\":\"https:\\\/\\\/diarisanitat.cat\\\/recerca-en-salut\\\/#\\\/schema\\\/person\\\/9de78768f9e1608c4e3acede8e5f91c4\"},\"breadcrumb\":{\"@id\":\"https:\\\/\\\/diarisanitat.cat\\\/recerca-en-salut\\\/blog\\\/2025\\\/10\\\/07\\\/mes-de-100-glotoplasties-realitzades-consoliden-el-clinic-com-a-referent-en-la-feminitzacio-de-la-veu-per-a-dones-trans\\\/#breadcrumb\"},\"inLanguage\":\"es\",\"potentialAction\":[{\"@type\":\"ReadAction\",\"target\":[\"https:\\\/\\\/diarisanitat.cat\\\/recerca-en-salut\\\/blog\\\/2025\\\/10\\\/07\\\/mes-de-100-glotoplasties-realitzades-consoliden-el-clinic-com-a-referent-en-la-feminitzacio-de-la-veu-per-a-dones-trans\\\/\"]}]},{\"@type\":\"BreadcrumbList\",\"@id\":\"https:\\\/\\\/diarisanitat.cat\\\/recerca-en-salut\\\/blog\\\/2025\\\/10\\\/07\\\/mes-de-100-glotoplasties-realitzades-consoliden-el-clinic-com-a-referent-en-la-feminitzacio-de-la-veu-per-a-dones-trans\\\/#breadcrumb\",\"itemListElement\":[{\"@type\":\"ListItem\",\"position\":1,\"name\":\"Portada\",\"item\":\"https:\\\/\\\/diarisanitat.cat\\\/recerca-en-salut\\\/\"},{\"@type\":\"ListItem\",\"position\":2,\"name\":\"M\u00e9s de 100 glotopl\u00e0sties realitzades consoliden el Cl\u00ednic com a referent en la feminitzaci\u00f3 de la veu per a dones trans\"}]},{\"@type\":\"WebSite\",\"@id\":\"https:\\\/\\\/diarisanitat.cat\\\/recerca-en-salut\\\/#website\",\"url\":\"https:\\\/\\\/diarisanitat.cat\\\/recerca-en-salut\\\/\",\"name\":\"Recerca en salut\",\"description\":\"\",\"potentialAction\":[{\"@type\":\"SearchAction\",\"target\":{\"@type\":\"EntryPoint\",\"urlTemplate\":\"https:\\\/\\\/diarisanitat.cat\\\/recerca-en-salut\\\/?s={search_term_string}\"},\"query-input\":{\"@type\":\"PropertyValueSpecification\",\"valueRequired\":true,\"valueName\":\"search_term_string\"}}],\"inLanguage\":\"es\"},{\"@type\":\"Person\",\"@id\":\"https:\\\/\\\/diarisanitat.cat\\\/recerca-en-salut\\\/#\\\/schema\\\/person\\\/9de78768f9e1608c4e3acede8e5f91c4\",\"name\":\"Redacci\u00f3\",\"image\":{\"@type\":\"ImageObject\",\"inLanguage\":\"es\",\"@id\":\"https:\\\/\\\/secure.gravatar.com\\\/avatar\\\/e952ad62e08be1daabaefebd12d26c1e5fbfd687693aaa066db2433a21638ad8?s=96&d=mm&r=g\",\"url\":\"https:\\\/\\\/secure.gravatar.com\\\/avatar\\\/e952ad62e08be1daabaefebd12d26c1e5fbfd687693aaa066db2433a21638ad8?s=96&d=mm&r=g\",\"contentUrl\":\"https:\\\/\\\/secure.gravatar.com\\\/avatar\\\/e952ad62e08be1daabaefebd12d26c1e5fbfd687693aaa066db2433a21638ad8?s=96&d=mm&r=g\",\"caption\":\"Redacci\u00f3\"},\"url\":\"https:\\\/\\\/diarisanitat.cat\\\/recerca-en-salut\\\/blog\\\/author\\\/npenin\\\/\"}]}<\/script>\n<!-- \/ Yoast SEO plugin. -->","yoast_head_json":{"title":"M\u00e9s de 100 glotopl\u00e0sties realitzades consoliden el Cl\u00ednic com a referent en la feminitzaci\u00f3 de la veu per a dones trans - Recerca en salut","robots":{"index":"index","follow":"follow","max-snippet":"max-snippet:-1","max-image-preview":"max-image-preview:large","max-video-preview":"max-video-preview:-1"},"canonical":"https:\/\/diarisanitat.cat\/recerca-en-salut\/blog\/2025\/10\/07\/mes-de-100-glotoplasties-realitzades-consoliden-el-clinic-com-a-referent-en-la-feminitzacio-de-la-veu-per-a-dones-trans\/","og_locale":"es_ES","og_type":"article","og_title":"M\u00e9s de 100 glotopl\u00e0sties realitzades consoliden el Cl\u00ednic com a referent en la feminitzaci\u00f3 de la veu per a dones trans - Recerca en salut","og_description":"L\u2019Hospital Cl\u00ednic Barcelona \u00e9s l\u2019\u00fanic centre p\u00fablic de Catalunya que realitza la glotopl\u00e0stia, un procediment quir\u00fargic per a dones transsexuals que, combinat amb rehabilitaci\u00f3 logop\u00e8dica, els hi permet aconseguir una veu associada al g\u00e8nere femen\u00ed. Des de la implementaci\u00f3 del protocol, ara fa cinc anys, m\u00e9s de 100 pacients han optat per aquesta operaci\u00f3 a","og_url":"https:\/\/diarisanitat.cat\/recerca-en-salut\/blog\/2025\/10\/07\/mes-de-100-glotoplasties-realitzades-consoliden-el-clinic-com-a-referent-en-la-feminitzacio-de-la-veu-per-a-dones-trans\/","og_site_name":"Recerca en salut","article_published_time":"2025-10-07T10:30:50+00:00","author":"Redacci\u00f3","twitter_card":"summary_large_image","twitter_misc":{"Escrito por":"Redacci\u00f3"},"schema":{"@context":"https:\/\/schema.org","@graph":[{"@type":"Article","@id":"https:\/\/diarisanitat.cat\/recerca-en-salut\/blog\/2025\/10\/07\/mes-de-100-glotoplasties-realitzades-consoliden-el-clinic-com-a-referent-en-la-feminitzacio-de-la-veu-per-a-dones-trans\/#article","isPartOf":{"@id":"https:\/\/diarisanitat.cat\/recerca-en-salut\/blog\/2025\/10\/07\/mes-de-100-glotoplasties-realitzades-consoliden-el-clinic-com-a-referent-en-la-feminitzacio-de-la-veu-per-a-dones-trans\/"},"author":{"name":"Redacci\u00f3","@id":"https:\/\/diarisanitat.cat\/recerca-en-salut\/#\/schema\/person\/9de78768f9e1608c4e3acede8e5f91c4"},"headline":"M\u00e9s de 100 glotopl\u00e0sties realitzades consoliden el Cl\u00ednic com a referent en la feminitzaci\u00f3 de la veu per a dones trans","datePublished":"2025-10-07T10:30:50+00:00","mainEntityOfPage":{"@id":"https:\/\/diarisanitat.cat\/recerca-en-salut\/blog\/2025\/10\/07\/mes-de-100-glotoplasties-realitzades-consoliden-el-clinic-com-a-referent-en-la-feminitzacio-de-la-veu-per-a-dones-trans\/"},"wordCount":109,"commentCount":0,"articleSection":["Uncategorized"],"inLanguage":"es","potentialAction":[{"@type":"CommentAction","name":"Comment","target":["https:\/\/diarisanitat.cat\/recerca-en-salut\/blog\/2025\/10\/07\/mes-de-100-glotoplasties-realitzades-consoliden-el-clinic-com-a-referent-en-la-feminitzacio-de-la-veu-per-a-dones-trans\/#respond"]}]},{"@type":"WebPage","@id":"https:\/\/diarisanitat.cat\/recerca-en-salut\/blog\/2025\/10\/07\/mes-de-100-glotoplasties-realitzades-consoliden-el-clinic-com-a-referent-en-la-feminitzacio-de-la-veu-per-a-dones-trans\/","url":"https:\/\/diarisanitat.cat\/recerca-en-salut\/blog\/2025\/10\/07\/mes-de-100-glotoplasties-realitzades-consoliden-el-clinic-com-a-referent-en-la-feminitzacio-de-la-veu-per-a-dones-trans\/","name":"M\u00e9s de 100 glotopl\u00e0sties realitzades consoliden el Cl\u00ednic com a referent en la feminitzaci\u00f3 de la veu per a dones trans - Recerca en salut","isPartOf":{"@id":"https:\/\/diarisanitat.cat\/recerca-en-salut\/#website"},"datePublished":"2025-10-07T10:30:50+00:00","author":{"@id":"https:\/\/diarisanitat.cat\/recerca-en-salut\/#\/schema\/person\/9de78768f9e1608c4e3acede8e5f91c4"},"breadcrumb":{"@id":"https:\/\/diarisanitat.cat\/recerca-en-salut\/blog\/2025\/10\/07\/mes-de-100-glotoplasties-realitzades-consoliden-el-clinic-com-a-referent-en-la-feminitzacio-de-la-veu-per-a-dones-trans\/#breadcrumb"},"inLanguage":"es","potentialAction":[{"@type":"ReadAction","target":["https:\/\/diarisanitat.cat\/recerca-en-salut\/blog\/2025\/10\/07\/mes-de-100-glotoplasties-realitzades-consoliden-el-clinic-com-a-referent-en-la-feminitzacio-de-la-veu-per-a-dones-trans\/"]}]},{"@type":"BreadcrumbList","@id":"https:\/\/diarisanitat.cat\/recerca-en-salut\/blog\/2025\/10\/07\/mes-de-100-glotoplasties-realitzades-consoliden-el-clinic-com-a-referent-en-la-feminitzacio-de-la-veu-per-a-dones-trans\/#breadcrumb","itemListElement":[{"@type":"ListItem","position":1,"name":"Portada","item":"https:\/\/diarisanitat.cat\/recerca-en-salut\/"},{"@type":"ListItem","position":2,"name":"M\u00e9s de 100 glotopl\u00e0sties realitzades consoliden el Cl\u00ednic com a referent en la feminitzaci\u00f3 de la veu per a dones trans"}]},{"@type":"WebSite","@id":"https:\/\/diarisanitat.cat\/recerca-en-salut\/#website","url":"https:\/\/diarisanitat.cat\/recerca-en-salut\/","name":"Recerca en salut","description":"","potentialAction":[{"@type":"SearchAction","target":{"@type":"EntryPoint","urlTemplate":"https:\/\/diarisanitat.cat\/recerca-en-salut\/?s={search_term_string}"},"query-input":{"@type":"PropertyValueSpecification","valueRequired":true,"valueName":"search_term_string"}}],"inLanguage":"es"},{"@type":"Person","@id":"https:\/\/diarisanitat.cat\/recerca-en-salut\/#\/schema\/person\/9de78768f9e1608c4e3acede8e5f91c4","name":"Redacci\u00f3","image":{"@type":"ImageObject","inLanguage":"es","@id":"https:\/\/secure.gravatar.com\/avatar\/e952ad62e08be1daabaefebd12d26c1e5fbfd687693aaa066db2433a21638ad8?s=96&d=mm&r=g","url":"https:\/\/secure.gravatar.com\/avatar\/e952ad62e08be1daabaefebd12d26c1e5fbfd687693aaa066db2433a21638ad8?s=96&d=mm&r=g","contentUrl":"https:\/\/secure.gravatar.com\/avatar\/e952ad62e08be1daabaefebd12d26c1e5fbfd687693aaa066db2433a21638ad8?s=96&d=mm&r=g","caption":"Redacci\u00f3"},"url":"https:\/\/diarisanitat.cat\/recerca-en-salut\/blog\/author\/npenin\/"}]}},"_links":{"self":[{"href":"https:\/\/diarisanitat.cat\/recerca-en-salut\/wp-json\/wp\/v2\/posts\/38796","targetHints":{"allow":["GET"]}}],"collection":[{"href":"https:\/\/diarisanitat.cat\/recerca-en-salut\/wp-json\/wp\/v2\/posts"}],"about":[{"href":"https:\/\/diarisanitat.cat\/recerca-en-salut\/wp-json\/wp\/v2\/types\/post"}],"author":[{"embeddable":true,"href":"https:\/\/diarisanitat.cat\/recerca-en-salut\/wp-json\/wp\/v2\/users\/1"}],"replies":[{"embeddable":true,"href":"https:\/\/diarisanitat.cat\/recerca-en-salut\/wp-json\/wp\/v2\/comments?post=38796"}],"version-history":[{"count":0,"href":"https:\/\/diarisanitat.cat\/recerca-en-salut\/wp-json\/wp\/v2\/posts\/38796\/revisions"}],"wp:attachment":[{"href":"https:\/\/diarisanitat.cat\/recerca-en-salut\/wp-json\/wp\/v2\/media?parent=38796"}],"wp:term":[{"taxonomy":"category","embeddable":true,"href":"https:\/\/diarisanitat.cat\/recerca-en-salut\/wp-json\/wp\/v2\/categories?post=38796"},{"taxonomy":"post_tag","embeddable":true,"href":"https:\/\/diarisanitat.cat\/recerca-en-salut\/wp-json\/wp\/v2\/tags?post=38796"},{"taxonomy":"tipo","embeddable":true,"href":"https:\/\/diarisanitat.cat\/recerca-en-salut\/wp-json\/wp\/v2\/tipo?post=38796"}],"curies":[{"name":"wp","href":"https:\/\/api.w.org\/{rel}","templated":true}]}}