{"id":38798,"date":"2025-10-09T07:33:45","date_gmt":"2025-10-09T07:33:45","guid":{"rendered":"https:\/\/diarisanitat.cat\/recerca-en-salut\/blog\/2025\/10\/09\/la-dra-marta-pazos-nova-directora-de-linstitut-clinic-doftalmologia\/"},"modified":"2025-10-09T07:33:45","modified_gmt":"2025-10-09T07:33:45","slug":"la-dra-marta-pazos-nova-directora-de-linstitut-clinic-doftalmologia","status":"publish","type":"post","link":"https:\/\/diarisanitat.cat\/recerca-en-salut\/blog\/2025\/10\/09\/la-dra-marta-pazos-nova-directora-de-linstitut-clinic-doftalmologia\/","title":{"rendered":"La Dra. Marta Pazos, nova directora de l\u2019Institut Cl\u00ednic d\u2019Oftalmologia"},"content":{"rendered":"<p>La Dra. Marta Pazos ha estat nomenada directora de l\u2019Institut Cl\u00ednic d\u2019Oftalmologia (ICOF) de l\u2019Hospital Cl\u00ednic Barcelona. Especialista en glaucoma, combina l\u2019activitat cl\u00ednica amb la doc\u00e8ncia i la recerca. \u00c9s Professora Associada de la Facultat de Medicina i Ci\u00e8ncies de la Salut de la Universitat de Barcelona i investigadora del grup d\u2019inflamaci\u00f3 ocular de l\u2019IDIBAPS.<\/p>","protected":false},"excerpt":{"rendered":"<p>La Dra. Marta Pazos ha estat nomenada directora de l\u2019Institut Cl\u00ednic d\u2019Oftalmologia (ICOF) de l\u2019Hospital Cl\u00ednic Barcelona. Especialista en glaucoma, combina l\u2019activitat cl\u00ednica amb la doc\u00e8ncia i la recerca. \u00c9s Professora Associada de la Facultat de Medicina i Ci\u00e8ncies de la Salut de la Universitat de Barcelona i investigadora del grup d\u2019inflamaci\u00f3 ocular de l\u2019IDIBAPS.<\/p>\n","protected":false},"author":1,"featured_media":0,"comment_status":"open","ping_status":"open","sticky":false,"template":"","format":"standard","meta":{"_acf_changed":false,"footnotes":""},"categories":[1],"tags":[],"tipo":[],"class_list":{"0":"post-38798","1":"post","2":"type-post","3":"status-publish","4":"format-standard","6":"category-uncategorized"},"acf":[],"yoast_head":"<!-- This site is optimized with the Yoast SEO plugin v27.5 - https:\/\/yoast.com\/product\/yoast-seo-wordpress\/ -->\n<title>La Dra. Marta Pazos, nova directora de l\u2019Institut Cl\u00ednic d\u2019Oftalmologia - Recerca en salut<\/title>\n<meta name=\"robots\" content=\"index, follow, max-snippet:-1, max-image-preview:large, max-video-preview:-1\" \/>\n<link rel=\"canonical\" href=\"https:\/\/diarisanitat.cat\/recerca-en-salut\/blog\/2025\/10\/09\/la-dra-marta-pazos-nova-directora-de-linstitut-clinic-doftalmologia\/\" \/>\n<meta property=\"og:locale\" content=\"es_ES\" \/>\n<meta property=\"og:type\" content=\"article\" \/>\n<meta property=\"og:title\" content=\"La Dra. Marta Pazos, nova directora de l\u2019Institut Cl\u00ednic d\u2019Oftalmologia - Recerca en salut\" \/>\n<meta property=\"og:description\" content=\"La Dra. Marta Pazos ha estat nomenada directora de l\u2019Institut Cl\u00ednic d\u2019Oftalmologia (ICOF) de l\u2019Hospital Cl\u00ednic Barcelona. Especialista en glaucoma, combina l\u2019activitat cl\u00ednica amb la doc\u00e8ncia i la recerca. \u00c9s Professora Associada de la Facultat de Medicina i Ci\u00e8ncies de la Salut de la Universitat de Barcelona i investigadora del grup d\u2019inflamaci\u00f3 ocular de l\u2019IDIBAPS.\" \/>\n<meta property=\"og:url\" content=\"https:\/\/diarisanitat.cat\/recerca-en-salut\/blog\/2025\/10\/09\/la-dra-marta-pazos-nova-directora-de-linstitut-clinic-doftalmologia\/\" \/>\n<meta property=\"og:site_name\" content=\"Recerca en salut\" \/>\n<meta property=\"article:published_time\" content=\"2025-10-09T07:33:45+00:00\" \/>\n<meta name=\"author\" content=\"Redacci\u00f3\" \/>\n<meta name=\"twitter:card\" content=\"summary_large_image\" \/>\n<meta name=\"twitter:label1\" content=\"Escrito por\" \/>\n\t<meta name=\"twitter:data1\" content=\"Redacci\u00f3\" \/>\n<script type=\"application\/ld+json\" class=\"yoast-schema-graph\">{\"@context\":\"https:\\\/\\\/schema.org\",\"@graph\":[{\"@type\":\"Article\",\"@id\":\"https:\\\/\\\/diarisanitat.cat\\\/recerca-en-salut\\\/blog\\\/2025\\\/10\\\/09\\\/la-dra-marta-pazos-nova-directora-de-linstitut-clinic-doftalmologia\\\/#article\",\"isPartOf\":{\"@id\":\"https:\\\/\\\/diarisanitat.cat\\\/recerca-en-salut\\\/blog\\\/2025\\\/10\\\/09\\\/la-dra-marta-pazos-nova-directora-de-linstitut-clinic-doftalmologia\\\/\"},\"author\":{\"name\":\"Redacci\u00f3\",\"@id\":\"https:\\\/\\\/diarisanitat.cat\\\/recerca-en-salut\\\/#\\\/schema\\\/person\\\/9de78768f9e1608c4e3acede8e5f91c4\"},\"headline\":\"La Dra. Marta Pazos, nova directora de l\u2019Institut Cl\u00ednic d\u2019Oftalmologia\",\"datePublished\":\"2025-10-09T07:33:45+00:00\",\"mainEntityOfPage\":{\"@id\":\"https:\\\/\\\/diarisanitat.cat\\\/recerca-en-salut\\\/blog\\\/2025\\\/10\\\/09\\\/la-dra-marta-pazos-nova-directora-de-linstitut-clinic-doftalmologia\\\/\"},\"wordCount\":79,\"commentCount\":0,\"articleSection\":[\"Uncategorized\"],\"inLanguage\":\"es\",\"potentialAction\":[{\"@type\":\"CommentAction\",\"name\":\"Comment\",\"target\":[\"https:\\\/\\\/diarisanitat.cat\\\/recerca-en-salut\\\/blog\\\/2025\\\/10\\\/09\\\/la-dra-marta-pazos-nova-directora-de-linstitut-clinic-doftalmologia\\\/#respond\"]}]},{\"@type\":\"WebPage\",\"@id\":\"https:\\\/\\\/diarisanitat.cat\\\/recerca-en-salut\\\/blog\\\/2025\\\/10\\\/09\\\/la-dra-marta-pazos-nova-directora-de-linstitut-clinic-doftalmologia\\\/\",\"url\":\"https:\\\/\\\/diarisanitat.cat\\\/recerca-en-salut\\\/blog\\\/2025\\\/10\\\/09\\\/la-dra-marta-pazos-nova-directora-de-linstitut-clinic-doftalmologia\\\/\",\"name\":\"La Dra. Marta Pazos, nova directora de l\u2019Institut Cl\u00ednic d\u2019Oftalmologia - Recerca en salut\",\"isPartOf\":{\"@id\":\"https:\\\/\\\/diarisanitat.cat\\\/recerca-en-salut\\\/#website\"},\"datePublished\":\"2025-10-09T07:33:45+00:00\",\"author\":{\"@id\":\"https:\\\/\\\/diarisanitat.cat\\\/recerca-en-salut\\\/#\\\/schema\\\/person\\\/9de78768f9e1608c4e3acede8e5f91c4\"},\"breadcrumb\":{\"@id\":\"https:\\\/\\\/diarisanitat.cat\\\/recerca-en-salut\\\/blog\\\/2025\\\/10\\\/09\\\/la-dra-marta-pazos-nova-directora-de-linstitut-clinic-doftalmologia\\\/#breadcrumb\"},\"inLanguage\":\"es\",\"potentialAction\":[{\"@type\":\"ReadAction\",\"target\":[\"https:\\\/\\\/diarisanitat.cat\\\/recerca-en-salut\\\/blog\\\/2025\\\/10\\\/09\\\/la-dra-marta-pazos-nova-directora-de-linstitut-clinic-doftalmologia\\\/\"]}]},{\"@type\":\"BreadcrumbList\",\"@id\":\"https:\\\/\\\/diarisanitat.cat\\\/recerca-en-salut\\\/blog\\\/2025\\\/10\\\/09\\\/la-dra-marta-pazos-nova-directora-de-linstitut-clinic-doftalmologia\\\/#breadcrumb\",\"itemListElement\":[{\"@type\":\"ListItem\",\"position\":1,\"name\":\"Portada\",\"item\":\"https:\\\/\\\/diarisanitat.cat\\\/recerca-en-salut\\\/\"},{\"@type\":\"ListItem\",\"position\":2,\"name\":\"La Dra. Marta Pazos, nova directora de l\u2019Institut Cl\u00ednic d\u2019Oftalmologia\"}]},{\"@type\":\"WebSite\",\"@id\":\"https:\\\/\\\/diarisanitat.cat\\\/recerca-en-salut\\\/#website\",\"url\":\"https:\\\/\\\/diarisanitat.cat\\\/recerca-en-salut\\\/\",\"name\":\"Recerca en salut\",\"description\":\"\",\"potentialAction\":[{\"@type\":\"SearchAction\",\"target\":{\"@type\":\"EntryPoint\",\"urlTemplate\":\"https:\\\/\\\/diarisanitat.cat\\\/recerca-en-salut\\\/?s={search_term_string}\"},\"query-input\":{\"@type\":\"PropertyValueSpecification\",\"valueRequired\":true,\"valueName\":\"search_term_string\"}}],\"inLanguage\":\"es\"},{\"@type\":\"Person\",\"@id\":\"https:\\\/\\\/diarisanitat.cat\\\/recerca-en-salut\\\/#\\\/schema\\\/person\\\/9de78768f9e1608c4e3acede8e5f91c4\",\"name\":\"Redacci\u00f3\",\"image\":{\"@type\":\"ImageObject\",\"inLanguage\":\"es\",\"@id\":\"https:\\\/\\\/secure.gravatar.com\\\/avatar\\\/e952ad62e08be1daabaefebd12d26c1e5fbfd687693aaa066db2433a21638ad8?s=96&d=mm&r=g\",\"url\":\"https:\\\/\\\/secure.gravatar.com\\\/avatar\\\/e952ad62e08be1daabaefebd12d26c1e5fbfd687693aaa066db2433a21638ad8?s=96&d=mm&r=g\",\"contentUrl\":\"https:\\\/\\\/secure.gravatar.com\\\/avatar\\\/e952ad62e08be1daabaefebd12d26c1e5fbfd687693aaa066db2433a21638ad8?s=96&d=mm&r=g\",\"caption\":\"Redacci\u00f3\"},\"url\":\"https:\\\/\\\/diarisanitat.cat\\\/recerca-en-salut\\\/blog\\\/author\\\/npenin\\\/\"}]}<\/script>\n<!-- \/ Yoast SEO plugin. -->","yoast_head_json":{"title":"La Dra. Marta Pazos, nova directora de l\u2019Institut Cl\u00ednic d\u2019Oftalmologia - Recerca en salut","robots":{"index":"index","follow":"follow","max-snippet":"max-snippet:-1","max-image-preview":"max-image-preview:large","max-video-preview":"max-video-preview:-1"},"canonical":"https:\/\/diarisanitat.cat\/recerca-en-salut\/blog\/2025\/10\/09\/la-dra-marta-pazos-nova-directora-de-linstitut-clinic-doftalmologia\/","og_locale":"es_ES","og_type":"article","og_title":"La Dra. Marta Pazos, nova directora de l\u2019Institut Cl\u00ednic d\u2019Oftalmologia - Recerca en salut","og_description":"La Dra. Marta Pazos ha estat nomenada directora de l\u2019Institut Cl\u00ednic d\u2019Oftalmologia (ICOF) de l\u2019Hospital Cl\u00ednic Barcelona. Especialista en glaucoma, combina l\u2019activitat cl\u00ednica amb la doc\u00e8ncia i la recerca. \u00c9s Professora Associada de la Facultat de Medicina i Ci\u00e8ncies de la Salut de la Universitat de Barcelona i investigadora del grup d\u2019inflamaci\u00f3 ocular de l\u2019IDIBAPS.","og_url":"https:\/\/diarisanitat.cat\/recerca-en-salut\/blog\/2025\/10\/09\/la-dra-marta-pazos-nova-directora-de-linstitut-clinic-doftalmologia\/","og_site_name":"Recerca en salut","article_published_time":"2025-10-09T07:33:45+00:00","author":"Redacci\u00f3","twitter_card":"summary_large_image","twitter_misc":{"Escrito por":"Redacci\u00f3"},"schema":{"@context":"https:\/\/schema.org","@graph":[{"@type":"Article","@id":"https:\/\/diarisanitat.cat\/recerca-en-salut\/blog\/2025\/10\/09\/la-dra-marta-pazos-nova-directora-de-linstitut-clinic-doftalmologia\/#article","isPartOf":{"@id":"https:\/\/diarisanitat.cat\/recerca-en-salut\/blog\/2025\/10\/09\/la-dra-marta-pazos-nova-directora-de-linstitut-clinic-doftalmologia\/"},"author":{"name":"Redacci\u00f3","@id":"https:\/\/diarisanitat.cat\/recerca-en-salut\/#\/schema\/person\/9de78768f9e1608c4e3acede8e5f91c4"},"headline":"La Dra. Marta Pazos, nova directora de l\u2019Institut Cl\u00ednic d\u2019Oftalmologia","datePublished":"2025-10-09T07:33:45+00:00","mainEntityOfPage":{"@id":"https:\/\/diarisanitat.cat\/recerca-en-salut\/blog\/2025\/10\/09\/la-dra-marta-pazos-nova-directora-de-linstitut-clinic-doftalmologia\/"},"wordCount":79,"commentCount":0,"articleSection":["Uncategorized"],"inLanguage":"es","potentialAction":[{"@type":"CommentAction","name":"Comment","target":["https:\/\/diarisanitat.cat\/recerca-en-salut\/blog\/2025\/10\/09\/la-dra-marta-pazos-nova-directora-de-linstitut-clinic-doftalmologia\/#respond"]}]},{"@type":"WebPage","@id":"https:\/\/diarisanitat.cat\/recerca-en-salut\/blog\/2025\/10\/09\/la-dra-marta-pazos-nova-directora-de-linstitut-clinic-doftalmologia\/","url":"https:\/\/diarisanitat.cat\/recerca-en-salut\/blog\/2025\/10\/09\/la-dra-marta-pazos-nova-directora-de-linstitut-clinic-doftalmologia\/","name":"La Dra. Marta Pazos, nova directora de l\u2019Institut Cl\u00ednic d\u2019Oftalmologia - Recerca en salut","isPartOf":{"@id":"https:\/\/diarisanitat.cat\/recerca-en-salut\/#website"},"datePublished":"2025-10-09T07:33:45+00:00","author":{"@id":"https:\/\/diarisanitat.cat\/recerca-en-salut\/#\/schema\/person\/9de78768f9e1608c4e3acede8e5f91c4"},"breadcrumb":{"@id":"https:\/\/diarisanitat.cat\/recerca-en-salut\/blog\/2025\/10\/09\/la-dra-marta-pazos-nova-directora-de-linstitut-clinic-doftalmologia\/#breadcrumb"},"inLanguage":"es","potentialAction":[{"@type":"ReadAction","target":["https:\/\/diarisanitat.cat\/recerca-en-salut\/blog\/2025\/10\/09\/la-dra-marta-pazos-nova-directora-de-linstitut-clinic-doftalmologia\/"]}]},{"@type":"BreadcrumbList","@id":"https:\/\/diarisanitat.cat\/recerca-en-salut\/blog\/2025\/10\/09\/la-dra-marta-pazos-nova-directora-de-linstitut-clinic-doftalmologia\/#breadcrumb","itemListElement":[{"@type":"ListItem","position":1,"name":"Portada","item":"https:\/\/diarisanitat.cat\/recerca-en-salut\/"},{"@type":"ListItem","position":2,"name":"La Dra. Marta Pazos, nova directora de l\u2019Institut Cl\u00ednic d\u2019Oftalmologia"}]},{"@type":"WebSite","@id":"https:\/\/diarisanitat.cat\/recerca-en-salut\/#website","url":"https:\/\/diarisanitat.cat\/recerca-en-salut\/","name":"Recerca en salut","description":"","potentialAction":[{"@type":"SearchAction","target":{"@type":"EntryPoint","urlTemplate":"https:\/\/diarisanitat.cat\/recerca-en-salut\/?s={search_term_string}"},"query-input":{"@type":"PropertyValueSpecification","valueRequired":true,"valueName":"search_term_string"}}],"inLanguage":"es"},{"@type":"Person","@id":"https:\/\/diarisanitat.cat\/recerca-en-salut\/#\/schema\/person\/9de78768f9e1608c4e3acede8e5f91c4","name":"Redacci\u00f3","image":{"@type":"ImageObject","inLanguage":"es","@id":"https:\/\/secure.gravatar.com\/avatar\/e952ad62e08be1daabaefebd12d26c1e5fbfd687693aaa066db2433a21638ad8?s=96&d=mm&r=g","url":"https:\/\/secure.gravatar.com\/avatar\/e952ad62e08be1daabaefebd12d26c1e5fbfd687693aaa066db2433a21638ad8?s=96&d=mm&r=g","contentUrl":"https:\/\/secure.gravatar.com\/avatar\/e952ad62e08be1daabaefebd12d26c1e5fbfd687693aaa066db2433a21638ad8?s=96&d=mm&r=g","caption":"Redacci\u00f3"},"url":"https:\/\/diarisanitat.cat\/recerca-en-salut\/blog\/author\/npenin\/"}]}},"_links":{"self":[{"href":"https:\/\/diarisanitat.cat\/recerca-en-salut\/wp-json\/wp\/v2\/posts\/38798","targetHints":{"allow":["GET"]}}],"collection":[{"href":"https:\/\/diarisanitat.cat\/recerca-en-salut\/wp-json\/wp\/v2\/posts"}],"about":[{"href":"https:\/\/diarisanitat.cat\/recerca-en-salut\/wp-json\/wp\/v2\/types\/post"}],"author":[{"embeddable":true,"href":"https:\/\/diarisanitat.cat\/recerca-en-salut\/wp-json\/wp\/v2\/users\/1"}],"replies":[{"embeddable":true,"href":"https:\/\/diarisanitat.cat\/recerca-en-salut\/wp-json\/wp\/v2\/comments?post=38798"}],"version-history":[{"count":0,"href":"https:\/\/diarisanitat.cat\/recerca-en-salut\/wp-json\/wp\/v2\/posts\/38798\/revisions"}],"wp:attachment":[{"href":"https:\/\/diarisanitat.cat\/recerca-en-salut\/wp-json\/wp\/v2\/media?parent=38798"}],"wp:term":[{"taxonomy":"category","embeddable":true,"href":"https:\/\/diarisanitat.cat\/recerca-en-salut\/wp-json\/wp\/v2\/categories?post=38798"},{"taxonomy":"post_tag","embeddable":true,"href":"https:\/\/diarisanitat.cat\/recerca-en-salut\/wp-json\/wp\/v2\/tags?post=38798"},{"taxonomy":"tipo","embeddable":true,"href":"https:\/\/diarisanitat.cat\/recerca-en-salut\/wp-json\/wp\/v2\/tipo?post=38798"}],"curies":[{"name":"wp","href":"https:\/\/api.w.org\/{rel}","templated":true}]}}