{"id":38863,"date":"2025-11-21T10:32:18","date_gmt":"2025-11-21T10:32:18","guid":{"rendered":"https:\/\/diarisanitat.cat\/recerca-en-salut\/blog\/2025\/11\/21\/el-clinic-celebra-el-dia-mundial-de-la-prematuritat-amb-un-retrobament-entre-families-i-professionals\/"},"modified":"2025-11-21T10:32:18","modified_gmt":"2025-11-21T10:32:18","slug":"el-clinic-celebra-el-dia-mundial-de-la-prematuritat-amb-un-retrobament-entre-families-i-professionals","status":"publish","type":"post","link":"https:\/\/diarisanitat.cat\/recerca-en-salut\/blog\/2025\/11\/21\/el-clinic-celebra-el-dia-mundial-de-la-prematuritat-amb-un-retrobament-entre-families-i-professionals\/","title":{"rendered":"El Cl\u00ednic celebra el Dia Mundial de la Prematuritat amb un retrobament entre fam\u00edlies i professionals"},"content":{"rendered":"<p>El passat dilluns 17 de novembre,&amp;nbsp;el Cl\u00ednic Barcelona va celebrar el Dia Mundial&amp;nbsp;de la Prematuritat, una jornada&amp;nbsp;on&amp;nbsp;l\u2019hospital&amp;nbsp;va&amp;nbsp;aprofitar&amp;nbsp;per&amp;nbsp;reunir&amp;nbsp;antics&amp;nbsp;pacients&amp;nbsp;i professionals, amb l\u2019objectiu de&amp;nbsp;donar suport a les fam\u00edlies amb nadons&amp;nbsp;prematurs&amp;nbsp;ingressats&amp;nbsp;i&amp;nbsp;visibilitzar&amp;nbsp;una realitat que afecta&amp;nbsp;cada any a&amp;nbsp;15 milions de&amp;nbsp;beb\u00e8s&amp;nbsp;al m\u00f3n.&amp;nbsp;&amp;nbsp;<\/p>","protected":false},"excerpt":{"rendered":"<p>El passat dilluns 17 de novembre,&amp;nbsp;el Cl\u00ednic Barcelona va celebrar el Dia Mundial&amp;nbsp;de la Prematuritat, una jornada&amp;nbsp;on&amp;nbsp;l\u2019hospital&amp;nbsp;va&amp;nbsp;aprofitar&amp;nbsp;per&amp;nbsp;reunir&amp;nbsp;antics&amp;nbsp;pacients&amp;nbsp;i professionals, amb l\u2019objectiu de&amp;nbsp;donar suport a les fam\u00edlies amb nadons&amp;nbsp;prematurs&amp;nbsp;ingressats&amp;nbsp;i&amp;nbsp;visibilitzar&amp;nbsp;una realitat que afecta&amp;nbsp;cada any a&amp;nbsp;15 milions de&amp;nbsp;beb\u00e8s&amp;nbsp;al m\u00f3n.&amp;nbsp;&amp;nbsp;<\/p>\n","protected":false},"author":1,"featured_media":0,"comment_status":"open","ping_status":"open","sticky":false,"template":"","format":"standard","meta":{"_acf_changed":false,"footnotes":""},"categories":[1],"tags":[],"tipo":[],"class_list":{"0":"post-38863","1":"post","2":"type-post","3":"status-publish","4":"format-standard","6":"category-uncategorized"},"acf":[],"yoast_head":"<!-- This site is optimized with the Yoast SEO plugin v27.5 - https:\/\/yoast.com\/product\/yoast-seo-wordpress\/ -->\n<title>El Cl\u00ednic celebra el Dia Mundial de la Prematuritat amb un retrobament entre fam\u00edlies i professionals - Recerca en salut<\/title>\n<meta name=\"robots\" content=\"index, follow, max-snippet:-1, max-image-preview:large, max-video-preview:-1\" \/>\n<link rel=\"canonical\" href=\"https:\/\/diarisanitat.cat\/recerca-en-salut\/blog\/2025\/11\/21\/el-clinic-celebra-el-dia-mundial-de-la-prematuritat-amb-un-retrobament-entre-families-i-professionals\/\" \/>\n<meta property=\"og:locale\" content=\"es_ES\" \/>\n<meta property=\"og:type\" content=\"article\" \/>\n<meta property=\"og:title\" content=\"El Cl\u00ednic celebra el Dia Mundial de la Prematuritat amb un retrobament entre fam\u00edlies i professionals - Recerca en salut\" \/>\n<meta property=\"og:description\" content=\"El passat dilluns 17 de novembre,&amp;nbsp;el Cl\u00ednic Barcelona va celebrar el Dia Mundial&amp;nbsp;de la Prematuritat, una jornada&amp;nbsp;on&amp;nbsp;l\u2019hospital&amp;nbsp;va&amp;nbsp;aprofitar&amp;nbsp;per&amp;nbsp;reunir&amp;nbsp;antics&amp;nbsp;pacients&amp;nbsp;i professionals, amb l\u2019objectiu de&amp;nbsp;donar suport a les fam\u00edlies amb nadons&amp;nbsp;prematurs&amp;nbsp;ingressats&amp;nbsp;i&amp;nbsp;visibilitzar&amp;nbsp;una realitat que afecta&amp;nbsp;cada any a&amp;nbsp;15 milions de&amp;nbsp;beb\u00e8s&amp;nbsp;al m\u00f3n.&amp;nbsp;&amp;nbsp;\" \/>\n<meta property=\"og:url\" content=\"https:\/\/diarisanitat.cat\/recerca-en-salut\/blog\/2025\/11\/21\/el-clinic-celebra-el-dia-mundial-de-la-prematuritat-amb-un-retrobament-entre-families-i-professionals\/\" \/>\n<meta property=\"og:site_name\" content=\"Recerca en salut\" \/>\n<meta property=\"article:published_time\" content=\"2025-11-21T10:32:18+00:00\" \/>\n<meta name=\"author\" content=\"Redacci\u00f3\" \/>\n<meta name=\"twitter:card\" content=\"summary_large_image\" \/>\n<meta name=\"twitter:label1\" content=\"Escrito por\" \/>\n\t<meta name=\"twitter:data1\" content=\"Redacci\u00f3\" \/>\n\t<meta name=\"twitter:label2\" content=\"Tiempo de lectura\" \/>\n\t<meta name=\"twitter:data2\" content=\"1 minuto\" \/>\n<script type=\"application\/ld+json\" class=\"yoast-schema-graph\">{\"@context\":\"https:\\\/\\\/schema.org\",\"@graph\":[{\"@type\":\"Article\",\"@id\":\"https:\\\/\\\/diarisanitat.cat\\\/recerca-en-salut\\\/blog\\\/2025\\\/11\\\/21\\\/el-clinic-celebra-el-dia-mundial-de-la-prematuritat-amb-un-retrobament-entre-families-i-professionals\\\/#article\",\"isPartOf\":{\"@id\":\"https:\\\/\\\/diarisanitat.cat\\\/recerca-en-salut\\\/blog\\\/2025\\\/11\\\/21\\\/el-clinic-celebra-el-dia-mundial-de-la-prematuritat-amb-un-retrobament-entre-families-i-professionals\\\/\"},\"author\":{\"name\":\"Redacci\u00f3\",\"@id\":\"https:\\\/\\\/diarisanitat.cat\\\/recerca-en-salut\\\/#\\\/schema\\\/person\\\/9de78768f9e1608c4e3acede8e5f91c4\"},\"headline\":\"El Cl\u00ednic celebra el Dia Mundial de la Prematuritat amb un retrobament entre fam\u00edlies i professionals\",\"datePublished\":\"2025-11-21T10:32:18+00:00\",\"mainEntityOfPage\":{\"@id\":\"https:\\\/\\\/diarisanitat.cat\\\/recerca-en-salut\\\/blog\\\/2025\\\/11\\\/21\\\/el-clinic-celebra-el-dia-mundial-de-la-prematuritat-amb-un-retrobament-entre-families-i-professionals\\\/\"},\"wordCount\":124,\"commentCount\":0,\"articleSection\":[\"Uncategorized\"],\"inLanguage\":\"es\",\"potentialAction\":[{\"@type\":\"CommentAction\",\"name\":\"Comment\",\"target\":[\"https:\\\/\\\/diarisanitat.cat\\\/recerca-en-salut\\\/blog\\\/2025\\\/11\\\/21\\\/el-clinic-celebra-el-dia-mundial-de-la-prematuritat-amb-un-retrobament-entre-families-i-professionals\\\/#respond\"]}]},{\"@type\":\"WebPage\",\"@id\":\"https:\\\/\\\/diarisanitat.cat\\\/recerca-en-salut\\\/blog\\\/2025\\\/11\\\/21\\\/el-clinic-celebra-el-dia-mundial-de-la-prematuritat-amb-un-retrobament-entre-families-i-professionals\\\/\",\"url\":\"https:\\\/\\\/diarisanitat.cat\\\/recerca-en-salut\\\/blog\\\/2025\\\/11\\\/21\\\/el-clinic-celebra-el-dia-mundial-de-la-prematuritat-amb-un-retrobament-entre-families-i-professionals\\\/\",\"name\":\"El Cl\u00ednic celebra el Dia Mundial de la Prematuritat amb un retrobament entre fam\u00edlies i professionals - Recerca en salut\",\"isPartOf\":{\"@id\":\"https:\\\/\\\/diarisanitat.cat\\\/recerca-en-salut\\\/#website\"},\"datePublished\":\"2025-11-21T10:32:18+00:00\",\"author\":{\"@id\":\"https:\\\/\\\/diarisanitat.cat\\\/recerca-en-salut\\\/#\\\/schema\\\/person\\\/9de78768f9e1608c4e3acede8e5f91c4\"},\"breadcrumb\":{\"@id\":\"https:\\\/\\\/diarisanitat.cat\\\/recerca-en-salut\\\/blog\\\/2025\\\/11\\\/21\\\/el-clinic-celebra-el-dia-mundial-de-la-prematuritat-amb-un-retrobament-entre-families-i-professionals\\\/#breadcrumb\"},\"inLanguage\":\"es\",\"potentialAction\":[{\"@type\":\"ReadAction\",\"target\":[\"https:\\\/\\\/diarisanitat.cat\\\/recerca-en-salut\\\/blog\\\/2025\\\/11\\\/21\\\/el-clinic-celebra-el-dia-mundial-de-la-prematuritat-amb-un-retrobament-entre-families-i-professionals\\\/\"]}]},{\"@type\":\"BreadcrumbList\",\"@id\":\"https:\\\/\\\/diarisanitat.cat\\\/recerca-en-salut\\\/blog\\\/2025\\\/11\\\/21\\\/el-clinic-celebra-el-dia-mundial-de-la-prematuritat-amb-un-retrobament-entre-families-i-professionals\\\/#breadcrumb\",\"itemListElement\":[{\"@type\":\"ListItem\",\"position\":1,\"name\":\"Portada\",\"item\":\"https:\\\/\\\/diarisanitat.cat\\\/recerca-en-salut\\\/\"},{\"@type\":\"ListItem\",\"position\":2,\"name\":\"El Cl\u00ednic celebra el Dia Mundial de la Prematuritat amb un retrobament entre fam\u00edlies i professionals\"}]},{\"@type\":\"WebSite\",\"@id\":\"https:\\\/\\\/diarisanitat.cat\\\/recerca-en-salut\\\/#website\",\"url\":\"https:\\\/\\\/diarisanitat.cat\\\/recerca-en-salut\\\/\",\"name\":\"Recerca en salut\",\"description\":\"\",\"potentialAction\":[{\"@type\":\"SearchAction\",\"target\":{\"@type\":\"EntryPoint\",\"urlTemplate\":\"https:\\\/\\\/diarisanitat.cat\\\/recerca-en-salut\\\/?s={search_term_string}\"},\"query-input\":{\"@type\":\"PropertyValueSpecification\",\"valueRequired\":true,\"valueName\":\"search_term_string\"}}],\"inLanguage\":\"es\"},{\"@type\":\"Person\",\"@id\":\"https:\\\/\\\/diarisanitat.cat\\\/recerca-en-salut\\\/#\\\/schema\\\/person\\\/9de78768f9e1608c4e3acede8e5f91c4\",\"name\":\"Redacci\u00f3\",\"image\":{\"@type\":\"ImageObject\",\"inLanguage\":\"es\",\"@id\":\"https:\\\/\\\/secure.gravatar.com\\\/avatar\\\/e952ad62e08be1daabaefebd12d26c1e5fbfd687693aaa066db2433a21638ad8?s=96&d=mm&r=g\",\"url\":\"https:\\\/\\\/secure.gravatar.com\\\/avatar\\\/e952ad62e08be1daabaefebd12d26c1e5fbfd687693aaa066db2433a21638ad8?s=96&d=mm&r=g\",\"contentUrl\":\"https:\\\/\\\/secure.gravatar.com\\\/avatar\\\/e952ad62e08be1daabaefebd12d26c1e5fbfd687693aaa066db2433a21638ad8?s=96&d=mm&r=g\",\"caption\":\"Redacci\u00f3\"},\"url\":\"https:\\\/\\\/diarisanitat.cat\\\/recerca-en-salut\\\/blog\\\/author\\\/npenin\\\/\"}]}<\/script>\n<!-- \/ Yoast SEO plugin. -->","yoast_head_json":{"title":"El Cl\u00ednic celebra el Dia Mundial de la Prematuritat amb un retrobament entre fam\u00edlies i professionals - Recerca en salut","robots":{"index":"index","follow":"follow","max-snippet":"max-snippet:-1","max-image-preview":"max-image-preview:large","max-video-preview":"max-video-preview:-1"},"canonical":"https:\/\/diarisanitat.cat\/recerca-en-salut\/blog\/2025\/11\/21\/el-clinic-celebra-el-dia-mundial-de-la-prematuritat-amb-un-retrobament-entre-families-i-professionals\/","og_locale":"es_ES","og_type":"article","og_title":"El Cl\u00ednic celebra el Dia Mundial de la Prematuritat amb un retrobament entre fam\u00edlies i professionals - Recerca en salut","og_description":"El passat dilluns 17 de novembre,&amp;nbsp;el Cl\u00ednic Barcelona va celebrar el Dia Mundial&amp;nbsp;de la Prematuritat, una jornada&amp;nbsp;on&amp;nbsp;l\u2019hospital&amp;nbsp;va&amp;nbsp;aprofitar&amp;nbsp;per&amp;nbsp;reunir&amp;nbsp;antics&amp;nbsp;pacients&amp;nbsp;i professionals, amb l\u2019objectiu de&amp;nbsp;donar suport a les fam\u00edlies amb nadons&amp;nbsp;prematurs&amp;nbsp;ingressats&amp;nbsp;i&amp;nbsp;visibilitzar&amp;nbsp;una realitat que afecta&amp;nbsp;cada any a&amp;nbsp;15 milions de&amp;nbsp;beb\u00e8s&amp;nbsp;al m\u00f3n.&amp;nbsp;&amp;nbsp;","og_url":"https:\/\/diarisanitat.cat\/recerca-en-salut\/blog\/2025\/11\/21\/el-clinic-celebra-el-dia-mundial-de-la-prematuritat-amb-un-retrobament-entre-families-i-professionals\/","og_site_name":"Recerca en salut","article_published_time":"2025-11-21T10:32:18+00:00","author":"Redacci\u00f3","twitter_card":"summary_large_image","twitter_misc":{"Escrito por":"Redacci\u00f3","Tiempo de lectura":"1 minuto"},"schema":{"@context":"https:\/\/schema.org","@graph":[{"@type":"Article","@id":"https:\/\/diarisanitat.cat\/recerca-en-salut\/blog\/2025\/11\/21\/el-clinic-celebra-el-dia-mundial-de-la-prematuritat-amb-un-retrobament-entre-families-i-professionals\/#article","isPartOf":{"@id":"https:\/\/diarisanitat.cat\/recerca-en-salut\/blog\/2025\/11\/21\/el-clinic-celebra-el-dia-mundial-de-la-prematuritat-amb-un-retrobament-entre-families-i-professionals\/"},"author":{"name":"Redacci\u00f3","@id":"https:\/\/diarisanitat.cat\/recerca-en-salut\/#\/schema\/person\/9de78768f9e1608c4e3acede8e5f91c4"},"headline":"El Cl\u00ednic celebra el Dia Mundial de la Prematuritat amb un retrobament entre fam\u00edlies i professionals","datePublished":"2025-11-21T10:32:18+00:00","mainEntityOfPage":{"@id":"https:\/\/diarisanitat.cat\/recerca-en-salut\/blog\/2025\/11\/21\/el-clinic-celebra-el-dia-mundial-de-la-prematuritat-amb-un-retrobament-entre-families-i-professionals\/"},"wordCount":124,"commentCount":0,"articleSection":["Uncategorized"],"inLanguage":"es","potentialAction":[{"@type":"CommentAction","name":"Comment","target":["https:\/\/diarisanitat.cat\/recerca-en-salut\/blog\/2025\/11\/21\/el-clinic-celebra-el-dia-mundial-de-la-prematuritat-amb-un-retrobament-entre-families-i-professionals\/#respond"]}]},{"@type":"WebPage","@id":"https:\/\/diarisanitat.cat\/recerca-en-salut\/blog\/2025\/11\/21\/el-clinic-celebra-el-dia-mundial-de-la-prematuritat-amb-un-retrobament-entre-families-i-professionals\/","url":"https:\/\/diarisanitat.cat\/recerca-en-salut\/blog\/2025\/11\/21\/el-clinic-celebra-el-dia-mundial-de-la-prematuritat-amb-un-retrobament-entre-families-i-professionals\/","name":"El Cl\u00ednic celebra el Dia Mundial de la Prematuritat amb un retrobament entre fam\u00edlies i professionals - Recerca en salut","isPartOf":{"@id":"https:\/\/diarisanitat.cat\/recerca-en-salut\/#website"},"datePublished":"2025-11-21T10:32:18+00:00","author":{"@id":"https:\/\/diarisanitat.cat\/recerca-en-salut\/#\/schema\/person\/9de78768f9e1608c4e3acede8e5f91c4"},"breadcrumb":{"@id":"https:\/\/diarisanitat.cat\/recerca-en-salut\/blog\/2025\/11\/21\/el-clinic-celebra-el-dia-mundial-de-la-prematuritat-amb-un-retrobament-entre-families-i-professionals\/#breadcrumb"},"inLanguage":"es","potentialAction":[{"@type":"ReadAction","target":["https:\/\/diarisanitat.cat\/recerca-en-salut\/blog\/2025\/11\/21\/el-clinic-celebra-el-dia-mundial-de-la-prematuritat-amb-un-retrobament-entre-families-i-professionals\/"]}]},{"@type":"BreadcrumbList","@id":"https:\/\/diarisanitat.cat\/recerca-en-salut\/blog\/2025\/11\/21\/el-clinic-celebra-el-dia-mundial-de-la-prematuritat-amb-un-retrobament-entre-families-i-professionals\/#breadcrumb","itemListElement":[{"@type":"ListItem","position":1,"name":"Portada","item":"https:\/\/diarisanitat.cat\/recerca-en-salut\/"},{"@type":"ListItem","position":2,"name":"El Cl\u00ednic celebra el Dia Mundial de la Prematuritat amb un retrobament entre fam\u00edlies i professionals"}]},{"@type":"WebSite","@id":"https:\/\/diarisanitat.cat\/recerca-en-salut\/#website","url":"https:\/\/diarisanitat.cat\/recerca-en-salut\/","name":"Recerca en salut","description":"","potentialAction":[{"@type":"SearchAction","target":{"@type":"EntryPoint","urlTemplate":"https:\/\/diarisanitat.cat\/recerca-en-salut\/?s={search_term_string}"},"query-input":{"@type":"PropertyValueSpecification","valueRequired":true,"valueName":"search_term_string"}}],"inLanguage":"es"},{"@type":"Person","@id":"https:\/\/diarisanitat.cat\/recerca-en-salut\/#\/schema\/person\/9de78768f9e1608c4e3acede8e5f91c4","name":"Redacci\u00f3","image":{"@type":"ImageObject","inLanguage":"es","@id":"https:\/\/secure.gravatar.com\/avatar\/e952ad62e08be1daabaefebd12d26c1e5fbfd687693aaa066db2433a21638ad8?s=96&d=mm&r=g","url":"https:\/\/secure.gravatar.com\/avatar\/e952ad62e08be1daabaefebd12d26c1e5fbfd687693aaa066db2433a21638ad8?s=96&d=mm&r=g","contentUrl":"https:\/\/secure.gravatar.com\/avatar\/e952ad62e08be1daabaefebd12d26c1e5fbfd687693aaa066db2433a21638ad8?s=96&d=mm&r=g","caption":"Redacci\u00f3"},"url":"https:\/\/diarisanitat.cat\/recerca-en-salut\/blog\/author\/npenin\/"}]}},"_links":{"self":[{"href":"https:\/\/diarisanitat.cat\/recerca-en-salut\/wp-json\/wp\/v2\/posts\/38863","targetHints":{"allow":["GET"]}}],"collection":[{"href":"https:\/\/diarisanitat.cat\/recerca-en-salut\/wp-json\/wp\/v2\/posts"}],"about":[{"href":"https:\/\/diarisanitat.cat\/recerca-en-salut\/wp-json\/wp\/v2\/types\/post"}],"author":[{"embeddable":true,"href":"https:\/\/diarisanitat.cat\/recerca-en-salut\/wp-json\/wp\/v2\/users\/1"}],"replies":[{"embeddable":true,"href":"https:\/\/diarisanitat.cat\/recerca-en-salut\/wp-json\/wp\/v2\/comments?post=38863"}],"version-history":[{"count":0,"href":"https:\/\/diarisanitat.cat\/recerca-en-salut\/wp-json\/wp\/v2\/posts\/38863\/revisions"}],"wp:attachment":[{"href":"https:\/\/diarisanitat.cat\/recerca-en-salut\/wp-json\/wp\/v2\/media?parent=38863"}],"wp:term":[{"taxonomy":"category","embeddable":true,"href":"https:\/\/diarisanitat.cat\/recerca-en-salut\/wp-json\/wp\/v2\/categories?post=38863"},{"taxonomy":"post_tag","embeddable":true,"href":"https:\/\/diarisanitat.cat\/recerca-en-salut\/wp-json\/wp\/v2\/tags?post=38863"},{"taxonomy":"tipo","embeddable":true,"href":"https:\/\/diarisanitat.cat\/recerca-en-salut\/wp-json\/wp\/v2\/tipo?post=38863"}],"curies":[{"name":"wp","href":"https:\/\/api.w.org\/{rel}","templated":true}]}}