{"id":38913,"date":"2026-01-08T08:47:13","date_gmt":"2026-01-08T08:47:13","guid":{"rendered":"https:\/\/diarisanitat.cat\/recerca-en-salut\/blog\/2026\/01\/08\/envelliment-amb-dignitat-un-compromis-de-respecte-i-cura\/"},"modified":"2026-01-08T08:47:13","modified_gmt":"2026-01-08T08:47:13","slug":"envelliment-amb-dignitat-un-compromis-de-respecte-i-cura","status":"publish","type":"post","link":"https:\/\/diarisanitat.cat\/recerca-en-salut\/blog\/2026\/01\/08\/envelliment-amb-dignitat-un-compromis-de-respecte-i-cura\/","title":{"rendered":"Envelliment amb dignitat: un comprom\u00eds de respecte i cura"},"content":{"rendered":"<p>L\u2019envelliment&amp;nbsp;\u00e9s&amp;nbsp;una etapa natural de la vida que&amp;nbsp;mereix&amp;nbsp;ser&amp;nbsp;viscuda&amp;nbsp;amb&amp;nbsp;respecte i&amp;nbsp;preservant&amp;nbsp;la&amp;nbsp;dignitat&amp;nbsp;de cada persona.&amp;nbsp;La&amp;nbsp;dignitat&amp;nbsp;no es limita a la cura f\u00edsica,&amp;nbsp;sin\u00f3&amp;nbsp;que implica&amp;nbsp;recon\u00e8ixer&amp;nbsp;el valor&amp;nbsp;intr\u00ednsec&amp;nbsp;de cada&amp;nbsp;individu,&amp;nbsp;independentment&amp;nbsp;de la&amp;nbsp;seva&amp;nbsp;edat&amp;nbsp;o&amp;nbsp;estat&amp;nbsp;de salut.&amp;nbsp;&amp;nbsp;<\/p>","protected":false},"excerpt":{"rendered":"<p>L\u2019envelliment&amp;nbsp;\u00e9s&amp;nbsp;una etapa natural de la vida que&amp;nbsp;mereix&amp;nbsp;ser&amp;nbsp;viscuda&amp;nbsp;amb&amp;nbsp;respecte i&amp;nbsp;preservant&amp;nbsp;la&amp;nbsp;dignitat&amp;nbsp;de cada persona.&amp;nbsp;La&amp;nbsp;dignitat&amp;nbsp;no es limita a la cura f\u00edsica,&amp;nbsp;sin\u00f3&amp;nbsp;que implica&amp;nbsp;recon\u00e8ixer&amp;nbsp;el valor&amp;nbsp;intr\u00ednsec&amp;nbsp;de cada&amp;nbsp;individu,&amp;nbsp;independentment&amp;nbsp;de la&amp;nbsp;seva&amp;nbsp;edat&amp;nbsp;o&amp;nbsp;estat&amp;nbsp;de salut.&amp;nbsp;&amp;nbsp;<\/p>\n","protected":false},"author":1,"featured_media":0,"comment_status":"open","ping_status":"open","sticky":false,"template":"","format":"standard","meta":{"_acf_changed":false,"footnotes":""},"categories":[1],"tags":[],"tipo":[],"class_list":{"0":"post-38913","1":"post","2":"type-post","3":"status-publish","4":"format-standard","6":"category-uncategorized"},"acf":[],"yoast_head":"<!-- This site is optimized with the Yoast SEO plugin v27.5 - https:\/\/yoast.com\/product\/yoast-seo-wordpress\/ -->\n<title>Envelliment amb dignitat: un comprom\u00eds de respecte i cura - Recerca en salut<\/title>\n<meta name=\"robots\" content=\"index, follow, max-snippet:-1, max-image-preview:large, max-video-preview:-1\" \/>\n<link rel=\"canonical\" href=\"https:\/\/diarisanitat.cat\/recerca-en-salut\/blog\/2026\/01\/08\/envelliment-amb-dignitat-un-compromis-de-respecte-i-cura\/\" \/>\n<meta property=\"og:locale\" content=\"es_ES\" \/>\n<meta property=\"og:type\" content=\"article\" \/>\n<meta property=\"og:title\" content=\"Envelliment amb dignitat: un comprom\u00eds de respecte i cura - Recerca en salut\" \/>\n<meta property=\"og:description\" content=\"L\u2019envelliment&amp;nbsp;\u00e9s&amp;nbsp;una etapa natural de la vida que&amp;nbsp;mereix&amp;nbsp;ser&amp;nbsp;viscuda&amp;nbsp;amb&amp;nbsp;respecte i&amp;nbsp;preservant&amp;nbsp;la&amp;nbsp;dignitat&amp;nbsp;de cada persona.&amp;nbsp;La&amp;nbsp;dignitat&amp;nbsp;no es limita a la cura f\u00edsica,&amp;nbsp;sin\u00f3&amp;nbsp;que implica&amp;nbsp;recon\u00e8ixer&amp;nbsp;el valor&amp;nbsp;intr\u00ednsec&amp;nbsp;de cada&amp;nbsp;individu,&amp;nbsp;independentment&amp;nbsp;de la&amp;nbsp;seva&amp;nbsp;edat&amp;nbsp;o&amp;nbsp;estat&amp;nbsp;de salut.&amp;nbsp;&amp;nbsp;\" \/>\n<meta property=\"og:url\" content=\"https:\/\/diarisanitat.cat\/recerca-en-salut\/blog\/2026\/01\/08\/envelliment-amb-dignitat-un-compromis-de-respecte-i-cura\/\" \/>\n<meta property=\"og:site_name\" content=\"Recerca en salut\" \/>\n<meta property=\"article:published_time\" content=\"2026-01-08T08:47:13+00:00\" \/>\n<meta name=\"author\" content=\"Redacci\u00f3\" \/>\n<meta name=\"twitter:card\" content=\"summary_large_image\" \/>\n<meta name=\"twitter:label1\" content=\"Escrito por\" \/>\n\t<meta name=\"twitter:data1\" content=\"Redacci\u00f3\" \/>\n\t<meta name=\"twitter:label2\" content=\"Tiempo de lectura\" \/>\n\t<meta name=\"twitter:data2\" content=\"1 minuto\" \/>\n<script type=\"application\/ld+json\" class=\"yoast-schema-graph\">{\"@context\":\"https:\\\/\\\/schema.org\",\"@graph\":[{\"@type\":\"Article\",\"@id\":\"https:\\\/\\\/diarisanitat.cat\\\/recerca-en-salut\\\/blog\\\/2026\\\/01\\\/08\\\/envelliment-amb-dignitat-un-compromis-de-respecte-i-cura\\\/#article\",\"isPartOf\":{\"@id\":\"https:\\\/\\\/diarisanitat.cat\\\/recerca-en-salut\\\/blog\\\/2026\\\/01\\\/08\\\/envelliment-amb-dignitat-un-compromis-de-respecte-i-cura\\\/\"},\"author\":{\"name\":\"Redacci\u00f3\",\"@id\":\"https:\\\/\\\/diarisanitat.cat\\\/recerca-en-salut\\\/#\\\/schema\\\/person\\\/9de78768f9e1608c4e3acede8e5f91c4\"},\"headline\":\"Envelliment amb dignitat: un comprom\u00eds de respecte i cura\",\"datePublished\":\"2026-01-08T08:47:13+00:00\",\"mainEntityOfPage\":{\"@id\":\"https:\\\/\\\/diarisanitat.cat\\\/recerca-en-salut\\\/blog\\\/2026\\\/01\\\/08\\\/envelliment-amb-dignitat-un-compromis-de-respecte-i-cura\\\/\"},\"wordCount\":123,\"commentCount\":0,\"articleSection\":[\"Uncategorized\"],\"inLanguage\":\"es\",\"potentialAction\":[{\"@type\":\"CommentAction\",\"name\":\"Comment\",\"target\":[\"https:\\\/\\\/diarisanitat.cat\\\/recerca-en-salut\\\/blog\\\/2026\\\/01\\\/08\\\/envelliment-amb-dignitat-un-compromis-de-respecte-i-cura\\\/#respond\"]}]},{\"@type\":\"WebPage\",\"@id\":\"https:\\\/\\\/diarisanitat.cat\\\/recerca-en-salut\\\/blog\\\/2026\\\/01\\\/08\\\/envelliment-amb-dignitat-un-compromis-de-respecte-i-cura\\\/\",\"url\":\"https:\\\/\\\/diarisanitat.cat\\\/recerca-en-salut\\\/blog\\\/2026\\\/01\\\/08\\\/envelliment-amb-dignitat-un-compromis-de-respecte-i-cura\\\/\",\"name\":\"Envelliment amb dignitat: un comprom\u00eds de respecte i cura - Recerca en salut\",\"isPartOf\":{\"@id\":\"https:\\\/\\\/diarisanitat.cat\\\/recerca-en-salut\\\/#website\"},\"datePublished\":\"2026-01-08T08:47:13+00:00\",\"author\":{\"@id\":\"https:\\\/\\\/diarisanitat.cat\\\/recerca-en-salut\\\/#\\\/schema\\\/person\\\/9de78768f9e1608c4e3acede8e5f91c4\"},\"breadcrumb\":{\"@id\":\"https:\\\/\\\/diarisanitat.cat\\\/recerca-en-salut\\\/blog\\\/2026\\\/01\\\/08\\\/envelliment-amb-dignitat-un-compromis-de-respecte-i-cura\\\/#breadcrumb\"},\"inLanguage\":\"es\",\"potentialAction\":[{\"@type\":\"ReadAction\",\"target\":[\"https:\\\/\\\/diarisanitat.cat\\\/recerca-en-salut\\\/blog\\\/2026\\\/01\\\/08\\\/envelliment-amb-dignitat-un-compromis-de-respecte-i-cura\\\/\"]}]},{\"@type\":\"BreadcrumbList\",\"@id\":\"https:\\\/\\\/diarisanitat.cat\\\/recerca-en-salut\\\/blog\\\/2026\\\/01\\\/08\\\/envelliment-amb-dignitat-un-compromis-de-respecte-i-cura\\\/#breadcrumb\",\"itemListElement\":[{\"@type\":\"ListItem\",\"position\":1,\"name\":\"Portada\",\"item\":\"https:\\\/\\\/diarisanitat.cat\\\/recerca-en-salut\\\/\"},{\"@type\":\"ListItem\",\"position\":2,\"name\":\"Envelliment amb dignitat: un comprom\u00eds de respecte i cura\"}]},{\"@type\":\"WebSite\",\"@id\":\"https:\\\/\\\/diarisanitat.cat\\\/recerca-en-salut\\\/#website\",\"url\":\"https:\\\/\\\/diarisanitat.cat\\\/recerca-en-salut\\\/\",\"name\":\"Recerca en salut\",\"description\":\"\",\"potentialAction\":[{\"@type\":\"SearchAction\",\"target\":{\"@type\":\"EntryPoint\",\"urlTemplate\":\"https:\\\/\\\/diarisanitat.cat\\\/recerca-en-salut\\\/?s={search_term_string}\"},\"query-input\":{\"@type\":\"PropertyValueSpecification\",\"valueRequired\":true,\"valueName\":\"search_term_string\"}}],\"inLanguage\":\"es\"},{\"@type\":\"Person\",\"@id\":\"https:\\\/\\\/diarisanitat.cat\\\/recerca-en-salut\\\/#\\\/schema\\\/person\\\/9de78768f9e1608c4e3acede8e5f91c4\",\"name\":\"Redacci\u00f3\",\"image\":{\"@type\":\"ImageObject\",\"inLanguage\":\"es\",\"@id\":\"https:\\\/\\\/secure.gravatar.com\\\/avatar\\\/e952ad62e08be1daabaefebd12d26c1e5fbfd687693aaa066db2433a21638ad8?s=96&d=mm&r=g\",\"url\":\"https:\\\/\\\/secure.gravatar.com\\\/avatar\\\/e952ad62e08be1daabaefebd12d26c1e5fbfd687693aaa066db2433a21638ad8?s=96&d=mm&r=g\",\"contentUrl\":\"https:\\\/\\\/secure.gravatar.com\\\/avatar\\\/e952ad62e08be1daabaefebd12d26c1e5fbfd687693aaa066db2433a21638ad8?s=96&d=mm&r=g\",\"caption\":\"Redacci\u00f3\"},\"url\":\"https:\\\/\\\/diarisanitat.cat\\\/recerca-en-salut\\\/blog\\\/author\\\/npenin\\\/\"}]}<\/script>\n<!-- \/ Yoast SEO plugin. -->","yoast_head_json":{"title":"Envelliment amb dignitat: un comprom\u00eds de respecte i cura - Recerca en salut","robots":{"index":"index","follow":"follow","max-snippet":"max-snippet:-1","max-image-preview":"max-image-preview:large","max-video-preview":"max-video-preview:-1"},"canonical":"https:\/\/diarisanitat.cat\/recerca-en-salut\/blog\/2026\/01\/08\/envelliment-amb-dignitat-un-compromis-de-respecte-i-cura\/","og_locale":"es_ES","og_type":"article","og_title":"Envelliment amb dignitat: un comprom\u00eds de respecte i cura - Recerca en salut","og_description":"L\u2019envelliment&amp;nbsp;\u00e9s&amp;nbsp;una etapa natural de la vida que&amp;nbsp;mereix&amp;nbsp;ser&amp;nbsp;viscuda&amp;nbsp;amb&amp;nbsp;respecte i&amp;nbsp;preservant&amp;nbsp;la&amp;nbsp;dignitat&amp;nbsp;de cada persona.&amp;nbsp;La&amp;nbsp;dignitat&amp;nbsp;no es limita a la cura f\u00edsica,&amp;nbsp;sin\u00f3&amp;nbsp;que implica&amp;nbsp;recon\u00e8ixer&amp;nbsp;el valor&amp;nbsp;intr\u00ednsec&amp;nbsp;de cada&amp;nbsp;individu,&amp;nbsp;independentment&amp;nbsp;de la&amp;nbsp;seva&amp;nbsp;edat&amp;nbsp;o&amp;nbsp;estat&amp;nbsp;de salut.&amp;nbsp;&amp;nbsp;","og_url":"https:\/\/diarisanitat.cat\/recerca-en-salut\/blog\/2026\/01\/08\/envelliment-amb-dignitat-un-compromis-de-respecte-i-cura\/","og_site_name":"Recerca en salut","article_published_time":"2026-01-08T08:47:13+00:00","author":"Redacci\u00f3","twitter_card":"summary_large_image","twitter_misc":{"Escrito por":"Redacci\u00f3","Tiempo de lectura":"1 minuto"},"schema":{"@context":"https:\/\/schema.org","@graph":[{"@type":"Article","@id":"https:\/\/diarisanitat.cat\/recerca-en-salut\/blog\/2026\/01\/08\/envelliment-amb-dignitat-un-compromis-de-respecte-i-cura\/#article","isPartOf":{"@id":"https:\/\/diarisanitat.cat\/recerca-en-salut\/blog\/2026\/01\/08\/envelliment-amb-dignitat-un-compromis-de-respecte-i-cura\/"},"author":{"name":"Redacci\u00f3","@id":"https:\/\/diarisanitat.cat\/recerca-en-salut\/#\/schema\/person\/9de78768f9e1608c4e3acede8e5f91c4"},"headline":"Envelliment amb dignitat: un comprom\u00eds de respecte i cura","datePublished":"2026-01-08T08:47:13+00:00","mainEntityOfPage":{"@id":"https:\/\/diarisanitat.cat\/recerca-en-salut\/blog\/2026\/01\/08\/envelliment-amb-dignitat-un-compromis-de-respecte-i-cura\/"},"wordCount":123,"commentCount":0,"articleSection":["Uncategorized"],"inLanguage":"es","potentialAction":[{"@type":"CommentAction","name":"Comment","target":["https:\/\/diarisanitat.cat\/recerca-en-salut\/blog\/2026\/01\/08\/envelliment-amb-dignitat-un-compromis-de-respecte-i-cura\/#respond"]}]},{"@type":"WebPage","@id":"https:\/\/diarisanitat.cat\/recerca-en-salut\/blog\/2026\/01\/08\/envelliment-amb-dignitat-un-compromis-de-respecte-i-cura\/","url":"https:\/\/diarisanitat.cat\/recerca-en-salut\/blog\/2026\/01\/08\/envelliment-amb-dignitat-un-compromis-de-respecte-i-cura\/","name":"Envelliment amb dignitat: un comprom\u00eds de respecte i cura - Recerca en salut","isPartOf":{"@id":"https:\/\/diarisanitat.cat\/recerca-en-salut\/#website"},"datePublished":"2026-01-08T08:47:13+00:00","author":{"@id":"https:\/\/diarisanitat.cat\/recerca-en-salut\/#\/schema\/person\/9de78768f9e1608c4e3acede8e5f91c4"},"breadcrumb":{"@id":"https:\/\/diarisanitat.cat\/recerca-en-salut\/blog\/2026\/01\/08\/envelliment-amb-dignitat-un-compromis-de-respecte-i-cura\/#breadcrumb"},"inLanguage":"es","potentialAction":[{"@type":"ReadAction","target":["https:\/\/diarisanitat.cat\/recerca-en-salut\/blog\/2026\/01\/08\/envelliment-amb-dignitat-un-compromis-de-respecte-i-cura\/"]}]},{"@type":"BreadcrumbList","@id":"https:\/\/diarisanitat.cat\/recerca-en-salut\/blog\/2026\/01\/08\/envelliment-amb-dignitat-un-compromis-de-respecte-i-cura\/#breadcrumb","itemListElement":[{"@type":"ListItem","position":1,"name":"Portada","item":"https:\/\/diarisanitat.cat\/recerca-en-salut\/"},{"@type":"ListItem","position":2,"name":"Envelliment amb dignitat: un comprom\u00eds de respecte i cura"}]},{"@type":"WebSite","@id":"https:\/\/diarisanitat.cat\/recerca-en-salut\/#website","url":"https:\/\/diarisanitat.cat\/recerca-en-salut\/","name":"Recerca en salut","description":"","potentialAction":[{"@type":"SearchAction","target":{"@type":"EntryPoint","urlTemplate":"https:\/\/diarisanitat.cat\/recerca-en-salut\/?s={search_term_string}"},"query-input":{"@type":"PropertyValueSpecification","valueRequired":true,"valueName":"search_term_string"}}],"inLanguage":"es"},{"@type":"Person","@id":"https:\/\/diarisanitat.cat\/recerca-en-salut\/#\/schema\/person\/9de78768f9e1608c4e3acede8e5f91c4","name":"Redacci\u00f3","image":{"@type":"ImageObject","inLanguage":"es","@id":"https:\/\/secure.gravatar.com\/avatar\/e952ad62e08be1daabaefebd12d26c1e5fbfd687693aaa066db2433a21638ad8?s=96&d=mm&r=g","url":"https:\/\/secure.gravatar.com\/avatar\/e952ad62e08be1daabaefebd12d26c1e5fbfd687693aaa066db2433a21638ad8?s=96&d=mm&r=g","contentUrl":"https:\/\/secure.gravatar.com\/avatar\/e952ad62e08be1daabaefebd12d26c1e5fbfd687693aaa066db2433a21638ad8?s=96&d=mm&r=g","caption":"Redacci\u00f3"},"url":"https:\/\/diarisanitat.cat\/recerca-en-salut\/blog\/author\/npenin\/"}]}},"_links":{"self":[{"href":"https:\/\/diarisanitat.cat\/recerca-en-salut\/wp-json\/wp\/v2\/posts\/38913","targetHints":{"allow":["GET"]}}],"collection":[{"href":"https:\/\/diarisanitat.cat\/recerca-en-salut\/wp-json\/wp\/v2\/posts"}],"about":[{"href":"https:\/\/diarisanitat.cat\/recerca-en-salut\/wp-json\/wp\/v2\/types\/post"}],"author":[{"embeddable":true,"href":"https:\/\/diarisanitat.cat\/recerca-en-salut\/wp-json\/wp\/v2\/users\/1"}],"replies":[{"embeddable":true,"href":"https:\/\/diarisanitat.cat\/recerca-en-salut\/wp-json\/wp\/v2\/comments?post=38913"}],"version-history":[{"count":0,"href":"https:\/\/diarisanitat.cat\/recerca-en-salut\/wp-json\/wp\/v2\/posts\/38913\/revisions"}],"wp:attachment":[{"href":"https:\/\/diarisanitat.cat\/recerca-en-salut\/wp-json\/wp\/v2\/media?parent=38913"}],"wp:term":[{"taxonomy":"category","embeddable":true,"href":"https:\/\/diarisanitat.cat\/recerca-en-salut\/wp-json\/wp\/v2\/categories?post=38913"},{"taxonomy":"post_tag","embeddable":true,"href":"https:\/\/diarisanitat.cat\/recerca-en-salut\/wp-json\/wp\/v2\/tags?post=38913"},{"taxonomy":"tipo","embeddable":true,"href":"https:\/\/diarisanitat.cat\/recerca-en-salut\/wp-json\/wp\/v2\/tipo?post=38913"}],"curies":[{"name":"wp","href":"https:\/\/api.w.org\/{rel}","templated":true}]}}