{"id":38994,"date":"2026-03-09T09:37:39","date_gmt":"2026-03-09T09:37:39","guid":{"rendered":"https:\/\/diarisanitat.cat\/recerca-en-salut\/blog\/2026\/03\/09\/ignition-ajunta-el-seu-consorci-a-la-reunio-de-llancament-del-projecte\/"},"modified":"2026-03-09T09:37:39","modified_gmt":"2026-03-09T09:37:39","slug":"ignition-ajunta-el-seu-consorci-a-la-reunio-de-llancament-del-projecte","status":"publish","type":"post","link":"https:\/\/diarisanitat.cat\/recerca-en-salut\/blog\/2026\/03\/09\/ignition-ajunta-el-seu-consorci-a-la-reunio-de-llancament-del-projecte\/","title":{"rendered":"IGNITION ajunta el seu consorci a la reuni\u00f3 de llan\u00e7ament del projecte"},"content":{"rendered":"<p>El consorci IGNITION, un projecte europeu coordinat per L\u00eddia Sabater, investigadora del grup IDIBAPS de Patog\u00e8nesi de les malalties neuronals autoimmunes, va celebrar la reuni\u00f3 de llan\u00e7ament en l\u00ednia, amb 23 participants en representaci\u00f3 de tots els socis europeus del projecte. La sessi\u00f3 va servir per refor\u00e7ar la coordinaci\u00f3, harmonitzar expectatives i revisar les properes passes d&#8217;aquesta iniciativa dedicada a impulsar la investigaci\u00f3 i la formaci\u00f3 en neurodegeneraci\u00f3 associada a processos autoimmunes.<\/p>","protected":false},"excerpt":{"rendered":"<p>El consorci IGNITION, un projecte europeu coordinat per L\u00eddia Sabater, investigadora del grup IDIBAPS de Patog\u00e8nesi de les malalties neuronals autoimmunes, va celebrar la reuni\u00f3 de llan\u00e7ament en l\u00ednia, amb 23 participants en representaci\u00f3 de tots els socis europeus del projecte. La sessi\u00f3 va servir per refor\u00e7ar la coordinaci\u00f3, harmonitzar expectatives i revisar les properes<\/p>\n","protected":false},"author":1,"featured_media":0,"comment_status":"open","ping_status":"open","sticky":false,"template":"","format":"standard","meta":{"_acf_changed":false,"footnotes":""},"categories":[1],"tags":[],"tipo":[],"class_list":{"0":"post-38994","1":"post","2":"type-post","3":"status-publish","4":"format-standard","6":"category-uncategorized"},"acf":[],"yoast_head":"<!-- This site is optimized with the Yoast SEO plugin v27.5 - https:\/\/yoast.com\/product\/yoast-seo-wordpress\/ -->\n<title>IGNITION ajunta el seu consorci a la reuni\u00f3 de llan\u00e7ament del projecte - Recerca en salut<\/title>\n<meta name=\"robots\" content=\"index, follow, max-snippet:-1, max-image-preview:large, max-video-preview:-1\" \/>\n<link rel=\"canonical\" href=\"https:\/\/diarisanitat.cat\/recerca-en-salut\/blog\/2026\/03\/09\/ignition-ajunta-el-seu-consorci-a-la-reunio-de-llancament-del-projecte\/\" \/>\n<meta property=\"og:locale\" content=\"es_ES\" \/>\n<meta property=\"og:type\" content=\"article\" \/>\n<meta property=\"og:title\" content=\"IGNITION ajunta el seu consorci a la reuni\u00f3 de llan\u00e7ament del projecte - Recerca en salut\" \/>\n<meta property=\"og:description\" content=\"El consorci IGNITION, un projecte europeu coordinat per L\u00eddia Sabater, investigadora del grup IDIBAPS de Patog\u00e8nesi de les malalties neuronals autoimmunes, va celebrar la reuni\u00f3 de llan\u00e7ament en l\u00ednia, amb 23 participants en representaci\u00f3 de tots els socis europeus del projecte. La sessi\u00f3 va servir per refor\u00e7ar la coordinaci\u00f3, harmonitzar expectatives i revisar les properes\" \/>\n<meta property=\"og:url\" content=\"https:\/\/diarisanitat.cat\/recerca-en-salut\/blog\/2026\/03\/09\/ignition-ajunta-el-seu-consorci-a-la-reunio-de-llancament-del-projecte\/\" \/>\n<meta property=\"og:site_name\" content=\"Recerca en salut\" \/>\n<meta property=\"article:published_time\" content=\"2026-03-09T09:37:39+00:00\" \/>\n<meta name=\"author\" content=\"Redacci\u00f3\" \/>\n<meta name=\"twitter:card\" content=\"summary_large_image\" \/>\n<meta name=\"twitter:label1\" content=\"Escrito por\" \/>\n\t<meta name=\"twitter:data1\" content=\"Redacci\u00f3\" \/>\n<script type=\"application\/ld+json\" class=\"yoast-schema-graph\">{\"@context\":\"https:\\\/\\\/schema.org\",\"@graph\":[{\"@type\":\"Article\",\"@id\":\"https:\\\/\\\/diarisanitat.cat\\\/recerca-en-salut\\\/blog\\\/2026\\\/03\\\/09\\\/ignition-ajunta-el-seu-consorci-a-la-reunio-de-llancament-del-projecte\\\/#article\",\"isPartOf\":{\"@id\":\"https:\\\/\\\/diarisanitat.cat\\\/recerca-en-salut\\\/blog\\\/2026\\\/03\\\/09\\\/ignition-ajunta-el-seu-consorci-a-la-reunio-de-llancament-del-projecte\\\/\"},\"author\":{\"name\":\"Redacci\u00f3\",\"@id\":\"https:\\\/\\\/diarisanitat.cat\\\/recerca-en-salut\\\/#\\\/schema\\\/person\\\/9de78768f9e1608c4e3acede8e5f91c4\"},\"headline\":\"IGNITION ajunta el seu consorci a la reuni\u00f3 de llan\u00e7ament del projecte\",\"datePublished\":\"2026-03-09T09:37:39+00:00\",\"mainEntityOfPage\":{\"@id\":\"https:\\\/\\\/diarisanitat.cat\\\/recerca-en-salut\\\/blog\\\/2026\\\/03\\\/09\\\/ignition-ajunta-el-seu-consorci-a-la-reunio-de-llancament-del-projecte\\\/\"},\"wordCount\":90,\"commentCount\":0,\"articleSection\":[\"Uncategorized\"],\"inLanguage\":\"es\",\"potentialAction\":[{\"@type\":\"CommentAction\",\"name\":\"Comment\",\"target\":[\"https:\\\/\\\/diarisanitat.cat\\\/recerca-en-salut\\\/blog\\\/2026\\\/03\\\/09\\\/ignition-ajunta-el-seu-consorci-a-la-reunio-de-llancament-del-projecte\\\/#respond\"]}]},{\"@type\":\"WebPage\",\"@id\":\"https:\\\/\\\/diarisanitat.cat\\\/recerca-en-salut\\\/blog\\\/2026\\\/03\\\/09\\\/ignition-ajunta-el-seu-consorci-a-la-reunio-de-llancament-del-projecte\\\/\",\"url\":\"https:\\\/\\\/diarisanitat.cat\\\/recerca-en-salut\\\/blog\\\/2026\\\/03\\\/09\\\/ignition-ajunta-el-seu-consorci-a-la-reunio-de-llancament-del-projecte\\\/\",\"name\":\"IGNITION ajunta el seu consorci a la reuni\u00f3 de llan\u00e7ament del projecte - Recerca en salut\",\"isPartOf\":{\"@id\":\"https:\\\/\\\/diarisanitat.cat\\\/recerca-en-salut\\\/#website\"},\"datePublished\":\"2026-03-09T09:37:39+00:00\",\"author\":{\"@id\":\"https:\\\/\\\/diarisanitat.cat\\\/recerca-en-salut\\\/#\\\/schema\\\/person\\\/9de78768f9e1608c4e3acede8e5f91c4\"},\"breadcrumb\":{\"@id\":\"https:\\\/\\\/diarisanitat.cat\\\/recerca-en-salut\\\/blog\\\/2026\\\/03\\\/09\\\/ignition-ajunta-el-seu-consorci-a-la-reunio-de-llancament-del-projecte\\\/#breadcrumb\"},\"inLanguage\":\"es\",\"potentialAction\":[{\"@type\":\"ReadAction\",\"target\":[\"https:\\\/\\\/diarisanitat.cat\\\/recerca-en-salut\\\/blog\\\/2026\\\/03\\\/09\\\/ignition-ajunta-el-seu-consorci-a-la-reunio-de-llancament-del-projecte\\\/\"]}]},{\"@type\":\"BreadcrumbList\",\"@id\":\"https:\\\/\\\/diarisanitat.cat\\\/recerca-en-salut\\\/blog\\\/2026\\\/03\\\/09\\\/ignition-ajunta-el-seu-consorci-a-la-reunio-de-llancament-del-projecte\\\/#breadcrumb\",\"itemListElement\":[{\"@type\":\"ListItem\",\"position\":1,\"name\":\"Portada\",\"item\":\"https:\\\/\\\/diarisanitat.cat\\\/recerca-en-salut\\\/\"},{\"@type\":\"ListItem\",\"position\":2,\"name\":\"IGNITION ajunta el seu consorci a la reuni\u00f3 de llan\u00e7ament del projecte\"}]},{\"@type\":\"WebSite\",\"@id\":\"https:\\\/\\\/diarisanitat.cat\\\/recerca-en-salut\\\/#website\",\"url\":\"https:\\\/\\\/diarisanitat.cat\\\/recerca-en-salut\\\/\",\"name\":\"Recerca en salut\",\"description\":\"\",\"potentialAction\":[{\"@type\":\"SearchAction\",\"target\":{\"@type\":\"EntryPoint\",\"urlTemplate\":\"https:\\\/\\\/diarisanitat.cat\\\/recerca-en-salut\\\/?s={search_term_string}\"},\"query-input\":{\"@type\":\"PropertyValueSpecification\",\"valueRequired\":true,\"valueName\":\"search_term_string\"}}],\"inLanguage\":\"es\"},{\"@type\":\"Person\",\"@id\":\"https:\\\/\\\/diarisanitat.cat\\\/recerca-en-salut\\\/#\\\/schema\\\/person\\\/9de78768f9e1608c4e3acede8e5f91c4\",\"name\":\"Redacci\u00f3\",\"image\":{\"@type\":\"ImageObject\",\"inLanguage\":\"es\",\"@id\":\"https:\\\/\\\/secure.gravatar.com\\\/avatar\\\/e952ad62e08be1daabaefebd12d26c1e5fbfd687693aaa066db2433a21638ad8?s=96&d=mm&r=g\",\"url\":\"https:\\\/\\\/secure.gravatar.com\\\/avatar\\\/e952ad62e08be1daabaefebd12d26c1e5fbfd687693aaa066db2433a21638ad8?s=96&d=mm&r=g\",\"contentUrl\":\"https:\\\/\\\/secure.gravatar.com\\\/avatar\\\/e952ad62e08be1daabaefebd12d26c1e5fbfd687693aaa066db2433a21638ad8?s=96&d=mm&r=g\",\"caption\":\"Redacci\u00f3\"},\"url\":\"https:\\\/\\\/diarisanitat.cat\\\/recerca-en-salut\\\/blog\\\/author\\\/npenin\\\/\"}]}<\/script>\n<!-- \/ Yoast SEO plugin. -->","yoast_head_json":{"title":"IGNITION ajunta el seu consorci a la reuni\u00f3 de llan\u00e7ament del projecte - Recerca en salut","robots":{"index":"index","follow":"follow","max-snippet":"max-snippet:-1","max-image-preview":"max-image-preview:large","max-video-preview":"max-video-preview:-1"},"canonical":"https:\/\/diarisanitat.cat\/recerca-en-salut\/blog\/2026\/03\/09\/ignition-ajunta-el-seu-consorci-a-la-reunio-de-llancament-del-projecte\/","og_locale":"es_ES","og_type":"article","og_title":"IGNITION ajunta el seu consorci a la reuni\u00f3 de llan\u00e7ament del projecte - Recerca en salut","og_description":"El consorci IGNITION, un projecte europeu coordinat per L\u00eddia Sabater, investigadora del grup IDIBAPS de Patog\u00e8nesi de les malalties neuronals autoimmunes, va celebrar la reuni\u00f3 de llan\u00e7ament en l\u00ednia, amb 23 participants en representaci\u00f3 de tots els socis europeus del projecte. La sessi\u00f3 va servir per refor\u00e7ar la coordinaci\u00f3, harmonitzar expectatives i revisar les properes","og_url":"https:\/\/diarisanitat.cat\/recerca-en-salut\/blog\/2026\/03\/09\/ignition-ajunta-el-seu-consorci-a-la-reunio-de-llancament-del-projecte\/","og_site_name":"Recerca en salut","article_published_time":"2026-03-09T09:37:39+00:00","author":"Redacci\u00f3","twitter_card":"summary_large_image","twitter_misc":{"Escrito por":"Redacci\u00f3"},"schema":{"@context":"https:\/\/schema.org","@graph":[{"@type":"Article","@id":"https:\/\/diarisanitat.cat\/recerca-en-salut\/blog\/2026\/03\/09\/ignition-ajunta-el-seu-consorci-a-la-reunio-de-llancament-del-projecte\/#article","isPartOf":{"@id":"https:\/\/diarisanitat.cat\/recerca-en-salut\/blog\/2026\/03\/09\/ignition-ajunta-el-seu-consorci-a-la-reunio-de-llancament-del-projecte\/"},"author":{"name":"Redacci\u00f3","@id":"https:\/\/diarisanitat.cat\/recerca-en-salut\/#\/schema\/person\/9de78768f9e1608c4e3acede8e5f91c4"},"headline":"IGNITION ajunta el seu consorci a la reuni\u00f3 de llan\u00e7ament del projecte","datePublished":"2026-03-09T09:37:39+00:00","mainEntityOfPage":{"@id":"https:\/\/diarisanitat.cat\/recerca-en-salut\/blog\/2026\/03\/09\/ignition-ajunta-el-seu-consorci-a-la-reunio-de-llancament-del-projecte\/"},"wordCount":90,"commentCount":0,"articleSection":["Uncategorized"],"inLanguage":"es","potentialAction":[{"@type":"CommentAction","name":"Comment","target":["https:\/\/diarisanitat.cat\/recerca-en-salut\/blog\/2026\/03\/09\/ignition-ajunta-el-seu-consorci-a-la-reunio-de-llancament-del-projecte\/#respond"]}]},{"@type":"WebPage","@id":"https:\/\/diarisanitat.cat\/recerca-en-salut\/blog\/2026\/03\/09\/ignition-ajunta-el-seu-consorci-a-la-reunio-de-llancament-del-projecte\/","url":"https:\/\/diarisanitat.cat\/recerca-en-salut\/blog\/2026\/03\/09\/ignition-ajunta-el-seu-consorci-a-la-reunio-de-llancament-del-projecte\/","name":"IGNITION ajunta el seu consorci a la reuni\u00f3 de llan\u00e7ament del projecte - Recerca en salut","isPartOf":{"@id":"https:\/\/diarisanitat.cat\/recerca-en-salut\/#website"},"datePublished":"2026-03-09T09:37:39+00:00","author":{"@id":"https:\/\/diarisanitat.cat\/recerca-en-salut\/#\/schema\/person\/9de78768f9e1608c4e3acede8e5f91c4"},"breadcrumb":{"@id":"https:\/\/diarisanitat.cat\/recerca-en-salut\/blog\/2026\/03\/09\/ignition-ajunta-el-seu-consorci-a-la-reunio-de-llancament-del-projecte\/#breadcrumb"},"inLanguage":"es","potentialAction":[{"@type":"ReadAction","target":["https:\/\/diarisanitat.cat\/recerca-en-salut\/blog\/2026\/03\/09\/ignition-ajunta-el-seu-consorci-a-la-reunio-de-llancament-del-projecte\/"]}]},{"@type":"BreadcrumbList","@id":"https:\/\/diarisanitat.cat\/recerca-en-salut\/blog\/2026\/03\/09\/ignition-ajunta-el-seu-consorci-a-la-reunio-de-llancament-del-projecte\/#breadcrumb","itemListElement":[{"@type":"ListItem","position":1,"name":"Portada","item":"https:\/\/diarisanitat.cat\/recerca-en-salut\/"},{"@type":"ListItem","position":2,"name":"IGNITION ajunta el seu consorci a la reuni\u00f3 de llan\u00e7ament del projecte"}]},{"@type":"WebSite","@id":"https:\/\/diarisanitat.cat\/recerca-en-salut\/#website","url":"https:\/\/diarisanitat.cat\/recerca-en-salut\/","name":"Recerca en salut","description":"","potentialAction":[{"@type":"SearchAction","target":{"@type":"EntryPoint","urlTemplate":"https:\/\/diarisanitat.cat\/recerca-en-salut\/?s={search_term_string}"},"query-input":{"@type":"PropertyValueSpecification","valueRequired":true,"valueName":"search_term_string"}}],"inLanguage":"es"},{"@type":"Person","@id":"https:\/\/diarisanitat.cat\/recerca-en-salut\/#\/schema\/person\/9de78768f9e1608c4e3acede8e5f91c4","name":"Redacci\u00f3","image":{"@type":"ImageObject","inLanguage":"es","@id":"https:\/\/secure.gravatar.com\/avatar\/e952ad62e08be1daabaefebd12d26c1e5fbfd687693aaa066db2433a21638ad8?s=96&d=mm&r=g","url":"https:\/\/secure.gravatar.com\/avatar\/e952ad62e08be1daabaefebd12d26c1e5fbfd687693aaa066db2433a21638ad8?s=96&d=mm&r=g","contentUrl":"https:\/\/secure.gravatar.com\/avatar\/e952ad62e08be1daabaefebd12d26c1e5fbfd687693aaa066db2433a21638ad8?s=96&d=mm&r=g","caption":"Redacci\u00f3"},"url":"https:\/\/diarisanitat.cat\/recerca-en-salut\/blog\/author\/npenin\/"}]}},"_links":{"self":[{"href":"https:\/\/diarisanitat.cat\/recerca-en-salut\/wp-json\/wp\/v2\/posts\/38994","targetHints":{"allow":["GET"]}}],"collection":[{"href":"https:\/\/diarisanitat.cat\/recerca-en-salut\/wp-json\/wp\/v2\/posts"}],"about":[{"href":"https:\/\/diarisanitat.cat\/recerca-en-salut\/wp-json\/wp\/v2\/types\/post"}],"author":[{"embeddable":true,"href":"https:\/\/diarisanitat.cat\/recerca-en-salut\/wp-json\/wp\/v2\/users\/1"}],"replies":[{"embeddable":true,"href":"https:\/\/diarisanitat.cat\/recerca-en-salut\/wp-json\/wp\/v2\/comments?post=38994"}],"version-history":[{"count":0,"href":"https:\/\/diarisanitat.cat\/recerca-en-salut\/wp-json\/wp\/v2\/posts\/38994\/revisions"}],"wp:attachment":[{"href":"https:\/\/diarisanitat.cat\/recerca-en-salut\/wp-json\/wp\/v2\/media?parent=38994"}],"wp:term":[{"taxonomy":"category","embeddable":true,"href":"https:\/\/diarisanitat.cat\/recerca-en-salut\/wp-json\/wp\/v2\/categories?post=38994"},{"taxonomy":"post_tag","embeddable":true,"href":"https:\/\/diarisanitat.cat\/recerca-en-salut\/wp-json\/wp\/v2\/tags?post=38994"},{"taxonomy":"tipo","embeddable":true,"href":"https:\/\/diarisanitat.cat\/recerca-en-salut\/wp-json\/wp\/v2\/tipo?post=38994"}],"curies":[{"name":"wp","href":"https:\/\/api.w.org\/{rel}","templated":true}]}}