{"id":39192,"date":"2026-09-01T14:21:29","date_gmt":"2026-09-01T14:21:29","guid":{"rendered":"https:\/\/diarisanitat.cat\/recerca-en-salut\/blog\/2026\/09\/01\/neix-forum-clinic-connectant-salut-i-comunitat-un-nou-cicle-de-conferencies-per-a-la-ciutadania\/"},"modified":"2026-09-01T14:21:29","modified_gmt":"2026-09-01T14:21:29","slug":"neix-forum-clinic-connectant-salut-i-comunitat-un-nou-cicle-de-conferencies-per-a-la-ciutadania","status":"publish","type":"post","link":"https:\/\/diarisanitat.cat\/recerca-en-salut\/blog\/2026\/09\/01\/neix-forum-clinic-connectant-salut-i-comunitat-un-nou-cicle-de-conferencies-per-a-la-ciutadania\/","title":{"rendered":"Neix &#8216;F\u00f2rum Cl\u00ednic: Connectant Salut i Comunitat&#8217;, un nou cicle de confer\u00e8ncies per a la ciutadania"},"content":{"rendered":"<p>&#8216;F\u00f2rum Cl\u00ednic: Connectant Salut i Comunitat&#8217; pren el relleu del F\u00f2rum Salut Cl\u00ednic amb un nou cicle de confer\u00e8ncies per al per\u00edode 2026-2027, amb la voluntat de continuar apropant el coneixement m\u00e8dic i cient\u00edfic a la societat. El nou format vol connectar salut i comunitat, generant espais de conversa i reflexi\u00f3 compartida sobre aquells factors socials, culturals i ambientals que influeixen en la salut de les persones.<\/p>","protected":false},"excerpt":{"rendered":"<p>&#8216;F\u00f2rum Cl\u00ednic: Connectant Salut i Comunitat&#8217; pren el relleu del F\u00f2rum Salut Cl\u00ednic amb un nou cicle de confer\u00e8ncies per al per\u00edode 2026-2027, amb la voluntat de continuar apropant el coneixement m\u00e8dic i cient\u00edfic a la societat. El nou format vol connectar salut i comunitat, generant espais de conversa i reflexi\u00f3 compartida sobre aquells factors<\/p>\n","protected":false},"author":1,"featured_media":0,"comment_status":"open","ping_status":"open","sticky":false,"template":"","format":"standard","meta":{"_acf_changed":false,"footnotes":""},"categories":[1],"tags":[],"tipo":[],"coauthors":[1400],"class_list":["post-39192","post","type-post","status-publish","format-standard","category-uncategorized"],"acf":[],"yoast_head":"<!-- This site is optimized with the Yoast SEO plugin v28.0 - https:\/\/yoast.com\/product\/yoast-seo-wordpress\/ -->\n<title>Neix &#039;F\u00f2rum Cl\u00ednic: Connectant Salut i Comunitat&#039;, un nou cicle de confer\u00e8ncies per a la ciutadania - Recerca en salut<\/title>\n<meta name=\"robots\" content=\"index, follow, max-snippet:-1, max-image-preview:large, max-video-preview:-1\" \/>\n<link rel=\"canonical\" href=\"https:\/\/diarisanitat.cat\/recerca-en-salut\/blog\/2026\/09\/01\/neix-forum-clinic-connectant-salut-i-comunitat-un-nou-cicle-de-conferencies-per-a-la-ciutadania\/\" \/>\n<meta property=\"og:locale\" content=\"es_ES\" \/>\n<meta property=\"og:type\" content=\"article\" \/>\n<meta property=\"og:title\" content=\"Neix &#039;F\u00f2rum Cl\u00ednic: Connectant Salut i Comunitat&#039;, un nou cicle de confer\u00e8ncies per a la ciutadania - Recerca en salut\" \/>\n<meta property=\"og:description\" content=\"&#8216;F\u00f2rum Cl\u00ednic: Connectant Salut i Comunitat&#8217; pren el relleu del F\u00f2rum Salut Cl\u00ednic amb un nou cicle de confer\u00e8ncies per al per\u00edode 2026-2027, amb la voluntat de continuar apropant el coneixement m\u00e8dic i cient\u00edfic a la societat. El nou format vol connectar salut i comunitat, generant espais de conversa i reflexi\u00f3 compartida sobre aquells factors\" \/>\n<meta property=\"og:url\" content=\"https:\/\/diarisanitat.cat\/recerca-en-salut\/blog\/2026\/09\/01\/neix-forum-clinic-connectant-salut-i-comunitat-un-nou-cicle-de-conferencies-per-a-la-ciutadania\/\" \/>\n<meta property=\"og:site_name\" content=\"Recerca en salut\" \/>\n<meta property=\"article:published_time\" content=\"2026-09-01T14:21:29+00:00\" \/>\n<meta name=\"author\" content=\"Redacci\u00f3\" \/>\n<meta name=\"twitter:card\" content=\"summary_large_image\" \/>\n<meta name=\"twitter:label1\" content=\"Escrito por\" \/>\n\t<meta name=\"twitter:data1\" content=\"Redacci\u00f3\" \/>\n\t<meta name=\"twitter:label2\" content=\"Written by\" \/>\n\t<meta name=\"twitter:data2\" content=\"Redacci\u00f3\" \/>\n<script type=\"application\/ld+json\" class=\"yoast-schema-graph\">{\"@context\":\"https:\\\/\\\/schema.org\",\"@graph\":[{\"@type\":\"Article\",\"@id\":\"https:\\\/\\\/diarisanitat.cat\\\/recerca-en-salut\\\/blog\\\/2026\\\/09\\\/01\\\/neix-forum-clinic-connectant-salut-i-comunitat-un-nou-cicle-de-conferencies-per-a-la-ciutadania\\\/#article\",\"isPartOf\":{\"@id\":\"https:\\\/\\\/diarisanitat.cat\\\/recerca-en-salut\\\/blog\\\/2026\\\/09\\\/01\\\/neix-forum-clinic-connectant-salut-i-comunitat-un-nou-cicle-de-conferencies-per-a-la-ciutadania\\\/\"},\"author\":{\"name\":\"Redacci\u00f3\",\"@id\":\"https:\\\/\\\/diarisanitat.cat\\\/recerca-en-salut\\\/#\\\/schema\\\/person\\\/9de78768f9e1608c4e3acede8e5f91c4\"},\"headline\":\"Neix &#8216;F\u00f2rum Cl\u00ednic: Connectant Salut i Comunitat&#8217;, un nou cicle de confer\u00e8ncies per a la ciutadania\",\"datePublished\":\"2026-09-01T14:21:29+00:00\",\"mainEntityOfPage\":{\"@id\":\"https:\\\/\\\/diarisanitat.cat\\\/recerca-en-salut\\\/blog\\\/2026\\\/09\\\/01\\\/neix-forum-clinic-connectant-salut-i-comunitat-un-nou-cicle-de-conferencies-per-a-la-ciutadania\\\/\"},\"wordCount\":94,\"commentCount\":0,\"articleSection\":[\"Uncategorized\"],\"inLanguage\":\"es\",\"potentialAction\":[{\"@type\":\"CommentAction\",\"name\":\"Comment\",\"target\":[\"https:\\\/\\\/diarisanitat.cat\\\/recerca-en-salut\\\/blog\\\/2026\\\/09\\\/01\\\/neix-forum-clinic-connectant-salut-i-comunitat-un-nou-cicle-de-conferencies-per-a-la-ciutadania\\\/#respond\"]}]},{\"@type\":\"WebPage\",\"@id\":\"https:\\\/\\\/diarisanitat.cat\\\/recerca-en-salut\\\/blog\\\/2026\\\/09\\\/01\\\/neix-forum-clinic-connectant-salut-i-comunitat-un-nou-cicle-de-conferencies-per-a-la-ciutadania\\\/\",\"url\":\"https:\\\/\\\/diarisanitat.cat\\\/recerca-en-salut\\\/blog\\\/2026\\\/09\\\/01\\\/neix-forum-clinic-connectant-salut-i-comunitat-un-nou-cicle-de-conferencies-per-a-la-ciutadania\\\/\",\"name\":\"Neix 'F\u00f2rum Cl\u00ednic: Connectant Salut i Comunitat', un nou cicle de confer\u00e8ncies per a la ciutadania - Recerca en salut\",\"isPartOf\":{\"@id\":\"https:\\\/\\\/diarisanitat.cat\\\/recerca-en-salut\\\/#website\"},\"datePublished\":\"2026-09-01T14:21:29+00:00\",\"author\":{\"@id\":\"https:\\\/\\\/diarisanitat.cat\\\/recerca-en-salut\\\/#\\\/schema\\\/person\\\/9de78768f9e1608c4e3acede8e5f91c4\"},\"breadcrumb\":{\"@id\":\"https:\\\/\\\/diarisanitat.cat\\\/recerca-en-salut\\\/blog\\\/2026\\\/09\\\/01\\\/neix-forum-clinic-connectant-salut-i-comunitat-un-nou-cicle-de-conferencies-per-a-la-ciutadania\\\/#breadcrumb\"},\"inLanguage\":\"es\",\"potentialAction\":[{\"@type\":\"ReadAction\",\"target\":[\"https:\\\/\\\/diarisanitat.cat\\\/recerca-en-salut\\\/blog\\\/2026\\\/09\\\/01\\\/neix-forum-clinic-connectant-salut-i-comunitat-un-nou-cicle-de-conferencies-per-a-la-ciutadania\\\/\"]}]},{\"@type\":\"BreadcrumbList\",\"@id\":\"https:\\\/\\\/diarisanitat.cat\\\/recerca-en-salut\\\/blog\\\/2026\\\/09\\\/01\\\/neix-forum-clinic-connectant-salut-i-comunitat-un-nou-cicle-de-conferencies-per-a-la-ciutadania\\\/#breadcrumb\",\"itemListElement\":[{\"@type\":\"ListItem\",\"position\":1,\"name\":\"Portada\",\"item\":\"https:\\\/\\\/diarisanitat.cat\\\/recerca-en-salut\\\/\"},{\"@type\":\"ListItem\",\"position\":2,\"name\":\"Neix &#8216;F\u00f2rum Cl\u00ednic: Connectant Salut i Comunitat&#8217;, un nou cicle de confer\u00e8ncies per a la ciutadania\"}]},{\"@type\":\"WebSite\",\"@id\":\"https:\\\/\\\/diarisanitat.cat\\\/recerca-en-salut\\\/#website\",\"url\":\"https:\\\/\\\/diarisanitat.cat\\\/recerca-en-salut\\\/\",\"name\":\"Recerca en salut\",\"description\":\"\",\"potentialAction\":[{\"@type\":\"SearchAction\",\"target\":{\"@type\":\"EntryPoint\",\"urlTemplate\":\"https:\\\/\\\/diarisanitat.cat\\\/recerca-en-salut\\\/?s={search_term_string}\"},\"query-input\":{\"@type\":\"PropertyValueSpecification\",\"valueRequired\":true,\"valueName\":\"search_term_string\"}}],\"inLanguage\":\"es\"},{\"@type\":\"Person\",\"@id\":\"https:\\\/\\\/diarisanitat.cat\\\/recerca-en-salut\\\/#\\\/schema\\\/person\\\/9de78768f9e1608c4e3acede8e5f91c4\",\"name\":\"Redacci\u00f3\",\"image\":{\"@type\":\"ImageObject\",\"inLanguage\":\"es\",\"@id\":\"https:\\\/\\\/secure.gravatar.com\\\/avatar\\\/e952ad62e08be1daabaefebd12d26c1e5fbfd687693aaa066db2433a21638ad8?s=96&d=mm&r=g2f3bf8fda4d9cb3e38e71ad56d3bcf47\",\"url\":\"https:\\\/\\\/secure.gravatar.com\\\/avatar\\\/e952ad62e08be1daabaefebd12d26c1e5fbfd687693aaa066db2433a21638ad8?s=96&d=mm&r=g\",\"contentUrl\":\"https:\\\/\\\/secure.gravatar.com\\\/avatar\\\/e952ad62e08be1daabaefebd12d26c1e5fbfd687693aaa066db2433a21638ad8?s=96&d=mm&r=g\",\"caption\":\"Redacci\u00f3\"},\"url\":\"https:\\\/\\\/diarisanitat.cat\\\/recerca-en-salut\\\/blog\\\/author\\\/npenin\\\/\"}]}<\/script>\n<!-- \/ Yoast SEO plugin. -->","yoast_head_json":{"title":"Neix 'F\u00f2rum Cl\u00ednic: Connectant Salut i Comunitat', un nou cicle de confer\u00e8ncies per a la ciutadania - Recerca en salut","robots":{"index":"index","follow":"follow","max-snippet":"max-snippet:-1","max-image-preview":"max-image-preview:large","max-video-preview":"max-video-preview:-1"},"canonical":"https:\/\/diarisanitat.cat\/recerca-en-salut\/blog\/2026\/09\/01\/neix-forum-clinic-connectant-salut-i-comunitat-un-nou-cicle-de-conferencies-per-a-la-ciutadania\/","og_locale":"es_ES","og_type":"article","og_title":"Neix 'F\u00f2rum Cl\u00ednic: Connectant Salut i Comunitat', un nou cicle de confer\u00e8ncies per a la ciutadania - Recerca en salut","og_description":"&#8216;F\u00f2rum Cl\u00ednic: Connectant Salut i Comunitat&#8217; pren el relleu del F\u00f2rum Salut Cl\u00ednic amb un nou cicle de confer\u00e8ncies per al per\u00edode 2026-2027, amb la voluntat de continuar apropant el coneixement m\u00e8dic i cient\u00edfic a la societat. El nou format vol connectar salut i comunitat, generant espais de conversa i reflexi\u00f3 compartida sobre aquells factors","og_url":"https:\/\/diarisanitat.cat\/recerca-en-salut\/blog\/2026\/09\/01\/neix-forum-clinic-connectant-salut-i-comunitat-un-nou-cicle-de-conferencies-per-a-la-ciutadania\/","og_site_name":"Recerca en salut","article_published_time":"2026-09-01T14:21:29+00:00","author":"Redacci\u00f3","twitter_card":"summary_large_image","twitter_misc":{"Escrito por":"Redacci\u00f3","Written by":"Redacci\u00f3"},"schema":{"@context":"https:\/\/schema.org","@graph":[{"@type":"Article","@id":"https:\/\/diarisanitat.cat\/recerca-en-salut\/blog\/2026\/09\/01\/neix-forum-clinic-connectant-salut-i-comunitat-un-nou-cicle-de-conferencies-per-a-la-ciutadania\/#article","isPartOf":{"@id":"https:\/\/diarisanitat.cat\/recerca-en-salut\/blog\/2026\/09\/01\/neix-forum-clinic-connectant-salut-i-comunitat-un-nou-cicle-de-conferencies-per-a-la-ciutadania\/"},"author":{"name":"Redacci\u00f3","@id":"https:\/\/diarisanitat.cat\/recerca-en-salut\/#\/schema\/person\/9de78768f9e1608c4e3acede8e5f91c4"},"headline":"Neix &#8216;F\u00f2rum Cl\u00ednic: Connectant Salut i Comunitat&#8217;, un nou cicle de confer\u00e8ncies per a la ciutadania","datePublished":"2026-09-01T14:21:29+00:00","mainEntityOfPage":{"@id":"https:\/\/diarisanitat.cat\/recerca-en-salut\/blog\/2026\/09\/01\/neix-forum-clinic-connectant-salut-i-comunitat-un-nou-cicle-de-conferencies-per-a-la-ciutadania\/"},"wordCount":94,"commentCount":0,"articleSection":["Uncategorized"],"inLanguage":"es","potentialAction":[{"@type":"CommentAction","name":"Comment","target":["https:\/\/diarisanitat.cat\/recerca-en-salut\/blog\/2026\/09\/01\/neix-forum-clinic-connectant-salut-i-comunitat-un-nou-cicle-de-conferencies-per-a-la-ciutadania\/#respond"]}]},{"@type":"WebPage","@id":"https:\/\/diarisanitat.cat\/recerca-en-salut\/blog\/2026\/09\/01\/neix-forum-clinic-connectant-salut-i-comunitat-un-nou-cicle-de-conferencies-per-a-la-ciutadania\/","url":"https:\/\/diarisanitat.cat\/recerca-en-salut\/blog\/2026\/09\/01\/neix-forum-clinic-connectant-salut-i-comunitat-un-nou-cicle-de-conferencies-per-a-la-ciutadania\/","name":"Neix 'F\u00f2rum Cl\u00ednic: Connectant Salut i Comunitat', un nou cicle de confer\u00e8ncies per a la ciutadania - Recerca en salut","isPartOf":{"@id":"https:\/\/diarisanitat.cat\/recerca-en-salut\/#website"},"datePublished":"2026-09-01T14:21:29+00:00","author":{"@id":"https:\/\/diarisanitat.cat\/recerca-en-salut\/#\/schema\/person\/9de78768f9e1608c4e3acede8e5f91c4"},"breadcrumb":{"@id":"https:\/\/diarisanitat.cat\/recerca-en-salut\/blog\/2026\/09\/01\/neix-forum-clinic-connectant-salut-i-comunitat-un-nou-cicle-de-conferencies-per-a-la-ciutadania\/#breadcrumb"},"inLanguage":"es","potentialAction":[{"@type":"ReadAction","target":["https:\/\/diarisanitat.cat\/recerca-en-salut\/blog\/2026\/09\/01\/neix-forum-clinic-connectant-salut-i-comunitat-un-nou-cicle-de-conferencies-per-a-la-ciutadania\/"]}]},{"@type":"BreadcrumbList","@id":"https:\/\/diarisanitat.cat\/recerca-en-salut\/blog\/2026\/09\/01\/neix-forum-clinic-connectant-salut-i-comunitat-un-nou-cicle-de-conferencies-per-a-la-ciutadania\/#breadcrumb","itemListElement":[{"@type":"ListItem","position":1,"name":"Portada","item":"https:\/\/diarisanitat.cat\/recerca-en-salut\/"},{"@type":"ListItem","position":2,"name":"Neix &#8216;F\u00f2rum Cl\u00ednic: Connectant Salut i Comunitat&#8217;, un nou cicle de confer\u00e8ncies per a la ciutadania"}]},{"@type":"WebSite","@id":"https:\/\/diarisanitat.cat\/recerca-en-salut\/#website","url":"https:\/\/diarisanitat.cat\/recerca-en-salut\/","name":"Recerca en salut","description":"","potentialAction":[{"@type":"SearchAction","target":{"@type":"EntryPoint","urlTemplate":"https:\/\/diarisanitat.cat\/recerca-en-salut\/?s={search_term_string}"},"query-input":{"@type":"PropertyValueSpecification","valueRequired":true,"valueName":"search_term_string"}}],"inLanguage":"es"},{"@type":"Person","@id":"https:\/\/diarisanitat.cat\/recerca-en-salut\/#\/schema\/person\/9de78768f9e1608c4e3acede8e5f91c4","name":"Redacci\u00f3","image":{"@type":"ImageObject","inLanguage":"es","@id":"https:\/\/secure.gravatar.com\/avatar\/e952ad62e08be1daabaefebd12d26c1e5fbfd687693aaa066db2433a21638ad8?s=96&d=mm&r=g2f3bf8fda4d9cb3e38e71ad56d3bcf47","url":"https:\/\/secure.gravatar.com\/avatar\/e952ad62e08be1daabaefebd12d26c1e5fbfd687693aaa066db2433a21638ad8?s=96&d=mm&r=g","contentUrl":"https:\/\/secure.gravatar.com\/avatar\/e952ad62e08be1daabaefebd12d26c1e5fbfd687693aaa066db2433a21638ad8?s=96&d=mm&r=g","caption":"Redacci\u00f3"},"url":"https:\/\/diarisanitat.cat\/recerca-en-salut\/blog\/author\/npenin\/"}]}},"_links":{"self":[{"href":"https:\/\/diarisanitat.cat\/recerca-en-salut\/wp-json\/wp\/v2\/posts\/39192","targetHints":{"allow":["GET"]}}],"collection":[{"href":"https:\/\/diarisanitat.cat\/recerca-en-salut\/wp-json\/wp\/v2\/posts"}],"about":[{"href":"https:\/\/diarisanitat.cat\/recerca-en-salut\/wp-json\/wp\/v2\/types\/post"}],"author":[{"embeddable":true,"href":"https:\/\/diarisanitat.cat\/recerca-en-salut\/wp-json\/wp\/v2\/users\/1"}],"replies":[{"embeddable":true,"href":"https:\/\/diarisanitat.cat\/recerca-en-salut\/wp-json\/wp\/v2\/comments?post=39192"}],"version-history":[{"count":0,"href":"https:\/\/diarisanitat.cat\/recerca-en-salut\/wp-json\/wp\/v2\/posts\/39192\/revisions"}],"wp:attachment":[{"href":"https:\/\/diarisanitat.cat\/recerca-en-salut\/wp-json\/wp\/v2\/media?parent=39192"}],"wp:term":[{"taxonomy":"category","embeddable":true,"href":"https:\/\/diarisanitat.cat\/recerca-en-salut\/wp-json\/wp\/v2\/categories?post=39192"},{"taxonomy":"post_tag","embeddable":true,"href":"https:\/\/diarisanitat.cat\/recerca-en-salut\/wp-json\/wp\/v2\/tags?post=39192"},{"taxonomy":"tipo","embeddable":true,"href":"https:\/\/diarisanitat.cat\/recerca-en-salut\/wp-json\/wp\/v2\/tipo?post=39192"},{"taxonomy":"author","embeddable":true,"href":"https:\/\/diarisanitat.cat\/recerca-en-salut\/wp-json\/wp\/v2\/coauthors?post=39192"}],"curies":[{"name":"wp","href":"https:\/\/api.w.org\/{rel}","templated":true}]}}