{"id":442,"date":"2022-12-05T13:10:10","date_gmt":"2022-12-05T13:10:10","guid":{"rendered":"https:\/\/diarisanitat.cat\/recerca-en-salut\/?p=442"},"modified":"2024-07-08T15:14:42","modified_gmt":"2024-07-08T15:14:42","slug":"un-nou-tractament-contra-el-cancer-de-recte-millora-la-morbiditat-i-evita-les-sequeles-permanents","status":"publish","type":"post","link":"https:\/\/diarisanitat.cat\/recerca-en-salut\/blog\/2022\/12\/05\/un-nou-tractament-contra-el-cancer-de-recte-millora-la-morbiditat-i-evita-les-sequeles-permanents\/","title":{"rendered":"Un nou tractament contra el c\u00e0ncer de recte millora la morbiditat i evita les seq\u00fceles permanents"},"content":{"rendered":"<p>El c\u00e0ncer colorectal \u00e9s un dels tumors malignes amb m\u00e9s prevalen\u00e7a entre la poblaci\u00f3 mundial. De fet, \u00e9s el segon tipus de c\u00e0ncer m\u00e9s habitual en dones -despr\u00e9s del de mama-, i el tercer m\u00e9s com\u00fa en homes -per darrere del c\u00e0ncer de pulm\u00f3 i de pr\u00f2stata-. Entre els casos de c\u00e0ncer colorectal, el 25% s\u00f3n de recte.<\/p>\n<p>El tractament actual implica sotmetre el pacient a una cirurgia molt agressiva, que en la majoria de casos passa per extreure-li completament el recte de forma permanent. Aix\u00f2 provoca que s\u2019hagi de conviure amb una bossa de forma permanent o temporal i que es pateixin disfuncions de la bufeta orinaria i disfuncions sexuals, amb totes les conseq\u00fc\u00e8ncies que aix\u00f2 suposa per a la qualitat de vida dels pacients.<\/p>\n<p>Recentment, per\u00f2, el grup de recerca de Cirurgia Colorectal de l\u2019Institut d\u2019Investigaci\u00f3 i Innovaci\u00f3 Parc Taul\u00ed (I3PT), liderat pel Dr. Xavier Serra Aracil, ha demostrat que hi ha una alternativa molt menys invasiva i que aconsegueix uns resultats molt esperan\u00e7adors. Concretament, l\u2019estudi TAUTEM ha demostrat que sotmetent el pacient a un tractament de quimio-radioter\u00e0pia local i, posteriorment, a una m\u00ednima cirurgia local, millora la morbiditat i evita les seq\u00fceles permanents en aquest tipus de c\u00e0ncer.<\/p>\n<figure id=\"attachment_30703\" class=\"wp-caption alignnone\" aria-describedby=\"caption-attachment-30703\"><a href=\"https:\/\/diarisanitat.cat\/wp-content\/uploads\/sites\/29\/2022\/06\/Dr.-Xavier-Serra-Aracil_I3PT_Tractament-cancer-colorectal.jpg\"><img fetchpriority=\"high\" decoding=\"async\" class=\"size-full wp-image-30703\" src=\"https:\/\/diarisanitat.cat\/wp-content\/uploads\/sites\/29\/2022\/06\/Dr.-Xavier-Serra-Aracil_I3PT_Tractament-cancer-colorectal.jpg\" alt=\"\" width=\"1411\" height=\"1058\" \/><\/a><figcaption id=\"caption-attachment-30703\" class=\"wp-caption-text\">Dr. Xavier Serra Aracil, investigador principal de l\u2019estudi | Institut d\u2019Investigaci\u00f3 i Innovaci\u00f3 Parc Taul\u00ed<\/figcaption><\/figure>\n<p>Aquests resultats han sigut presentats al congr\u00e9s de l\u2019American Society of Clinical Oncology (ASCO), el m\u00e9s important del m\u00f3n en l\u2019\u00e0mbit del c\u00e0ncer. L\u2019estudi, que s\u2019ha dut a terme en 17 hospitals de l\u2019Estat, es va iniciar al 2011, i ha comptat amb 173 pacients que, de forma aleat\u00f2ria, s\u2019han sotm\u00e8s o b\u00e9 al tractament habitual o al tractament innovador per constatar la hip\u00f2tesi de l\u2019equip investigador de l\u2019I3PT.<\/p>\n<p>\u201cAix\u00f2 ha perm\u00e8s, en una primera fase, demostrar que tenim resultats molt prometedors: en un 44% dels casos, la quimio-radioter\u00e0pia ha eliminat el tumor, i en un 70% dels casos la reducci\u00f3 \u00e9s molt important\u201d, explica Serra. \u201cA m\u00e9s, les complicacions post-operat\u00f2ries i les taxes d\u2019hospitalitzaci\u00f3 han sigut significativament menors\u201d, afegeix.<\/p>\n<p>Ara s\u2019iniciar\u00e0 una nova fase de l\u2019estudi per avaluar la qualitat de vida dels pacients a partir dels sis mesos posteriors als dos tractaments. En aquest punt, expliquen els investigadors, \u201cpodrem concloure si podem fer un canvi d\u2019estrat\u00e8gia quir\u00fargica en aquests casos, i demostrar que es pot evitar la cirurgia tradicional amb tots els efectes secundaris que comporta i els perjudicis per a la qualitat de vida de les persones afectades\u201d.<\/p>\n","protected":false},"excerpt":{"rendered":"<p>El c\u00e0ncer de recte \u00e9s un dels m\u00e9s prevalents entre la poblaci\u00f3 i el seu tractament actual implica sotmetre el pacient a una cirurgia molt agressiva. Ara, un estudi liderat per l\u2019Institut d\u2019Investigaci\u00f3 i Innovaci\u00f3 Parc Taul\u00ed (I3PT) ha demostrat que hi ha una alternativa molt menys invasiva i que aconsegueix uns resultats molt esperan\u00e7adors<\/p>\n","protected":false},"author":725,"featured_media":443,"comment_status":"open","ping_status":"open","sticky":false,"template":"","format":"standard","meta":{"_acf_changed":false,"footnotes":""},"categories":[126],"tags":[],"tipo":[],"class_list":{"0":"post-442","1":"post","2":"type-post","3":"status-publish","4":"format-standard","5":"has-post-thumbnail","7":"category-recerca"},"acf":[],"yoast_head":"<!-- This site is optimized with the Yoast SEO plugin v27.5 - https:\/\/yoast.com\/product\/yoast-seo-wordpress\/ -->\n<title>Un nou tractament contra el c\u00e0ncer de recte millora la morbiditat i evita les seq\u00fceles permanents - Recerca en salut<\/title>\n<meta name=\"robots\" content=\"index, follow, max-snippet:-1, max-image-preview:large, max-video-preview:-1\" \/>\n<link rel=\"canonical\" href=\"https:\/\/diarisanitat.cat\/recerca-en-salut\/blog\/2022\/12\/05\/un-nou-tractament-contra-el-cancer-de-recte-millora-la-morbiditat-i-evita-les-sequeles-permanents\/\" \/>\n<meta property=\"og:locale\" content=\"es_ES\" \/>\n<meta property=\"og:type\" content=\"article\" \/>\n<meta property=\"og:title\" content=\"Un nou tractament contra el c\u00e0ncer de recte millora la morbiditat i evita les seq\u00fceles permanents - Recerca en salut\" \/>\n<meta property=\"og:description\" content=\"El c\u00e0ncer de recte \u00e9s un dels m\u00e9s prevalents entre la poblaci\u00f3 i el seu tractament actual implica sotmetre el pacient a una cirurgia molt agressiva. Ara, un estudi liderat per l\u2019Institut d\u2019Investigaci\u00f3 i Innovaci\u00f3 Parc Taul\u00ed (I3PT) ha demostrat que hi ha una alternativa molt menys invasiva i que aconsegueix uns resultats molt esperan\u00e7adors\" \/>\n<meta property=\"og:url\" content=\"https:\/\/diarisanitat.cat\/recerca-en-salut\/blog\/2022\/12\/05\/un-nou-tractament-contra-el-cancer-de-recte-millora-la-morbiditat-i-evita-les-sequeles-permanents\/\" \/>\n<meta property=\"og:site_name\" content=\"Recerca en salut\" \/>\n<meta property=\"article:published_time\" content=\"2022-12-05T13:10:10+00:00\" \/>\n<meta property=\"article:modified_time\" content=\"2024-07-08T15:14:42+00:00\" \/>\n<meta property=\"og:image\" content=\"https:\/\/diarisanitat.cat\/recerca-en-salut\/wp-content\/uploads\/sites\/4\/2022\/12\/GettyImages-1244465895-2048x1365-1.jpg\" \/>\n\t<meta property=\"og:image:width\" content=\"2048\" \/>\n\t<meta property=\"og:image:height\" content=\"1365\" \/>\n\t<meta property=\"og:image:type\" content=\"image\/jpeg\" \/>\n<meta name=\"author\" content=\"Redacci\u00f3\" \/>\n<meta name=\"twitter:card\" content=\"summary_large_image\" \/>\n<meta name=\"twitter:label1\" content=\"Escrito por\" \/>\n\t<meta name=\"twitter:data1\" content=\"Redacci\u00f3\" \/>\n\t<meta name=\"twitter:label2\" content=\"Tiempo de lectura\" \/>\n\t<meta name=\"twitter:data2\" content=\"2 minutos\" \/>\n<script type=\"application\/ld+json\" class=\"yoast-schema-graph\">{\"@context\":\"https:\\\/\\\/schema.org\",\"@graph\":[{\"@type\":\"Article\",\"@id\":\"https:\\\/\\\/diarisanitat.cat\\\/recerca-en-salut\\\/blog\\\/2022\\\/12\\\/05\\\/un-nou-tractament-contra-el-cancer-de-recte-millora-la-morbiditat-i-evita-les-sequeles-permanents\\\/#article\",\"isPartOf\":{\"@id\":\"https:\\\/\\\/diarisanitat.cat\\\/recerca-en-salut\\\/blog\\\/2022\\\/12\\\/05\\\/un-nou-tractament-contra-el-cancer-de-recte-millora-la-morbiditat-i-evita-les-sequeles-permanents\\\/\"},\"author\":{\"name\":\"Redacci\u00f3\",\"@id\":\"https:\\\/\\\/diarisanitat.cat\\\/recerca-en-salut\\\/#\\\/schema\\\/person\\\/2e6a48d5106845246470781757987c01\"},\"headline\":\"Un nou tractament contra el c\u00e0ncer de recte millora la morbiditat i evita les seq\u00fceles permanents\",\"datePublished\":\"2022-12-05T13:10:10+00:00\",\"dateModified\":\"2024-07-08T15:14:42+00:00\",\"mainEntityOfPage\":{\"@id\":\"https:\\\/\\\/diarisanitat.cat\\\/recerca-en-salut\\\/blog\\\/2022\\\/12\\\/05\\\/un-nou-tractament-contra-el-cancer-de-recte-millora-la-morbiditat-i-evita-les-sequeles-permanents\\\/\"},\"wordCount\":468,\"commentCount\":0,\"image\":{\"@id\":\"https:\\\/\\\/diarisanitat.cat\\\/recerca-en-salut\\\/blog\\\/2022\\\/12\\\/05\\\/un-nou-tractament-contra-el-cancer-de-recte-millora-la-morbiditat-i-evita-les-sequeles-permanents\\\/#primaryimage\"},\"thumbnailUrl\":\"https:\\\/\\\/diarisanitat.cat\\\/recerca-en-salut\\\/wp-content\\\/uploads\\\/sites\\\/4\\\/2022\\\/12\\\/GettyImages-1244465895-2048x1365-1.jpg\",\"articleSection\":[\"Recerca\"],\"inLanguage\":\"es\",\"potentialAction\":[{\"@type\":\"CommentAction\",\"name\":\"Comment\",\"target\":[\"https:\\\/\\\/diarisanitat.cat\\\/recerca-en-salut\\\/blog\\\/2022\\\/12\\\/05\\\/un-nou-tractament-contra-el-cancer-de-recte-millora-la-morbiditat-i-evita-les-sequeles-permanents\\\/#respond\"]}]},{\"@type\":\"WebPage\",\"@id\":\"https:\\\/\\\/diarisanitat.cat\\\/recerca-en-salut\\\/blog\\\/2022\\\/12\\\/05\\\/un-nou-tractament-contra-el-cancer-de-recte-millora-la-morbiditat-i-evita-les-sequeles-permanents\\\/\",\"url\":\"https:\\\/\\\/diarisanitat.cat\\\/recerca-en-salut\\\/blog\\\/2022\\\/12\\\/05\\\/un-nou-tractament-contra-el-cancer-de-recte-millora-la-morbiditat-i-evita-les-sequeles-permanents\\\/\",\"name\":\"Un nou tractament contra el c\u00e0ncer de recte millora la morbiditat i evita les seq\u00fceles permanents - Recerca en salut\",\"isPartOf\":{\"@id\":\"https:\\\/\\\/diarisanitat.cat\\\/recerca-en-salut\\\/#website\"},\"primaryImageOfPage\":{\"@id\":\"https:\\\/\\\/diarisanitat.cat\\\/recerca-en-salut\\\/blog\\\/2022\\\/12\\\/05\\\/un-nou-tractament-contra-el-cancer-de-recte-millora-la-morbiditat-i-evita-les-sequeles-permanents\\\/#primaryimage\"},\"image\":{\"@id\":\"https:\\\/\\\/diarisanitat.cat\\\/recerca-en-salut\\\/blog\\\/2022\\\/12\\\/05\\\/un-nou-tractament-contra-el-cancer-de-recte-millora-la-morbiditat-i-evita-les-sequeles-permanents\\\/#primaryimage\"},\"thumbnailUrl\":\"https:\\\/\\\/diarisanitat.cat\\\/recerca-en-salut\\\/wp-content\\\/uploads\\\/sites\\\/4\\\/2022\\\/12\\\/GettyImages-1244465895-2048x1365-1.jpg\",\"datePublished\":\"2022-12-05T13:10:10+00:00\",\"dateModified\":\"2024-07-08T15:14:42+00:00\",\"author\":{\"@id\":\"https:\\\/\\\/diarisanitat.cat\\\/recerca-en-salut\\\/#\\\/schema\\\/person\\\/2e6a48d5106845246470781757987c01\"},\"breadcrumb\":{\"@id\":\"https:\\\/\\\/diarisanitat.cat\\\/recerca-en-salut\\\/blog\\\/2022\\\/12\\\/05\\\/un-nou-tractament-contra-el-cancer-de-recte-millora-la-morbiditat-i-evita-les-sequeles-permanents\\\/#breadcrumb\"},\"inLanguage\":\"es\",\"potentialAction\":[{\"@type\":\"ReadAction\",\"target\":[\"https:\\\/\\\/diarisanitat.cat\\\/recerca-en-salut\\\/blog\\\/2022\\\/12\\\/05\\\/un-nou-tractament-contra-el-cancer-de-recte-millora-la-morbiditat-i-evita-les-sequeles-permanents\\\/\"]}]},{\"@type\":\"ImageObject\",\"inLanguage\":\"es\",\"@id\":\"https:\\\/\\\/diarisanitat.cat\\\/recerca-en-salut\\\/blog\\\/2022\\\/12\\\/05\\\/un-nou-tractament-contra-el-cancer-de-recte-millora-la-morbiditat-i-evita-les-sequeles-permanents\\\/#primaryimage\",\"url\":\"https:\\\/\\\/diarisanitat.cat\\\/recerca-en-salut\\\/wp-content\\\/uploads\\\/sites\\\/4\\\/2022\\\/12\\\/GettyImages-1244465895-2048x1365-1.jpg\",\"contentUrl\":\"https:\\\/\\\/diarisanitat.cat\\\/recerca-en-salut\\\/wp-content\\\/uploads\\\/sites\\\/4\\\/2022\\\/12\\\/GettyImages-1244465895-2048x1365-1.jpg\",\"width\":2048,\"height\":1365},{\"@type\":\"BreadcrumbList\",\"@id\":\"https:\\\/\\\/diarisanitat.cat\\\/recerca-en-salut\\\/blog\\\/2022\\\/12\\\/05\\\/un-nou-tractament-contra-el-cancer-de-recte-millora-la-morbiditat-i-evita-les-sequeles-permanents\\\/#breadcrumb\",\"itemListElement\":[{\"@type\":\"ListItem\",\"position\":1,\"name\":\"Portada\",\"item\":\"https:\\\/\\\/diarisanitat.cat\\\/recerca-en-salut\\\/\"},{\"@type\":\"ListItem\",\"position\":2,\"name\":\"Un nou tractament contra el c\u00e0ncer de recte millora la morbiditat i evita les seq\u00fceles permanents\"}]},{\"@type\":\"WebSite\",\"@id\":\"https:\\\/\\\/diarisanitat.cat\\\/recerca-en-salut\\\/#website\",\"url\":\"https:\\\/\\\/diarisanitat.cat\\\/recerca-en-salut\\\/\",\"name\":\"Recerca en salut\",\"description\":\"\",\"potentialAction\":[{\"@type\":\"SearchAction\",\"target\":{\"@type\":\"EntryPoint\",\"urlTemplate\":\"https:\\\/\\\/diarisanitat.cat\\\/recerca-en-salut\\\/?s={search_term_string}\"},\"query-input\":{\"@type\":\"PropertyValueSpecification\",\"valueRequired\":true,\"valueName\":\"search_term_string\"}}],\"inLanguage\":\"es\"},{\"@type\":\"Person\",\"@id\":\"https:\\\/\\\/diarisanitat.cat\\\/recerca-en-salut\\\/#\\\/schema\\\/person\\\/2e6a48d5106845246470781757987c01\",\"name\":\"Redacci\u00f3\",\"image\":{\"@type\":\"ImageObject\",\"inLanguage\":\"es\",\"@id\":\"https:\\\/\\\/secure.gravatar.com\\\/avatar\\\/2cfa813f73e77c8e22e5a29ca7b56cebf8c13343ebbf43973b324aeb1e2e639d?s=96&d=mm&r=g\",\"url\":\"https:\\\/\\\/secure.gravatar.com\\\/avatar\\\/2cfa813f73e77c8e22e5a29ca7b56cebf8c13343ebbf43973b324aeb1e2e639d?s=96&d=mm&r=g\",\"contentUrl\":\"https:\\\/\\\/secure.gravatar.com\\\/avatar\\\/2cfa813f73e77c8e22e5a29ca7b56cebf8c13343ebbf43973b324aeb1e2e639d?s=96&d=mm&r=g\",\"caption\":\"Redacci\u00f3\"},\"url\":\"https:\\\/\\\/diarisanitat.cat\\\/recerca-en-salut\\\/blog\\\/author\\\/redaccioo\\\/\"}]}<\/script>\n<!-- \/ Yoast SEO plugin. -->","yoast_head_json":{"title":"Un nou tractament contra el c\u00e0ncer de recte millora la morbiditat i evita les seq\u00fceles permanents - Recerca en salut","robots":{"index":"index","follow":"follow","max-snippet":"max-snippet:-1","max-image-preview":"max-image-preview:large","max-video-preview":"max-video-preview:-1"},"canonical":"https:\/\/diarisanitat.cat\/recerca-en-salut\/blog\/2022\/12\/05\/un-nou-tractament-contra-el-cancer-de-recte-millora-la-morbiditat-i-evita-les-sequeles-permanents\/","og_locale":"es_ES","og_type":"article","og_title":"Un nou tractament contra el c\u00e0ncer de recte millora la morbiditat i evita les seq\u00fceles permanents - Recerca en salut","og_description":"El c\u00e0ncer de recte \u00e9s un dels m\u00e9s prevalents entre la poblaci\u00f3 i el seu tractament actual implica sotmetre el pacient a una cirurgia molt agressiva. Ara, un estudi liderat per l\u2019Institut d\u2019Investigaci\u00f3 i Innovaci\u00f3 Parc Taul\u00ed (I3PT) ha demostrat que hi ha una alternativa molt menys invasiva i que aconsegueix uns resultats molt esperan\u00e7adors","og_url":"https:\/\/diarisanitat.cat\/recerca-en-salut\/blog\/2022\/12\/05\/un-nou-tractament-contra-el-cancer-de-recte-millora-la-morbiditat-i-evita-les-sequeles-permanents\/","og_site_name":"Recerca en salut","article_published_time":"2022-12-05T13:10:10+00:00","article_modified_time":"2024-07-08T15:14:42+00:00","og_image":[{"width":2048,"height":1365,"url":"https:\/\/diarisanitat.cat\/recerca-en-salut\/wp-content\/uploads\/sites\/4\/2022\/12\/GettyImages-1244465895-2048x1365-1.jpg","type":"image\/jpeg"}],"author":"Redacci\u00f3","twitter_card":"summary_large_image","twitter_misc":{"Escrito por":"Redacci\u00f3","Tiempo de lectura":"2 minutos"},"schema":{"@context":"https:\/\/schema.org","@graph":[{"@type":"Article","@id":"https:\/\/diarisanitat.cat\/recerca-en-salut\/blog\/2022\/12\/05\/un-nou-tractament-contra-el-cancer-de-recte-millora-la-morbiditat-i-evita-les-sequeles-permanents\/#article","isPartOf":{"@id":"https:\/\/diarisanitat.cat\/recerca-en-salut\/blog\/2022\/12\/05\/un-nou-tractament-contra-el-cancer-de-recte-millora-la-morbiditat-i-evita-les-sequeles-permanents\/"},"author":{"name":"Redacci\u00f3","@id":"https:\/\/diarisanitat.cat\/recerca-en-salut\/#\/schema\/person\/2e6a48d5106845246470781757987c01"},"headline":"Un nou tractament contra el c\u00e0ncer de recte millora la morbiditat i evita les seq\u00fceles permanents","datePublished":"2022-12-05T13:10:10+00:00","dateModified":"2024-07-08T15:14:42+00:00","mainEntityOfPage":{"@id":"https:\/\/diarisanitat.cat\/recerca-en-salut\/blog\/2022\/12\/05\/un-nou-tractament-contra-el-cancer-de-recte-millora-la-morbiditat-i-evita-les-sequeles-permanents\/"},"wordCount":468,"commentCount":0,"image":{"@id":"https:\/\/diarisanitat.cat\/recerca-en-salut\/blog\/2022\/12\/05\/un-nou-tractament-contra-el-cancer-de-recte-millora-la-morbiditat-i-evita-les-sequeles-permanents\/#primaryimage"},"thumbnailUrl":"https:\/\/diarisanitat.cat\/recerca-en-salut\/wp-content\/uploads\/sites\/4\/2022\/12\/GettyImages-1244465895-2048x1365-1.jpg","articleSection":["Recerca"],"inLanguage":"es","potentialAction":[{"@type":"CommentAction","name":"Comment","target":["https:\/\/diarisanitat.cat\/recerca-en-salut\/blog\/2022\/12\/05\/un-nou-tractament-contra-el-cancer-de-recte-millora-la-morbiditat-i-evita-les-sequeles-permanents\/#respond"]}]},{"@type":"WebPage","@id":"https:\/\/diarisanitat.cat\/recerca-en-salut\/blog\/2022\/12\/05\/un-nou-tractament-contra-el-cancer-de-recte-millora-la-morbiditat-i-evita-les-sequeles-permanents\/","url":"https:\/\/diarisanitat.cat\/recerca-en-salut\/blog\/2022\/12\/05\/un-nou-tractament-contra-el-cancer-de-recte-millora-la-morbiditat-i-evita-les-sequeles-permanents\/","name":"Un nou tractament contra el c\u00e0ncer de recte millora la morbiditat i evita les seq\u00fceles permanents - Recerca en salut","isPartOf":{"@id":"https:\/\/diarisanitat.cat\/recerca-en-salut\/#website"},"primaryImageOfPage":{"@id":"https:\/\/diarisanitat.cat\/recerca-en-salut\/blog\/2022\/12\/05\/un-nou-tractament-contra-el-cancer-de-recte-millora-la-morbiditat-i-evita-les-sequeles-permanents\/#primaryimage"},"image":{"@id":"https:\/\/diarisanitat.cat\/recerca-en-salut\/blog\/2022\/12\/05\/un-nou-tractament-contra-el-cancer-de-recte-millora-la-morbiditat-i-evita-les-sequeles-permanents\/#primaryimage"},"thumbnailUrl":"https:\/\/diarisanitat.cat\/recerca-en-salut\/wp-content\/uploads\/sites\/4\/2022\/12\/GettyImages-1244465895-2048x1365-1.jpg","datePublished":"2022-12-05T13:10:10+00:00","dateModified":"2024-07-08T15:14:42+00:00","author":{"@id":"https:\/\/diarisanitat.cat\/recerca-en-salut\/#\/schema\/person\/2e6a48d5106845246470781757987c01"},"breadcrumb":{"@id":"https:\/\/diarisanitat.cat\/recerca-en-salut\/blog\/2022\/12\/05\/un-nou-tractament-contra-el-cancer-de-recte-millora-la-morbiditat-i-evita-les-sequeles-permanents\/#breadcrumb"},"inLanguage":"es","potentialAction":[{"@type":"ReadAction","target":["https:\/\/diarisanitat.cat\/recerca-en-salut\/blog\/2022\/12\/05\/un-nou-tractament-contra-el-cancer-de-recte-millora-la-morbiditat-i-evita-les-sequeles-permanents\/"]}]},{"@type":"ImageObject","inLanguage":"es","@id":"https:\/\/diarisanitat.cat\/recerca-en-salut\/blog\/2022\/12\/05\/un-nou-tractament-contra-el-cancer-de-recte-millora-la-morbiditat-i-evita-les-sequeles-permanents\/#primaryimage","url":"https:\/\/diarisanitat.cat\/recerca-en-salut\/wp-content\/uploads\/sites\/4\/2022\/12\/GettyImages-1244465895-2048x1365-1.jpg","contentUrl":"https:\/\/diarisanitat.cat\/recerca-en-salut\/wp-content\/uploads\/sites\/4\/2022\/12\/GettyImages-1244465895-2048x1365-1.jpg","width":2048,"height":1365},{"@type":"BreadcrumbList","@id":"https:\/\/diarisanitat.cat\/recerca-en-salut\/blog\/2022\/12\/05\/un-nou-tractament-contra-el-cancer-de-recte-millora-la-morbiditat-i-evita-les-sequeles-permanents\/#breadcrumb","itemListElement":[{"@type":"ListItem","position":1,"name":"Portada","item":"https:\/\/diarisanitat.cat\/recerca-en-salut\/"},{"@type":"ListItem","position":2,"name":"Un nou tractament contra el c\u00e0ncer de recte millora la morbiditat i evita les seq\u00fceles permanents"}]},{"@type":"WebSite","@id":"https:\/\/diarisanitat.cat\/recerca-en-salut\/#website","url":"https:\/\/diarisanitat.cat\/recerca-en-salut\/","name":"Recerca en salut","description":"","potentialAction":[{"@type":"SearchAction","target":{"@type":"EntryPoint","urlTemplate":"https:\/\/diarisanitat.cat\/recerca-en-salut\/?s={search_term_string}"},"query-input":{"@type":"PropertyValueSpecification","valueRequired":true,"valueName":"search_term_string"}}],"inLanguage":"es"},{"@type":"Person","@id":"https:\/\/diarisanitat.cat\/recerca-en-salut\/#\/schema\/person\/2e6a48d5106845246470781757987c01","name":"Redacci\u00f3","image":{"@type":"ImageObject","inLanguage":"es","@id":"https:\/\/secure.gravatar.com\/avatar\/2cfa813f73e77c8e22e5a29ca7b56cebf8c13343ebbf43973b324aeb1e2e639d?s=96&d=mm&r=g","url":"https:\/\/secure.gravatar.com\/avatar\/2cfa813f73e77c8e22e5a29ca7b56cebf8c13343ebbf43973b324aeb1e2e639d?s=96&d=mm&r=g","contentUrl":"https:\/\/secure.gravatar.com\/avatar\/2cfa813f73e77c8e22e5a29ca7b56cebf8c13343ebbf43973b324aeb1e2e639d?s=96&d=mm&r=g","caption":"Redacci\u00f3"},"url":"https:\/\/diarisanitat.cat\/recerca-en-salut\/blog\/author\/redaccioo\/"}]}},"_links":{"self":[{"href":"https:\/\/diarisanitat.cat\/recerca-en-salut\/wp-json\/wp\/v2\/posts\/442","targetHints":{"allow":["GET"]}}],"collection":[{"href":"https:\/\/diarisanitat.cat\/recerca-en-salut\/wp-json\/wp\/v2\/posts"}],"about":[{"href":"https:\/\/diarisanitat.cat\/recerca-en-salut\/wp-json\/wp\/v2\/types\/post"}],"author":[{"embeddable":true,"href":"https:\/\/diarisanitat.cat\/recerca-en-salut\/wp-json\/wp\/v2\/users\/725"}],"replies":[{"embeddable":true,"href":"https:\/\/diarisanitat.cat\/recerca-en-salut\/wp-json\/wp\/v2\/comments?post=442"}],"version-history":[{"count":1,"href":"https:\/\/diarisanitat.cat\/recerca-en-salut\/wp-json\/wp\/v2\/posts\/442\/revisions"}],"predecessor-version":[{"id":37662,"href":"https:\/\/diarisanitat.cat\/recerca-en-salut\/wp-json\/wp\/v2\/posts\/442\/revisions\/37662"}],"wp:featuredmedia":[{"embeddable":true,"href":"https:\/\/diarisanitat.cat\/recerca-en-salut\/wp-json\/wp\/v2\/media\/443"}],"wp:attachment":[{"href":"https:\/\/diarisanitat.cat\/recerca-en-salut\/wp-json\/wp\/v2\/media?parent=442"}],"wp:term":[{"taxonomy":"category","embeddable":true,"href":"https:\/\/diarisanitat.cat\/recerca-en-salut\/wp-json\/wp\/v2\/categories?post=442"},{"taxonomy":"post_tag","embeddable":true,"href":"https:\/\/diarisanitat.cat\/recerca-en-salut\/wp-json\/wp\/v2\/tags?post=442"},{"taxonomy":"tipo","embeddable":true,"href":"https:\/\/diarisanitat.cat\/recerca-en-salut\/wp-json\/wp\/v2\/tipo?post=442"}],"curies":[{"name":"wp","href":"https:\/\/api.w.org\/{rel}","templated":true}]}}