{"id":962,"date":"2023-02-03T06:30:58","date_gmt":"2023-02-03T06:30:58","guid":{"rendered":"https:\/\/diarisanitat.cat\/recerca-en-salut\/?p=962"},"modified":"2024-07-08T15:14:46","modified_gmt":"2024-07-08T15:14:46","slug":"biomarcadors-les-pistes-de-la-investigacio","status":"publish","type":"post","link":"https:\/\/diarisanitat.cat\/recerca-en-salut\/blog\/2023\/02\/03\/biomarcadors-les-pistes-de-la-investigacio\/","title":{"rendered":"Biomarcadors, les pistes de la investigaci\u00f3"},"content":{"rendered":"<h2>Tecnologia i m\u00e9s coneixement cient\u00edfic augmenten la capacitat de trobar nous senyals d\u2019informaci\u00f3 en l\u2019organisme per diagnosticar, tractar i pronosticar l\u2019evoluci\u00f3 d\u2019una malaltia amb m\u00e9s precisi\u00f3 en cada persona<\/h2>\n<p>Saber que un f\u00e0rmac funciona en el guariment d\u2019una malaltia, a banda dels s\u00edmptomes externs que el pacient veu desapar\u00e8ixer o viu millor, per\u00f2 sobretot, a nivell m\u00e8dic, es va valorant a partir de canvis en determinats elements observats al laboratori. S\u00f3n els anomenats biomarcadors, subst\u00e0ncies, c\u00e8l\u00b7lules, que, analitzant la mostra que les cont\u00e9 \u2013de sang, orina, saliva&#8230;, o visionant el resultat de proves d\u2019imatge-, se\u2019n verifica l\u2019evoluci\u00f3. Els biomarcadors esdevenen aix\u00ed pistes que orienten els metges sobre la idone\u00eftat i beneficis dels tractaments, la progressi\u00f3 d\u2019una malaltia i, per tant, els successius pron\u00f2stics.<\/p>\n<p>Els biomarcadors guien aix\u00ed la medicina personalitzada perqu\u00e8 ajuden la comunitat cient\u00edfica a identificar trets, marcadors, senyals comunes en grups de pacients, all\u00e0 on sigui del m\u00f3n, per\u00f2 sobretot perqu\u00e8 detallen les caracter\u00edstiques i comportament de cada malaltia en cadascun dels pacients en concret, aix\u00ed com la reacci\u00f3 del seu organisme a tot el que se li apliqui per v\u00e8ncer els pat\u00f2gens i curar-se. Amb tota la informaci\u00f3 generada a partir d\u2019aquesta persona afectada per una malaltia, es pot fer m\u00e9s diana en la seva medicaci\u00f3, dosificaci\u00f3 i el millor moment per a comen\u00e7ar a fer-li un tractament.<\/p>\n<p>Segons ens explica el Dr. Antoni Mart\u00ednez Y\u00e9lamos, Cap de Servei de Neurologia de l&#8217;<a href=\"https:\/\/bellvitgehospital.cat\/ca\">Hospital Universitari de Bellvitge<\/a>, \u201cpr\u00e0cticament tots els par\u00e0metres que es determinen en una anal\u00edtica convencional es podrien considerar biomarcadors, tot i que aquest terme s\u2019acostuma a fer servir per als\u00a0 m\u00e9s nous biomarcadors -descoberts recentment-. Normalment, a m\u00e9s, el nom de biomarcador s\u2019associa a marcadors bioqu\u00edmics o gen\u00e8tics m\u00e9s que als, per exemple, d\u2019imatge\u201d.<\/p>\n<p>De fet, el terme biomarcador va comen\u00e7ar a llegir-se molt en les publicacions cient\u00edfiques a partir dels anys 90 i molt m\u00e9s encara des del 2000, amb un creixement exponencial fins avui. Per\u00f2 el que s\u00f3n i fan ha existit sempre. \u201cDes del moment en qu\u00e8 es varen poder fer proves, ja hi havia biomarcadors, per\u00f2 l\u2019evoluci\u00f3 tecnol\u00f2gica i del coneixement sobre la fisiopatologia de les diferents malalties ens est\u00e0 permetent avan\u00e7ar en la investigaci\u00f3 de possibles nous biomarcadors\u201d, apunta el Dr. Mart\u00ednez. \u00c9s a dir, una certa revoluci\u00f3 dels biomarcadors ve donada per la tecnologia cada cop m\u00e9s avan\u00e7ada, i per m\u00e9s coneixement cient\u00edfic. Aix\u00f2 fa augmentar la capacitat de trobar nous senyals d\u2019informaci\u00f3 en l\u2019organisme per diagnosticar, tractar i pronosticar l\u2019evoluci\u00f3 d\u2019una malaltia amb m\u00e9s precisi\u00f3 en cada persona.<\/p>\n<h3>Definici\u00f3<\/h3>\n<p>El Cap de Neurologia de l\u2019Hospital de Bellvitge ho defineix aix\u00ed: \u201cUn biomarcador seria qualsevol marcador biol\u00f2gic, bioqu\u00edmic, cel\u00b7lular, gen\u00e8tic o de imatge, que tingui utilitat pel maneig dels malalts, b\u00e9 des del punt de vista diagn\u00f2stic, pron\u00f2stic o de resposta al tractament\u201d.<\/p>\n<p>Cada possible biomarcador detecta coses diferents. Poden ser prote\u00efnes, gens, anticossos, metab\u00f2lits&#8230; I si el pacient t\u00e9 un biomarcador determinat pr\u00e8viament en malalts d\u2019una determinada malaltia, sabrem que tamb\u00e9 la t\u00e9. Aix\u00ed es fa el diagn\u00f2stic, per exemple, de la diabetis. Glucosa alta en uns resultats de sang de forma repetida vol dir que aquella persona t\u00e9 diabetis. Si es descobr\u00eds avui la glucosa com a indicador de la diabetis li dirien biomarcador, perqu\u00e8 de fet ho \u00e9s. La glucosa \u00e9s la pista que ens indica, segons el seu nivell, si existeix diabetis o no.<\/p>\n<p>La prote\u00efna TAU \u00e9s un possible indici de risc incrementat d\u2019alzheimer. No \u00e9s segur, per\u00f2 apunta la possibilitat m\u00e9s gran que si no trobem la prote\u00efna TAU. Tal com explica Mart\u00ednez Y\u00e9lamos, \u201ccada prova diagn\u00f2stica t\u00e9 una sensibilitat, un valor predictiu positiu, negatiu i validesa. Qualsevol valor molt rarament ens indica un 100% de s\u00ed o de no. Per sobre del 80% ja \u00e9s un bon biomarcador de s\u00ed o de no\u201d. Aix\u00f2 pel que fa a un diagn\u00f2stic.<\/p>\n<p>Per\u00f2 per avaluar la idone\u00eftat, l\u2019efic\u00e0cia d\u2019un tractament, tamb\u00e9 els biomarcadors ens informen. \u201cPer exemple, un tractament amb immunosupressors, en funci\u00f3 de l\u2019activitat d\u2019un enzim concret, se sap si caldr\u00e0 m\u00e9s o menys dosi per controlar el risc d\u2019un c\u00e0ncer secundari. Aquesta dosificaci\u00f3 varia en funci\u00f3 del resultat que aporta el control i supervisi\u00f3 del biomarcador. Pels estudis que ja s\u2019han fet, ja saps que als malalts que tenen tal enzim per sobre d\u2019un nivell els hi podem donar una dosi determinada. En aquest cas, el biomarcador ajuda a preveure efectes secundaris i veure si el tractament li anir\u00e0 b\u00e9 o malament\u201d, argumenta el Cap de Servei de Neurologia de l\u2019Hospital de Bellvitge.<\/p>\n<p>Els biomarcadors tamb\u00e9 serveixen per fer pron\u00f2stics, ajuden a dir com evolucionar\u00e0 el malalt en els propers anys, segons si ha pres\u00e8ncia d\u2019ells en les anal\u00edtiques, i com s\u00f3n un o diversos determinats biomarcadors.<\/p>\n<p>\u201cEls canvis en la investigaci\u00f3, de fet, no s\u2019han produ\u00eft pel \u201cdescobriment\u201d dels biomarcadors, perqu\u00e8 ja existien, per\u00f2 no els hi pos\u00e0vem aquest nom\u201d, apunta el Dr. Mart\u00ednez Y\u00e9lamos. \u201cEl que s\u00ed que s\u2019ha produ\u00eft \u00e9s un increment en la capacitat de fer recerca sobre nous biomarcadors, gr\u00e0cies com d\u00e8iem, al desenvolupament tecnol\u00f2gic i a l\u2019aven\u00e7 del coneixement cient\u00edfic sobre determinades patologies\u201d.<\/p>\n<h3>Criteris per a un biomarcador<\/h3>\n<p>Per tal que els biomarcadors ajudin des del punt de vista cl\u00ednic han de tenir una s\u00e8rie de caracter\u00edstiques per ser aplicables. Han de ser sensibles i espec\u00edfics, han de tenir fiabilitat i validesa, capacitat de predicci\u00f3 (aquestes s\u00f3n caracter\u00edstiques estad\u00edstiques), per\u00f2 alhora han de ser no invasius o m\u00ednimament invasius respecte al malalt, i econ\u00f2mics per tal que la societat s\u2019ho pugui permetre.<\/p>\n<p>La investigaci\u00f3 es basa en la generaci\u00f3 d\u2019una hip\u00f2tesi que despr\u00e9s s\u2019ha de contrastar mitjan\u00e7ant la realitzaci\u00f3 d\u2019un experiment per a veure si la sospita, la idea formulada, es confirma. Una vegada confirmada la hip\u00f2tesi cient\u00edfica, s\u2019ha de mirar si aquesta seria \u00fatil en la pr\u00e0ctica cl\u00ednica i si serviria o no per millorar el maneig dels malalts. El Dr. Mart\u00ednez posa d\u2019exemple la seva recerca realitzada fa vint anys. \u201cEn el treball de la meva tesi doctoral vaig hipotetitzar que en una malaltia com l\u2019Esclerosi M\u00faltiple un marcador biol\u00f2gic (abans no es parlava de biomarcadors) ens podria predir quins malalts anirien pitjor. Vam fer aquesta hip\u00f2tesi, vam dissenyar un experiment i vam veure que s\u00ed, que aquest biomarcador ens podia ajudar. Per\u00f2 tamb\u00e9 vam veure que no aportava m\u00e9s valor que el que ja ens donava la resson\u00e0ncia magn\u00e8tica i que, a m\u00e9s, la seva obtenci\u00f3 era m\u00e9s invasiva per als malalts. Per la qual cosa, aquell biomarcador mai no va arribar a la pr\u00e0ctica cl\u00ednica\u201d.<\/p>\n<h3>Qui aprova els biomarcadors?<\/h3>\n<p>La investigaci\u00f3 cl\u00ednica i la b\u00e0sica \u00e9s la que s\u2019encarrega de generar el coneixement que ens permet generar hip\u00f2tesi sobre la possible utilitat d\u2019un determinat biomarcador, que despr\u00e9s s\u2019ha de comprovar mitjan\u00e7ant l\u2019experimentaci\u00f3 i, en darrer terme, valorar la seva utilitat. Per\u00f2, com d\u00e8iem,\u00a0 un biomarcador que pugui ser \u00fatil a la pr\u00e0ctica cl\u00ednica ha de tenir una s\u00e8rie de caracter\u00edstiques quan s\u2019aplica a una poblaci\u00f3 determinada de malalts. Si els resultats no s\u00f3n clars o no hi ha prou evid\u00e8ncia de la utilitat d\u2019aquest possible biomarcador no tenen m\u00e9s recorregut des del punt de vista cl\u00ednic, no s\u00f3n \u00fatils i no es fan servir.<\/p>\n<p>Durant tot el 2022 es van publicar nom\u00e9s en el camp de la neurologia prop de 10.000 articles cient\u00edfics sobre biomarcadors, en pr\u00e0cticament totes les malalties neurol\u00f2giques. Aix\u00f2 contribueix a l\u2019aven\u00e7 del coneixement, per\u00f2 dels possibles biomarcadors que es recullen en aquests articles molt pocs arribaran a la pr\u00e0ctica cl\u00ednica habitual.<\/p>\n<p>Per a poder ser utilitzat en la pr\u00e0ctica cl\u00ednica habitual, la t\u00e8cnica de detecci\u00f3 d\u2019un determinat biomarcador ha de tenir el segell de la Comunitat Europea. Normalment s\u2019ha de demostrar en diferents estudis i centres que els resultats siguin reprodu\u00efbles, i despr\u00e9s valorar-ne les caracter\u00edstiques necess\u00e0ries. Una vegada hi ha consens sobre la seva utilitat, habitualment s\u2019incorpora a les guies de pr\u00e0ctica cl\u00ednica de cada pa\u00eds. Quan un biomarcardor es demostra \u00fatil, s\u2019adapta a la pr\u00e0ctica cl\u00ednica de forma r\u00e0pida.<\/p>\n<p>\u201cJo, per la proximitat a la feina que faig, i per proximitat amb algunes de les persones que els van descobrir (Dr. Francesc Graus, Director de la Unitat de Neuro-Oncologia de <a href=\"https:\/\/iob-onco.com\/?lang=ca\">l\u2019Institut Oncol\u00f2gic Baselga<\/a> (IOB)\u00a0 i el Dr. Josep Dalmau, Coordinador del programa de neuroimmunologia de l\u2019<a href=\"https:\/\/www.sjdhospitalbarcelona.org\/en\/specialists\/josep-dalmau-obrador\">Hospital Sant Joan de D\u00e9u<\/a>), sempre poso l\u2019exemple del descobriment dels anticossos anti-onconeuronals (anti-Hu, per exemple) i anti-neuronals. Tot i que sovint no se\u2019ls considera \u201cbiomarcadors\u201d s\u00f3n l\u2019exemple m\u00e9s clar d\u2019un bon biomarcador, perqu\u00e8 han contribu\u00eft al maneig de malalts amb s\u00edndromes neurol\u00f2giques paraneopl\u00e0siques i amb encefalitis autoimmune, i han ajudat a millorar el coneixement global de la neurologia a nivell mundial\u201d, exposa el Cap de Servei de Neurologia de l&#8217;<a href=\"https:\/\/bellvitgehospital.cat\/ca\">Hospital Universitari de Bellvitge<\/a>.<\/p>\n<p>En conclusi\u00f3, i tal com expressa el Dr. Antoni Mart\u00ednez Y\u00e9lamos, no podem dir que els biomarcadors siguin una esperan\u00e7a per a la curaci\u00f3, \u201cper\u00f2 si que ho s\u00f3n per a poder personalitzar m\u00e9s la medicina, aplicant els coneixements que tenim a les caracter\u00edstiques concretes d\u2019un malalt amb una malaltia. No tots els malalts de la mateixa malaltia s\u00f3n iguals ni evolucionen de la mateixa forma. Els biomarcadors ens han d\u2019ajudar a fer avan\u00e7ar la medicina personalitzada\u201d.<\/p>\n","protected":false},"excerpt":{"rendered":"<p>Tecnologia i m\u00e9s coneixement cient\u00edfic augmenten la capacitat de trobar nous senyals d\u2019informaci\u00f3 en l\u2019organisme per diagnosticar, tractar i pronosticar l\u2019evoluci\u00f3 d\u2019una malaltia amb m\u00e9s precisi\u00f3 en cada persona Saber que un f\u00e0rmac funciona en el guariment d\u2019una malaltia, a banda dels s\u00edmptomes externs que el pacient veu desapar\u00e8ixer o viu millor, per\u00f2 sobretot, a<\/p>\n","protected":false},"author":16,"featured_media":984,"comment_status":"open","ping_status":"open","sticky":false,"template":"","format":"standard","meta":{"_acf_changed":false,"footnotes":""},"categories":[126],"tags":[1356],"tipo":[],"class_list":{"0":"post-962","1":"post","2":"type-post","3":"status-publish","4":"format-standard","5":"has-post-thumbnail","7":"category-recerca","8":"tag-biomarcadors"},"acf":[],"yoast_head":"<!-- This site is optimized with the Yoast SEO plugin v27.5 - https:\/\/yoast.com\/product\/yoast-seo-wordpress\/ -->\n<title>Biomarcadors, les pistes de la investigaci\u00f3 - Recerca en salut<\/title>\n<meta name=\"robots\" content=\"index, follow, max-snippet:-1, max-image-preview:large, max-video-preview:-1\" \/>\n<link rel=\"canonical\" href=\"https:\/\/diarisanitat.cat\/recerca-en-salut\/blog\/2023\/02\/03\/biomarcadors-les-pistes-de-la-investigacio\/\" \/>\n<meta property=\"og:locale\" content=\"es_ES\" \/>\n<meta property=\"og:type\" content=\"article\" \/>\n<meta property=\"og:title\" content=\"Biomarcadors, les pistes de la investigaci\u00f3 - Recerca en salut\" \/>\n<meta property=\"og:description\" content=\"Tecnologia i m\u00e9s coneixement cient\u00edfic augmenten la capacitat de trobar nous senyals d\u2019informaci\u00f3 en l\u2019organisme per diagnosticar, tractar i pronosticar l\u2019evoluci\u00f3 d\u2019una malaltia amb m\u00e9s precisi\u00f3 en cada persona Saber que un f\u00e0rmac funciona en el guariment d\u2019una malaltia, a banda dels s\u00edmptomes externs que el pacient veu desapar\u00e8ixer o viu millor, per\u00f2 sobretot, a\" \/>\n<meta property=\"og:url\" content=\"https:\/\/diarisanitat.cat\/recerca-en-salut\/blog\/2023\/02\/03\/biomarcadors-les-pistes-de-la-investigacio\/\" \/>\n<meta property=\"og:site_name\" content=\"Recerca en salut\" \/>\n<meta property=\"article:published_time\" content=\"2023-02-03T06:30:58+00:00\" \/>\n<meta property=\"article:modified_time\" content=\"2024-07-08T15:14:46+00:00\" \/>\n<meta property=\"og:image\" content=\"https:\/\/diarisanitat.cat\/recerca-en-salut\/wp-content\/uploads\/sites\/4\/2023\/02\/WhatsApp-Image-2021-12-12-at-19.38.44.jpeg\" \/>\n\t<meta property=\"og:image:width\" content=\"1200\" \/>\n\t<meta property=\"og:image:height\" content=\"748\" \/>\n\t<meta property=\"og:image:type\" content=\"image\/jpeg\" \/>\n<meta name=\"author\" content=\"Carme Escales\" \/>\n<meta name=\"twitter:card\" content=\"summary_large_image\" \/>\n<meta name=\"twitter:label1\" content=\"Escrito por\" \/>\n\t<meta name=\"twitter:data1\" content=\"Carme Escales\" \/>\n\t<meta name=\"twitter:label2\" content=\"Tiempo de lectura\" \/>\n\t<meta name=\"twitter:data2\" content=\"9 minutos\" \/>\n<script type=\"application\/ld+json\" class=\"yoast-schema-graph\">{\"@context\":\"https:\\\/\\\/schema.org\",\"@graph\":[{\"@type\":\"Article\",\"@id\":\"https:\\\/\\\/diarisanitat.cat\\\/recerca-en-salut\\\/blog\\\/2023\\\/02\\\/03\\\/biomarcadors-les-pistes-de-la-investigacio\\\/#article\",\"isPartOf\":{\"@id\":\"https:\\\/\\\/diarisanitat.cat\\\/recerca-en-salut\\\/blog\\\/2023\\\/02\\\/03\\\/biomarcadors-les-pistes-de-la-investigacio\\\/\"},\"author\":{\"name\":\"Carme Escales\",\"@id\":\"https:\\\/\\\/diarisanitat.cat\\\/recerca-en-salut\\\/#\\\/schema\\\/person\\\/9080795ef06d370257b1c8e7967c8de8\"},\"headline\":\"Biomarcadors, les pistes de la investigaci\u00f3\",\"datePublished\":\"2023-02-03T06:30:58+00:00\",\"dateModified\":\"2024-07-08T15:14:46+00:00\",\"mainEntityOfPage\":{\"@id\":\"https:\\\/\\\/diarisanitat.cat\\\/recerca-en-salut\\\/blog\\\/2023\\\/02\\\/03\\\/biomarcadors-les-pistes-de-la-investigacio\\\/\"},\"wordCount\":1735,\"commentCount\":0,\"image\":{\"@id\":\"https:\\\/\\\/diarisanitat.cat\\\/recerca-en-salut\\\/blog\\\/2023\\\/02\\\/03\\\/biomarcadors-les-pistes-de-la-investigacio\\\/#primaryimage\"},\"thumbnailUrl\":\"https:\\\/\\\/diarisanitat.cat\\\/recerca-en-salut\\\/wp-content\\\/uploads\\\/sites\\\/4\\\/2023\\\/02\\\/WhatsApp-Image-2021-12-12-at-19.38.44.jpeg\",\"keywords\":[\"biomarcadors\"],\"articleSection\":[\"Recerca\"],\"inLanguage\":\"es\",\"potentialAction\":[{\"@type\":\"CommentAction\",\"name\":\"Comment\",\"target\":[\"https:\\\/\\\/diarisanitat.cat\\\/recerca-en-salut\\\/blog\\\/2023\\\/02\\\/03\\\/biomarcadors-les-pistes-de-la-investigacio\\\/#respond\"]}]},{\"@type\":\"WebPage\",\"@id\":\"https:\\\/\\\/diarisanitat.cat\\\/recerca-en-salut\\\/blog\\\/2023\\\/02\\\/03\\\/biomarcadors-les-pistes-de-la-investigacio\\\/\",\"url\":\"https:\\\/\\\/diarisanitat.cat\\\/recerca-en-salut\\\/blog\\\/2023\\\/02\\\/03\\\/biomarcadors-les-pistes-de-la-investigacio\\\/\",\"name\":\"Biomarcadors, les pistes de la investigaci\u00f3 - Recerca en salut\",\"isPartOf\":{\"@id\":\"https:\\\/\\\/diarisanitat.cat\\\/recerca-en-salut\\\/#website\"},\"primaryImageOfPage\":{\"@id\":\"https:\\\/\\\/diarisanitat.cat\\\/recerca-en-salut\\\/blog\\\/2023\\\/02\\\/03\\\/biomarcadors-les-pistes-de-la-investigacio\\\/#primaryimage\"},\"image\":{\"@id\":\"https:\\\/\\\/diarisanitat.cat\\\/recerca-en-salut\\\/blog\\\/2023\\\/02\\\/03\\\/biomarcadors-les-pistes-de-la-investigacio\\\/#primaryimage\"},\"thumbnailUrl\":\"https:\\\/\\\/diarisanitat.cat\\\/recerca-en-salut\\\/wp-content\\\/uploads\\\/sites\\\/4\\\/2023\\\/02\\\/WhatsApp-Image-2021-12-12-at-19.38.44.jpeg\",\"datePublished\":\"2023-02-03T06:30:58+00:00\",\"dateModified\":\"2024-07-08T15:14:46+00:00\",\"author\":{\"@id\":\"https:\\\/\\\/diarisanitat.cat\\\/recerca-en-salut\\\/#\\\/schema\\\/person\\\/9080795ef06d370257b1c8e7967c8de8\"},\"breadcrumb\":{\"@id\":\"https:\\\/\\\/diarisanitat.cat\\\/recerca-en-salut\\\/blog\\\/2023\\\/02\\\/03\\\/biomarcadors-les-pistes-de-la-investigacio\\\/#breadcrumb\"},\"inLanguage\":\"es\",\"potentialAction\":[{\"@type\":\"ReadAction\",\"target\":[\"https:\\\/\\\/diarisanitat.cat\\\/recerca-en-salut\\\/blog\\\/2023\\\/02\\\/03\\\/biomarcadors-les-pistes-de-la-investigacio\\\/\"]}]},{\"@type\":\"ImageObject\",\"inLanguage\":\"es\",\"@id\":\"https:\\\/\\\/diarisanitat.cat\\\/recerca-en-salut\\\/blog\\\/2023\\\/02\\\/03\\\/biomarcadors-les-pistes-de-la-investigacio\\\/#primaryimage\",\"url\":\"https:\\\/\\\/diarisanitat.cat\\\/recerca-en-salut\\\/wp-content\\\/uploads\\\/sites\\\/4\\\/2023\\\/02\\\/WhatsApp-Image-2021-12-12-at-19.38.44.jpeg\",\"contentUrl\":\"https:\\\/\\\/diarisanitat.cat\\\/recerca-en-salut\\\/wp-content\\\/uploads\\\/sites\\\/4\\\/2023\\\/02\\\/WhatsApp-Image-2021-12-12-at-19.38.44.jpeg\",\"width\":1200,\"height\":748,\"caption\":\"iStock\"},{\"@type\":\"BreadcrumbList\",\"@id\":\"https:\\\/\\\/diarisanitat.cat\\\/recerca-en-salut\\\/blog\\\/2023\\\/02\\\/03\\\/biomarcadors-les-pistes-de-la-investigacio\\\/#breadcrumb\",\"itemListElement\":[{\"@type\":\"ListItem\",\"position\":1,\"name\":\"Portada\",\"item\":\"https:\\\/\\\/diarisanitat.cat\\\/recerca-en-salut\\\/\"},{\"@type\":\"ListItem\",\"position\":2,\"name\":\"Biomarcadors, les pistes de la investigaci\u00f3\"}]},{\"@type\":\"WebSite\",\"@id\":\"https:\\\/\\\/diarisanitat.cat\\\/recerca-en-salut\\\/#website\",\"url\":\"https:\\\/\\\/diarisanitat.cat\\\/recerca-en-salut\\\/\",\"name\":\"Recerca en salut\",\"description\":\"\",\"potentialAction\":[{\"@type\":\"SearchAction\",\"target\":{\"@type\":\"EntryPoint\",\"urlTemplate\":\"https:\\\/\\\/diarisanitat.cat\\\/recerca-en-salut\\\/?s={search_term_string}\"},\"query-input\":{\"@type\":\"PropertyValueSpecification\",\"valueRequired\":true,\"valueName\":\"search_term_string\"}}],\"inLanguage\":\"es\"},{\"@type\":\"Person\",\"@id\":\"https:\\\/\\\/diarisanitat.cat\\\/recerca-en-salut\\\/#\\\/schema\\\/person\\\/9080795ef06d370257b1c8e7967c8de8\",\"name\":\"Carme Escales\",\"image\":{\"@type\":\"ImageObject\",\"inLanguage\":\"es\",\"@id\":\"https:\\\/\\\/diarisanitat.cat\\\/wp-content\\\/uploads\\\/2024\\\/11\\\/carme-escales_avatar-96x96.png\",\"url\":\"https:\\\/\\\/diarisanitat.cat\\\/wp-content\\\/uploads\\\/2024\\\/11\\\/carme-escales_avatar-96x96.png\",\"contentUrl\":\"https:\\\/\\\/diarisanitat.cat\\\/wp-content\\\/uploads\\\/2024\\\/11\\\/carme-escales_avatar-96x96.png\",\"caption\":\"Carme Escales\"},\"description\":\"Periodista amb m\u00e9s de 20 anys d'experi\u00e8ncia. Especialitzada en posar a l'abast de tothom el llenguatge de la medicina, la ci\u00e8ncia i la salut.\",\"url\":\"https:\\\/\\\/diarisanitat.cat\\\/recerca-en-salut\\\/blog\\\/author\\\/carmeescales\\\/\"}]}<\/script>\n<!-- \/ Yoast SEO plugin. -->","yoast_head_json":{"title":"Biomarcadors, les pistes de la investigaci\u00f3 - Recerca en salut","robots":{"index":"index","follow":"follow","max-snippet":"max-snippet:-1","max-image-preview":"max-image-preview:large","max-video-preview":"max-video-preview:-1"},"canonical":"https:\/\/diarisanitat.cat\/recerca-en-salut\/blog\/2023\/02\/03\/biomarcadors-les-pistes-de-la-investigacio\/","og_locale":"es_ES","og_type":"article","og_title":"Biomarcadors, les pistes de la investigaci\u00f3 - Recerca en salut","og_description":"Tecnologia i m\u00e9s coneixement cient\u00edfic augmenten la capacitat de trobar nous senyals d\u2019informaci\u00f3 en l\u2019organisme per diagnosticar, tractar i pronosticar l\u2019evoluci\u00f3 d\u2019una malaltia amb m\u00e9s precisi\u00f3 en cada persona Saber que un f\u00e0rmac funciona en el guariment d\u2019una malaltia, a banda dels s\u00edmptomes externs que el pacient veu desapar\u00e8ixer o viu millor, per\u00f2 sobretot, a","og_url":"https:\/\/diarisanitat.cat\/recerca-en-salut\/blog\/2023\/02\/03\/biomarcadors-les-pistes-de-la-investigacio\/","og_site_name":"Recerca en salut","article_published_time":"2023-02-03T06:30:58+00:00","article_modified_time":"2024-07-08T15:14:46+00:00","og_image":[{"width":1200,"height":748,"url":"https:\/\/diarisanitat.cat\/recerca-en-salut\/wp-content\/uploads\/sites\/4\/2023\/02\/WhatsApp-Image-2021-12-12-at-19.38.44.jpeg","type":"image\/jpeg"}],"author":"Carme Escales","twitter_card":"summary_large_image","twitter_misc":{"Escrito por":"Carme Escales","Tiempo de lectura":"9 minutos"},"schema":{"@context":"https:\/\/schema.org","@graph":[{"@type":"Article","@id":"https:\/\/diarisanitat.cat\/recerca-en-salut\/blog\/2023\/02\/03\/biomarcadors-les-pistes-de-la-investigacio\/#article","isPartOf":{"@id":"https:\/\/diarisanitat.cat\/recerca-en-salut\/blog\/2023\/02\/03\/biomarcadors-les-pistes-de-la-investigacio\/"},"author":{"name":"Carme Escales","@id":"https:\/\/diarisanitat.cat\/recerca-en-salut\/#\/schema\/person\/9080795ef06d370257b1c8e7967c8de8"},"headline":"Biomarcadors, les pistes de la investigaci\u00f3","datePublished":"2023-02-03T06:30:58+00:00","dateModified":"2024-07-08T15:14:46+00:00","mainEntityOfPage":{"@id":"https:\/\/diarisanitat.cat\/recerca-en-salut\/blog\/2023\/02\/03\/biomarcadors-les-pistes-de-la-investigacio\/"},"wordCount":1735,"commentCount":0,"image":{"@id":"https:\/\/diarisanitat.cat\/recerca-en-salut\/blog\/2023\/02\/03\/biomarcadors-les-pistes-de-la-investigacio\/#primaryimage"},"thumbnailUrl":"https:\/\/diarisanitat.cat\/recerca-en-salut\/wp-content\/uploads\/sites\/4\/2023\/02\/WhatsApp-Image-2021-12-12-at-19.38.44.jpeg","keywords":["biomarcadors"],"articleSection":["Recerca"],"inLanguage":"es","potentialAction":[{"@type":"CommentAction","name":"Comment","target":["https:\/\/diarisanitat.cat\/recerca-en-salut\/blog\/2023\/02\/03\/biomarcadors-les-pistes-de-la-investigacio\/#respond"]}]},{"@type":"WebPage","@id":"https:\/\/diarisanitat.cat\/recerca-en-salut\/blog\/2023\/02\/03\/biomarcadors-les-pistes-de-la-investigacio\/","url":"https:\/\/diarisanitat.cat\/recerca-en-salut\/blog\/2023\/02\/03\/biomarcadors-les-pistes-de-la-investigacio\/","name":"Biomarcadors, les pistes de la investigaci\u00f3 - Recerca en salut","isPartOf":{"@id":"https:\/\/diarisanitat.cat\/recerca-en-salut\/#website"},"primaryImageOfPage":{"@id":"https:\/\/diarisanitat.cat\/recerca-en-salut\/blog\/2023\/02\/03\/biomarcadors-les-pistes-de-la-investigacio\/#primaryimage"},"image":{"@id":"https:\/\/diarisanitat.cat\/recerca-en-salut\/blog\/2023\/02\/03\/biomarcadors-les-pistes-de-la-investigacio\/#primaryimage"},"thumbnailUrl":"https:\/\/diarisanitat.cat\/recerca-en-salut\/wp-content\/uploads\/sites\/4\/2023\/02\/WhatsApp-Image-2021-12-12-at-19.38.44.jpeg","datePublished":"2023-02-03T06:30:58+00:00","dateModified":"2024-07-08T15:14:46+00:00","author":{"@id":"https:\/\/diarisanitat.cat\/recerca-en-salut\/#\/schema\/person\/9080795ef06d370257b1c8e7967c8de8"},"breadcrumb":{"@id":"https:\/\/diarisanitat.cat\/recerca-en-salut\/blog\/2023\/02\/03\/biomarcadors-les-pistes-de-la-investigacio\/#breadcrumb"},"inLanguage":"es","potentialAction":[{"@type":"ReadAction","target":["https:\/\/diarisanitat.cat\/recerca-en-salut\/blog\/2023\/02\/03\/biomarcadors-les-pistes-de-la-investigacio\/"]}]},{"@type":"ImageObject","inLanguage":"es","@id":"https:\/\/diarisanitat.cat\/recerca-en-salut\/blog\/2023\/02\/03\/biomarcadors-les-pistes-de-la-investigacio\/#primaryimage","url":"https:\/\/diarisanitat.cat\/recerca-en-salut\/wp-content\/uploads\/sites\/4\/2023\/02\/WhatsApp-Image-2021-12-12-at-19.38.44.jpeg","contentUrl":"https:\/\/diarisanitat.cat\/recerca-en-salut\/wp-content\/uploads\/sites\/4\/2023\/02\/WhatsApp-Image-2021-12-12-at-19.38.44.jpeg","width":1200,"height":748,"caption":"iStock"},{"@type":"BreadcrumbList","@id":"https:\/\/diarisanitat.cat\/recerca-en-salut\/blog\/2023\/02\/03\/biomarcadors-les-pistes-de-la-investigacio\/#breadcrumb","itemListElement":[{"@type":"ListItem","position":1,"name":"Portada","item":"https:\/\/diarisanitat.cat\/recerca-en-salut\/"},{"@type":"ListItem","position":2,"name":"Biomarcadors, les pistes de la investigaci\u00f3"}]},{"@type":"WebSite","@id":"https:\/\/diarisanitat.cat\/recerca-en-salut\/#website","url":"https:\/\/diarisanitat.cat\/recerca-en-salut\/","name":"Recerca en salut","description":"","potentialAction":[{"@type":"SearchAction","target":{"@type":"EntryPoint","urlTemplate":"https:\/\/diarisanitat.cat\/recerca-en-salut\/?s={search_term_string}"},"query-input":{"@type":"PropertyValueSpecification","valueRequired":true,"valueName":"search_term_string"}}],"inLanguage":"es"},{"@type":"Person","@id":"https:\/\/diarisanitat.cat\/recerca-en-salut\/#\/schema\/person\/9080795ef06d370257b1c8e7967c8de8","name":"Carme Escales","image":{"@type":"ImageObject","inLanguage":"es","@id":"https:\/\/diarisanitat.cat\/wp-content\/uploads\/2024\/11\/carme-escales_avatar-96x96.png","url":"https:\/\/diarisanitat.cat\/wp-content\/uploads\/2024\/11\/carme-escales_avatar-96x96.png","contentUrl":"https:\/\/diarisanitat.cat\/wp-content\/uploads\/2024\/11\/carme-escales_avatar-96x96.png","caption":"Carme Escales"},"description":"Periodista amb m\u00e9s de 20 anys d'experi\u00e8ncia. Especialitzada en posar a l'abast de tothom el llenguatge de la medicina, la ci\u00e8ncia i la salut.","url":"https:\/\/diarisanitat.cat\/recerca-en-salut\/blog\/author\/carmeescales\/"}]}},"_links":{"self":[{"href":"https:\/\/diarisanitat.cat\/recerca-en-salut\/wp-json\/wp\/v2\/posts\/962","targetHints":{"allow":["GET"]}}],"collection":[{"href":"https:\/\/diarisanitat.cat\/recerca-en-salut\/wp-json\/wp\/v2\/posts"}],"about":[{"href":"https:\/\/diarisanitat.cat\/recerca-en-salut\/wp-json\/wp\/v2\/types\/post"}],"author":[{"embeddable":true,"href":"https:\/\/diarisanitat.cat\/recerca-en-salut\/wp-json\/wp\/v2\/users\/16"}],"replies":[{"embeddable":true,"href":"https:\/\/diarisanitat.cat\/recerca-en-salut\/wp-json\/wp\/v2\/comments?post=962"}],"version-history":[{"count":1,"href":"https:\/\/diarisanitat.cat\/recerca-en-salut\/wp-json\/wp\/v2\/posts\/962\/revisions"}],"predecessor-version":[{"id":37710,"href":"https:\/\/diarisanitat.cat\/recerca-en-salut\/wp-json\/wp\/v2\/posts\/962\/revisions\/37710"}],"wp:featuredmedia":[{"embeddable":true,"href":"https:\/\/diarisanitat.cat\/recerca-en-salut\/wp-json\/wp\/v2\/media\/984"}],"wp:attachment":[{"href":"https:\/\/diarisanitat.cat\/recerca-en-salut\/wp-json\/wp\/v2\/media?parent=962"}],"wp:term":[{"taxonomy":"category","embeddable":true,"href":"https:\/\/diarisanitat.cat\/recerca-en-salut\/wp-json\/wp\/v2\/categories?post=962"},{"taxonomy":"post_tag","embeddable":true,"href":"https:\/\/diarisanitat.cat\/recerca-en-salut\/wp-json\/wp\/v2\/tags?post=962"},{"taxonomy":"tipo","embeddable":true,"href":"https:\/\/diarisanitat.cat\/recerca-en-salut\/wp-json\/wp\/v2\/tipo?post=962"}],"curies":[{"name":"wp","href":"https:\/\/api.w.org\/{rel}","templated":true}]}}